{"id":1110,"date":"2015-04-02T18:31:54","date_gmt":"2015-04-02T16:31:54","guid":{"rendered":"http:\/\/blogs.hoy.es\/extremadurasecreta\/?p=1110"},"modified":"2015-04-02T18:31:54","modified_gmt":"2015-04-02T16:31:54","slug":"el-mantel-de-la-ultima-cena-y-los-caballeros-templarios","status":"publish","type":"post","link":"https:\/\/blogs.hoy.es\/extremadurasecreta\/2015\/04\/02\/el-mantel-de-la-ultima-cena-y-los-caballeros-templarios\/","title":{"rendered":"El mantel de la \u00daltima Cena  y los caballeros templarios"},"content":{"rendered":"<div id=\"attachment_1111\" style=\"width: 310px\" class=\"wp-caption alignleft\"><a href=\"\/extremadurasecreta\/wp-content\/uploads\/sites\/16\/2015\/04\/torresieteventanaspeque_832x812.jpg\"><img aria-describedby=\"caption-attachment-1111\" loading=\"lazy\" class=\"size-medium wp-image-1111\" title=\"torresieteventanaspeque_832x812\" src=\"\/extremadurasecreta\/wp-content\/uploads\/sites\/16\/2015\/04\/torresieteventanaspeque_832x812.jpg\" alt=\"\" width=\"300\" height=\"292\" srcset=\"https:\/\/static-blogs.hoy.es\/wp-content\/uploads\/sites\/16\/2015\/04\/torresieteventanaspeque_832x812.jpg 832w, https:\/\/static-blogs.hoy.es\/wp-content\/uploads\/sites\/16\/2015\/04\/torresieteventanaspeque_832x812-300x293.jpg 300w, https:\/\/static-blogs.hoy.es\/wp-content\/uploads\/sites\/16\/2015\/04\/torresieteventanaspeque_832x812-768x750.jpg 768w\" sizes=\"(max-width: 300px) 100vw, 300px\" \/><\/a><p id=\"caption-attachment-1111\" class=\"wp-caption-text\">Ilustraci\u00f3n: Borja Gonz\u00e1lez Hoyos<\/p><\/div>\n<p style=\"text-align: justify;\">Pocos lugares tan m\u00e1gicos como<a title=\"El castillo del Becerro de Oro\" href=\"https:\/\/blogs.hoy.es\/extremadurasecreta\/2013\/11\/07\/el-castillo-del-becerro-de-oro\/\"> el castillo de Alcon\u00e9tar y su torre de Floripes<\/a>. Y pocos tan sagrados como la catedral de Coria. Y puede que est\u00e9n unidos por un objeto sagrado\u2026<\/p>\n<p style=\"text-align: justify;\">Porque fue en <strong>Alcon\u00e9tar<\/strong>, a orillas del r\u00edo Tajo, donde los caballeros templarios edificaron una fortaleza sobre las ruinas de un templo romano. Cuenta la leyenda que all\u00ed custodiaban, entre otros objetos m\u00e1gicos, un mantel que, al conjuro de determinadas invocaciones, se llenaba prodigiosamente de todo tipo de manjares.<\/p>\n<p style=\"text-align: justify;\">\u00a0Tras la disoluci\u00f3n de la Orden del Temple, se \u201cdescubri\u00f3\u201d en el subsuelo de la catedral vieja de Coria una reliquia, que la Iglesia afirmaba era el mantel empleado durante la \u00daltima Cena.<\/p>\n<p style=\"text-align: justify;\">La leyenda se reafirma si observamos que las tradiciones se\u00f1alan que el mantel, junto con otras muchas reliquias, fue llevado a Roma por Santa Elena, madre del emperador Constantino. Desde all\u00ed pasar\u00eda al \u201cTesoro de Carlomagno\u201d y \u00e9ste la llevar\u00eda a Extremadura, y concretamente a Alcon\u00e9tar, \u00a0donde cuenta la leyenda que el emperador luch\u00f3 contra\u00a0 Fierabr\u00e1s , emperador de Alejandr\u00eda. Tras la derrota de Fierabr\u00e1s, el emperador quiso festejar la conquista con un banquete, pero no hab\u00eda comida, y es aqu\u00ed cuando la leyenda toma dos direcciones.<\/p>\n<p style=\"text-align: justify;\"><a title=\"Las prodigiosas reliquias templarias de Alcon\u00e9tar\" href=\"https:\/\/santiagomolano.files.wordpress.com\/2013\/02\/mantel-de-la-sagrada-cena-en-alconc3a9tar.pdf\" rel=\"external nofollow\">Unos afirman que utiliz\u00f3 el Mantel de la Sagrada Cena, que llevaba en su equipaje<\/a>, mientras otros declaran que un musulm\u00e1n cautivo le revel\u00f3 la existencia, bajo la Torre de Floripes, de un tesoro del que formaban parte unos \u201cmanteles m\u00e1gicos\u201d que, al \u00a0conjuro de ciertas f\u00f3rmulas m\u00e1gicas, hac\u00edan surgir de la nada toda clase de alimentos y bebidas deliciosas, hasta quedar los comensales tan satisfechos que no necesitaron nada m\u00e1s en tres o cuatro d\u00edas.<\/p>\n<div class=\"mceTemp\">\n<div id=\"attachment_1126\" style=\"width: 1034px\" class=\"wp-caption aligncenter\"><a href=\"\/extremadurasecreta\/wp-content\/uploads\/sites\/16\/2015\/04\/mantel-ultima-cena-13-098_edited_1944x1296.jpg\"><img aria-describedby=\"caption-attachment-1126\" loading=\"lazy\" class=\"size-large wp-image-1126\" title=\"mantel ultima cena 13 098_edited_1944x1296\" src=\"\/extremadurasecreta\/wp-content\/uploads\/sites\/16\/2015\/04\/mantel-ultima-cena-13-098_edited_1944x1296.jpg\" alt=\"\" width=\"1024\" height=\"682\" srcset=\"https:\/\/static-blogs.hoy.es\/wp-content\/uploads\/sites\/16\/2015\/04\/mantel-ultima-cena-13-098_edited_1944x1296.jpg 1944w, https:\/\/static-blogs.hoy.es\/wp-content\/uploads\/sites\/16\/2015\/04\/mantel-ultima-cena-13-098_edited_1944x1296-300x200.jpg 300w, https:\/\/static-blogs.hoy.es\/wp-content\/uploads\/sites\/16\/2015\/04\/mantel-ultima-cena-13-098_edited_1944x1296-768x512.jpg 768w, https:\/\/static-blogs.hoy.es\/wp-content\/uploads\/sites\/16\/2015\/04\/mantel-ultima-cena-13-098_edited_1944x1296-1024x683.jpg 1024w\" sizes=\"(max-width: 1024px) 100vw, 1024px\" \/><\/a><p id=\"caption-attachment-1126\" class=\"wp-caption-text\">El mantel de la Santa Cena (\u00c1ngel Briz)<\/p><\/div>\n<\/div>\n<p style=\"text-align: justify;\">Sea como fuere, cuentan que all\u00ed lo encontraron los templarios, siglos despu\u00e9s, al tomar posesi\u00f3n de Alconetar en 1167. \u00a0La leyenda cambia ahora los \u201cconjuros\u201d por \u201crezos\u201d, y afirma organizaban cada Jueves Santo una comida de caridad, con los \u201cmanteles m\u00e1gicos\u201d expuestos sobre una gran mesa en el patio del castillo. Cuando el capell\u00e1n recitaba estas misteriosas invocaciones, aparec\u00edan de la nada toda clase de alimentos que eran repartidos, sin l\u00edmite alguno, entre los necesitados de la comarca.<\/p>\n<div class=\"mceTemp\">\n<div id=\"attachment_1115\" style=\"width: 654px\" class=\"wp-caption aligncenter\"><\/dt>\n<\/dl>\n<\/div>\n<\/div>\n<p style=\"text-align: justify;\">La primera referencia documental es de 1404, cuando Benedicto XIII, el llamado Papa Luna, otorg\u00f3 una bula por la que reconoce su autenticidad y permite su exposici\u00f3n y culto cada 3 de mayo en el balc\u00f3n de\u00a0 la cercana catedral de Coria. Miles de personas acud\u00edan a contemplar y tocar un mantel de lino blanco y azul al que se le atribu\u00edan propiedades milagrosas, y tal era el fervor que se desataba que, temiendo por la integridad del mantel y de los fieles que luchaban por tocarlo, el obispo Juan \u00c1lvarez de Castro prohibi\u00f3 las ostensiones p\u00fablicas en el XIX.<\/p>\n<div class=\"mceTemp mceIEcenter\">\n<dl id=\"attachment_1127\" class=\"wp-caption aligncenter\" style=\"width: 654px;\">\n<dt class=\"wp-caption-dt\"><a href=\"\/extremadurasecreta\/wp-content\/uploads\/sites\/16\/2015\/04\/mantel-Santa-cena-coria-13-072_edited_644x968.jpg\"><img aria-describedby=\"caption-attachment-1115\" loading=\"lazy\" class=\"size-full wp-image-1127\" title=\"mantel Santa cena  coria 13 072_edited_644x968\" src=\"\/extremadurasecreta\/wp-content\/uploads\/sites\/16\/2015\/04\/mantel-Santa-cena-coria-13-072_edited_644x968.jpg\" alt=\"\" width=\"644\" height=\"968\" srcset=\"https:\/\/static-blogs.hoy.es\/wp-content\/uploads\/sites\/16\/2015\/04\/mantel-Santa-cena-coria-13-072_edited_644x968.jpg 644w, https:\/\/static-blogs.hoy.es\/wp-content\/uploads\/sites\/16\/2015\/04\/mantel-Santa-cena-coria-13-072_edited_644x968-200x300.jpg 200w\" sizes=\"(max-width: 644px) 100vw, 644px\" \/><\/a><p id=\"caption-attachment-1115\" class=\"wp-caption-text\">El mantel de la \u00daltima Cena en la catedral de Coria (A. Briz)<\/p><\/div>\n<p style=\"text-align: justify;\"><span style=\"background-color: #f3f3f3;\">En unos minuciosos estudios llevados a cabo en 1960 por el Museo de Ciencias Naturales de Madrid se llega a la conclusi\u00f3n de que el tejido fue tejido en el siglo I aproximadamente.<\/span><\/p>\n<p style=\"text-align: justify;\">En el a\u00f1o 2007, y seg\u00fan narra es su <a title=\"    El mantel de Coria y la S\u00e1bana Santa se hicieron a la vez\" href=\"http:\/\/www.elmundo.es\/cronica\/2014\/01\/05\/52c7e3e322601d13098b456d.html\" rel=\"external nofollow\">cr\u00f3nica para El Mundo el periodista Jaime L\u00e1zaro<\/a> el prestigioso equipo del ex miembro de la NASA John Jackson de la Universidad de Colorado (quien tambi\u00e9n ha analizado la S\u00e1bana Santa de Tur\u00edn), investig\u00f3 a fondo la pieza de Coria y obtuvo unos datos asombrosos.\u00a0 Textualmente, se falla que la ciencia confirma que eso que el mantel es perfectamente coherente con el tipo de tejido, el tipo de textura y el tipo de lino usado en Palestina en el siglo I que las las similitudes con el \u00a0Santo Sudario de Cristo se han demostrado \u00a0evidentes.<\/p>\n<p style=\"text-align: justify;\">Jackson fue quien descubri\u00f3 que la figura del Sudario de Tur\u00edn es una imagen tridimensional, y la intuici\u00f3n del ex cient\u00edfico de la NASA, incluso antes de conocer la existencia de la tela de Coria, era que la Santa S\u00edndone tuvo que ser un mantel, por la precipitaci\u00f3n con la que fue enterrado Jes\u00fas.<\/p>\n<p style=\"text-align: justify;\">Para los investigadores, la S\u00e1bana Santa y el mantel extreme\u00f1o fueron usados conjuntamente en la \u00daltima Cena, ya que para los jud\u00edos, en las grandes solemnidades, y la Pascua es la mayor de ellas, era com\u00fan utilizar dos manteles de manera ritual, para recordar la traves\u00eda por el desierto tras abandonar Egipto.<\/p>\n<div id=\"attachment_1128\" style=\"width: 654px\" class=\"wp-caption aligncenter\"><a href=\"\/extremadurasecreta\/wp-content\/uploads\/sites\/16\/2015\/04\/catedral-Coria-13-045_edited_644x968.jpg\"><img aria-describedby=\"caption-attachment-1128\" loading=\"lazy\" class=\"size-full wp-image-1128\" title=\"catedral Coria 13 045_edited_644x968\" src=\"\/extremadurasecreta\/wp-content\/uploads\/sites\/16\/2015\/04\/catedral-Coria-13-045_edited_644x968.jpg\" alt=\"\" width=\"644\" height=\"968\" srcset=\"https:\/\/static-blogs.hoy.es\/wp-content\/uploads\/sites\/16\/2015\/04\/catedral-Coria-13-045_edited_644x968.jpg 644w, https:\/\/static-blogs.hoy.es\/wp-content\/uploads\/sites\/16\/2015\/04\/catedral-Coria-13-045_edited_644x968-200x300.jpg 200w\" sizes=\"(max-width: 644px) 100vw, 644px\" \/><\/a><p id=\"caption-attachment-1128\" class=\"wp-caption-text\">La catedral de Coria (\u00c1ngel Briz)<\/p><\/div>\n<p style=\"text-align: justify;\">El mantel puede contemplarse ahora en el museo catedralicio de Coria, en la sala de las reliquias, guardado en una arqueta mejicana de plata entreabierta desde la que se puede contemplar la reliquia en la que supuestamente cen\u00f3 el mism\u00edsimo Jesucristo.. Una reliquia que, como todas, se basa en la fe de cada uno.<\/p>\n<p style=\"text-align: justify;\">Los creyentes no necesitaran el veredicto de la ciencia, los racionalistas considerar\u00e1n inconcluyentes los \u00a0resultados de los estudios y los amantes \u00a0de las leyendas \u00a0creer\u00e1n a pies juntillas en la magia ocultista del mantel templario. Hay para todos. Es lo bueno de los sue\u00f1os, aunque se guarden en arqueta de plata.<\/p>\n<!-- AddThis Advanced Settings generic via filter on the_content --><!-- AddThis Share Buttons generic via filter on the_content -->","protected":false},"excerpt":{"rendered":"<p>Pocos lugares tan m\u00e1gicos como el castillo de Alcon\u00e9tar y su torre de Floripes. Y pocos tan sagrados como la catedral de Coria. Y puede que est\u00e9n unidos por un objeto sagrado\u2026 Porque fue en Alcon\u00e9tar, a orillas del r\u00edo Tajo, donde los caballeros templarios edificaron una fortaleza sobre las ruinas de un templo romano. [&hellip;]<!-- AddThis Advanced Settings generic via filter on get_the_excerpt --><!-- AddThis Share Buttons generic via filter on get_the_excerpt --><\/p>\n","protected":false},"author":20,"featured_media":0,"comment_status":"open","ping_status":"closed","sticky":false,"template":"","format":"standard","meta":[],"categories":[4,7],"tags":[245,278,327,811,1018,1165],"_links":{"self":[{"href":"https:\/\/blogs.hoy.es\/extremadurasecreta\/wp-json\/wp\/v2\/posts\/1110"}],"collection":[{"href":"https:\/\/blogs.hoy.es\/extremadurasecreta\/wp-json\/wp\/v2\/posts"}],"about":[{"href":"https:\/\/blogs.hoy.es\/extremadurasecreta\/wp-json\/wp\/v2\/types\/post"}],"author":[{"embeddable":true,"href":"https:\/\/blogs.hoy.es\/extremadurasecreta\/wp-json\/wp\/v2\/users\/20"}],"replies":[{"embeddable":true,"href":"https:\/\/blogs.hoy.es\/extremadurasecreta\/wp-json\/wp\/v2\/comments?post=1110"}],"version-history":[{"count":0,"href":"https:\/\/blogs.hoy.es\/extremadurasecreta\/wp-json\/wp\/v2\/posts\/1110\/revisions"}],"wp:attachment":[{"href":"https:\/\/blogs.hoy.es\/extremadurasecreta\/wp-json\/wp\/v2\/media?parent=1110"}],"wp:term":[{"taxonomy":"category","embeddable":true,"href":"https:\/\/blogs.hoy.es\/extremadurasecreta\/wp-json\/wp\/v2\/categories?post=1110"},{"taxonomy":"post_tag","embeddable":true,"href":"https:\/\/blogs.hoy.es\/extremadurasecreta\/wp-json\/wp\/v2\/tags?post=1110"}],"curies":[{"name":"wp","href":"https:\/\/api.w.org\/{rel}","templated":true}]}}