{"id":1131,"date":"2015-04-22T10:14:11","date_gmt":"2015-04-22T08:14:11","guid":{"rendered":"http:\/\/blogs.hoy.es\/extremadurasecreta\/?p=1131"},"modified":"2015-04-22T10:14:11","modified_gmt":"2015-04-22T08:14:11","slug":"el-terrible-dragon-de-las-villuercas","status":"publish","type":"post","link":"https:\/\/blogs.hoy.es\/extremadurasecreta\/2015\/04\/22\/el-terrible-dragon-de-las-villuercas\/","title":{"rendered":"El terrible drag\u00f3n de las Villuercas"},"content":{"rendered":"<div id=\"attachment_1132\" style=\"width: 207px\" class=\"wp-caption alignleft\"><a href=\"\/extremadurasecreta\/wp-content\/uploads\/sites\/16\/2015\/04\/raeasca.jpg\"><img aria-describedby=\"caption-attachment-1132\" loading=\"lazy\" class=\"size-medium wp-image-1132\" title=\"raeasca\" src=\"\/extremadurasecreta\/wp-content\/uploads\/sites\/16\/2015\/04\/raeasca.jpg\" alt=\"\" width=\"197\" height=\"300\" srcset=\"https:\/\/static-blogs.hoy.es\/wp-content\/uploads\/sites\/16\/2015\/04\/raeasca.jpg 1052w, https:\/\/static-blogs.hoy.es\/wp-content\/uploads\/sites\/16\/2015\/04\/raeasca-197x300.jpg 197w, https:\/\/static-blogs.hoy.es\/wp-content\/uploads\/sites\/16\/2015\/04\/raeasca-768x1168.jpg 768w, https:\/\/static-blogs.hoy.es\/wp-content\/uploads\/sites\/16\/2015\/04\/raeasca-673x1024.jpg 673w\" sizes=\"(max-width: 197px) 100vw, 197px\" \/><\/a><p id=\"caption-attachment-1132\" class=\"wp-caption-text\">Ilustraci\u00f3n: Borja Gonz\u00e1lez Hoyos<\/p><\/div>\n<p style=\"text-align: justify;\">Hoy que se celebra <a title=\"La Mansabor\u00e1, la encantada de C\u00e1ceres\" href=\"https:\/\/blogs.hoy.es\/extremadurasecreta\/2013\/04\/23\/la-mansabora-la-encantada-de-caceres\/\">San Jorge<\/a> no est\u00e1 de m\u00e1s acordarse de los <a title=\"Dragones cast\u00faos, lagartos monstruosos\" href=\"https:\/\/blogs.hoy.es\/extremadurasecreta\/2013\/06\/26\/dragones-castuos-lagartos-monstruosos\/\">otros dragones extreme\u00f1o<\/a>s. Concretamente aquellos que asolaban nuestras sierras cuando Extremadura era un bosque eterno de \u00e1rboles sagrados.<\/p>\n<p style=\"text-align: justify;\">En las afueras de la localidad de Ca\u00f1amero, en plenas <strong>Villuercas <\/strong>extreme\u00f1as, se encuentra un abrigo rocoso en el que los lugare\u00f1os han encendido hogueras desde hace miles de a\u00f1os. All\u00ed, en las paredes, se pueden observar numerosas pinturas rupestres, seres antropomorfos\u00a0 pintados por nuestros m\u00e1s remotos antepasados y extra\u00f1os signos ahora desconocidos.<\/p>\n<p style=\"text-align: justify;\">\u00a0Sin embargo, la pintura que m\u00e1s llama la atenci\u00f3n no est\u00e1 dibujada, sino que es natural se encuentra, dibujada en rojo, en el centro mismo de la cueva. Es lo que parece ser un drag\u00f3n, y tiene su leyenda. Una leyenda tan arraigada que da nombre a la cueva.<\/p>\n<p style=\"text-align: justify;\">En 1916 el abate franc\u00e9s H. Breuil se encontraba por la zona buscando rastros rupestres cuando un pastor de Ca\u00f1amero le cuenta porqu\u00e9 esa cueva recibe el nombre de la cueva de \u00c1lvarez o Cueva de la Chiquita.<\/p>\n<p style=\"text-align: justify;\">All\u00ed los pastores han decidido resguardarse desde siempre con su ganado, como atestiguan las piedras ahumadas y los restos de cerramiento p\u00e9treo, como si el lugar protegiese no solo de los elementos, sino tambi\u00e9n por la magia que se desprende.<\/p>\n<div id=\"attachment_1134\" style=\"width: 310px\" class=\"wp-caption alignright\"><a href=\"\/extremadurasecreta\/wp-content\/uploads\/sites\/16\/2015\/04\/IMG_9381_edited_edited.jpg\"><img aria-describedby=\"caption-attachment-1134\" loading=\"lazy\" class=\"size-medium wp-image-1134\" title=\"IMG_9381_edited_edited\" src=\"\/extremadurasecreta\/wp-content\/uploads\/sites\/16\/2015\/04\/IMG_9381_edited_edited.jpg\" alt=\"\" width=\"300\" height=\"210\" srcset=\"https:\/\/static-blogs.hoy.es\/wp-content\/uploads\/sites\/16\/2015\/04\/IMG_9381_edited_edited.jpg 1032w, https:\/\/static-blogs.hoy.es\/wp-content\/uploads\/sites\/16\/2015\/04\/IMG_9381_edited_edited-300x211.jpg 300w, https:\/\/static-blogs.hoy.es\/wp-content\/uploads\/sites\/16\/2015\/04\/IMG_9381_edited_edited-768x540.jpg 768w, https:\/\/static-blogs.hoy.es\/wp-content\/uploads\/sites\/16\/2015\/04\/IMG_9381_edited_edited-1024x719.jpg 1024w\" sizes=\"(max-width: 300px) 100vw, 300px\" \/><\/a><p id=\"caption-attachment-1134\" class=\"wp-caption-text\">El drag\u00f3n de la cueva de la Chiquita (\u00c1ngel Briz)<\/p><\/div>\n<p style=\"text-align: justify;\">All\u00ed, un cabrerillo llamado \u00c1lvarez guardaba su ganado. Un d\u00eda encuentra una culebrilla de las muchas que abundan \u00a0en el cercano arroyo Ruecas, un animal\u00a0 tan peque\u00f1o que decide llamarla \u201cChiquita\u201d, y\u00a0 comienza a criarla en la cueva con la leche de sus cabras. Pero pronto es llamado a &#8220;servir al rey&#8221; en el ej\u00e9rcito.<\/p>\n<div id=\"attachment_1133\" style=\"width: 1034px\" class=\"wp-caption aligncenter\"><a href=\"\/extremadurasecreta\/wp-content\/uploads\/sites\/16\/2015\/04\/dragon-cueva-de-la-chiquita-ca\u00f1amero.jpg\"><img aria-describedby=\"caption-attachment-1133\" loading=\"lazy\" class=\"size-large wp-image-1133\" title=\"dragon cueva de la chiquita ca\u00f1amero\" src=\"\/extremadurasecreta\/wp-content\/uploads\/sites\/16\/2015\/04\/dragon-cueva-de-la-chiquita-ca\u00f1amero.jpg\" alt=\"\" width=\"1024\" height=\"681\" srcset=\"https:\/\/static-blogs.hoy.es\/wp-content\/uploads\/sites\/16\/2015\/04\/dragon-cueva-de-la-chiquita-ca\u00f1amero.jpg 1936w, https:\/\/static-blogs.hoy.es\/wp-content\/uploads\/sites\/16\/2015\/04\/dragon-cueva-de-la-chiquita-ca\u00f1amero-300x200.jpg 300w, https:\/\/static-blogs.hoy.es\/wp-content\/uploads\/sites\/16\/2015\/04\/dragon-cueva-de-la-chiquita-ca\u00f1amero-768x511.jpg 768w, https:\/\/static-blogs.hoy.es\/wp-content\/uploads\/sites\/16\/2015\/04\/dragon-cueva-de-la-chiquita-ca\u00f1amero-1024x681.jpg 1024w\" sizes=\"(max-width: 1024px) 100vw, 1024px\" \/><\/a><p id=\"caption-attachment-1133\" class=\"wp-caption-text\">El drag\u00f3n de la cueva de la Chiquita, en Ca\u00f1amero (\u00c1ngel Briz)<\/p><\/div>\n<p style=\"text-align: justify;\">Pasado el tiempo, el cabrero, ya licenciado, regresa a su cueva y llama a &#8220;Chiquita&#8221;, que se ha convertido en lo que realmente era, un enorme drag\u00f3n devorahombres que acaba con el cabrero al no reconocerlo.<\/p>\n<p style=\"text-align: justify;\">La visita, con leyenda o sin ella, es impresionante, y el lugar, al abrigo de los mensajes de color rojo que nos\u00a0 legaron nuestros antepasados y con el rumor del r\u00edo a nuestros pies, es totalmente m\u00e1gico.<\/p>\n<div id=\"attachment_1136\" style=\"width: 1034px\" class=\"wp-caption aligncenter\"><a href=\"\/extremadurasecreta\/wp-content\/uploads\/sites\/16\/2015\/04\/caba_as_monte_navezuelas_2012_95__edited.jpg\"><img aria-describedby=\"caption-attachment-1136\" loading=\"lazy\" class=\"size-large wp-image-1136\" title=\"caba_as_monte_navezuelas_2012_95__edited\" src=\"\/extremadurasecreta\/wp-content\/uploads\/sites\/16\/2015\/04\/caba_as_monte_navezuelas_2012_95__edited.jpg\" alt=\"\" width=\"1024\" height=\"685\" srcset=\"https:\/\/static-blogs.hoy.es\/wp-content\/uploads\/sites\/16\/2015\/04\/caba_as_monte_navezuelas_2012_95__edited.jpg 1600w, https:\/\/static-blogs.hoy.es\/wp-content\/uploads\/sites\/16\/2015\/04\/caba_as_monte_navezuelas_2012_95__edited-300x201.jpg 300w, https:\/\/static-blogs.hoy.es\/wp-content\/uploads\/sites\/16\/2015\/04\/caba_as_monte_navezuelas_2012_95__edited-768x514.jpg 768w, https:\/\/static-blogs.hoy.es\/wp-content\/uploads\/sites\/16\/2015\/04\/caba_as_monte_navezuelas_2012_95__edited-1024x685.jpg 1024w\" sizes=\"(max-width: 1024px) 100vw, 1024px\" \/><\/a><p id=\"caption-attachment-1136\" class=\"wp-caption-text\">Caba\u00f1as del castillo, en las Villuercas (Jimber)<\/p><\/div>\n<p style=\"text-align: justify;\">Imaginamos que ser\u00eda el mismo drag\u00f3n que, seg\u00fan cuentan en <strong>Retamosa<\/strong> \u00a0y recoge el historiador <strong><a title=\"EL LAGARTO EN EXTREMADURA: ENTRE EL MITO Y LA TRADICI\u00d3N\" href=\"http:\/\/funjdiaz.net\/folklore\/07ficha.php?ID=2568\" rel=\"external nofollow\">Jose Mar\u00eda Dominguez<\/a><\/strong> \u00a0lleg\u00f3 a deslomar de un coletazo la <strong>sierra de Las Villuercas,<\/strong> a la altura del pueblo de <strong>Caba\u00f1as del Castillo<\/strong>. Nadie osaba entrar en aquellos parajes, en siete leguas a la redonda \u00a0por miedo a ser devorado, hasta que un forajido que hu\u00eda de la justicia no tuvo m\u00e1s remedio que adentrarse en aquellos parajes. Tras deslumbrar al monstruo con una patena que hab\u00eda robado de la iglesia de <strong>Jaraicejo<\/strong>, consigui\u00f3 dar muerte al inmenso reptil.<\/p>\n<p style=\"text-align: justify;\">Con esta haza\u00f1a el forajido pas\u00f3 de delincuente a h\u00e9roe, y no s\u00f3lo fue perdonado, sino que como premio a su gran haza\u00f1a recibi\u00f3 amplias tierras en propiedad y la potestad de erigir una fortaleza, la que luego se conocer\u00eda como <strong>el castillo de Caba\u00f1as.<\/strong><\/p>\n<p style=\"text-align: justify;\">Lo cierto es que hace cientos a\u00f1os que los dragones no aparecen por esas tierras. Pero su imagen ha quedado grabada para siempre en \u00a0nuestro subconsciente. Y sobre todo, \u00a0en la memoria p\u00e9trea de las \u00a0sierras villuerquinas.<\/p>\n<p>&nbsp;<\/p>\n<!-- AddThis Advanced Settings generic via filter on the_content --><!-- AddThis Share Buttons generic via filter on the_content -->","protected":false},"excerpt":{"rendered":"<p>Hoy que se celebra San Jorge no est\u00e1 de m\u00e1s acordarse de los otros dragones extreme\u00f1os. Concretamente aquellos que asolaban nuestras sierras cuando Extremadura era un bosque eterno de \u00e1rboles sagrados. En las afueras de la localidad de Ca\u00f1amero, en plenas Villuercas extreme\u00f1as, se encuentra un abrigo rocoso en el que los lugare\u00f1os han encendido [&hellip;]<!-- AddThis Advanced Settings generic via filter on get_the_excerpt --><!-- AddThis Share Buttons generic via filter on get_the_excerpt --><\/p>\n","protected":false},"author":20,"featured_media":0,"comment_status":"open","ping_status":"closed","sticky":false,"template":"","format":"standard","meta":[],"categories":[2,4],"tags":[169,200,348,350,365,412,758,973],"_links":{"self":[{"href":"https:\/\/blogs.hoy.es\/extremadurasecreta\/wp-json\/wp\/v2\/posts\/1131"}],"collection":[{"href":"https:\/\/blogs.hoy.es\/extremadurasecreta\/wp-json\/wp\/v2\/posts"}],"about":[{"href":"https:\/\/blogs.hoy.es\/extremadurasecreta\/wp-json\/wp\/v2\/types\/post"}],"author":[{"embeddable":true,"href":"https:\/\/blogs.hoy.es\/extremadurasecreta\/wp-json\/wp\/v2\/users\/20"}],"replies":[{"embeddable":true,"href":"https:\/\/blogs.hoy.es\/extremadurasecreta\/wp-json\/wp\/v2\/comments?post=1131"}],"version-history":[{"count":0,"href":"https:\/\/blogs.hoy.es\/extremadurasecreta\/wp-json\/wp\/v2\/posts\/1131\/revisions"}],"wp:attachment":[{"href":"https:\/\/blogs.hoy.es\/extremadurasecreta\/wp-json\/wp\/v2\/media?parent=1131"}],"wp:term":[{"taxonomy":"category","embeddable":true,"href":"https:\/\/blogs.hoy.es\/extremadurasecreta\/wp-json\/wp\/v2\/categories?post=1131"},{"taxonomy":"post_tag","embeddable":true,"href":"https:\/\/blogs.hoy.es\/extremadurasecreta\/wp-json\/wp\/v2\/tags?post=1131"}],"curies":[{"name":"wp","href":"https:\/\/api.w.org\/{rel}","templated":true}]}}