{"id":1193,"date":"2015-09-27T12:28:11","date_gmt":"2015-09-27T10:28:11","guid":{"rendered":"http:\/\/blogs.hoy.es\/extremadurasecreta\/?p=1193"},"modified":"2015-09-27T12:28:11","modified_gmt":"2015-09-27T10:28:11","slug":"lunas-de-sangre-cuando-la-diosa-se-encanuza","status":"publish","type":"post","link":"https:\/\/blogs.hoy.es\/extremadurasecreta\/2015\/09\/27\/lunas-de-sangre-cuando-la-diosa-se-encanuza\/","title":{"rendered":"Lunas de Sangre: Cuando la diosa se encanuza"},"content":{"rendered":"<p style=\"text-align: justify;\">\n<p style=\"text-align: justify;\">\n<div id=\"attachment_1194\" style=\"width: 306px\" class=\"wp-caption alignleft\"><a href=\"\/extremadurasecreta\/wp-content\/uploads\/sites\/16\/2015\/09\/alunadospeque.jpg\"><img aria-describedby=\"caption-attachment-1194\" loading=\"lazy\" class=\"size-medium wp-image-1194\" title=\"alunadospeque\" src=\"\/extremadurasecreta\/wp-content\/uploads\/sites\/16\/2015\/09\/alunadospeque.jpg\" alt=\"\" width=\"296\" height=\"300\" srcset=\"https:\/\/static-blogs.hoy.es\/wp-content\/uploads\/sites\/16\/2015\/09\/alunadospeque.jpg 1526w, https:\/\/static-blogs.hoy.es\/wp-content\/uploads\/sites\/16\/2015\/09\/alunadospeque-297x300.jpg 297w, https:\/\/static-blogs.hoy.es\/wp-content\/uploads\/sites\/16\/2015\/09\/alunadospeque-768x776.jpg 768w, https:\/\/static-blogs.hoy.es\/wp-content\/uploads\/sites\/16\/2015\/09\/alunadospeque-1013x1024.jpg 1013w\" sizes=\"(max-width: 296px) 100vw, 296px\" \/><\/a><p id=\"caption-attachment-1194\" class=\"wp-caption-text\">Ilustraci\u00f3n: Borja Gonzalez Hoyos<\/p><\/div>\n<p style=\"text-align: justify;\">Estamos inmersos en un eclipse total de Luna, m\u00e1s conocido como \u201cLuna de sangre\u201d&#8230; \u00bfNo es emocionante? \u00a0Se le llama &#8220;Luna de Sangre&#8221; porque el sat\u00e9lite se ti\u00f1e de rojo, ya que \u00a0al entrar al cono de la sombra de la Tierra, la luz del Sol, que pasa por la atm\u00f3sfera terrestre, se refracta en los colores del arco iris, excepto el rojo, que se dispersa y hace que veamos a la luna de ese color.<\/p>\n<p style=\"text-align: justify;\">Aqu\u00ed \u00a0ya estamos acostumbrados a las lunas de sangre, pero no se crean ustedes que nos hace mucha ilusi\u00f3n. Como afirma <a title=\"        A\u00f1adir      MITOS Y LEYENDAS DE LA TRADICION ORAL EN LA ALTA EXTREMADURA\" href=\"http:\/\/www.casadellibro.com\/libro-mitos-y-leyendas-de-la-tradicion-oral-en-la-alta-extremadura\/9788476714515\/638059\" rel=\"external nofollow\">el antrop\u00f3logo\u00a0 <strong>Flores del Manzano<\/strong>,<\/a>en Extremadura se encuentra muy\u00a0 divulgada la creencia de que ciertos astros, por su color y forma, presagian desgracias colectivas.<\/p>\n<p style=\"text-align: justify;\">\n<p style=\"text-align: justify;\">Y es l\u00f3gico, hasta cierto punto, que las formaciones rojizas en el horizonte, sobre todo cuando van asociadas a la luna, sean indicativas de males venideros, ya que el color rojo siempre se ha asociado con la sangre. De hecho, todav\u00eda se pueden encontrar muchos ancianos extreme\u00f1os que afirman que la guerra civil espa\u00f1ola fue anunciada por una enorme luna te\u00f1ida de rojo.<\/p>\n<p style=\"text-align: justify;\">\n<p style=\"text-align: justify;\">En el pueblecito de <strong>El Torno<\/strong>, en el <strong>Valle del Jerte,<\/strong> tienen claro que si aparece la luna \u201cencanuz\u00e1\u201d, es decir, muy enrojecida, ocurrir\u00e1n sucesos tr\u00e1gicos.<\/p>\n<p style=\"text-align: justify;\">\n<div id=\"attachment_1195\" style=\"width: 1034px\" class=\"wp-caption aligncenter\"><a href=\"\/extremadurasecreta\/wp-content\/uploads\/sites\/16\/2015\/09\/MERIDA-IV-ruta-Octavio-Augusto-2014-1_edited.jpg\"><img aria-describedby=\"caption-attachment-1195\" loading=\"lazy\" class=\"size-large wp-image-1195\" title=\"MERIDA-IV ruta Octavio Augusto-2014 (1)_edited\" src=\"\/extremadurasecreta\/wp-content\/uploads\/sites\/16\/2015\/09\/MERIDA-IV-ruta-Octavio-Augusto-2014-1_edited.jpg\" alt=\"\" width=\"1024\" height=\"683\" srcset=\"https:\/\/static-blogs.hoy.es\/wp-content\/uploads\/sites\/16\/2015\/09\/MERIDA-IV-ruta-Octavio-Augusto-2014-1_edited.jpg 1600w, https:\/\/static-blogs.hoy.es\/wp-content\/uploads\/sites\/16\/2015\/09\/MERIDA-IV-ruta-Octavio-Augusto-2014-1_edited-300x200.jpg 300w, https:\/\/static-blogs.hoy.es\/wp-content\/uploads\/sites\/16\/2015\/09\/MERIDA-IV-ruta-Octavio-Augusto-2014-1_edited-768x513.jpg 768w, https:\/\/static-blogs.hoy.es\/wp-content\/uploads\/sites\/16\/2015\/09\/MERIDA-IV-ruta-Octavio-Augusto-2014-1_edited-1024x684.jpg 1024w\" sizes=\"(max-width: 1024px) 100vw, 1024px\" \/><\/a><p id=\"caption-attachment-1195\" class=\"wp-caption-text\">El horizonte enrojecido no presagiaba nada bueno (Jimber)<\/p><\/div>\n<p style=\"text-align: justify;\"><strong>Sombras en la luna<\/strong><\/p>\n<p style=\"text-align: justify;\">\n<p style=\"text-align: justify;\">En otros lugares como\u00a0<strong> Las Hurdes<\/strong> se afirma que cuando aparecen unos puntos rojizos dentro de la superficie totalmente llena de la luna, es que una mujer estaba a punto de parir. Y lo bueno es que aseguran que se cumple inexorablemente\u2026<\/p>\n<p style=\"text-align: justify;\">\n<p style=\"text-align: justify;\">Cuando las manchas lunares eran de un negro cetrino era indicio inequ\u00edvoco de que esa madrugada saldr\u00edan las manadas de lobos, impulsados por una fiereza extraordinaria, lo que hac\u00eda desaconsejable poner un pie fuera de la seguridad de la \u00a0casa durante las horas nocturnas, bajo riesgo de perecer entre sus temibles colmillos.<\/p>\n<p style=\"text-align: justify;\">\n<p style=\"text-align: justify;\">Pero sin duda, la figura m\u00e1s conocida que aparece en la superficie de la luna es &#8220;El hombre de la luna&#8221;, conocido en todas las culturas y en todos los tiempos. En Extremadura tambi\u00e9n tenemos nuestra propia versi\u00f3n, recogida en Las Hurdes por <a title=\"EL PARAISO MALDITO\" href=\"http:\/\/www.casadellibro.com\/libro-el-paraiso-maldito\/9788493032975\/693507\" rel=\"external nofollow\">el periodista Iker Jim\u00e9nez,<\/a> en la que se cuenta que esa figura es la de un \u00a0hombre con su mulo, un buhonero \u00a0mentiroso y soberbio que intentando un d\u00eda timar a los hurdanos, afirm\u00f3 en un pueblo:<\/p>\n<p style=\"text-align: justify;\">&#8211;\u00a0\u00a0\u00a0\u00a0\u00a0\u00a0 \u00ab<em>Que me trague la Luna si miento<\/em>\u00bb.<\/p>\n<p style=\"text-align: justify;\">\n<p style=\"text-align: justify;\">Acto seguido la blanca luna descendi\u00f3, mostrando su rostro m\u00e1s temible, y engull\u00f3 sin compasi\u00f3n al fanfarr\u00f3n y a su pobre borrico. Desde entonces, condenado por haber faltado el respeto a la diosa de la Noche, purga su pena en los oscuros \u00a0reflejos\u00a0 de sus siluetas, viviendo eternamente con su jumento en la faz de la luna.<\/p>\n<p style=\"text-align: justify;\">\n<div id=\"attachment_1196\" style=\"width: 914px\" class=\"wp-caption aligncenter\"><a href=\"\/extremadurasecreta\/wp-content\/uploads\/sites\/16\/2015\/09\/JIMBER.bmp_.jpg\"><img aria-describedby=\"caption-attachment-1196\" loading=\"lazy\" class=\"size-full wp-image-1196\" title=\"JIMBER.bmp\" src=\"\/extremadurasecreta\/wp-content\/uploads\/sites\/16\/2015\/09\/JIMBER.bmp_.jpg\" alt=\"\" width=\"904\" height=\"600\" srcset=\"https:\/\/static-blogs.hoy.es\/wp-content\/uploads\/sites\/16\/2015\/09\/JIMBER.bmp_.jpg 904w, https:\/\/static-blogs.hoy.es\/wp-content\/uploads\/sites\/16\/2015\/09\/JIMBER.bmp_-300x199.jpg 300w, https:\/\/static-blogs.hoy.es\/wp-content\/uploads\/sites\/16\/2015\/09\/JIMBER.bmp_-768x510.jpg 768w\" sizes=\"(max-width: 904px) 100vw, 904px\" \/><\/a><p id=\"caption-attachment-1196\" class=\"wp-caption-text\">La luna llena a ves esconde extra\u00f1as figuras (Jimber)<\/p><\/div>\n<p style=\"text-align: justify;\"><strong>Rezando a la luna<\/strong><\/p>\n<p style=\"text-align: justify;\">\n<p style=\"text-align: justify;\">Y es que lo de observar la luna nos viene de antiguo\u2026 <strong><a title=\"Cuando \u00e9ramos celtas: de hogueras, lunas y calaveras\" href=\"https:\/\/blogs.hoy.es\/extremadurasecreta\/2012\/07\/27\/nuestros-abuelos-los-celtas-de-hogueras-lunas-y-calaveras\/\">Cuando \u00e9ramos celtas<\/a><\/strong>, las noches de plenilunio sal\u00edamos a los campos e\u00a0 ilumin\u00e1bamos los montes con grandes hogueras. Alrededor del fuego danz\u00e1bamos y enton\u00e1bamos canciones y rend\u00edamos culto a la luna.<\/p>\n<p style=\"text-align: justify;\">\n<p style=\"text-align: justify;\">M\u00e1s tarde, <strong><a title=\"Nuestros dioses: cuando \u00e9ramos romanos\" href=\"https:\/\/blogs.hoy.es\/extremadurasecreta\/2012\/10\/01\/nuestros-dioses-cuando-eramos-romanos\/\">cuando fuimos romanos<\/a><\/strong>, cambiamos el nombre de la diosa y la llamamos \u00a0Diana, y la ador\u00e1bamos en <strong>Ibahernando, Santa Cruz de la Sierra, Abertura y Arroyo de la Luz<\/strong>, entre otros muchos lugares donde a\u00fan no han aparecido vestigios arqueol\u00f3gicos que atestig\u00fcen su culto.<\/p>\n<p style=\"text-align: justify;\">\n<p style=\"text-align: justify;\">Ya por aquel entonces a los ni\u00f1os les colg\u00e1bamos del cuello medias lunas grabadas en metal con el fin de librarles de maleficios e impedir que \u201clos cogiese la luna\u201d. Estos amuletos proteg\u00edan de<a title=\"Alunados: cuando la noche se vuelve malvada\" href=\"https:\/\/blogs.hoy.es\/extremadurasecreta\/2012\/05\/08\/alunados-cuando-la-noche-se-vuelve-malvada\/\"> <strong>los alunamientos<\/strong>,<\/a> de los que ya hablamos en otra ocasi\u00f3n y tambi\u00e9n evita los \u201cpechos alunados\u201d de las madres en periodo de lactancia. Tambi\u00e9n para atenuar la artrosis paralizante y para acelerar las menstruaciones este amuleto era \u201cmano de santo\u201d.<\/p>\n<p style=\"text-align: justify;\">\n<p style=\"text-align: justify;\">Seg\u00fan los arque\u00f3logos \u00a0<a title=\"Historia de Extremadura\" href=\"http:\/\/mpr.bage.es\/cgi-bin\/koha\/opac-detail.pl?biblionumber=26758\" rel=\"external nofollow\">Barrientos, Cerrillos y \u00c1lvarez,<\/a> el culto a la Luna con connotaciones funerarias pervive en Extremadura hasta bien entrado el siglo IV\u00a0 a. C., lo que constituye una muestra de su enorme importancia en la mentalidad popular.<\/p>\n<p style=\"text-align: justify;\">\n<p style=\"text-align: justify;\">Y lo curioso es que estos amuletos lunares contin\u00faan pas\u00e1ndose de abuelas a nietas, miles de a\u00f1os despu\u00e9s.<\/p>\n<p style=\"text-align: justify;\">\n<div id=\"attachment_1197\" style=\"width: 560px\" class=\"wp-caption aligncenter\"><a href=\"\/extremadurasecreta\/wp-content\/uploads\/sites\/16\/2015\/09\/Amuleto-lunar-de-Ahigal-Jose-Mar\u00eda-Dominguez-Moreno.jpg\"><img aria-describedby=\"caption-attachment-1197\" loading=\"lazy\" class=\"size-full wp-image-1197\" title=\"Amuleto lunar de Ahigal (Jose Mar\u00eda Dominguez Moreno)\" src=\"\/extremadurasecreta\/wp-content\/uploads\/sites\/16\/2015\/09\/Amuleto-lunar-de-Ahigal-Jose-Mar\u00eda-Dominguez-Moreno.jpg\" alt=\"\" width=\"550\" height=\"505\" srcset=\"https:\/\/static-blogs.hoy.es\/wp-content\/uploads\/sites\/16\/2015\/09\/Amuleto-lunar-de-Ahigal-Jose-Mar\u00eda-Dominguez-Moreno.jpg 550w, https:\/\/static-blogs.hoy.es\/wp-content\/uploads\/sites\/16\/2015\/09\/Amuleto-lunar-de-Ahigal-Jose-Mar\u00eda-Dominguez-Moreno-300x275.jpg 300w\" sizes=\"(max-width: 550px) 100vw, 550px\" \/><\/a><p id=\"caption-attachment-1197\" class=\"wp-caption-text\">Amuleto lunar de Ahigal (Jose Mar\u00eda Dom\u00ednguez Moreno)<\/p><\/div>\n<p style=\"text-align: justify;\"><strong>Hechizo de luna<\/strong><\/p>\n<p style=\"text-align: justify;\">\n<p style=\"text-align: justify;\">Si Diana- Selene es diosa de la luna, tambi\u00e9n lo es de las brujas, por lo que no es extra\u00f1o que los hechizos relacionados con la blanca luna abunden en nuestras tierras.<\/p>\n<p style=\"text-align: justify;\">\n<p style=\"text-align: justify;\">Ya hablamos en otra ocasi\u00f3n de la influencia que la luna se cree que tiene en el <a title=\"Extremeni\u00f1os: C\u00f3mo ser est\u00e9ril y no morir en el intento\" href=\"https:\/\/blogs.hoy.es\/extremadurasecreta\/2012\/05\/31\/extremeninos-como-ser-esteril-y-no-morir-en-el-intento\/\">momento de la<strong> concepci\u00f3n<\/strong><\/a> o en la <strong><a title=\"Extremeni\u00f1os: El sexo de los angelitos\" href=\"https:\/\/blogs.hoy.es\/extremadurasecreta\/2012\/07\/10\/extremeninos-el-sexo-de-los-angelitos\/\">selecci\u00f3n del sexo<\/a><\/strong> del futuro beb\u00e9, as\u00ed que vamos\u00a0 a centrarnos en lo que es sin duda un rito ancestral que se continuaba practicando\u00a0 hasta hace bien poco.<\/p>\n<p style=\"text-align: justify;\">\n<p style=\"text-align: justify;\">Nos cuenta <a title=\"El Folklore del noviazgo en Extremadura\" href=\"http:\/\/www.funjdiaz.net\/folklore\/07ficha.php?ID=676\" rel=\"external nofollow\">el historiador Dom\u00ednguez Moreno<\/a> como en el pueblo cacere\u00f1o de <strong>Ahiga<\/strong>l, en las cercan\u00edas del embalse, bajo la luz de la luna llena, las muchachas que deseen conocer el rostro de su futuro marido deben formar un corro agarradas de la mano, y entonar el\u00a0 siguiente ensalmo:<\/p>\n<p style=\"text-align: justify;\">\n<p style=\"text-align: justify;\">\u201c<em>Luna, luna, lunera.<\/em><\/p>\n<p style=\"text-align: justify;\"><em>Dame un novio aragon\u00e9s:<\/em><\/p>\n<p style=\"text-align: justify;\"><em>No me importa que sea manco<\/em><\/p>\n<p style=\"text-align: justify;\"><em>Ni que mire del rev\u00e9s,<\/em><\/p>\n<p style=\"text-align: justify;\"><em>Y que no tenga narices<\/em><\/p>\n<p style=\"text-align: justify;\"><em>Ni que est\u00e9 cojo de un pie,<\/em><\/p>\n<p style=\"text-align: justify;\"><em>Ni que ande por la noche<\/em><\/p>\n<p style=\"text-align: justify;\"><em>Por encima de la pared.<\/em><\/p>\n<p style=\"text-align: justify;\"><em>\u00bfD\u00f3nde est\u00e1 mi novio?<\/em><\/p>\n<p style=\"text-align: justify;\"><em>\u00bfD\u00f3nde est\u00e1?, que lo ver\u00e9.<\/em><\/p>\n<p style=\"text-align: justify;\"><em>A la una, a las dos y a las tres\u201d.<\/em><\/p>\n<p style=\"text-align: justify;\">\n<p style=\"text-align: justify;\">Llegado este punto, las mozas deben soltarse, levantando los brazos, mientras miran fijamente a la luna. Tras un breve instante, en el que el silencio debe ser total, la luna har\u00e1 imaginar a la joven el rostro de su futuro marido.<\/p>\n<p style=\"text-align: justify;\">\n<p style=\"text-align: justify;\">Tras la aparici\u00f3n se deben bajar nuevamente los brazos, se toman de la mano de nuevo y vuelven a girar en corro, recitando la siguiente salmodia:<\/p>\n<p style=\"text-align: justify;\">\n<p style=\"text-align: justify;\"><em>\u201cA mi novio he encontrado,<\/em><\/p>\n<p style=\"text-align: justify;\"><em>a mi novio lo encontr\u00e9.<\/em><\/p>\n<p style=\"text-align: justify;\"><em>A la luna, luna, luna;<\/em><\/p>\n<p style=\"text-align: justify;\"><em>A la luna, luna, or\u00e9.<\/em><\/p>\n<p style=\"text-align: justify;\"><em>A mi novio lo he encontrado<\/em><\/p>\n<p style=\"text-align: justify;\"><em>Y pronto me casar\u00e9\u201d.<\/em><\/p>\n<p style=\"text-align: justify;\">\n<p style=\"text-align: justify;\">Las que participan en el juego aseguraban que, pasado el tiempo, se casaban \u00a0con el novio que la luna les hab\u00eda hecho imaginar.<\/p>\n<p style=\"text-align: justify;\">\n<div id=\"attachment_1198\" style=\"width: 809px\" class=\"wp-caption aligncenter\"><a href=\"\/extremadurasecreta\/wp-content\/uploads\/sites\/16\/2015\/09\/10511177_10203525844300327_2686637483594840012_n1_edited.jpg\"><img aria-describedby=\"caption-attachment-1198\" loading=\"lazy\" class=\"size-full wp-image-1198\" title=\"10511177_10203525844300327_2686637483594840012_n[1]_edited\" src=\"\/extremadurasecreta\/wp-content\/uploads\/sites\/16\/2015\/09\/10511177_10203525844300327_2686637483594840012_n1_edited.jpg\" alt=\"\" width=\"799\" height=\"532\" srcset=\"https:\/\/static-blogs.hoy.es\/wp-content\/uploads\/sites\/16\/2015\/09\/10511177_10203525844300327_2686637483594840012_n1_edited.jpg 799w, https:\/\/static-blogs.hoy.es\/wp-content\/uploads\/sites\/16\/2015\/09\/10511177_10203525844300327_2686637483594840012_n1_edited-300x200.jpg 300w, https:\/\/static-blogs.hoy.es\/wp-content\/uploads\/sites\/16\/2015\/09\/10511177_10203525844300327_2686637483594840012_n1_edited-768x511.jpg 768w\" sizes=\"(max-width: 799px) 100vw, 799px\" \/><\/a><p id=\"caption-attachment-1198\" class=\"wp-caption-text\">Las extreme\u00f1as seguimos rezando a la Luna (Jimber)<\/p><\/div>\n<p style=\"text-align: justify;\">Las extreme\u00f1as, brujas o no, seguimos rez\u00e1ndole a la luna miles de a\u00f1os despu\u00e9s de elevar nuestra primera plegaria a su fr\u00edo y blanco\u00a0 rostro nocturno.<\/p>\n<p style=\"text-align: justify;\">Esperemos que Selene nos siga escuchando. Aunque el novio, por lo que a m\u00ed respecta, se lo puede quedar junto al se\u00f1or del burro.<\/p>\n<p>&nbsp;<\/p>\n<p>&nbsp;<\/p>\n<!-- AddThis Advanced Settings generic via filter on the_content --><!-- AddThis Share Buttons generic via filter on the_content -->","protected":false},"excerpt":{"rendered":"<p>Estamos inmersos en un eclipse total de Luna, m\u00e1s conocido como \u201cLuna de sangre\u201d&#8230; \u00bfNo es emocionante? \u00a0Se le llama &#8220;Luna de Sangre&#8221; porque el sat\u00e9lite se ti\u00f1e de rojo, ya que \u00a0al entrar al cono de la sombra de la Tierra, la luz del Sol, que pasa por la atm\u00f3sfera terrestre, se refracta en [&hellip;]<!-- AddThis Advanced Settings generic via filter on get_the_excerpt --><!-- AddThis Share Buttons generic via filter on get_the_excerpt --><\/p>\n","protected":false},"author":20,"featured_media":0,"comment_status":"open","ping_status":"closed","sticky":false,"template":"","format":"standard","meta":[],"categories":[7],"tags":[17,31,64,65,70,97,319,391,444,457,596,629,751,785,786,787,947,1081,1101,1236],"_links":{"self":[{"href":"https:\/\/blogs.hoy.es\/extremadurasecreta\/wp-json\/wp\/v2\/posts\/1193"}],"collection":[{"href":"https:\/\/blogs.hoy.es\/extremadurasecreta\/wp-json\/wp\/v2\/posts"}],"about":[{"href":"https:\/\/blogs.hoy.es\/extremadurasecreta\/wp-json\/wp\/v2\/types\/post"}],"author":[{"embeddable":true,"href":"https:\/\/blogs.hoy.es\/extremadurasecreta\/wp-json\/wp\/v2\/users\/20"}],"replies":[{"embeddable":true,"href":"https:\/\/blogs.hoy.es\/extremadurasecreta\/wp-json\/wp\/v2\/comments?post=1193"}],"version-history":[{"count":0,"href":"https:\/\/blogs.hoy.es\/extremadurasecreta\/wp-json\/wp\/v2\/posts\/1193\/revisions"}],"wp:attachment":[{"href":"https:\/\/blogs.hoy.es\/extremadurasecreta\/wp-json\/wp\/v2\/media?parent=1193"}],"wp:term":[{"taxonomy":"category","embeddable":true,"href":"https:\/\/blogs.hoy.es\/extremadurasecreta\/wp-json\/wp\/v2\/categories?post=1193"},{"taxonomy":"post_tag","embeddable":true,"href":"https:\/\/blogs.hoy.es\/extremadurasecreta\/wp-json\/wp\/v2\/tags?post=1193"}],"curies":[{"name":"wp","href":"https:\/\/api.w.org\/{rel}","templated":true}]}}