{"id":1203,"date":"2015-10-04T19:36:15","date_gmt":"2015-10-04T17:36:15","guid":{"rendered":"http:\/\/blogs.hoy.es\/extremadurasecreta\/?p=1203"},"modified":"2020-07-30T09:55:20","modified_gmt":"2020-07-30T07:55:20","slug":"la-caragontia-de-montanchez","status":"publish","type":"post","link":"https:\/\/blogs.hoy.es\/extremadurasecreta\/2015\/10\/04\/la-caragontia-de-montanchez\/","title":{"rendered":"La Caragont\u00eda de Mont\u00e1nchez"},"content":{"rendered":"<h6>\u201c<em>Templo de la verdad es el que admiras<\/em><\/h6>\n<h6><em>No desoigas la voz del que te advierte<\/em><\/h6>\n<h6><em>Que todo es ilusi\u00f3n, menos la muerte\u201d<\/em><\/h6>\n<p>&nbsp;<\/p>\n<p style=\"text-align: justify;\">Con estas inquietantes palabras nos recibe <strong><a title=\"El cementerio de Mont\u00e1nchez, el mejor de Espa\u00f1a\" href=\"http:\/\/www.hoy.es\/caceres\/201510\/01\/cementerio-montanchez-elegido-mejor-20151001184814.html\" rel=\"external nofollow\">el \u00a0cementerio de Mont\u00e1nchez, reci\u00e9n elegido el mejor camposanto de Espa\u00f1a<\/a>,<\/strong> un tranquilo y bello lugar encastrado en lo alto de un pueblo\u00a0que sabe a jam\u00f3n y huele a\u00a0 sierra.<\/p>\n<p style=\"text-align: justify;\">Si alzamos la vista desde las bellas tumbas del cementerio descubriremos otros de los atractivos de Mont\u00e1nchez: su castillo, cuya conquista afirma el pueblo y la leyenda que se debe a una serpiente, que muestra a los cristianos el camino que han de seguir para llegar al coraz\u00f3n de la fortaleza defendida por los almohades.<\/p>\n<p>&nbsp;<\/p>\n<div id=\"attachment_1205\" style=\"width: 1034px\" class=\"wp-caption aligncenter\"><a href=\"\/extremadurasecreta\/wp-content\/uploads\/sites\/16\/2015\/10\/Cementerio-de-MontanchezIMG_9114_edited1.jpg\"><img aria-describedby=\"caption-attachment-1205\" loading=\"lazy\" class=\"size-large wp-image-1205\" title=\"Cementerio de MontanchezIMG_9114_edited\" src=\"\/extremadurasecreta\/wp-content\/uploads\/sites\/16\/2015\/10\/Cementerio-de-MontanchezIMG_9114_edited1.jpg\" alt=\"\" width=\"1024\" height=\"681\" srcset=\"https:\/\/static-blogs.hoy.es\/wp-content\/uploads\/sites\/16\/2015\/10\/Cementerio-de-MontanchezIMG_9114_edited1.jpg 1936w, https:\/\/static-blogs.hoy.es\/wp-content\/uploads\/sites\/16\/2015\/10\/Cementerio-de-MontanchezIMG_9114_edited1-300x200.jpg 300w, https:\/\/static-blogs.hoy.es\/wp-content\/uploads\/sites\/16\/2015\/10\/Cementerio-de-MontanchezIMG_9114_edited1-768x511.jpg 768w, https:\/\/static-blogs.hoy.es\/wp-content\/uploads\/sites\/16\/2015\/10\/Cementerio-de-MontanchezIMG_9114_edited1-1024x681.jpg 1024w\" sizes=\"(max-width: 1024px) 100vw, 1024px\" \/><\/a><p id=\"caption-attachment-1205\" class=\"wp-caption-text\"><span style=\"font-size: 8pt;\">Cementerio y castillo de Mont\u00e1nchez (Extremadura secreta)<\/span><\/p><\/div>\n<p style=\"text-align: justify;\">Cuenta la leyenda recogida por el historiado<strong>r <a title=\"Animales gu\u00edas en Extremadura\" href=\"http:\/\/www.funjdiaz.net\/folklore\/07ficha.php?ID=2499\" rel=\"external nofollow\">Jose Mar\u00eda \u00a0Dom\u00ednguez Moreno<\/a><\/strong> que estando un s\u00e1bado acampados junto a la fuente del Trampal, una enorme serpiente con la cabeza cubierta por una mata de pelo atraves\u00f3 por medio de las mesnadas cristianas, sembrando el p\u00e1nico entre los caballos.<\/p>\n<p style=\"text-align: justify;\">Los caballeros siguieron su rastro entre espesos y altos matorrales, \u00a0y no tardaron en dar con su guarida. Era \u00e9sta un amplio t\u00fanel que comunicaba directamente con el castillo, y fue por este pasadizo por el que penetrar\u00eda un grupo de los m\u00e1s aguerridos cristianos para tomar la fortificaci\u00f3n.<\/p>\n<p style=\"text-align: justify;\">Sorprendentemente no encontraron rastro ni nunca supieron de la fabulosa culebra peluda que los hab\u00eda guiado hacia la victoria, pero cuenta la leyenda que se trataba de una n\u00fabil princesa mora que, cual <a title=\"la metamorfosis de un hada: Melusina\" href=\"http:\/\/www.upf.edu\/forma\/_pdf\/vol03\/forma_vol03_04wilhite.pdf\" rel=\"external nofollow\">Melusina<\/a>, cada domingo tomaba forma de serpiente, aunque conservando su cabeza humana, y por el rec\u00f3ndito pasadizo bajaba hasta la fuente del Trampal a peinarse los dorados cabellos.<\/p>\n<p style=\"text-align: justify;\">Al considerarla culpable de la derrota, su padre, el ca\u00edd, maldijo a la princesa mora y la arroj\u00f3 al aljibe, donde desde aquel fat\u00eddico d\u00eda vive transformada en serpiente bajo las galer\u00edas\u00a0 del castillo.<\/p>\n<p style=\"text-align: justify;\">S\u00f3lo durante la noche de San Juan recobra su forma de mujer y se la ve pasear sobre las almenas portando en una mano una vela encendida y en la otra un libro, en el que escribe maldiciendo o bendiciendo los campos de toda la comarca.<\/p>\n<div id=\"attachment_1206\" style=\"width: 978px\" class=\"wp-caption aligncenter\"><a href=\"\/extremadurasecreta\/wp-content\/uploads\/sites\/16\/2015\/10\/Castillo-de-MontanchezIMG_9160_edited_968x644.jpg\"><img aria-describedby=\"caption-attachment-1206\" loading=\"lazy\" class=\"size-full wp-image-1206\" title=\"Castillo de MontanchezIMG_9160_edited_968x644\" src=\"\/extremadurasecreta\/wp-content\/uploads\/sites\/16\/2015\/10\/Castillo-de-MontanchezIMG_9160_edited_968x644.jpg\" alt=\"\" width=\"968\" height=\"644\" srcset=\"https:\/\/static-blogs.hoy.es\/wp-content\/uploads\/sites\/16\/2015\/10\/Castillo-de-MontanchezIMG_9160_edited_968x644.jpg 968w, https:\/\/static-blogs.hoy.es\/wp-content\/uploads\/sites\/16\/2015\/10\/Castillo-de-MontanchezIMG_9160_edited_968x644-300x200.jpg 300w, https:\/\/static-blogs.hoy.es\/wp-content\/uploads\/sites\/16\/2015\/10\/Castillo-de-MontanchezIMG_9160_edited_968x644-768x511.jpg 768w\" sizes=\"(max-width: 968px) 100vw, 968px\" \/><\/a><p id=\"caption-attachment-1206\" class=\"wp-caption-text\"><span style=\"font-size: 8pt;\">El castillo de Mont\u00e1nchez (Extremadura secreta)<\/span><\/p><\/div>\n<p>Otros paisanos, como Aurelio Jimenez, nos confirmaban la ubicaci\u00f3n exacta de los dos pasadizos secretos que salen del castillo: uno llega hasta el pueblo y otro hasta la derruida ermita de Santo Domingo. Aurelio nos contaba tambi\u00e9n el nombre que recibe la princesa: <a title=\"Seres M\u00e1gicos de los Pozos: Air\u00f3n, Maru\u00f1as y Moracantanas\" href=\"https:\/\/blogs.hoy.es\/extremadurasecreta\/2012\/06\/08\/seres-magicos-de-los-pozos-extremenos-airon-marunas-y-moracantanas-varias\/\">La M<strong>oracantana<\/strong><\/a>, y tambi\u00e9n su peligro, ya que como el aljibe al que la arroj\u00f3 su padre comunica con los pozos del pueblo, las ni\u00f1as no pueden asomarse a los brocales \u00a0en la<a title=\"Cinco castillos encantados para visitar en la noche de San Juan\" href=\"https:\/\/blogs.hoy.es\/extremadurasecreta\/2015\/06\/22\/cinco-castillos-encantados-para-visitar-en-la-noche-de-san-juan\/\"> N<strong>oche de San Juan<\/strong><\/a>, porque \u00a0esa noche La Moracantana recupera sus poderes y, convertida en serpiente, se las lleva al fondo con ella.<\/p>\n<div id=\"attachment_1207\" style=\"width: 1034px\" class=\"wp-caption aligncenter\"><a href=\"\/extremadurasecreta\/wp-content\/uploads\/sites\/16\/2015\/10\/Ermita-de-Santo-Domingo-IMG_9128_edited.jpg\"><img aria-describedby=\"caption-attachment-1207\" loading=\"lazy\" class=\"size-large wp-image-1207\" title=\"Ermita de Santo Domingo IMG_9128_edited\" src=\"\/extremadurasecreta\/wp-content\/uploads\/sites\/16\/2015\/10\/Ermita-de-Santo-Domingo-IMG_9128_edited.jpg\" alt=\"\" width=\"1024\" height=\"681\" srcset=\"https:\/\/static-blogs.hoy.es\/wp-content\/uploads\/sites\/16\/2015\/10\/Ermita-de-Santo-Domingo-IMG_9128_edited.jpg 1936w, https:\/\/static-blogs.hoy.es\/wp-content\/uploads\/sites\/16\/2015\/10\/Ermita-de-Santo-Domingo-IMG_9128_edited-300x200.jpg 300w, https:\/\/static-blogs.hoy.es\/wp-content\/uploads\/sites\/16\/2015\/10\/Ermita-de-Santo-Domingo-IMG_9128_edited-768x511.jpg 768w, https:\/\/static-blogs.hoy.es\/wp-content\/uploads\/sites\/16\/2015\/10\/Ermita-de-Santo-Domingo-IMG_9128_edited-1024x681.jpg 1024w\" sizes=\"(max-width: 1024px) 100vw, 1024px\" \/><\/a><p id=\"caption-attachment-1207\" class=\"wp-caption-text\"><span style=\"font-size: 8pt;\">La ermita de Santo Domingo, donde desemboca el t\u00fanel del castillo (Extremadura Secreta)<\/span><\/p><\/div>\n<p style=\"text-align: justify;\">Ya tenemos a la agarena maldita de Mont\u00e1nchez como prima d<a title=\"La Mansabor\u00e1, la encantada de C\u00e1ceres\" href=\"https:\/\/blogs.hoy.es\/extremadurasecreta\/2013\/04\/23\/la-mansabora-la-encantada-de-caceres\/\">e <strong>la Mansabor\u00e1<\/strong> <strong>cacere\u00f1a<\/strong><\/a> e hija de las M<strong>oracantanas<\/strong> <strong>de los pozos<\/strong>. Pero nos queda una semejanza todav\u00eda \u00a0m\u00e1s importante y resbaladiza&#8230;<\/p>\n<p style=\"text-align: justify;\">Las serpientes, como animales asociados a las fuerzas tel\u00faricas de la tierra, los mundos subterr\u00e1neos o\u00a0 los ciclos de renovaci\u00f3n y\u00a0 de fertilidad, se han vinculado \u00a0a la figura de la mujer en la mitolog\u00eda\u00a0 de muchas culturas a lo largo de la historia, entre ellas la extreme\u00f1a. Lo recordar\u00e1n porque ya hemos hablado de esas raras<strong> <a title=\"Las culebras que mamaban de las mujeres\" href=\"https:\/\/blogs.hoy.es\/extremadurasecreta\/2013\/01\/15\/las-culebras-que-mamaban-de-las-mujeres\/\">culebras que mamaban de nuestras mujeres<\/a>.<\/strong><\/p>\n<p style=\"text-align: justify;\">Y qu\u00e9 mejor forma de unificar a la mujer con la serpiente que fundi\u00e9ndolas en una sola. Surge as\u00ed el mito de <a title=\"El patas de cabra y las lamias cast\u00faas\" href=\"https:\/\/blogs.hoy.es\/extremadurasecreta\/2013\/02\/13\/el-patas-de-cabra-y-las-lamias-castuas\/\">Lamia<\/a>, reina de Libia que, seg\u00fan la tradici\u00f3n griega, \u00a0concibi\u00f3\u00a0 hijos con el propio Zeus. \u00a0Pero la celosa Hera, esposa del dios, los asesin\u00f3 y transform\u00f3 a la amante de su marido en un monstruo condenado a no poder cerrar los ojos y tener que mantener siempre viva la visi\u00f3n de sus hijos muertos. Zeus le permiti\u00f3 extra\u00e9rselos\u00a0 y volv\u00e9rselos a poner,\u00a0 para que as\u00ed pudiera descansar algunos momentos. Lamia, por desesperaci\u00f3n y venganza, raptaba a los ni\u00f1os de otras madres, para luego terminar con sus vidas. Ten\u00eda el rostro de una bella mujer y el cuerpo de serpiente.<\/p>\n<p style=\"text-align: justify;\">Y es en esta figura de la Lamia \u00a0donde encontramos los paralelismos m\u00e1s significativos de la figura serpentiforme de Mont\u00e1nchez, a la que me atrevo incluso a poner nombre: la Caragont\u00eda.<\/p>\n<p style=\"text-align: justify;\">Pero\u2026 \u00bfQui\u00e9n es esta Caragont\u00eda?<a title=\"Supersticiones extreme\u00f1as\" href=\"https:\/\/books.google.es\/books\/about\/Supersticiones_extreme%C3%B1as.html?hl=es&amp;id=hug8PQAACAAJ\" rel=\"external nofollow\">\u00a0<strong>Publio Hurtado<\/strong><\/a> menciona a este ser en 1902, recogiendo la exclamaci\u00f3n que lanzaba este ser maldito:<\/p>\n<p style=\"text-align: justify;\"><em>Y<\/em><em>o<\/em><em> soy la Caragont\u00eda<\/em><\/p>\n<p><em>Que ando de noche y de d\u00eda<\/em><\/p>\n<p><em>Y e<\/em><em>l que me oye<\/em><em>re<\/em><em> cantar<\/em><\/p>\n<p><em>Cerca tiene su agon\u00eda<\/em><em>\u201d,<\/em><\/p>\n<p>Y nada m\u00e1s se sabe de ella. Ni qu\u00e9 era, ni qui\u00e9n era, ni donde viv\u00eda\u2026<\/p>\n<p style=\"text-align: justify;\">Me atrevo, pues, \u00a0a aventurar que tal vez esta Caragont\u00eda fuese la princesa mora encantada del castillo de Mont\u00e1nchez, bas\u00e1ndome en las muchas similitudes existentes\u00a0 (incluido el nombre) entre esta \u00faltima y <a title=\"La Tragant\u00eda\" href=\"http:\/\/www.culturandalucia.com\/Leyenda%20de%20La%20Tragant%C3%ADa%20escrita%20por%20Juan%20Eslava%20Gal%C3%A1n.htm\" rel=\"external nofollow\"><strong>la \u201cTragant\u00eda\u201d del castillo de Cazorla, en Jaen,<\/strong> <\/a>tanto que parecen hermanas.<\/p>\n<p style=\"text-align: justify;\">La leyenda jienense nos cuenta que, ante el inexorable avance de las tropas cristianas, el rey moro del castillo de la Yedra encerr\u00f3 a su bella hija en una cavidad secreta oculta en los cimientos de la fortaleza, tapiando con una gran losa \u00a0la entrada, \u00a0con la intenci\u00f3n de rescatarla cuando las tropas cristianas se hubieran marchado.<\/p>\n<p style=\"text-align: justify;\">El mismo rey se refugi\u00f3 \u00a0con su tropa en la cercana sierra que rodea al pueblo. Sin embargo las tropas cristianas alcanzaron al monarca y a su s\u00e9quito, \u00a0dando muerte a todos ellos y ocupando la poblaci\u00f3n de Cazorla.<\/p>\n<p style=\"text-align: justify;\">La princesa, \u00a0aprisionada en la cavidad, ignorada por todos, beb\u00eda el agua que goteaba al filtrarse entre la tierra, y com\u00eda los insectos que buscaban refugio en el subsuelo. La incapacidad de moverse en aquel reducido espacio, y la viscosidad de las h\u00famedas paredes, propiciaron que sus extremidades inferiores se fueran uniendo y adquiriendo forma alargada y redondeada, con escamas como los reptiles. Mientras se produc\u00eda la metamorfosis se escuchaban terror\u00edficos lamentos, que atemorizaban a los nuevos moradores del castillo y a todos los habitantes de Cazorla, rasgando el silencio de las noches.<\/p>\n<p style=\"text-align: justify;\">Cuentan que desde entonces, solo puede salir, como la nuestra, en las noches de San Juan, en las que se puede o\u00edr su amenazante lamento. Porque si la de Mont\u00e1nchez canta, la de Cazorla tambi\u00e9n:<\/p>\n<p>&nbsp;<\/p>\n<h6><em>\u201c<\/em><em>Yo soy la Tragant\u00eda<\/em><\/h6>\n<h6><em>\u00a0<\/em><em>Hija del rey moro<\/em><\/h6>\n<h6><em>Y el que me oiga cantar<\/em><\/h6>\n<h6><em>No ver\u00e1 la luz del d\u00eda<\/em><\/h6>\n<h6><em>Ni la noche de San Juan<\/em><em>\u201d.<\/em><\/h6>\n<p>&nbsp;<\/p>\n<div id=\"attachment_1208\" style=\"width: 1034px\" class=\"wp-caption aligncenter\"><a href=\"\/extremadurasecreta\/wp-content\/uploads\/sites\/16\/2015\/10\/Cementerio-de-MontanchezIMG_9109_edited.jpg\"><img aria-describedby=\"caption-attachment-1208\" loading=\"lazy\" class=\"size-large wp-image-1208\" title=\"Cementerio de MontanchezIMG_9109_edited\" src=\"\/extremadurasecreta\/wp-content\/uploads\/sites\/16\/2015\/10\/Cementerio-de-MontanchezIMG_9109_edited.jpg\" alt=\"\" width=\"1024\" height=\"681\" srcset=\"https:\/\/static-blogs.hoy.es\/wp-content\/uploads\/sites\/16\/2015\/10\/Cementerio-de-MontanchezIMG_9109_edited.jpg 1936w, https:\/\/static-blogs.hoy.es\/wp-content\/uploads\/sites\/16\/2015\/10\/Cementerio-de-MontanchezIMG_9109_edited-300x200.jpg 300w, https:\/\/static-blogs.hoy.es\/wp-content\/uploads\/sites\/16\/2015\/10\/Cementerio-de-MontanchezIMG_9109_edited-768x511.jpg 768w, https:\/\/static-blogs.hoy.es\/wp-content\/uploads\/sites\/16\/2015\/10\/Cementerio-de-MontanchezIMG_9109_edited-1024x681.jpg 1024w\" sizes=\"(max-width: 1024px) 100vw, 1024px\" \/><\/a><p id=\"caption-attachment-1208\" class=\"wp-caption-text\"><span style=\"font-size: 8pt;\">Entrada al Cementerio de Mont\u00e1nchez (Extremadura Secreta)<\/span><\/p><\/div>\n<p style=\"text-align: justify;\">As\u00ed que ya saben, si quieren acercarse a conocer el cementerio m\u00e1s bonito de Espa\u00f1a, procuren no hacerlo en la noche m\u00e1gica de San Juan. Y si no les queda m\u00e1s remedio, cuando escuchen un silbido reptiliano t\u00e1pense los o\u00eddos, antes de que la pobre y desdichada lamia comience con su canto.<\/p>\n<p style=\"text-align: justify;\">Hagan caso a las palabras del cementerio y &#8220;no desoigan la voz del que le advierte&#8221;&#8230; La voz silbante y ag\u00f3nica de la Caragont\u00eda.<\/p>\n<p>&nbsp;<\/p>\n<p>&nbsp;<\/p>\n<!-- AddThis Advanced Settings generic via filter on the_content --><!-- AddThis Share Buttons generic via filter on the_content -->","protected":false},"excerpt":{"rendered":"<p>\u201cTemplo de la verdad es el que admiras No desoigas la voz del que te advierte Que todo es ilusi\u00f3n, menos la muerte\u201d &nbsp; Con estas inquietantes palabras nos recibe el \u00a0cementerio de Mont\u00e1nchez, reci\u00e9n elegido el mejor camposanto de Espa\u00f1a, un tranquilo y bello lugar encastrado en lo alto de un pueblo\u00a0que sabe a [&hellip;]<!-- AddThis Advanced Settings generic via filter on get_the_excerpt --><!-- AddThis Share Buttons generic via filter on get_the_excerpt --><\/p>\n","protected":false},"author":20,"featured_media":2214,"comment_status":"open","ping_status":"closed","sticky":false,"template":"","format":"standard","meta":[],"categories":[7,9],"tags":[57,212,258,286,365,699,745,830,863,867,868,902,938,987,994,1108,1205],"_links":{"self":[{"href":"https:\/\/blogs.hoy.es\/extremadurasecreta\/wp-json\/wp\/v2\/posts\/1203"}],"collection":[{"href":"https:\/\/blogs.hoy.es\/extremadurasecreta\/wp-json\/wp\/v2\/posts"}],"about":[{"href":"https:\/\/blogs.hoy.es\/extremadurasecreta\/wp-json\/wp\/v2\/types\/post"}],"author":[{"embeddable":true,"href":"https:\/\/blogs.hoy.es\/extremadurasecreta\/wp-json\/wp\/v2\/users\/20"}],"replies":[{"embeddable":true,"href":"https:\/\/blogs.hoy.es\/extremadurasecreta\/wp-json\/wp\/v2\/comments?post=1203"}],"version-history":[{"count":4,"href":"https:\/\/blogs.hoy.es\/extremadurasecreta\/wp-json\/wp\/v2\/posts\/1203\/revisions"}],"predecessor-version":[{"id":2216,"href":"https:\/\/blogs.hoy.es\/extremadurasecreta\/wp-json\/wp\/v2\/posts\/1203\/revisions\/2216"}],"wp:featuredmedia":[{"embeddable":true,"href":"https:\/\/blogs.hoy.es\/extremadurasecreta\/wp-json\/wp\/v2\/media\/2214"}],"wp:attachment":[{"href":"https:\/\/blogs.hoy.es\/extremadurasecreta\/wp-json\/wp\/v2\/media?parent=1203"}],"wp:term":[{"taxonomy":"category","embeddable":true,"href":"https:\/\/blogs.hoy.es\/extremadurasecreta\/wp-json\/wp\/v2\/categories?post=1203"},{"taxonomy":"post_tag","embeddable":true,"href":"https:\/\/blogs.hoy.es\/extremadurasecreta\/wp-json\/wp\/v2\/tags?post=1203"}],"curies":[{"name":"wp","href":"https:\/\/api.w.org\/{rel}","templated":true}]}}