{"id":1210,"date":"2015-10-30T20:25:16","date_gmt":"2015-10-30T18:25:16","guid":{"rendered":"http:\/\/blogs.hoy.es\/extremadurasecreta\/?p=1210"},"modified":"2015-10-30T20:25:16","modified_gmt":"2015-10-30T18:25:16","slug":"la-senora-fermina-ve-muertos","status":"publish","type":"post","link":"https:\/\/blogs.hoy.es\/extremadurasecreta\/2015\/10\/30\/la-senora-fermina-ve-muertos\/","title":{"rendered":"La se\u00f1ora Fermina ve muertos"},"content":{"rendered":"<p style=\"text-align: justify;\">\n<p style=\"text-align: justify;\">\n<div id=\"attachment_1212\" style=\"width: 223px\" class=\"wp-caption alignleft\"><a href=\"\/extremadurasecreta\/wp-content\/uploads\/sites\/16\/2015\/10\/Fermina-Ramirez-Gonzalez-FeriaIMG_1161_edited.jpg\"><img aria-describedby=\"caption-attachment-1212\" loading=\"lazy\" class=\"size-medium wp-image-1212\" title=\"Fermina Ramirez Gonzalez FeriaIMG_1161_edited\" src=\"\/extremadurasecreta\/wp-content\/uploads\/sites\/16\/2015\/10\/Fermina-Ramirez-Gonzalez-FeriaIMG_1161_edited.jpg\" alt=\"\" width=\"213\" height=\"300\" srcset=\"https:\/\/static-blogs.hoy.es\/wp-content\/uploads\/sites\/16\/2015\/10\/Fermina-Ramirez-Gonzalez-FeriaIMG_1161_edited.jpg 1263w, https:\/\/static-blogs.hoy.es\/wp-content\/uploads\/sites\/16\/2015\/10\/Fermina-Ramirez-Gonzalez-FeriaIMG_1161_edited-213x300.jpg 213w, https:\/\/static-blogs.hoy.es\/wp-content\/uploads\/sites\/16\/2015\/10\/Fermina-Ramirez-Gonzalez-FeriaIMG_1161_edited-768x1079.jpg 768w, https:\/\/static-blogs.hoy.es\/wp-content\/uploads\/sites\/16\/2015\/10\/Fermina-Ramirez-Gonzalez-FeriaIMG_1161_edited-729x1024.jpg 729w\" sizes=\"(max-width: 213px) 100vw, 213px\" \/><\/a><p id=\"caption-attachment-1212\" class=\"wp-caption-text\">Fermina y su difunto marido (Angel Briz)<\/p><\/div>\n<p style=\"text-align: justify;\">\n<p style=\"text-align: justify;\">La se\u00f1ora Fermina ve muertos. Ha comenzado a verlos ahora, a la vejez, a sus 86 a\u00f1os bien llevados, cuando pensaba que ya solo le quedaba descansar. Pero los muertos tienen otros planes, y han decidido no darle tregua, aunque ella preferir\u00eda hacer lo que hacemos todos, tenerlos presente solo en estas fechas, cuando nuestros difuntos parecen estar m\u00e1s cerca de nosotros.<\/p>\n<p style=\"text-align: justify;\">Fermina tiene los achaques propios de la edad, pero conserva bien puesta la cabeza y los nervios. Sobre todo desde que el a\u00f1o pasado comenz\u00f3 a verlos. Primero fueron sus propios familiares, pero poco a poco los espectros de muertos desconocidos comenzaron a asediar su casa y su calle, bajando en riadas desde el cementerio, agolpados en las ventanas. Vigilantes, siempre vigilantes, pero silenciosos, como una marea muda que, sin embargo, ansiaba hacerse entender.<\/p>\n<p style=\"text-align: justify;\">Todo empez\u00f3 en diciembre de 2014. La se\u00f1ora Fermina se encontraba en su casa de Feria, un bonito pueblo pacense que se derrama en forma de lagarto rojiblanco a los pies del imponente castillo del ducado.<\/p>\n<p style=\"text-align: justify;\">\n<p style=\"text-align: justify;\">\n<p style=\"text-align: justify;\">\n<p style=\"text-align: justify;\">Fermina me cuenta con brillo en los ojos lo contenta que se puso cuando vio a su hermana salir por el pasillo y detenerse en el port\u00f3n de la casa.<\/p>\n<p style=\"text-align: justify;\">&#8211;\u00a0\u00a0\u00a0\u00a0\u00a0\u00a0 \u00a0\u201c<em>Me dio mucha alegria de verla, \u00bfsabe usted?<\/em><\/p>\n<p style=\"text-align: justify;\">&#8211;\u00a0\u00a0\u00a0\u00a0\u00a0\u00a0 <em>\u00bfY eso porqu\u00e9? &#8211; <\/em>Le pregunto, intrigada.<em><\/em><\/p>\n<p style=\"text-align: justify;\">&#8211;\u00a0\u00a0\u00a0\u00a0\u00a0\u00a0 <em>Porque estaba muerta &#8211; <\/em>responde con una tranquilidad pasmosa.<\/p>\n<p style=\"text-align: justify;\">&#8211;\u00a0\u00a0\u00a0\u00a0\u00a0\u00a0 <em>\u00bfY la vio usted ah\u00ed mismo? &#8211; <\/em>Le pregunto mientras mir\u00f3 de reojo el port\u00f3n de la casa, a un metro escaso de donde me encuentro tomando notas<em>&#8211; \u00bfY la vio bien?<\/em><\/p>\n<p style=\"text-align: justify;\">&#8211;\u00a0\u00a0\u00a0\u00a0\u00a0\u00a0 <em>\u00a1Toma, Claro! \u2013 <\/em>se ofende Fermina<em>&#8211; \u00a1Tan bien como la estoy viendo ahora, que est\u00e1 ah\u00ed, sent\u00e1 desde esta ma\u00f1ana junto a otra difunta\u00a0 a la que no conozco!.<\/em><\/p>\n<p style=\"text-align: justify;\">\u00a0A Fermina el fantasma de su hermana no le incomoda, porque se le aparece tal y como era, \u201c<em>sin darme miedo ni n\u00e1<\/em>\u201d y tambi\u00e9n porque Fermina ya estaba avisada. Cuando su hermana viv\u00eda era viuda, y estaba sola, y cuando Fermina, que la visitaba asiduamente, llegaba tarde, ella la amenazaba, medio en serio, medio en broma, con aparecerse despu\u00e9s de muerta:<\/p>\n<p style=\"text-align: justify;\">\n<p style=\"text-align: justify;\">&#8211;\u00a0\u00a0\u00a0\u00a0\u00a0\u00a0 <em>Fermina, \u00bfPor qu\u00e9 llegas tan tarde? Pues que sepas que cuando me muera \u201cte voy a salir\u201d\u2026<\/em><\/p>\n<p style=\"text-align: justify;\">\n<p style=\"text-align: justify;\">Y bien que \u201cle sale\u201d\u2026 Incluso la acompa\u00f1a en la ambulancia que la desplaza dos veces por semana hasta el<a title=\"Los fantasmas del Hospital de Badajoz\" href=\"https:\/\/blogs.hoy.es\/extremadurasecreta\/2012\/05\/03\/los-fantasmas-del-hospital-de-badajoz\/\"> <strong>hospital de Badajoz<\/strong><\/a>, donde le realizan sus di\u00e1lisis peri\u00f3dicas. Cuando Fermina entra en la ambulancia ya est\u00e1 all\u00ed su hermana esper\u00e1ndola. Sentada. \u00a0Y a veces, el fantasma llora. Y le ense\u00f1a un papel blanco con letras azules, pero como Fermina no sabe leer, sigue sin saber que quiere decirle su hermana, y la pena la embarga.<\/p>\n<p style=\"text-align: justify;\">\n<div id=\"attachment_1211\" style=\"width: 1034px\" class=\"wp-caption aligncenter\"><a href=\"\/extremadurasecreta\/wp-content\/uploads\/sites\/16\/2015\/10\/Fermina-Ramirez-Gonzalez-FeriaIMG_1152_edited.jpg\"><img aria-describedby=\"caption-attachment-1211\" loading=\"lazy\" class=\"size-large wp-image-1211\" title=\"Fermina Ramirez Gonzalez FeriaIMG_1152_edited\" src=\"\/extremadurasecreta\/wp-content\/uploads\/sites\/16\/2015\/10\/Fermina-Ramirez-Gonzalez-FeriaIMG_1152_edited.jpg\" alt=\"\" width=\"1024\" height=\"681\" srcset=\"https:\/\/static-blogs.hoy.es\/wp-content\/uploads\/sites\/16\/2015\/10\/Fermina-Ramirez-Gonzalez-FeriaIMG_1152_edited.jpg 1936w, https:\/\/static-blogs.hoy.es\/wp-content\/uploads\/sites\/16\/2015\/10\/Fermina-Ramirez-Gonzalez-FeriaIMG_1152_edited-300x200.jpg 300w, https:\/\/static-blogs.hoy.es\/wp-content\/uploads\/sites\/16\/2015\/10\/Fermina-Ramirez-Gonzalez-FeriaIMG_1152_edited-768x511.jpg 768w, https:\/\/static-blogs.hoy.es\/wp-content\/uploads\/sites\/16\/2015\/10\/Fermina-Ramirez-Gonzalez-FeriaIMG_1152_edited-1024x681.jpg 1024w\" sizes=\"(max-width: 1024px) 100vw, 1024px\" \/><\/a><p id=\"caption-attachment-1211\" class=\"wp-caption-text\">Fermina Ramirez (Angel Briz)<\/p><\/div>\n<p style=\"text-align: justify;\">Unos meses m\u00e1s tarde, en marzo de este a\u00f1o, muri\u00f3 su marido. Pero eso no signific\u00f3 que la se\u00f1ora Fermina dejase de verlo.<\/p>\n<p style=\"text-align: justify;\">A veces lo ve como si estuviera vivo, otras veces ve su rostro flotando sobre su cama \u201c<em>en una especie de corona, negra como las plumas de los cuervos negros<\/em>\u201d, y a veces incluso le tira de las sabanas de la cama. Otras veces mueve la boca como dici\u00e9ndole algo, pero ella no puede escucharle. Y a veces, tambi\u00e9n\u00a0 llora.<\/p>\n<p style=\"text-align: justify;\">Pero Fermina no est\u00e1 sola en esta experiencia. Otras mujeres de la familia tienen extra\u00f1as v\u00edas de comunicaci\u00f3n con el mas all\u00e1. Su nieta ve presencias extra\u00f1as en su casa que la avisan de desgracias en su familia, y su hija, que tambi\u00e9n se llama Fermina, tiene el extra\u00f1o don de saber si una persona va a morir pronto. No se equivoca nunca, y vive asustada por verlo en alguien cercano. Ella tambi\u00e9n ha notado la presencia de su difunto padre en la casa. Lo escucha suspirar y a veces incluso ha notado como le tiran del cabello.<\/p>\n<p style=\"text-align: justify;\">\u00a0Pero al fin y al cabo, la hermana y el marido de Fermina son de la familia, y no molestan demasiado. Lo peor vino despu\u00e9s.<\/p>\n<p style=\"text-align: justify;\"><em>\u201cUn d\u00eda<\/em>&#8211; me cuenta Fermina- \u00a0<em>estaba yo sentada a la puerta de la casa para tomar el fresco, que es como nos ponemos ya de que se quita el sol, cuando de repente vi bajar del cementerio una cam\u00e1 de personas, la calle abajo<\/em>.<\/p>\n<p style=\"text-align: justify;\">&#8211;\u00a0\u00a0\u00a0\u00a0\u00a0\u00a0<em> \u00bfY como vienen Fermina?<\/em>&#8211; Le pregunto asombrada.<\/p>\n<p style=\"text-align: justify;\">\n<p style=\"text-align: justify;\">&#8211;\u00a0\u00a0\u00a0\u00a0\u00a0\u00a0 <em>Pues unos varios vienen vestidos con una especie de bata lila, y otras varias vienen con pa\u00f1uelos y vestidos negros hasta el suelo\u2026<\/em><\/p>\n<p style=\"text-align: justify;\">Fermina est\u00e1 cansada de ese r\u00edo de muertos silentes. Quiere ayudarlos, pero no sabe c\u00f3mo.<\/p>\n<p style=\"text-align: justify;\"><em>-Y les digo \u201chijos m\u00edos, pero decidme lo que quer\u00e9is de m\u00ed, si misas, si velas, si dar limosnas, si ir al santo\u2026 lo que sea\u201d\u2026 Pero es que abren la boca y yo no s\u00e9 lo que dicen, no puedo o\u00edrlos\u2026 &#8211; <\/em>Me confiesa con la mirada triste.<\/p>\n<p style=\"text-align: justify;\">\n<div id=\"attachment_1213\" style=\"width: 1034px\" class=\"wp-caption aligncenter\"><a href=\"\/extremadurasecreta\/wp-content\/uploads\/sites\/16\/2015\/10\/castillo-de-FeriaIMG_1102_edited.jpg\"><img aria-describedby=\"caption-attachment-1213\" loading=\"lazy\" class=\"size-large wp-image-1213\" title=\"castillo de FeriaIMG_1102_edited\" src=\"\/extremadurasecreta\/wp-content\/uploads\/sites\/16\/2015\/10\/castillo-de-FeriaIMG_1102_edited.jpg\" alt=\"\" width=\"1024\" height=\"681\" srcset=\"https:\/\/static-blogs.hoy.es\/wp-content\/uploads\/sites\/16\/2015\/10\/castillo-de-FeriaIMG_1102_edited.jpg 1936w, https:\/\/static-blogs.hoy.es\/wp-content\/uploads\/sites\/16\/2015\/10\/castillo-de-FeriaIMG_1102_edited-300x200.jpg 300w, https:\/\/static-blogs.hoy.es\/wp-content\/uploads\/sites\/16\/2015\/10\/castillo-de-FeriaIMG_1102_edited-768x511.jpg 768w, https:\/\/static-blogs.hoy.es\/wp-content\/uploads\/sites\/16\/2015\/10\/castillo-de-FeriaIMG_1102_edited-1024x681.jpg 1024w\" sizes=\"(max-width: 1024px) 100vw, 1024px\" \/><\/a><p id=\"caption-attachment-1213\" class=\"wp-caption-text\">El pueblo de Feria visto desde el castillo (Angel Briz)<\/p><\/div>\n<p style=\"text-align: justify;\">La se\u00f1ora Fermina reza todas las noches a las <strong><a title=\"Las \u00c1nimas Benditas de Extremadura\" href=\"https:\/\/blogs.hoy.es\/extremadurasecreta\/2013\/08\/07\/las-animas-benditas-de-extremadura\/\">Animas Benditas<\/a><\/strong>. Dos veces. Una por su marido, y otra \u201cellos\u201d.<\/p>\n<p style=\"text-align: justify;\">\n<p style=\"text-align: justify;\">Ellos, los muertos an\u00f3nimos que se suben a los pisos de las casas. Se meten dentro de las casas que dan a la suya y se asoman, est\u00e1n siempre asomados por las ventanas, tranquilos, sosegados, quietos\u2026 \u201c<em>y en cuantito que yo me siento, vienen ya todos. Y hasta las tres de la ma\u00f1ana est\u00e1n ah\u00ed\u201d.<\/em><\/p>\n<p style=\"text-align: justify;\">\n<p style=\"text-align: justify;\">A las tres de la ma\u00f1ana, como si se produjese un ensalmo, los difuntos desaparecen y Fermina descansa, pero s\u00f3lo hasta la ma\u00f1ana siguiente.<\/p>\n<p style=\"text-align: justify;\">Y Fermina ya est\u00e1 cansada. Est\u00e1 cansada de que los muertos la observen, silenciosos, desde las ventanas y los espejos. Cansada de verlos encaramados y atentos sigui\u00e9ndole sus pasos. Quiere que se vayan, que la dejen tranquila en su casita blanca, que no le hablen m\u00e1s con palabras mudas, que no le hagan se\u00f1as que no entiende, que descansen en paz los difuntos y ella.<\/p>\n<p style=\"text-align: justify;\">&#8211;\u00a0\u00a0\u00a0\u00a0\u00a0\u00a0 <em>\u201cSi al menos\u00a0 me dijesen que es lo que quieren\u2026<\/em>&#8211; musita Fermina con los ojos llorosos- <em>Pero siguen aqu\u00ed, detr\u00e1s de ustedes, mir\u00e1ndome desde la ventana, desde todas las ventanas, en todas las ventanas\u2026<\/em><\/p>\n<p style=\"text-align: justify;\"><em>\u00a0<\/em><\/p>\n<p style=\"text-align: justify;\">Con un escalofr\u00edo recorriendo nuestra espina dorsal, recogemos libretas, c\u00e1maras y grabadoras \u00a0y abandonamos las\u00a0 empinadas calles de Feria. Volvemos taciturnos a casa y dejamos a Fermina con su pena y con sus muertos. Con todos sus muertos.<\/p>\n<!-- AddThis Advanced Settings generic via filter on the_content --><!-- AddThis Share Buttons generic via filter on the_content -->","protected":false},"excerpt":{"rendered":"<p>La se\u00f1ora Fermina ve muertos. Ha comenzado a verlos ahora, a la vejez, a sus 86 a\u00f1os bien llevados, cuando pensaba que ya solo le quedaba descansar. Pero los muertos tienen otros planes, y han decidido no darle tregua, aunque ella preferir\u00eda hacer lo que hacemos todos, tenerlos presente solo en estas fechas, cuando nuestros [&hellip;]<!-- AddThis Advanced Settings generic via filter on get_the_excerpt --><!-- AddThis Share Buttons generic via filter on get_the_excerpt --><\/p>\n","protected":false},"author":20,"featured_media":0,"comment_status":"open","ping_status":"closed","sticky":false,"template":"","format":"standard","meta":[],"categories":[9],"tags":[76,77,87,385,494,502,504],"_links":{"self":[{"href":"https:\/\/blogs.hoy.es\/extremadurasecreta\/wp-json\/wp\/v2\/posts\/1210"}],"collection":[{"href":"https:\/\/blogs.hoy.es\/extremadurasecreta\/wp-json\/wp\/v2\/posts"}],"about":[{"href":"https:\/\/blogs.hoy.es\/extremadurasecreta\/wp-json\/wp\/v2\/types\/post"}],"author":[{"embeddable":true,"href":"https:\/\/blogs.hoy.es\/extremadurasecreta\/wp-json\/wp\/v2\/users\/20"}],"replies":[{"embeddable":true,"href":"https:\/\/blogs.hoy.es\/extremadurasecreta\/wp-json\/wp\/v2\/comments?post=1210"}],"version-history":[{"count":0,"href":"https:\/\/blogs.hoy.es\/extremadurasecreta\/wp-json\/wp\/v2\/posts\/1210\/revisions"}],"wp:attachment":[{"href":"https:\/\/blogs.hoy.es\/extremadurasecreta\/wp-json\/wp\/v2\/media?parent=1210"}],"wp:term":[{"taxonomy":"category","embeddable":true,"href":"https:\/\/blogs.hoy.es\/extremadurasecreta\/wp-json\/wp\/v2\/categories?post=1210"},{"taxonomy":"post_tag","embeddable":true,"href":"https:\/\/blogs.hoy.es\/extremadurasecreta\/wp-json\/wp\/v2\/tags?post=1210"}],"curies":[{"name":"wp","href":"https:\/\/api.w.org\/{rel}","templated":true}]}}