{"id":1214,"date":"2015-11-15T21:27:45","date_gmt":"2015-11-15T19:27:45","guid":{"rendered":"http:\/\/blogs.hoy.es\/extremadurasecreta\/?p=1214"},"modified":"2018-12-08T14:29:25","modified_gmt":"2018-12-08T12:29:25","slug":"las-brujas-invisibles","status":"publish","type":"post","link":"https:\/\/blogs.hoy.es\/extremadurasecreta\/2015\/11\/15\/las-brujas-invisibles\/","title":{"rendered":"Las brujas invisibles"},"content":{"rendered":"<p style=\"text-align: justify;\"><a href=\"\/extremadurasecreta\/wp-content\/uploads\/sites\/16\/2015\/11\/ccf14022011_00005.jpg\"><img loading=\"lazy\" class=\"alignleft size-medium wp-image-1215\" title=\"ccf14022011_00005\" src=\"\/extremadurasecreta\/wp-content\/uploads\/sites\/16\/2015\/11\/ccf14022011_00005.jpg\" alt=\"\" width=\"262\" height=\"300\" srcset=\"https:\/\/static-blogs.hoy.es\/wp-content\/uploads\/sites\/16\/2015\/11\/ccf14022011_00005.jpg 1232w, https:\/\/static-blogs.hoy.es\/wp-content\/uploads\/sites\/16\/2015\/11\/ccf14022011_00005-263x300.jpg 263w, https:\/\/static-blogs.hoy.es\/wp-content\/uploads\/sites\/16\/2015\/11\/ccf14022011_00005-768x877.jpg 768w, https:\/\/static-blogs.hoy.es\/wp-content\/uploads\/sites\/16\/2015\/11\/ccf14022011_00005-897x1024.jpg 897w\" sizes=\"(max-width: 262px) 100vw, 262px\" \/><\/a><span style=\"font-size: 12pt;\">Ya hemos contado en \u00a0otras ocasiones que <a title=\"La bruja est\u00e1 en la cueva\" href=\"https:\/\/blogs.hoy.es\/extremadurasecreta\/2012\/03\/23\/la-bruja-esta-en-la-cueva\/\">Extremadura es tierra de Brujas<\/a>. Y entre los numerosos dones que poseen las brujas extreme\u00f1as se encuentra la facultad de volar, la de transportar a alguien por los aires, la de transformarse en todo tipo de animales\u00a0 e incluso buscado y misterioso don de la invisibilidad.<\/span><\/p>\n<p style=\"text-align: justify;\"><span style=\"font-size: 12pt;\">\u00a0De los primeros hablaremos en otra ocasi\u00f3n, pero hoy vamos a centrarnos en las brujas invisibles, que aunque poco vistas (perdonen el chiste f\u00e1cil) son bien conocidas en toda nuestra tierra.<\/span><\/p>\n<p style=\"text-align: justify;\"><span style=\"font-size: 12pt;\">En <a title=\"El castillo del Becerro de Oro\" href=\"https:\/\/blogs.hoy.es\/extremadurasecreta\/2013\/11\/07\/el-castillo-del-becerro-de-oro\/\"><strong>Burguillo del Cerros<\/strong>, <strong>bella localidad templaria con castillo con tesoro incluido<\/strong><\/a> se encuentra la <strong>Ca\u00f1ada de las Brujas<\/strong>, en la dehesa boyal. Y es que seg\u00fan nos contaba a principios del siglo XX <strong><a href=\"https:\/\/archive.org\/details\/folkloreespaol01mach\" rel=\"external nofollow\">Mat\u00edas Mart\u00edne<\/a>z<\/strong>, la poblaci\u00f3n no solo cre\u00eda en la existencia de las brujas, sino que hasta se sospechaba enterada de sus costumbres, \u201c<em>pues mil veces he o\u00eddo a personas decir que las brujas son mujeres que tienen la propiedad de hacerse invisibles mediante amuletos y brebajes que confeccionan al efecto<\/em>\u201d. Para elaborar estas p\u00f3cimas de invisibilidad las brujas\u00a0 acud\u00edan a los cementerios a extraer de los huesos de los cad\u00e1veres y los tu\u00e9tanos de los difuntos.<\/span><\/p>\n<p style=\"text-align: justify;\"><span style=\"font-size: 12pt;\">M\u00e1s dif\u00edcil, pero tambi\u00e9n menos escatol\u00f3gico, lo ten\u00edan aquellas brujas que decid\u00edan hacerse invisibles gracias a <a title=\"Plantas m\u00e1gicas, los secretos del curandero\" href=\"https:\/\/blogs.hoy.es\/extremadurasecreta\/2012\/05\/22\/plantas-magicas-hierbas-que-sanan\/\">la flor del helecho macho<\/a>. Esta simiente sirve para infinidad de hechicer\u00edas, aunque quiz\u00e1s la m\u00e1s curiosa sea la potestad de la flor de helecho macho para hacer invisible a su propietario.<\/span><\/p>\n<p style=\"text-align: justify;\"><span style=\"font-size: 12pt;\">El helecho crece en lugares sombr\u00edos, en barrancos y en bosques h\u00famedos, y abunda en determinadas zonas de Extremadura, dando incluso nombre a poblaciones como <strong>Helechal<\/strong>, en la comarca de <strong>La Serena<\/strong>, o <strong>Helechosa de los Montes<\/strong>, en la comarca de <strong>la Siberia.<\/strong><\/span><\/p>\n<p style=\"text-align: justify;\"><span style=\"font-size: 12pt;\">Se afirma que la<a title=\"El fuego m\u00e1gico de San Juan\" href=\"https:\/\/blogs.hoy.es\/extremadurasecreta\/2013\/06\/19\/el-fuego-magico-de-san-juan\/\"> v\u00edspera de San Juan<\/a>, mientras suenan las campanadas de la medianoche, florece y grana el helecho, y si nadie no se haya all\u00ed en ese mismo momento, la simiente cae y se pierde.<\/span><\/p>\n<div id=\"attachment_1216\" style=\"width: 1034px\" class=\"wp-caption alignleft\"><a href=\"\/extremadurasecreta\/wp-content\/uploads\/sites\/16\/2015\/11\/casta\u00f1ar-de-ibor-08-49_1936x1296.jpg\"><img aria-describedby=\"caption-attachment-1216\" loading=\"lazy\" class=\"size-large wp-image-1216\" title=\"casta\u00f1ar de ibor 08 (49)_1936x1296\" src=\"\/extremadurasecreta\/wp-content\/uploads\/sites\/16\/2015\/11\/casta\u00f1ar-de-ibor-08-49_1936x1296.jpg\" alt=\"\" width=\"1024\" height=\"685\" srcset=\"https:\/\/static-blogs.hoy.es\/wp-content\/uploads\/sites\/16\/2015\/11\/casta\u00f1ar-de-ibor-08-49_1936x1296.jpg 1936w, https:\/\/static-blogs.hoy.es\/wp-content\/uploads\/sites\/16\/2015\/11\/casta\u00f1ar-de-ibor-08-49_1936x1296-300x201.jpg 300w, https:\/\/static-blogs.hoy.es\/wp-content\/uploads\/sites\/16\/2015\/11\/casta\u00f1ar-de-ibor-08-49_1936x1296-768x514.jpg 768w, https:\/\/static-blogs.hoy.es\/wp-content\/uploads\/sites\/16\/2015\/11\/casta\u00f1ar-de-ibor-08-49_1936x1296-1024x685.jpg 1024w\" sizes=\"(max-width: 1024px) 100vw, 1024px\" \/><\/a><p id=\"caption-attachment-1216\" class=\"wp-caption-text\"><\/span> <span style=\"font-size: 12pt;\">Helechos en Casta\u00f1ar de Ibor (Jimber)<\/span><\/p><\/div>\n<p style=\"text-align: justify;\"><span style=\"font-size: 12pt;\">Por eso, brujas como <a title=\"Extremadura, Tierra de Brujas\" href=\"https:\/\/blogs.hoy.es\/extremadurasecreta\/2013\/07\/23\/extremadura-tierra-de-brujas\/\"><strong>La Chacona<\/strong>,<\/a> vecina de <strong>Valle de Matamoros<\/strong> y natural de <strong>Jerez de los Caballeros<\/strong>, buscaba las helecheras\u00a0 del pueblo la v\u00edspera de San Juan, pertrechada con un poco de agua bendita, con la que mojaba los granos de helecho. A\u00a0 medianoche volv\u00eda recoger el fruto, que despu\u00e9s habr\u00eda que bautizar en una iglesia al mismo tiempo que el cura bautizaba a una criatura real. Despu\u00e9s, los granos se pon\u00edan en el ara del altar, sin que nadie lo advirtiese, y hab\u00eda que dejarlos bajo el mantel para el cura dijese una misa entera sobre ellos, porque de no ser as\u00ed perder\u00edan sus virtudes y lo que es peor, el diablo se llevar\u00eda los granos.<\/span><\/p>\n<p style=\"text-align: justify;\"><span style=\"font-size: 12pt;\">Una vez terminada la misa hab\u00eda que recoger los granos de helechos y pon\u00e9rselos en la cabeza para que sobre ellos se dijesen tres evangelios durante tres domingos seguidos, con la complicaci\u00f3n a\u00f1adida de que todos estos rituales ten\u00edan que hacerse sin que se enterase el sacerdote, que por supuesto sol\u00eda ser reacio a facilitar medios a las brujas para que cometiesen sus fechor\u00edas.<\/span><\/p>\n<div id=\"attachment_1217\" style=\"width: 1034px\" class=\"wp-caption aligncenter\"><a href=\"\/extremadurasecreta\/wp-content\/uploads\/sites\/16\/2015\/11\/Burguillos-del-CerroIMG_0536_edited.jpg\"><img aria-describedby=\"caption-attachment-1217\" loading=\"lazy\" class=\"size-large wp-image-1217\" title=\"Burguillos del CerroIMG_0536_edited\" src=\"\/extremadurasecreta\/wp-content\/uploads\/sites\/16\/2015\/11\/Burguillos-del-CerroIMG_0536_edited.jpg\" alt=\"\" width=\"1024\" height=\"681\" srcset=\"https:\/\/static-blogs.hoy.es\/wp-content\/uploads\/sites\/16\/2015\/11\/Burguillos-del-CerroIMG_0536_edited.jpg 1936w, https:\/\/static-blogs.hoy.es\/wp-content\/uploads\/sites\/16\/2015\/11\/Burguillos-del-CerroIMG_0536_edited-300x200.jpg 300w, https:\/\/static-blogs.hoy.es\/wp-content\/uploads\/sites\/16\/2015\/11\/Burguillos-del-CerroIMG_0536_edited-768x511.jpg 768w, https:\/\/static-blogs.hoy.es\/wp-content\/uploads\/sites\/16\/2015\/11\/Burguillos-del-CerroIMG_0536_edited-1024x681.jpg 1024w\" sizes=\"(max-width: 1024px) 100vw, 1024px\" \/><\/a><p id=\"caption-attachment-1217\" class=\"wp-caption-text\"><\/span> <span style=\"font-size: 12pt;\">La bruja veleta de Burguillos del Cerro (Angel Briz)<\/span><\/p><\/div>\n<p style=\"text-align: justify;\"><span style=\"font-size: 12pt;\">Pero volviendo a\u00a0 las brujas de <strong>Burguillos del Cerro<\/strong>, aunque invisibles, hablaban, y se conoc\u00eda por el metal de su voz que eran mujeres. Se aparec\u00edan a aquellos a quienes ten\u00edan ojeriza por haberle sido infieles, o a aquellos que no aceptaron sus ofertas de cari\u00f1o, \u201c<em>y hasta cuentan como cosa vista que en el molino del puerto estaba una noche un molinero asando un trozo de longaniza y una bruja lo molestaba con continuos gritos, sustos, contusiones y reproches de ingratitud, y que estando sacando del asador la longaniza habl\u00f3 la bruja a su lado<\/em>\u201d. El molinero le tiro un golpe con el asador y logr\u00f3 darle en la cara a la invisible bruja, que desapareci\u00f3 con un alarido.<\/span><\/p>\n<p style=\"text-align: justify;\"><span style=\"font-size: 12pt;\">El pueblo, siempre h\u00e1bil para hilar fino, enlaz\u00f3 r\u00e1pidamente este hecho con una mujer de la localidad que ten\u00eda una cicatriz en la cara, a la que comenzaron a llamar bruja y de la que dec\u00edan que era \u00a0la que se apareci\u00f3 al molinero.<\/span><\/p>\n<p style=\"text-align: justify;\"><span style=\"font-size: 12pt;\">Pero no s\u00f3lo en el sur campan las brujas et\u00e9reas a sus anchas. Medio siglo m\u00e1s tarde y en el norte de Extremadura, las brujas incorp\u00f3reas tambi\u00e9n hac\u00edan de las suyas.<\/span><\/p>\n<p style=\"text-align: justify;\"><span style=\"font-size: 12pt;\">Una apacible tarde, en la alquer\u00eda hurdana de <strong>Asegur<\/strong>, <strong>Araceli Azabal Iglesias<\/strong> me contaba c\u00f3mo se enfrent\u00f3 en su juventud a unas brujas invisibles que quisieron echarla de su casa.<\/span><\/p>\n<div id=\"attachment_1218\" style=\"width: 1034px\" class=\"wp-caption aligncenter\"><a href=\"\/extremadurasecreta\/wp-content\/uploads\/sites\/16\/2015\/11\/Araceli-Azabal-Iglesias-El-Asegur-Las-Hurdes-13-491_edited.jpg\"><img aria-describedby=\"caption-attachment-1218\" loading=\"lazy\" class=\"size-large wp-image-1218\" title=\"Araceli Azabal Iglesias- El Asegur-Las Hurdes 13 491_edited\" src=\"\/extremadurasecreta\/wp-content\/uploads\/sites\/16\/2015\/11\/Araceli-Azabal-Iglesias-El-Asegur-Las-Hurdes-13-491_edited.jpg\" alt=\"\" width=\"1024\" height=\"681\" srcset=\"https:\/\/static-blogs.hoy.es\/wp-content\/uploads\/sites\/16\/2015\/11\/Araceli-Azabal-Iglesias-El-Asegur-Las-Hurdes-13-491_edited.jpg 1936w, https:\/\/static-blogs.hoy.es\/wp-content\/uploads\/sites\/16\/2015\/11\/Araceli-Azabal-Iglesias-El-Asegur-Las-Hurdes-13-491_edited-300x200.jpg 300w, https:\/\/static-blogs.hoy.es\/wp-content\/uploads\/sites\/16\/2015\/11\/Araceli-Azabal-Iglesias-El-Asegur-Las-Hurdes-13-491_edited-768x511.jpg 768w, https:\/\/static-blogs.hoy.es\/wp-content\/uploads\/sites\/16\/2015\/11\/Araceli-Azabal-Iglesias-El-Asegur-Las-Hurdes-13-491_edited-1024x681.jpg 1024w\" sizes=\"(max-width: 1024px) 100vw, 1024px\" \/><\/a><p id=\"caption-attachment-1218\" class=\"wp-caption-text\"><\/span> <span style=\"font-size: 12pt;\">Araceli Azabal, de la alquer\u00eda hurdana de Asegur, se enfrento a brujas invisibles (Angel Briz)<\/span><\/p><\/div>\n<p style=\"text-align: justify;\"><span style=\"font-size: 12pt;\">\u201c<em>Algunas noches me quedaba yo sola en casa, mire usted. Ten\u00edamos unas casita de madera de casta\u00f1o con dos plantas, abajo la bodega y la cama, y arriba la cocina, y las brujas sub\u00edan y bajaban las escaleras y traca que traca, traca que traca\u2026 Y no sabe usted el miedo que pasaba yo\u2026Que hasta me jaleaban la almohada de hojas de ma\u00edz que yo ten\u00eda, y sonaba y sonaba\u2026 Y yo con un miedo\u2026 Una noche tuve tanto miedo que tuve que irme a casa de mi suegra, aunque todav\u00eda no estaba casada con su hijo, que est\u00e1bamos de novios, y me dijo que esas eran las brujas, y que no ten\u00eda que salir de casa. As\u00ed que al d\u00eda siguiente volv\u00ed a mi casa. Pero esa siguiente noche tambi\u00e9n volvieron las brujas, y fue una cosa terrible, porque se las escuchaba como si hubiera una pareja bailando el pasodoble en la planta de arriba\u201d.<\/em><\/span><\/p>\n<p style=\"text-align: justify;\"><span style=\"font-size: 12pt;\">Aterrorizada, Araceli volvi\u00f3 a casa de su suegra, que le aconsej\u00f3 \u00a0que bajo ning\u00fan concepto abandonase su vivienda dej\u00e1ndola a merced de las brujas, pero que para protegerse, durmiese con un cuchillo debajo de la almohada. \u00a0Y mano de santo, oiga, porque desde que meti\u00f3 el cuchillo en la cama las brujas, que aunque invisibles no eran ciegas ni tontas, no volvieron a molestar a la pobre Araceli.<\/span><\/p>\n<p>&nbsp;<\/p>\n<!-- AddThis Advanced Settings generic via filter on the_content --><!-- AddThis Share Buttons generic via filter on the_content -->","protected":false},"excerpt":{"rendered":"<p>Ya hemos contado en \u00a0otras ocasiones que Extremadura es tierra de Brujas. Y entre los numerosos dones que poseen las brujas extreme\u00f1as se encuentra la facultad de volar, la de transportar a alguien por los aires, la de transformarse en todo tipo de animales\u00a0 e incluso buscado y misterioso don de la invisibilidad. \u00a0De los [&hellip;]<!-- AddThis Advanced Settings generic via filter on get_the_excerpt --><!-- AddThis Share Buttons generic via filter on get_the_excerpt --><\/p>\n","protected":false},"author":20,"featured_media":0,"comment_status":"open","ping_status":"closed","sticky":false,"template":"","format":"standard","meta":[],"categories":[9],"tags":[103,156,157,164,199,597,598,599,652,683,902,1234],"_links":{"self":[{"href":"https:\/\/blogs.hoy.es\/extremadurasecreta\/wp-json\/wp\/v2\/posts\/1214"}],"collection":[{"href":"https:\/\/blogs.hoy.es\/extremadurasecreta\/wp-json\/wp\/v2\/posts"}],"about":[{"href":"https:\/\/blogs.hoy.es\/extremadurasecreta\/wp-json\/wp\/v2\/types\/post"}],"author":[{"embeddable":true,"href":"https:\/\/blogs.hoy.es\/extremadurasecreta\/wp-json\/wp\/v2\/users\/20"}],"replies":[{"embeddable":true,"href":"https:\/\/blogs.hoy.es\/extremadurasecreta\/wp-json\/wp\/v2\/comments?post=1214"}],"version-history":[{"count":2,"href":"https:\/\/blogs.hoy.es\/extremadurasecreta\/wp-json\/wp\/v2\/posts\/1214\/revisions"}],"predecessor-version":[{"id":1731,"href":"https:\/\/blogs.hoy.es\/extremadurasecreta\/wp-json\/wp\/v2\/posts\/1214\/revisions\/1731"}],"wp:attachment":[{"href":"https:\/\/blogs.hoy.es\/extremadurasecreta\/wp-json\/wp\/v2\/media?parent=1214"}],"wp:term":[{"taxonomy":"category","embeddable":true,"href":"https:\/\/blogs.hoy.es\/extremadurasecreta\/wp-json\/wp\/v2\/categories?post=1214"},{"taxonomy":"post_tag","embeddable":true,"href":"https:\/\/blogs.hoy.es\/extremadurasecreta\/wp-json\/wp\/v2\/tags?post=1214"}],"curies":[{"name":"wp","href":"https:\/\/api.w.org\/{rel}","templated":true}]}}