{"id":1230,"date":"2015-11-30T12:38:26","date_gmt":"2015-11-30T10:38:26","guid":{"rendered":"http:\/\/blogs.hoy.es\/extremadurasecreta\/?p=1230"},"modified":"2015-11-30T12:38:26","modified_gmt":"2015-11-30T10:38:26","slug":"centauros-en-extremadura-galopando-en-las-montanas","status":"publish","type":"post","link":"https:\/\/blogs.hoy.es\/extremadurasecreta\/2015\/11\/30\/centauros-en-extremadura-galopando-en-las-montanas\/","title":{"rendered":"Centauros en Extremadura: galopando en las monta\u00f1as"},"content":{"rendered":"<p>&nbsp;<\/p>\n<p style=\"text-align: justify;\"><a href=\"\/extremadurasecreta\/wp-content\/uploads\/sites\/16\/2015\/11\/tumblr_mksuenfS741qehyxro1_500.jpg\"><img loading=\"lazy\" class=\"alignleft size-full wp-image-1231\" title=\"tumblr_mksuenfS741qehyxro1_500\" src=\"\/extremadurasecreta\/wp-content\/uploads\/sites\/16\/2015\/11\/tumblr_mksuenfS741qehyxro1_500.jpg\" alt=\"\" width=\"449\" height=\"533\" srcset=\"https:\/\/static-blogs.hoy.es\/wp-content\/uploads\/sites\/16\/2015\/11\/tumblr_mksuenfS741qehyxro1_500.jpg 449w, https:\/\/static-blogs.hoy.es\/wp-content\/uploads\/sites\/16\/2015\/11\/tumblr_mksuenfS741qehyxro1_500-253x300.jpg 253w\" sizes=\"(max-width: 449px) 100vw, 449px\" \/><\/a>Todo el mundo conoce a los centauros, pero pocos saben que sus cascos retumbaron en los valles y sierras del norte de Extremadura, donde a\u00fan se les recuerda. Es m\u00e1s: somos de los pocos territorios en los que las imponentes centa\u00farides camparon a sus anchas, y a\u00fan se les canta y se les recita y hasta se les levantan estatuas y se les consagran d\u00edas. \u00bfNo lo creen? Pues pasen y lean\u2026<\/p>\n<p style=\"text-align: justify;\"><strong>El centauro<\/strong>, como bien saben, es una criatura con la cabeza, los brazos y el torso de un <a title=\"Humano\" href=\"https:\/\/es.wikipedia.org\/wiki\/Humano\" rel=\"external nofollow\">humano<\/a> y el cuerpo y las patas de un <a title=\"Caballo\" href=\"https:\/\/es.wikipedia.org\/wiki\/Caballo\" rel=\"external nofollow\">caballo<\/a>. Lo heredamos de la mitolog\u00eda grecoromana, y sus versiones femeninas (que son las que m\u00e1s abundan en Extremadura) reciben el nombre de <strong>cent\u00e1urides. E<\/strong>l ret\u00f3rico griego Fil\u00f3strato el Viejo nos habla de estos seres zoomorfos femeninos en t\u00e9rminos leogiosos:<\/p>\n<p style=\"text-align: justify;\"><em>\u201cQu\u00e9 hermosas son las cent\u00e1urides, aunque tengan cuerpo de yegua; porque algunas crecen de yeguas blancas, otras de yeguas casta\u00f1as, y el pelaje de otras es manchado, pero todas brillan como las yeguas bien cuidadas<\/em>\u201d.<\/p>\n<p style=\"text-align: justify;\">Varios autores romanos recogen la leyenda de que en un monte sagrado de\u00a0 Lusitania, el viento fecundaba a las yeguas. Ese monte, en opini\u00f3n de Silio It\u00e1lico, se localiza en tierra de Vettones, patria de uno de nuestros mitos se\u00f1eros<strong>: la Serrana de la Vera<\/strong>.<\/p>\n<p style=\"text-align: justify;\">Muchos ignoran que la leyenda de la Serrana, en el principio de sus tiempos, no contaba la historia \u00a0de\u00a0 una bella joven seducida y enga\u00f1ada (esta imagen se construye despu\u00e9s), sino que habla de un ser monstruoso de doble naturaleza, humana y animal, que habita en una cueva en la monta\u00f1a.<\/p>\n<p style=\"text-align: justify;\">De hecho, ya en el siglo XVIII el p\u00e1rroco de Piornal, don Pedro Vicente de Thegeda, recoge esa leyenda en la correspondencia al <strong><a title=\"Tom\u00e1s L\u00f3pez\" href=\"https:\/\/es.wikipedia.org\/wiki\/Tom%C3%A1s_L%C3%B3pez\" rel=\"external nofollow\">ge\u00f3grafo Tomas L\u00f3pez<\/a><\/strong> el 1 de septiembre de 1786:<\/p>\n<p style=\"text-align: justify;\">\u201c<em>Ay una cueva, seg\u00fan tradici\u00f3n, que una bestia medio mujer de el medio cuerpo arriba y del medio cuerpo abajo, de bestia igual, habitaba en el verano, de tanta fortaleza que tiraba a la Barra con una piedra que pesa m\u00e1s de 100 arrobas\u00a0 y ella misma se precipit\u00f3 por no ser cogida; est\u00e1 la cueva a poniente, distante del pueblo 3 quartos de legua y para el yvierno ten\u00eda otra cueva para habitar, llamado el puerto de la Serrana<\/em>\u201d.<\/p>\n<p style=\"text-align: justify;\">De hecho, \u00a0es un ser m\u00edtico en cuanto a que es mitad persona y mitad animal :<\/p>\n<p style=\"text-align: justify;\">\n<p style=\"text-align: justify;\">\u00a0<em>\u201cDe la cintura parriba de persona humana era<\/em><\/p>\n<p style=\"text-align: justify;\"><em>De la cintura pabajo era estatura de yegua\u201d<\/em><\/p>\n<p style=\"text-align: justify;\">\n<a href=\"\/extremadurasecreta\/wp-content\/uploads\/sites\/16\/2015\/11\/ddd-12.jpg\"><img loading=\"lazy\" class=\"size-full wp-image-1232\" title=\"ddd (12)\" src=\"\/extremadurasecreta\/wp-content\/uploads\/sites\/16\/2015\/11\/ddd-12.jpg\" alt=\"\" width=\"376\" height=\"512\" srcset=\"https:\/\/static-blogs.hoy.es\/wp-content\/uploads\/sites\/16\/2015\/11\/ddd-12.jpg 376w, https:\/\/static-blogs.hoy.es\/wp-content\/uploads\/sites\/16\/2015\/11\/ddd-12-220x300.jpg 220w\" sizes=\"(max-width: 376px) 100vw, 376px\" \/><\/a>\n<p style=\"text-align: justify;\">Pero si hacemos caso a los romances m\u00e1s antiguos, la Serrana es un ser de tama\u00f1o y constituci\u00f3n sobrehumanos, con cabeza y busto de mujer pero patas de yegua.<\/p>\n<p style=\"text-align: justify;\">\n<p style=\"text-align: justify;\">Esto de tener pezu\u00f1as bajo las largas faldas no puede dejar de recordarnos a <a title=\"El patas de cabra y las lamias cast\u00faas\" href=\"https:\/\/blogs.hoy.es\/extremadurasecreta\/2013\/02\/13\/el-patas-de-cabra-y-las-lamias-castuas\/\">las <strong>lamias cast\u00faas<\/strong> y a las \u201c<strong>patas de cabra<\/strong>\u201d<\/a> que hasta hace bien poco atemorizaban (oh, sorpresa) a los cabreros y habitantes de esta misma comarca.<\/p>\n<p style=\"text-align: justify;\">Tambi\u00e9n es curioso, cuando menos, que ya en el<a title=\"Portentos y prodigios del siglo de oro\" href=\" http:\/\/www.canalextremadura.es\/alacarta\/radio\/audios\/portentos-y-prodigios-del-siglo-de-oro\"><strong> Libro de las maravillas del Mundo des Juan de Mandeville (o Mandavila)<\/strong> <\/a>de 1540 se\u00a0 nos hable de unas peculiares mujeres, vestidas con largas faldas, que ocultan sus patas de asno, que atraen a los varones a la Isla de los Espejismos donde, despu\u00e9s de emborracharlos y yacer con ellos, los deg\u00fcellan mientras duermen y se los comen, lo que explica que en el suelo de la isla este plagado de calaveras y huesos.<\/p>\n<p style=\"text-align: justify;\">Exactamente lo mismo que hacen las serranas extreme\u00f1as con los j\u00f3venes que consiguen atrapar en su cueva.<\/p>\n<p style=\"text-align: justify;\">\n<p style=\"text-align: justify;\">&#8211; <em>Bebe serranito bebe,\u00a0\u00a0 agua de esa calavera,<\/em><\/p>\n<p style=\"text-align: justify;\"><em>\u00a0que puede ser que alg\u00fan d\u00eda\u00a0\u00a0 otro de la tuya beba.<\/em><\/p>\n<p style=\"text-align: justify;\">\n<p style=\"text-align: justify;\">De hecho, no solamente act\u00faa as\u00ed la Serrana , sino que si pasamos \u201cachancando\u201d a la comarca vecina de <strong>Las Hurdes<\/strong> nos encontramos a la temida\u00a0 Chancalaera, una mujerona engendrada por un pastor gigante que ten\u00eda a su servicio el rey \u201cBatueco\u201d. El pastor tuvo relaciones amorosas con una cierva (otros dicen que con una yegua), y de ah\u00ed naci\u00f3 La Chancalaera, un origen que comparte con la Serrana , quien en sus romances m\u00e1s antiguos confiesa que su padre era un pastor y su madre era una yegua.<\/p>\n<p style=\"text-align: justify;\"><a title=\"LAS HURDES: UNA JORNADA FESTIVA\" href=\" http:\/\/www.funjdiaz.net\/folklore\/07ficha.php?ID=1491\">El investigador hurdan\u00f3filo <strong>F\u00e9lix Barroso<\/strong><\/a> recoge un romance de la comarca en el que se da buena cuenta de estos datos:<\/p>\n<p style=\"text-align: justify;\">\n<p style=\"text-align: justify;\"><em>-\u00bfDe qui\u00e9n son tos esos huesos<\/em><\/p>\n<p style=\"text-align: justify;\"><em>que brillan junto a la hoguera?<\/em><\/p>\n<p style=\"text-align: justify;\"><em>-De hombres que yo he matado<\/em><\/p>\n<p style=\"text-align: justify;\"><em>por estas espesas sierras.<\/em><\/p>\n<p style=\"text-align: justify;\"><em>que tengo una maldici\u00f3n<\/em><\/p>\n<p style=\"text-align: justify;\"><em>y cien a\u00f1os de condena,<\/em><\/p>\n<p style=\"text-align: justify;\"><em>que mi padre era un pastor<\/em><\/p>\n<p style=\"text-align: justify;\"><em>y mi madre era una yegua,<\/em><\/p>\n<p style=\"text-align: justify;\"><em>y todo el que ve el mi rostro<\/em><\/p>\n<p style=\"text-align: justify;\"><em>tiene que morir por fuerza.<\/em><\/p>\n<p style=\"text-align: justify;\">\n<p style=\"text-align: justify;\">Si seguimos achacando unas monta\u00f1as m\u00e1s llegamos al \u00a0<strong>Valle del Jerte<\/strong> , donde la Serrana se convierte en yegua por completo y cuando quiere, debido a una maldici\u00f3n que recoge el antrop\u00f3logo <a title=\"leyendas y mitos de la tradici\u00f3n oral en la Alta Extremadura\" href=\"http:\/\/www.gbv.de\/dms\/sub-hamburg\/270872396.pdf\" rel=\"external nofollow\"><strong>Flores del Manzano<\/strong> <\/a>de boca de L.G. , de la localidad de <strong>Cabrero<\/strong>, en el Valle del Jerte, quien afirmaba que su abuelo le contaba<\/p>\n<p style=\"text-align: justify;\">\n<p style=\"text-align: justify;\"><em>\u00a0\u201c\u2026que La Serrana era una mujer de por aqu\u00ed. Ten\u00eda un novio que no agradaba a sus padres, pero ella no hac\u00eda mucho caso. Una noche los sorprendieron y el padre la ech\u00f3 de casa y al salir la maldijo, por eso la serrana un d\u00eda se convert\u00eda en juna culebra grande, otras veces se hacia una yegua, y cuando le conven\u00eda, se convert\u00eda en una doncella\u201d.<\/em><\/p>\n<p style=\"text-align: justify;\">\n<div id=\"attachment_1233\" style=\"width: 1034px\" class=\"wp-caption aligncenter\"><a href=\"\/extremadurasecreta\/wp-content\/uploads\/sites\/16\/2015\/11\/centauro-2_edited.jpg\"><img aria-describedby=\"caption-attachment-1233\" loading=\"lazy\" class=\"size-large wp-image-1233\" title=\"centauro (2)_edited\" src=\"\/extremadurasecreta\/wp-content\/uploads\/sites\/16\/2015\/11\/centauro-2_edited.jpg\" alt=\"\" width=\"1024\" height=\"681\" srcset=\"https:\/\/static-blogs.hoy.es\/wp-content\/uploads\/sites\/16\/2015\/11\/centauro-2_edited.jpg 1936w, https:\/\/static-blogs.hoy.es\/wp-content\/uploads\/sites\/16\/2015\/11\/centauro-2_edited-300x200.jpg 300w, https:\/\/static-blogs.hoy.es\/wp-content\/uploads\/sites\/16\/2015\/11\/centauro-2_edited-768x511.jpg 768w, https:\/\/static-blogs.hoy.es\/wp-content\/uploads\/sites\/16\/2015\/11\/centauro-2_edited-1024x681.jpg 1024w\" sizes=\"(max-width: 1024px) 100vw, 1024px\" \/><\/a><p id=\"caption-attachment-1233\" class=\"wp-caption-text\">Centauro en el British Museum (\u00c1ngel Briz)<\/p><\/div>\n<p style=\"text-align: justify;\">Pero no solo de centa\u00farides vive el norte de Extremadura. Cuentan los extreme\u00f1os del norte que habitaba por la zona de un ser gigante mitad caballo, mitad hombre, que \u00a0se entreten\u00edan en raptar doncellas\u00a0 para gozarlas en su gruta, una cueva en la que nadie osaba penetrar en ella por el miedo que impon\u00eda el monstruo.<\/p>\n<p style=\"text-align: justify;\">Cuentan que en una ocasi\u00f3n\u00a0 desapareci\u00f3 inexplicablemente una joven hermos\u00edsima y muy querida por todos, y pensaron que el centauro la hab\u00eda cogido. Entonces se organizo una expedici\u00f3n de j\u00f3venes valientes y arriesgados que se introdujo en la cueva. \u00a0All\u00ed encontraron el esqueleto del monstruo, sobre un lecho de escobones, helechos y ramajos, pero no hallaron el menor indicio de la bella moza desaparecida.<\/p>\n<p style=\"text-align: justify;\">Y as\u00ed. con el tiempo, nos quedamos en estas tierras \u00a0huerf\u00e1nos de centauros, serranas y chancalaeras, aunque algunos afirmen que en las noches de luna, si se presta atenci\u00f3n y el agua corre quieta, puede escucharse \u00a0el galopar lejano de los seres que habitaron, hace ya mucho tiempo, en las cuevas agrestes de nuestras sierras v\u00edgenes.<\/p>\n<p style=\"text-align: justify;\">\n<p>&nbsp;<\/p>\n<p>&nbsp;<\/p>\n<!-- AddThis Advanced Settings generic via filter on the_content --><!-- AddThis Share Buttons generic via filter on the_content -->","protected":false},"excerpt":{"rendered":"<p>&nbsp; Todo el mundo conoce a los centauros, pero pocos saben que sus cascos retumbaron en los valles y sierras del norte de Extremadura, donde a\u00fan se les recuerda. Es m\u00e1s: somos de los pocos territorios en los que las imponentes centa\u00farides camparon a sus anchas, y a\u00fan se les canta y se les recita [&hellip;]<!-- AddThis Advanced Settings generic via filter on get_the_excerpt --><!-- AddThis Share Buttons generic via filter on get_the_excerpt --><\/p>\n","protected":false},"author":20,"featured_media":0,"comment_status":"open","ping_status":"closed","sticky":false,"template":"","format":"standard","meta":[],"categories":[2,7,9],"tags":[287,288,302,731,745,751,946,1111,1113,1236],"_links":{"self":[{"href":"https:\/\/blogs.hoy.es\/extremadurasecreta\/wp-json\/wp\/v2\/posts\/1230"}],"collection":[{"href":"https:\/\/blogs.hoy.es\/extremadurasecreta\/wp-json\/wp\/v2\/posts"}],"about":[{"href":"https:\/\/blogs.hoy.es\/extremadurasecreta\/wp-json\/wp\/v2\/types\/post"}],"author":[{"embeddable":true,"href":"https:\/\/blogs.hoy.es\/extremadurasecreta\/wp-json\/wp\/v2\/users\/20"}],"replies":[{"embeddable":true,"href":"https:\/\/blogs.hoy.es\/extremadurasecreta\/wp-json\/wp\/v2\/comments?post=1230"}],"version-history":[{"count":0,"href":"https:\/\/blogs.hoy.es\/extremadurasecreta\/wp-json\/wp\/v2\/posts\/1230\/revisions"}],"wp:attachment":[{"href":"https:\/\/blogs.hoy.es\/extremadurasecreta\/wp-json\/wp\/v2\/media?parent=1230"}],"wp:term":[{"taxonomy":"category","embeddable":true,"href":"https:\/\/blogs.hoy.es\/extremadurasecreta\/wp-json\/wp\/v2\/categories?post=1230"},{"taxonomy":"post_tag","embeddable":true,"href":"https:\/\/blogs.hoy.es\/extremadurasecreta\/wp-json\/wp\/v2\/tags?post=1230"}],"curies":[{"name":"wp","href":"https:\/\/api.w.org\/{rel}","templated":true}]}}