{"id":1234,"date":"2015-12-20T23:55:23","date_gmt":"2015-12-20T21:55:23","guid":{"rendered":"http:\/\/blogs.hoy.es\/extremadurasecreta\/?p=1234"},"modified":"2020-08-13T11:05:44","modified_gmt":"2020-08-13T09:05:44","slug":"el-sepulcro-megalitico-de-huerta-montero-la-magia-de-los-muertos-en-el-solsticio-de-invierno","status":"publish","type":"post","link":"https:\/\/blogs.hoy.es\/extremadurasecreta\/2015\/12\/20\/el-sepulcro-megalitico-de-huerta-montero-la-magia-de-los-muertos-en-el-solsticio-de-invierno\/","title":{"rendered":"El sepulcro megal\u00edtico de Huerta Montero: La magia de los Muertos en el solsticio de invierno."},"content":{"rendered":"<div style=\"text-align: justify;\"><\/div>\n<div style=\"text-align: justify;\"><\/div>\n<p style=\"text-align: justify;\"><span style=\"font-size: 10pt;\">Amanece el 21 de diciembre en las afueras de <a href=\"https:\/\/blogs.hoy.es\/extremadurasecreta\/2015\/02\/01\/las-pantarujas-vuelven-a-arder-en-las-hogueras\/\">Almendralejo<\/a>. Las nieblas que envuelven a\u00a0 la Vega de Harnina como un sudario blanco comienzan a deshilacharse. All\u00e1, a los lejos, en el horizonte de Almendralejo, el sol de invierno intenta rasgar los jirones niebla con sus rayos dorados. Apenas lo consigue.<\/span><\/p>\n<p style=\"text-align: justify;\"><span style=\"font-size: 10pt;\">Por fin, la luz cobra fuerza. Los rayos del sol penetran en un corredor oculto en la colina. Lleva m\u00e1s de cuatro milenios intentando volver a hacerlo, a\u00f1o tras a\u00f1o.\u00a0 La luz avanza por el corredor de piedra y desemboca en la c\u00e1mara circular donde reposan los huesos de los antepasados. La luz del sol les da de nuevo en los ojos sin cuenca. El dios del sol acaricia, un <strong><a title=\"Saturnalia o las navidades romanas: Ave, ave, ave\u2026 la Marimorena\" href=\"https:\/\/blogs.hoy.es\/extremadurasecreta\/2012\/12\/18\/saturnalia-las-navidades-romanas-ave-ave-ave-la-marimorena\/\">solsticio de invierno<\/a><\/strong>\u00a0m\u00e1s, a nuestros antepasados de la Edad del Cobre.<\/span><\/p>\n<p style=\"text-align: justify;\"><span style=\"font-size: 10pt;\">Unos antepasados que rezaron aqu\u00ed hace 4650 a\u00f1os, y\u00a0 los que se enterr\u00f3 aqu\u00ed colectivamente durante cerca de un milenio. En total, reposan en su m\u00e1gico suelo\u00a0 109 individuos entre ni\u00f1os y adultos, de una edad m\u00e1xima de 23 a\u00f1os, algunos de ellos en posici\u00f3n fetal.<\/span><\/p>\n<p style=\"text-align: justify;\"><span style=\"font-size: 10pt;\">En un segundo momento, hace unos 4.000 a\u00f1os, alguien coloca los huesos de otras 34 personas al fondo del sepulcro, formando una media luna en la que los huesos m\u00e1s grandes se centran y los m\u00e1s peque\u00f1os ocupan las esquinas. La edad media de los difuntos ha bajado hasta los\u00a0 21 a\u00f1os. Los arque\u00f3logos afirman que la reorganizaci\u00f3n de los huesos en forma de media luna pudo deberse a una ofrenda ritual en el momento de clausurar la tumba. Bonito gesto de despedida\u2026<\/span><\/p>\n<p><span style=\"font-size: 10pt;\">Los objetos personales que se encuentran en el sepulcro como parte de los ajuares funerarios\u00a0 incluyen colmillos de jabal\u00ed, conchas marinas, \u00eddolos placa y un silbato realizado en hueso de buitre decorado con forma humana. Tambi\u00e9n se han encontrado \u00eddolos falange, utilizados seguramente como amuletos que acompa\u00f1aron a los difuntos en el tr\u00e1nsito hacia la otra vida.<\/span><\/p>\n<div><\/div>\n<div style=\"text-align: justify;\">\n<div id=\"attachment_1236\" style=\"width: 1034px\" class=\"wp-caption aligncenter\"><a href=\"\/extremadurasecreta\/wp-content\/uploads\/sites\/16\/2015\/12\/Sepulcro-de-Huerta-Montero-Almendralejo21-diciembre-2014-25_edited.jpg\"><img aria-describedby=\"caption-attachment-1236\" loading=\"lazy\" class=\"wp-image-1236 size-large\" title=\"Sepulcro de Huerta Montero Almendralejo21 diciembre 2014 (25)_edited\" src=\"\/extremadurasecreta\/wp-content\/uploads\/sites\/16\/2015\/12\/Sepulcro-de-Huerta-Montero-Almendralejo21-diciembre-2014-25_edited.jpg\" alt=\"\" width=\"1024\" height=\"628\" srcset=\"https:\/\/static-blogs.hoy.es\/wp-content\/uploads\/sites\/16\/2015\/12\/Sepulcro-de-Huerta-Montero-Almendralejo21-diciembre-2014-25_edited.jpg 1840w, https:\/\/static-blogs.hoy.es\/wp-content\/uploads\/sites\/16\/2015\/12\/Sepulcro-de-Huerta-Montero-Almendralejo21-diciembre-2014-25_edited-300x184.jpg 300w, https:\/\/static-blogs.hoy.es\/wp-content\/uploads\/sites\/16\/2015\/12\/Sepulcro-de-Huerta-Montero-Almendralejo21-diciembre-2014-25_edited-768x472.jpg 768w, https:\/\/static-blogs.hoy.es\/wp-content\/uploads\/sites\/16\/2015\/12\/Sepulcro-de-Huerta-Montero-Almendralejo21-diciembre-2014-25_edited-1024x629.jpg 1024w\" sizes=\"(max-width: 1024px) 100vw, 1024px\" \/><\/a><p id=\"caption-attachment-1236\" class=\"wp-caption-text\"><span style=\"font-size: 8pt;\">La luz del sol del solsticio de invierno penetra en el sepulcro de Huerta Montero (Extremadura Secreta)<\/span><\/p><\/div>\n<p><span style=\"font-size: 10pt;\">Y es que para nuestros ancestros la tumba no solo es considerada un lugar de enterramiento&#8230; es el lugar donde moran los antepasados, donde rendir culto a aquellos que ya se fueron, a los que emprendieron antes que ellos el camino incierto hacia el M\u00e1s All\u00e1, a Aquellos que, por vivir en la Muerte, pueden ser mediadores entre los vivos y los dioses, pueden interceder por las s\u00faplicas de sus descendientes, pueden aplacar la ira de los que Todo lo Pueden.<\/span><\/p>\n<\/div>\n<p style=\"text-align: justify;\"><span style=\"font-size: 10pt;\">De ah\u00ed la orientaci\u00f3n de la tumba,\u00a0 proyectada para que el sol penetre a trav\u00e9s del corredor en la c\u00e1mara el d\u00eda m\u00e1s corto del a\u00f1o, para poder celebrar\u00a0 una ceremonia que ofrendara la luz del nuevo sol a sus difuntos.<\/span><\/p>\n<p style=\"text-align: justify;\"><span style=\"font-size: 10pt;\">Pero la entrada de la vida se cerr\u00f3 a cal y canto, y la Casa de los Muertos se camufl\u00f3 en el paisaje de la Huerta Montero, y tuvieron que pasar cuatro milenios hasta que nuestros difuntos volvieron a sentir la caricia del sol en sus huesos. Fue concretamente en el a\u00f1o 1988, cuando un agricultor descubri\u00f3, accidentalmente, que su colina estaba hueca\u2026<\/span><\/p>\n<p style=\"text-align: justify;\"><span style=\"font-size: 10pt;\">Ahora, como hace miles de a\u00f1os, <a title=\"Cientos de personas celebran el solsticio de invierno en Huerta Montero\" href=\"http:\/\/www.eldiario.es\/eldiarioex\/celebran-solsticio-invierno-Huerta-Montero_0_464403940.html\" rel=\"external nofollow\">nos seguimos reuniendo en el amanecer del solsticio para ver como los rayos penetran en el \u00fatero de la tierra<\/a>.<\/span><\/p>\n<div style=\"text-align: justify;\"><\/div>\n<div style=\"text-align: justify;\">\n<div id=\"attachment_1241\" style=\"width: 760px\" class=\"wp-caption aligncenter\"><a href=\"\/extremadurasecreta\/wp-content\/uploads\/sites\/16\/2015\/12\/Poblado-Cabezo-de-San-Marcos-AlmendralejoDSC_0112_edited.jpg\"><img aria-describedby=\"caption-attachment-1241\" loading=\"lazy\" class=\"size-full wp-image-1241\" title=\"Poblado Cabezo de San Marcos AlmendralejoDSC_0112_edited\" src=\"\/extremadurasecreta\/wp-content\/uploads\/sites\/16\/2015\/12\/Poblado-Cabezo-de-San-Marcos-AlmendralejoDSC_0112_edited.jpg\" alt=\"\" width=\"750\" height=\"422\" srcset=\"https:\/\/static-blogs.hoy.es\/wp-content\/uploads\/sites\/16\/2015\/12\/Poblado-Cabezo-de-San-Marcos-AlmendralejoDSC_0112_edited.jpg 750w, https:\/\/static-blogs.hoy.es\/wp-content\/uploads\/sites\/16\/2015\/12\/Poblado-Cabezo-de-San-Marcos-AlmendralejoDSC_0112_edited-300x169.jpg 300w\" sizes=\"(max-width: 750px) 100vw, 750px\" \/><\/a><p id=\"caption-attachment-1241\" class=\"wp-caption-text\"><span style=\"font-size: 8pt;\">Poblado del Cabezo de San Marcos, en Almendralejo (Extremadura Secreta)<\/span><\/p><\/div>\n<div style=\"text-align: justify;\"><\/div>\n<p><span style=\"font-size: 10pt;\">Nuestros antepasados viv\u00edan cerca de donde fueron enterrados, en un poblado fortificado con varias l\u00edneas de muralla en el &#8220;Cabezo de San Marcos&#8221; y con una aldea a sus pies. Entre el poblado y el sepulcro es f\u00e1cil descubrir vestigios m\u00e1gicos de un lugar se\u00f1alado ya por nuestros ancestros.<\/span><\/p>\n<div style=\"text-align: justify;\"><\/div>\n<div style=\"text-align: justify;\">\n<p><a href=\"\/extremadurasecreta\/wp-content\/uploads\/sites\/16\/2015\/12\/Pulideras-cazoletas-Almendralejo21-diciembre-2014-80_edited1.jpg\"><img loading=\"lazy\" class=\"size-large wp-image-1238\" title=\"Pulideras cazoletas Almendralejo21 diciembre 2014 (80)_edited\" src=\"\/extremadurasecreta\/wp-content\/uploads\/sites\/16\/2015\/12\/Pulideras-cazoletas-Almendralejo21-diciembre-2014-80_edited1.jpg\" alt=\"\" width=\"1024\" height=\"681\" srcset=\"https:\/\/static-blogs.hoy.es\/wp-content\/uploads\/sites\/16\/2015\/12\/Pulideras-cazoletas-Almendralejo21-diciembre-2014-80_edited1.jpg 1936w, https:\/\/static-blogs.hoy.es\/wp-content\/uploads\/sites\/16\/2015\/12\/Pulideras-cazoletas-Almendralejo21-diciembre-2014-80_edited1-300x200.jpg 300w, https:\/\/static-blogs.hoy.es\/wp-content\/uploads\/sites\/16\/2015\/12\/Pulideras-cazoletas-Almendralejo21-diciembre-2014-80_edited1-768x511.jpg 768w, https:\/\/static-blogs.hoy.es\/wp-content\/uploads\/sites\/16\/2015\/12\/Pulideras-cazoletas-Almendralejo21-diciembre-2014-80_edited1-1024x681.jpg 1024w\" sizes=\"(max-width: 1024px) 100vw, 1024px\" \/><\/a><\/p>\n<p><span style=\"font-size: 8pt;\">Las pulideras de San Marcos, en Almendralejo (Extremadura Secreta)<\/span><\/p>\n<\/div>\n<div><\/div>\n<p style=\"text-align: justify;\"><span style=\"font-size: 10pt;\">En algunas rocas cercanas a la Ermita de San Marcos todav\u00eda pueden reconocerse perfectamente Las Pulideras,\u00a0 un tipo de grabados en la roca muy parecidos a las cazoletas. Son una serie de oquedades utilitarias, que se han localizado en superficies horizontales y que generalmente se han interpretado como talleres para el pulimento de instrumentos l\u00edticos.<\/span><\/p>\n<div style=\"text-align: justify;\">\n<p><span style=\"font-size: 10pt;\">Justo por encima de estas piedras grabadas se encontraba la Fuente Santa, ya perdida, un manantial de or\u00edgenes de remotos del que todo el mundo beb\u00eda en las romer\u00edas. El agua ca\u00eda en un recept\u00e1culo \u201cmuy antiguo\u201d que una vez colmado corr\u00eda entre los riscos,\u00a0 cuesta abajo, y en cascada ca\u00eda a la\u00a0 pradera formando una gran charca.<\/span><span style=\"font-size: 10pt;\">Cerca, muy cerca, dentro de los l\u00edmites de lo que es ahora el Club Privado San Marcos, se encuentra otro elemento l\u00edtico ritual:\u00a0 &#8220;La piedra resbaliza&#8221;. Estas piedras pulimentadas aparecen con frecuencia asociadadas siempre a cuevas o abrigos con arte rupestre del Calcol\u00edto, y en este caso no es una excepci\u00f3n.\u00a0 La piedra pulida por el uso durante cientos de generaciones, se utiliza ahora como entretenimiento, pero form\u00f3 parte de un <\/span><a style=\"font-size: 10pt;\" title=\"Extremeni\u00f1os: C\u00f3mo ser est\u00e9ril y no morir en el intento\" href=\"https:\/\/blogs.hoy.es\/extremadurasecreta\/2012\/05\/31\/extremeninos-como-ser-esteril-y-no-morir-en-el-intento\/\">ritual de fertilidad <\/a><span style=\"font-size: 10pt;\">por el que la piedra (elemento masculino) fecunda a la mujer que se desliza por ella.<\/span><\/p>\n<p>&nbsp;<\/p>\n<div id=\"attachment_2226\" style=\"width: 1034px\" class=\"wp-caption aligncenter\"><img aria-describedby=\"caption-attachment-2226\" loading=\"lazy\" class=\"size-large wp-image-2226\" src=\"https:\/\/static-blogs.hoy.es\/wp-content\/uploads\/sites\/16\/2015\/12\/Piedra-resbaladiza-AlmendralejoDSC_0088_edited_edited-1024x736.jpg\" alt=\"\" width=\"1024\" height=\"736\" srcset=\"https:\/\/static-blogs.hoy.es\/wp-content\/uploads\/sites\/16\/2015\/12\/Piedra-resbaladiza-AlmendralejoDSC_0088_edited_edited-1024x736.jpg 1024w, https:\/\/static-blogs.hoy.es\/wp-content\/uploads\/sites\/16\/2015\/12\/Piedra-resbaladiza-AlmendralejoDSC_0088_edited_edited-300x216.jpg 300w, https:\/\/static-blogs.hoy.es\/wp-content\/uploads\/sites\/16\/2015\/12\/Piedra-resbaladiza-AlmendralejoDSC_0088_edited_edited-768x552.jpg 768w\" sizes=\"(max-width: 1024px) 100vw, 1024px\" \/><p id=\"caption-attachment-2226\" class=\"wp-caption-text\"><span style=\"font-size: 8pt;\">Piedra resbaladiza de Almendralejo (Extremadura Secreta)<\/span><\/p><\/div>\n<div style=\"text-align: justify;\"><\/div>\n<div style=\"text-align: justify;\"><\/div>\n<p><span style=\"font-size: 10pt;\">Y a un tiro de piedra (nunca mejor dicho) nos encontramos con<strong><a title=\"El dolmen del tesoro\" href=\"https:\/\/blogs.hoy.es\/extremadurasecreta\/2014\/02\/22\/el-dolmen-del-tesoro\/\"> la cueva del moro<\/a><\/strong>. Las leyendas hablan del lugar donde <a href=\"https:\/\/blogs.hoy.es\/extremadurasecreta\/2012\/05\/29\/el-oro-y-el-moro-2\/\">los moros enterraron sus tesoros<\/a> antes de huir ante la reconquista, incluso de un moro que all\u00ed se escondi\u00f3 durante cierto tiempo, pero las peque\u00f1as\u00a0 medidas del habit\u00e1culo desmienten estas\u00a0 leyenda,\u00a0 y dan algo m\u00e1s de verosimilitud a las que afirman que se llama as\u00ed por su antig\u00fcedad, o como se dice en Extremadura, \u201cdel tiempo de los moros\u201d\u2026<\/span><\/p>\n<div><\/div>\n<div>\n<p>&nbsp;<\/p>\n<div id=\"attachment_1240\" style=\"width: 1034px\" class=\"wp-caption aligncenter\"><img aria-describedby=\"caption-attachment-1240\" loading=\"lazy\" class=\"size-large wp-image-1240\" src=\"https:\/\/static-blogs.hoy.es\/wp-content\/uploads\/sites\/16\/2015\/12\/La-cueva-del-moro-Almendralejo21-diciembre-2014-103_edited-1024x681.jpg\" alt=\"\" width=\"1024\" height=\"681\" srcset=\"https:\/\/static-blogs.hoy.es\/wp-content\/uploads\/sites\/16\/2015\/12\/La-cueva-del-moro-Almendralejo21-diciembre-2014-103_edited-1024x681.jpg 1024w, https:\/\/static-blogs.hoy.es\/wp-content\/uploads\/sites\/16\/2015\/12\/La-cueva-del-moro-Almendralejo21-diciembre-2014-103_edited-300x200.jpg 300w, https:\/\/static-blogs.hoy.es\/wp-content\/uploads\/sites\/16\/2015\/12\/La-cueva-del-moro-Almendralejo21-diciembre-2014-103_edited-768x511.jpg 768w, https:\/\/static-blogs.hoy.es\/wp-content\/uploads\/sites\/16\/2015\/12\/La-cueva-del-moro-Almendralejo21-diciembre-2014-103_edited.jpg 1936w\" sizes=\"(max-width: 1024px) 100vw, 1024px\" \/><p id=\"caption-attachment-1240\" class=\"wp-caption-text\"><span style=\"font-size: 8pt;\">La cueva del moro (Extremadura Secreta)<\/span><\/p><\/div>\n<\/div>\n<div><\/div>\n<p><span style=\"font-size: 10pt;\"><span style=\"text-align: justify;\">Lo cierto es que la acumulaci\u00f3n de rocas que forman la covacha es realmente antigua. Y testigos mudos de los milenios son las silenciosas cazoletas que aparecen granadas en el fondo de la covacha. Para <\/span><a style=\"text-align: justify;\" title=\"Despierta Harnina\" href=\"http:\/\/despiertaharnina.blogspot.com.es\/2011\/02\/huerta-montero-la-tumba-de-la-edad-del.html\" rel=\"external nofollow\">el arque\u00f3logo <\/a><strong style=\"text-align: justify;\"><a title=\"Despierta Harnina\" href=\"http:\/\/despiertaharnina.blogspot.com.es\/2011\/02\/huerta-montero-la-tumba-de-la-edad-del.html\" rel=\"external nofollow\">Francisco Blasco<\/a><\/strong><a style=\"text-align: justify;\" title=\"Despierta Harnina\" href=\"http:\/\/despiertaharnina.blogspot.com.es\/2011\/02\/huerta-montero-la-tumba-de-la-edad-del.html\" rel=\"external nofollow\">, responsable de las excavaciones<\/a><span style=\"text-align: justify;\">, todo tiene su esp\u00edritu, especialmente para nuestros antepasados. <\/span><strong style=\"text-align: justify;\"><a title=\"Cuando la Atl\u00e1ntida lleg\u00f3 a Extremadura\" href=\"https:\/\/blogs.hoy.es\/extremadurasecreta\/2012\/11\/21\/cuando-la-legendaria-atlantida-llego-a-extremadura\/\">Las cazoletas<\/a>\u00a0<\/strong><span style=\"text-align: justify;\">representan a los difuntos y a los esp\u00edritus, o a divinidades menores, y la \u201ccueva del moro\u201d ser\u00eda un templo para rendir culto a los dioses o a los difuntos.<\/span><\/span><\/p>\n<p style=\"text-align: justify;\"><span style=\"font-size: 10pt;\">Sepulcros, fuentes, templos y piedras, ritos milenarios que a\u00fan hoy nos llaman a gritos desde el pasado ancestral de sus silencios.<\/span><\/p>\n<div><\/div>\n<div><\/div>\n<div><\/div>\n<div><\/div>\n<div><\/div>\n<div><\/div>\n<\/div>\n<\/div>\n<!-- AddThis Advanced Settings generic via filter on the_content --><!-- AddThis Share Buttons generic via filter on the_content -->","protected":false},"excerpt":{"rendered":"<p>Amanece el 21 de diciembre en las afueras de Almendralejo. Las nieblas que envuelven a\u00a0 la Vega de Harnina como un sudario blanco comienzan a deshilacharse. All\u00e1, a los lejos, en el horizonte de Almendralejo, el sol de invierno intenta rasgar los jirones niebla con sus rayos dorados. Apenas lo consigue. Por fin, la luz [&hellip;]<!-- AddThis Advanced Settings generic via filter on get_the_excerpt --><!-- AddThis Share Buttons generic via filter on get_the_excerpt --><\/p>\n","protected":false},"author":20,"featured_media":1235,"comment_status":"open","ping_status":"closed","sticky":false,"template":"","format":"standard","meta":[],"categories":[7],"tags":[61,1489,82,173,1487,281,357,392,969,1488,1036,1104,1138],"_links":{"self":[{"href":"https:\/\/blogs.hoy.es\/extremadurasecreta\/wp-json\/wp\/v2\/posts\/1234"}],"collection":[{"href":"https:\/\/blogs.hoy.es\/extremadurasecreta\/wp-json\/wp\/v2\/posts"}],"about":[{"href":"https:\/\/blogs.hoy.es\/extremadurasecreta\/wp-json\/wp\/v2\/types\/post"}],"author":[{"embeddable":true,"href":"https:\/\/blogs.hoy.es\/extremadurasecreta\/wp-json\/wp\/v2\/users\/20"}],"replies":[{"embeddable":true,"href":"https:\/\/blogs.hoy.es\/extremadurasecreta\/wp-json\/wp\/v2\/comments?post=1234"}],"version-history":[{"count":5,"href":"https:\/\/blogs.hoy.es\/extremadurasecreta\/wp-json\/wp\/v2\/posts\/1234\/revisions"}],"predecessor-version":[{"id":2231,"href":"https:\/\/blogs.hoy.es\/extremadurasecreta\/wp-json\/wp\/v2\/posts\/1234\/revisions\/2231"}],"wp:featuredmedia":[{"embeddable":true,"href":"https:\/\/blogs.hoy.es\/extremadurasecreta\/wp-json\/wp\/v2\/media\/1235"}],"wp:attachment":[{"href":"https:\/\/blogs.hoy.es\/extremadurasecreta\/wp-json\/wp\/v2\/media?parent=1234"}],"wp:term":[{"taxonomy":"category","embeddable":true,"href":"https:\/\/blogs.hoy.es\/extremadurasecreta\/wp-json\/wp\/v2\/categories?post=1234"},{"taxonomy":"post_tag","embeddable":true,"href":"https:\/\/blogs.hoy.es\/extremadurasecreta\/wp-json\/wp\/v2\/tags?post=1234"}],"curies":[{"name":"wp","href":"https:\/\/api.w.org\/{rel}","templated":true}]}}