{"id":1243,"date":"2015-12-28T02:23:46","date_gmt":"2015-12-28T00:23:46","guid":{"rendered":"http:\/\/blogs.hoy.es\/extremadurasecreta\/?p=1243"},"modified":"2015-12-28T02:23:46","modified_gmt":"2015-12-28T00:23:46","slug":"campanas-sobrenaturales","status":"publish","type":"post","link":"https:\/\/blogs.hoy.es\/extremadurasecreta\/2015\/12\/28\/campanas-sobrenaturales\/","title":{"rendered":"Campanas sobrenaturales"},"content":{"rendered":"<p>&nbsp;<\/p>\n<p>&nbsp;<\/p>\n<p><a href=\"\/extremadurasecreta\/wp-content\/uploads\/sites\/16\/2015\/12\/foto105444.jpg\"><img loading=\"lazy\" class=\"alignleft size-full wp-image-1244\" title=\"foto105444\" src=\"\/extremadurasecreta\/wp-content\/uploads\/sites\/16\/2015\/12\/foto105444.jpg\" alt=\"\" width=\"324\" height=\"398\" srcset=\"https:\/\/static-blogs.hoy.es\/wp-content\/uploads\/sites\/16\/2015\/12\/foto105444.jpg 324w, https:\/\/static-blogs.hoy.es\/wp-content\/uploads\/sites\/16\/2015\/12\/foto105444-244x300.jpg 244w\" sizes=\"(max-width: 324px) 100vw, 324px\" \/><\/a><\/p>\n<p>&nbsp;<\/p>\n<p style=\"text-align: justify;\">Ahora que se acercan las campanadas m\u00e1s esperadas del a\u00f1o vienen a mi memoria esas otras campanas\u00a0 misteriosas que, a lo largo de los siglos, causaron pavor y asombro en estas tierras extreme\u00f1as.<\/p>\n<p style=\"text-align: justify;\">\u00a0Las campanas hablan y gritan y susurran sobre agon\u00edas, defunciones, <a title=\"La esquila de \u00e1nimas: el sonido de los muertos\" href=\"https:\/\/blogs.hoy.es\/extremadurasecreta\/2013\/10\/31\/la-esquila-de-animas-el-sonido-de-los-muertos\/\">\u00e1nimas<\/a>, y partos, y alertan y avisan sobre\u00a0 tormentas, granizos y tempestades, guerras y fiestas\u2026 De hecho, exist\u00eda en Extremadura una exhaustiva reglamentaci\u00f3n \u00a0sobre el ta\u00f1er de las campanas, cuyos toques tanto religiosos como civiles est\u00e1n estrictamente regulados.<\/p>\n<p>Como afirma el antrop\u00f3logo <a title=\"La-construccion-de-la-antropologia-social-extremena-Cronicas-interrogatorios-regionalistas-y-etnografos\" href=\"http:\/\/www.agapea.com\/libros\/La-construccion-de-la-antropologia-social-extremena-Cronicas-interrogatorios-regionalistas-y-etnografos-9788477232087-i.htm\" rel=\"external nofollow\">Javier <\/a><strong><a title=\"La-construccion-de-la-antropologia-social-extremena-Cronicas-interrogatorios-regionalistas-y-etnografos\" href=\"http:\/\/www.agapea.com\/libros\/La-construccion-de-la-antropologia-social-extremena-Cronicas-interrogatorios-regionalistas-y-etnografos-9788477232087-i.htm\" rel=\"external nofollow\">Marcos Ar\u00e9valo<\/a><\/strong>\u00a0 \u201c<em>cada cosa o cada d\u00eda se\u00f1alado ten\u00eda sus espec\u00edficos toques, seg\u00fan la clase y la festividad, en invierno y en verano\u2026\u201d.<\/em><\/p>\n<p style=\"text-align: justify;\">Las campanas han marcado\u00a0 durante siglos los tiempos y las horas de los pueblos europeos. Ya en el siglo XVIII <strong><a title=\"Historia eclasiastica de Badajoz\" href=\"https:\/\/delpergaminoalaweb.wordpress.com\/2013\/05\/16\/historia-eclesiastica-de-badajoz-y-su-obispado\/\" rel=\"external nofollow\">Juan Solano de Figueroa y Altamirano<\/a><\/strong>describ\u00eda con atenci\u00f3n la importancia de las campanas en Extremadura, s\u00edmbolo cristiano cuya importancia nos la da su propia consagraci\u00f3n y el hecho de que a muchas se las designe con nombres propios. De hecho,\u00a0 el ta\u00f1ido de las campanas es una fuerza destructoras de las tormentas, pero solo desde el instante en que se consideran incluidas dentro de la esfera de lo sagrado tienen el poder de &#8220;alejar la truena&#8221;, ya que\u00a0 \u00ab<em>si la campana no est\u00e1 bautiz\u00e1 se toca de balde, no aprovecha\u00bb. <\/em><\/p>\n<p style=\"text-align: justify;\"><em>\u00a0<\/em>Es lo mismo que pensaba en el siglo XVI el jesuita <strong><a title=\"Mart\u00edn del R\u00edo\" href=\"https:\/\/es.wikipedia.org\/wiki\/Mart%C3%ADn_del_R%C3%ADo_(te%C3%B3logo)\" rel=\"external nofollow\">Mart\u00edn del R\u00edo<\/a><\/strong><a title=\"Mart\u00edn del R\u00edo\" href=\"https:\/\/es.wikipedia.org\/wiki\/Mart%C3%ADn_del_R%C3%ADo_(te%C3%B3logo)\" rel=\"external nofollow\">,<\/a> quien \u00a0cre\u00eda que esta virtud de las campanas no se deb\u00eda ni a su forma ni a su composici\u00f3n, sino al hecho de estar consagradas.<\/p>\n<p style=\"text-align: justify;\">\n<p style=\"text-align: justify;\">El ritual prescrito por la Iglesia para conjurar este tipo de tormentas lo describe <strong><a title=\"Reprobaci\u00f3n de las supersticiones y hechicer\u00edas\" href=\"https:\/\/books.google.es\/books\/about\/Reprobaci%C3%B3n_de_las_supersticiones_y_hec.html?id=7nHQkEC9WZkC \" rel=\"external nofollow\">Pedro Ciruelo <\/a><\/strong>en el mismo siglo. Dec\u00eda Ciruelo que las campanas ta\u00f1esen y los curas conjuradores se vistiesen con sus estolas y con candelas encendidas y que pusieran en el altar un misal, abierto por las p\u00e1ginas del \u00abTe Igitur\u00bb del Evangelio. Si hab\u00eda alguna reliquia, \u00e9sta se colocaba sobre el altar y a la vez se cantaban diversos salmos, rez\u00e1ndose despu\u00e9s la letan\u00eda de los santos.<\/p>\n<p style=\"text-align: justify;\">\n<div id=\"attachment_1246\" style=\"width: 1034px\" class=\"wp-caption aligncenter\"><a href=\"\/extremadurasecreta\/wp-content\/uploads\/sites\/16\/2015\/12\/Santuario-de-Belen-Cabeza-de-BueyIMG_9922_edited.jpg\"><img aria-describedby=\"caption-attachment-1246\" loading=\"lazy\" class=\"size-large wp-image-1246\" title=\"Santuario de Belen Cabeza de BueyIMG_9922_edited\" src=\"\/extremadurasecreta\/wp-content\/uploads\/sites\/16\/2015\/12\/Santuario-de-Belen-Cabeza-de-BueyIMG_9922_edited.jpg\" alt=\"\" width=\"1024\" height=\"681\" srcset=\"https:\/\/static-blogs.hoy.es\/wp-content\/uploads\/sites\/16\/2015\/12\/Santuario-de-Belen-Cabeza-de-BueyIMG_9922_edited.jpg 1936w, https:\/\/static-blogs.hoy.es\/wp-content\/uploads\/sites\/16\/2015\/12\/Santuario-de-Belen-Cabeza-de-BueyIMG_9922_edited-300x200.jpg 300w, https:\/\/static-blogs.hoy.es\/wp-content\/uploads\/sites\/16\/2015\/12\/Santuario-de-Belen-Cabeza-de-BueyIMG_9922_edited-768x511.jpg 768w, https:\/\/static-blogs.hoy.es\/wp-content\/uploads\/sites\/16\/2015\/12\/Santuario-de-Belen-Cabeza-de-BueyIMG_9922_edited-1024x681.jpg 1024w\" sizes=\"(max-width: 1024px) 100vw, 1024px\" \/><\/a><p id=\"caption-attachment-1246\" class=\"wp-caption-text\">Las campanas conjuran las tormentas (Angel Briz)<\/p><\/div>\n<div id=\"attachment_1245\" style=\"width: 730px\" class=\"wp-caption alignleft\"><\/dt>\n<\/dl>\n<\/div>\n<p style=\"text-align: justify;\">\n<p style=\"text-align: justify;\">\n<p style=\"text-align: justify;\">Sin embargo ya en el siglo XII comienzan a aparecer grabados en las campanas determinados conjuros contra el granizo, la peste, los rayos y otras calamidades por el estilo. Afirma nuestro admirado escritor <strong><a title=\"Gnomos\" href=\"http:\/\/www.casadellibro.com\/libro-gnomos\/9788441400634\/517108 \" rel=\"external nofollow\">Jesus Callejo<\/a><\/strong> que era habitual que al menor indicio de tormenta se volteasen para \u00abespantada\u00bb: \u201c<em>As\u00ed se estuvo haciendo durante siglos y as\u00ed lo recomendaban hacer algunos prestigiosos hombres de la Iglesia hasta que una sentencia del Tribunal Supremo de 6 de marzo de 1905 prohibi\u00f3 en Espa\u00f1a \u00abpor razones de seguridad\u00bb tocar las campanas porque- se cre\u00eda que el efecto causado era el contrario: se favorec\u00eda el desarrollo de estas tormentas<\/em>\u201d.<\/p>\n<p style=\"text-align: justify;\">\u00a0En\u00a0\u00a0L<strong>a ermita del Cristo del Amparo<\/strong> de <strong>Jerte\u00a0,<\/strong> seg\u00fan nos cuenta el historiador <strong><a title=\"Las Campanas en la provincia de C\u00e1ceres: Simbolismo de identidad y agregaci\u00f3n\" href=\"http:\/\/www.funjdiaz.net\/folklore\/07ficha.php?ID=890\" rel=\"external nofollow\">Jose Mar\u00eda Dom\u00ednguez Moreno<\/a><\/strong><a title=\"Las Campanas en la provincia de C\u00e1ceres: Simbolismo de identidad y agregaci\u00f3n\" href=\"http:\/\/www.funjdiaz.net\/folklore\/07ficha.php?ID=890\" rel=\"external nofollow\">\u00a0<\/a>, hasta no hace muchos a\u00f1os, se ejecut\u00f3 un curioso ritual coincidiendo con la Cruz de mayo, fecha en la que sol\u00edan comenzar los ta\u00f1idos \u00abpor los buenos temporales\u00bb. Al sonar la campana el cura proced\u00eda a bendecir los cencerros que all\u00ed amontonaban los cabreros, que luego pasar\u00edan a ser colgados del cuello de los ganados. \u00ab<em>Ninguna cabra con esquila sagr\u00e1 la mata el rayo. No cae donde ande una cabra con esquila<\/em>.\u00bb . Pero lo m\u00e1s inquietante es que se afirma que pose\u00eda la virtud de tocar por s\u00ed sola al asomar la tormenta por los altos del cerro de Calamacho y Puerto de Tornavacas.<\/p>\n<p style=\"text-align: justify;\">\u00a0Y aqu\u00ed es donde comienza el miedo. Cuando las campanas comienzan a tocar solas, o movidas por manos invisibles &#8230;<\/p>\n<div class=\"mceTemp mceIEcenter\">\n<dl id=\"attachment_1245\" class=\"wp-caption aligncenter\" style=\"width: 730px;\">\n<dt class=\"wp-caption-dt\"><a href=\"\/extremadurasecreta\/wp-content\/uploads\/sites\/16\/2015\/12\/CERRO-SAN-GREGORIO-Puerto-Santa-Cruz-2012-11_edited.jpg\"><img aria-describedby=\"caption-attachment-1245\" loading=\"lazy\" class=\"size-full wp-image-1245\" title=\"CERRO SAN GREGORIO-Puerto Santa Cruz-2012 (11)_edited\" src=\"\/extremadurasecreta\/wp-content\/uploads\/sites\/16\/2015\/12\/CERRO-SAN-GREGORIO-Puerto-Santa-Cruz-2012-11_edited.jpg\" alt=\"\" width=\"720\" height=\"482\" srcset=\"https:\/\/static-blogs.hoy.es\/wp-content\/uploads\/sites\/16\/2015\/12\/CERRO-SAN-GREGORIO-Puerto-Santa-Cruz-2012-11_edited.jpg 720w, https:\/\/static-blogs.hoy.es\/wp-content\/uploads\/sites\/16\/2015\/12\/CERRO-SAN-GREGORIO-Puerto-Santa-Cruz-2012-11_edited-300x201.jpg 300w\" sizes=\"(max-width: 720px) 100vw, 720px\" \/><\/a><p id=\"caption-attachment-1245\" class=\"wp-caption-text\">Las campanas regulaban las vidas y los tiempos (Jimber)<\/p><\/div>\n<p style=\"text-align: justify;\">Rescata\u00a0 el periodista e investigador\u00a0 <strong><a title=\"Enigmas sin resolver II\" href=\"https:\/\/books.google.es\/books\/about\/Enigmas_sin_resolver_II.html?id=-5J_1z1NFoAC \" rel=\"external nofollow\">Iker Jimenez<\/a><\/strong> la declaraci\u00f3n ante el tribunal de la Inquisici\u00f3n de Jos\u00e9 Alonso Lech\u00f3n, alguacil mayor de <strong>Villafranca de los Barros<\/strong>, que en el siglo XVII escuch\u00f3 doblar solas las campanas de la ermita de la Coronada.<\/p>\n<p style=\"text-align: justify;\">\u00a0<em>&#8220;Yendo este testigo el d\u00eda ventidos de agosto del pasado mil y seiscientos y sesenta y cinco, a cosa de las once de la noche, poco m\u00e1s o menos, en compa\u00f1\u00eda de su merced don \u00c1lvaro Guti\u00e9rrez Blanco, alcalde ordinario de la villa aquel a\u00f1o, llegando al final de la calle del Aceituno que sal\u00eda al ejido de la ermita de Nuestra Se\u00f1ora de la Coronada, oyeron que una de las campanas de dicha ermita dio una campanada, y dentro de poco son\u00f3 otra campanada, y este testigo y su merced fueron a dicha ermita que est\u00e1 extramuros de la villa. Yendo a dar a ella son\u00f3 otra campanada, y habiendo todos juntos llegado vieron que las puertas que tiene estaban cerradas y se comprob\u00f3 que no hab\u00eda persona alguna en el interior de la ermita&#8230; &#8220;. <\/em><\/p>\n<p style=\"text-align: justify;\">\u00a0Aquel ta\u00f1er fantasmal volvi\u00f3 a producirse, claro y n\u00edtido, y tras haber escrutado con paciencia y cierto temor \u00f3rgano, sacrist\u00eda y torre los all\u00ed presentes se cercioraron definitivamente de que nadie hab\u00eda podido hacer sonar las campanas cuatro veces. Fue entonces cuando se person\u00f3 en la plazoleta una gran multitud y comenz\u00f3 a latir con fuerza la palabra &#8220;milagro&#8221;, un milagro que ha quedado reflejado en una tabla que a\u00fan se conserva junto al altar.<\/p>\n<div id=\"attachment_1247\" style=\"width: 1034px\" class=\"wp-caption aligncenter\"><a href=\"\/extremadurasecreta\/wp-content\/uploads\/sites\/16\/2015\/12\/El-gasco-Las-Hurdes-13-370.jpg\"><img aria-describedby=\"caption-attachment-1247\" loading=\"lazy\" class=\"size-large wp-image-1247\" title=\"El gasco-Las Hurdes 13 370\" src=\"\/extremadurasecreta\/wp-content\/uploads\/sites\/16\/2015\/12\/El-gasco-Las-Hurdes-13-370.jpg\" alt=\"\" width=\"1024\" height=\"681\" srcset=\"https:\/\/static-blogs.hoy.es\/wp-content\/uploads\/sites\/16\/2015\/12\/El-gasco-Las-Hurdes-13-370.jpg 1936w, https:\/\/static-blogs.hoy.es\/wp-content\/uploads\/sites\/16\/2015\/12\/El-gasco-Las-Hurdes-13-370-300x200.jpg 300w, https:\/\/static-blogs.hoy.es\/wp-content\/uploads\/sites\/16\/2015\/12\/El-gasco-Las-Hurdes-13-370-768x511.jpg 768w, https:\/\/static-blogs.hoy.es\/wp-content\/uploads\/sites\/16\/2015\/12\/El-gasco-Las-Hurdes-13-370-1024x681.jpg 1024w\" sizes=\"(max-width: 1024px) 100vw, 1024px\" \/><\/a><p id=\"caption-attachment-1247\" class=\"wp-caption-text\">En la alquer\u00eda hurdana de El Gasco el 1 de marzo se escuchan campanas (Angel Briz)<\/p><\/div>\n<p style=\"text-align: justify;\">\n<p style=\"text-align: justify;\">En el norte de Extremadura, en <strong>Las Hurdes<\/strong>, y concretamente en la legendaria alquer\u00eda de <strong>El Gasco<\/strong> existe una cueva donde el <a title=\"Los peligrosos tesoros de las  cuevas hurdanas\" href=\"https:\/\/blogs.hoy.es\/extremadurasecreta\/2013\/08\/29\/los-peligrosos-tesoros-de-las-cuevas-hurdanas\/\">d\u00eda del \u00c1ngel<\/a>, el 1 de marzo, suenan unas misteriosas campanas. Y no debe ser mentira la historia, porque hace poco me contaba una anciana del lugar, arrullada por el rumor del agua que corr\u00eda a los pies del pueblo, que una cu\u00f1ada suya fue a por chaparro a un cancho de Pico Castillo y oy\u00f3 tocar la misteriosa esquila&#8230;<\/p>\n<p style=\"text-align: justify;\">\n<p style=\"text-align: justify;\">Y es que lo curioso de estas campanas fantasmales es que a veces dejan de ser leyendas para convertirse en realidades\u2026<\/p>\n<p style=\"text-align: justify;\">\n<div id=\"attachment_1248\" style=\"width: 691px\" class=\"wp-caption aligncenter\"><a href=\"\/extremadurasecreta\/wp-content\/uploads\/sites\/16\/2015\/12\/Iglesia-de-San-Miguel-Jerez-de-los-Caballeros-IMG_0337_edited.jpg\"><img aria-describedby=\"caption-attachment-1248\" loading=\"lazy\" class=\"size-large wp-image-1248\" title=\"Iglesia de San Miguel Jerez de los Caballeros IMG_0337_edited\" src=\"\/extremadurasecreta\/wp-content\/uploads\/sites\/16\/2015\/12\/Iglesia-de-San-Miguel-Jerez-de-los-Caballeros-IMG_0337_edited.jpg\" alt=\"\" width=\"681\" height=\"1024\" srcset=\"https:\/\/static-blogs.hoy.es\/wp-content\/uploads\/sites\/16\/2015\/12\/Iglesia-de-San-Miguel-Jerez-de-los-Caballeros-IMG_0337_edited.jpg 1288w, https:\/\/static-blogs.hoy.es\/wp-content\/uploads\/sites\/16\/2015\/12\/Iglesia-de-San-Miguel-Jerez-de-los-Caballeros-IMG_0337_edited-200x300.jpg 200w, https:\/\/static-blogs.hoy.es\/wp-content\/uploads\/sites\/16\/2015\/12\/Iglesia-de-San-Miguel-Jerez-de-los-Caballeros-IMG_0337_edited-768x1154.jpg 768w, https:\/\/static-blogs.hoy.es\/wp-content\/uploads\/sites\/16\/2015\/12\/Iglesia-de-San-Miguel-Jerez-de-los-Caballeros-IMG_0337_edited-681x1024.jpg 681w\" sizes=\"(max-width: 681px) 100vw, 681px\" \/><\/a><p id=\"caption-attachment-1248\" class=\"wp-caption-text\">Cuando las campanas suenan solas (Angel Briz)<\/p><\/div>\n<p style=\"text-align: justify;\">Porque si hay un toque de campanas que pone los pelos de puntas es el toque de difuntos. Y m\u00e1s cuando no existe en los contornos una campana real que produzca el f\u00fanebre sonido\u2026<\/p>\n<p style=\"text-align: justify;\">\n<p style=\"text-align: justify;\">Una soleada ma\u00f1ana de verano, mientras ascend\u00edamos con el coche las sinuosas curvas hurdanas que nos llevaban a la bella alquer\u00eda de <strong>Aceitunilla<\/strong>, el investigador <strong>F\u00e9lix Barroso<\/strong> me narraba, en primera persona, c\u00f3mo fue testigo de estas campanadas fantasmales.<\/p>\n<p style=\"text-align: justify;\">\n<p style=\"text-align: justify;\">\u201c<em>Me hallaba un d\u00eda recogiendo unas antiguas\u00a0canciones\u00a0\u00a0junto a\u00a0un\u00a0hurdano que me estaba cantando el \u00a0Romance de la bastarda, un romance medieval que es una maravilla. Cuando llegamos a la estrofa que dice\u00a0 \u201c\u00bfPor qui\u00e9n doblan las campanas?, \u00bfQui\u00e9n se ha muerto? ,\u00bfQui\u00e9n se ha muerto?\u201d. En ese momento la voz del hombre se apaga por completo y suenan n\u00edtidamente campanas doblando a muerto\u2026 Lo extra\u00f1o\u2013 <\/em>me contaba F\u00e9lix, pensativo<em>&#8211; es que ah\u00ed, en Martilandr\u00e1n, no hay iglesia ni ermita ni leche que le dieron\u201d.<\/em><\/p>\n<p style=\"text-align: justify;\">\n<p style=\"text-align: justify;\">Las campanadas fantasmales se grabaron, pero cuando le puso la cinta para que la escuchase, el hurdano le apremi\u00f3 para que le diera la cinta \u201c<em>que la iba a tirar a la lumbre porque hab\u00edan entrado las mengas (brujas) en su casa<\/em>\u201d.<\/p>\n<p style=\"text-align: justify;\">\n<div id=\"attachment_1249\" style=\"width: 805px\" class=\"wp-caption aligncenter\"><a href=\"\/extremadurasecreta\/wp-content\/uploads\/sites\/16\/2015\/12\/selva-de-Irati_2010-173_edited.jpg\"><img aria-describedby=\"caption-attachment-1249\" loading=\"lazy\" class=\"size-full wp-image-1249\" title=\"selva de Irati_2010 (173)_edited\" src=\"\/extremadurasecreta\/wp-content\/uploads\/sites\/16\/2015\/12\/selva-de-Irati_2010-173_edited.jpg\" alt=\"\" width=\"795\" height=\"532\" srcset=\"https:\/\/static-blogs.hoy.es\/wp-content\/uploads\/sites\/16\/2015\/12\/selva-de-Irati_2010-173_edited.jpg 795w, https:\/\/static-blogs.hoy.es\/wp-content\/uploads\/sites\/16\/2015\/12\/selva-de-Irati_2010-173_edited-300x201.jpg 300w, https:\/\/static-blogs.hoy.es\/wp-content\/uploads\/sites\/16\/2015\/12\/selva-de-Irati_2010-173_edited-768x514.jpg 768w\" sizes=\"(max-width: 795px) 100vw, 795px\" \/><\/a><p id=\"caption-attachment-1249\" class=\"wp-caption-text\">En el fondo del rio Ruecas descansa una campana de oro (Jimber)<\/p><\/div>\n<p style=\"text-align: justify;\">Pero no desesperen si escuchan campanas y no saben d\u00f3nde, porque \u00a0todav\u00eda hoy hay quien contin\u00faa buscando <a title=\"El tesoro del castillo\" href=\"https:\/\/blogs.hoy.es\/extremadurasecreta\/2013\/09\/24\/el-tesoro-del-castillo\/\">la campana de oro<\/a> que ta\u00f1\u00eda en el castillo \u00e1rabe que exist\u00eda, hace mucho tiempo, en el <em>Cerro del Castillejo<\/em>, en <strong>Madrigalejo<\/strong>. Cuenta la leyenda que el se\u00f1or del castillo desobedeci\u00f3 a los Reyes Cat\u00f3licos, y \u00e9stos decretaron destruir el castillo piedra a piedra, y construir con ellas la iglesia del pueblo.<\/p>\n<p style=\"text-align: justify;\">En el traslado de las piedras, la carreta que transportaba la campana de oro volc\u00f3, y la campana sali\u00f3 rodando cerro abajo hasta caer en las aguas del r\u00edo Ruecas, donde por mucho que se busc\u00f3 y rebusc\u00f3, jam\u00e1s apareci\u00f3.<\/p>\n<p style=\"text-align: justify;\">Con el tiempo, el lugar pas\u00f3 a llamarse \u201cla tabla de la campana\u201d, y hoy en d\u00eda a\u00fan hay quien la sigue buscando esperanzado en el fondo del r\u00edo, y se afirma en voz baja, que si se aguza bien el o\u00eddo y se introduce la cabeza en el agua, se pueden escuchar sus ta\u00f1idos entre el nadar sincopado de los peces&#8230;<\/p>\n<p>&nbsp;<\/p>\n<p>&nbsp;<\/p>\n<p>&nbsp;<\/p>\n<p>&nbsp;<\/p>\n<p>&nbsp;<\/p>\n<p>&nbsp;<\/p>\n<p>&nbsp;<\/p>\n<!-- AddThis Advanced Settings generic via filter on the_content --><!-- AddThis Share Buttons generic via filter on the_content -->","protected":false},"excerpt":{"rendered":"<p>&nbsp; &nbsp; &nbsp; Ahora que se acercan las campanadas m\u00e1s esperadas del a\u00f1o vienen a mi memoria esas otras campanas\u00a0 misteriosas que, a lo largo de los siglos, causaron pavor y asombro en estas tierras extreme\u00f1as. \u00a0Las campanas hablan y gritan y susurran sobre agon\u00edas, defunciones, \u00e1nimas, y partos, y alertan y avisan sobre\u00a0 tormentas, [&hellip;]<!-- AddThis Advanced Settings generic via filter on get_the_excerpt --><!-- AddThis Share Buttons generic via filter on get_the_excerpt --><\/p>\n","protected":false},"author":20,"featured_media":0,"comment_status":"open","ping_status":"closed","sticky":false,"template":"","format":"standard","meta":[],"categories":[7,9,10],"tags":[22,193,194,443,471,483,653,751,795,1031,1186,1263],"_links":{"self":[{"href":"https:\/\/blogs.hoy.es\/extremadurasecreta\/wp-json\/wp\/v2\/posts\/1243"}],"collection":[{"href":"https:\/\/blogs.hoy.es\/extremadurasecreta\/wp-json\/wp\/v2\/posts"}],"about":[{"href":"https:\/\/blogs.hoy.es\/extremadurasecreta\/wp-json\/wp\/v2\/types\/post"}],"author":[{"embeddable":true,"href":"https:\/\/blogs.hoy.es\/extremadurasecreta\/wp-json\/wp\/v2\/users\/20"}],"replies":[{"embeddable":true,"href":"https:\/\/blogs.hoy.es\/extremadurasecreta\/wp-json\/wp\/v2\/comments?post=1243"}],"version-history":[{"count":0,"href":"https:\/\/blogs.hoy.es\/extremadurasecreta\/wp-json\/wp\/v2\/posts\/1243\/revisions"}],"wp:attachment":[{"href":"https:\/\/blogs.hoy.es\/extremadurasecreta\/wp-json\/wp\/v2\/media?parent=1243"}],"wp:term":[{"taxonomy":"category","embeddable":true,"href":"https:\/\/blogs.hoy.es\/extremadurasecreta\/wp-json\/wp\/v2\/categories?post=1243"},{"taxonomy":"post_tag","embeddable":true,"href":"https:\/\/blogs.hoy.es\/extremadurasecreta\/wp-json\/wp\/v2\/tags?post=1243"}],"curies":[{"name":"wp","href":"https:\/\/api.w.org\/{rel}","templated":true}]}}