{"id":1263,"date":"2016-01-24T18:29:06","date_gmt":"2016-01-24T16:29:06","guid":{"rendered":"http:\/\/blogs.hoy.es\/extremadurasecreta\/?p=1263"},"modified":"2016-01-24T18:29:06","modified_gmt":"2016-01-24T16:29:06","slug":"la-extremena-muerte-de-fernando-el-catolico-entre-canibales-adivinos-y-afrodisiacos-mortales","status":"publish","type":"post","link":"https:\/\/blogs.hoy.es\/extremadurasecreta\/2016\/01\/24\/la-extremena-muerte-de-fernando-el-catolico-entre-canibales-adivinos-y-afrodisiacos-mortales\/","title":{"rendered":"La extra\u00f1a muerte de Fernando el Cat\u00f3lico: Entre can\u00edbales, adivinos, y afrodisiacos mortales."},"content":{"rendered":"<p style=\"text-align: justify;\"><span style=\"font-size: small;\"><a href=\"\/extremadurasecreta\/wp-content\/uploads\/sites\/16\/2016\/01\/fernando-el-catolico.jpg\"><img loading=\"lazy\" class=\"alignleft size-medium wp-image-1264\" title=\"fernando el catolico\" src=\"\/extremadurasecreta\/wp-content\/uploads\/sites\/16\/2016\/01\/fernando-el-catolico.jpg\" alt=\"\" width=\"225\" height=\"300\" srcset=\"https:\/\/static-blogs.hoy.es\/wp-content\/uploads\/sites\/16\/2016\/01\/fernando-el-catolico.jpg 720w, https:\/\/static-blogs.hoy.es\/wp-content\/uploads\/sites\/16\/2016\/01\/fernando-el-catolico-225x300.jpg 225w\" sizes=\"(max-width: 225px) 100vw, 225px\" \/><\/a>Ahora que se cumplen los 500 a\u00f1os del fallecimiento de <strong>Fernando el Cat\u00f3lico<\/strong> es buen momento para recordar c\u00f3mo y d\u00f3nde muri\u00f3 el rey m\u00e1s famoso de Espa\u00f1a. Sus circunstancias bien valen un escrito.<\/span><\/p>\n<p style=\"text-align: justify;\"><span style=\"font-size: small;\">El viajecito por Extremadura comenzaba entretenido para su majestad, porque fue en Plasencia donde el rey Fernando el Cat\u00f3lico vio por primera vez en su vida a unos can\u00edbales. <a title=\"Sumario de la natural historia de las Indias\" href=\"http:\/\/cdigital.dgb.uanl.mx\/la\/1020017399_C\/1020017399_T1\/1020017399_057.pdf\" rel=\"external nofollow\">El militar y escritor <strong>Gonzalo Fernandez de Oviedo<\/strong> lo cuenta as\u00ed<\/a>: <\/span><\/p>\n<p style=\"text-align: justify;\"><em><span style=\"font-size: small;\">\u201c\u2026 pocos d\u00edas antes de que el cat\u00f3lico rey Fernando pasase de esta vida, le traje yo a Plasencia seis indios de los que comen carne humana\u201d\u2026<\/span><\/em><\/p>\n<p style=\"text-align: justify;\"><span style=\"font-size: small;\">Poco imaginaba Fernando que unos d\u00edas despu\u00e9s de\u00a0este singular encuentro\u00a0morir\u00eda, sin salir ya de Extremadura, en un peque\u00f1o pueblecito cacere\u00f1o. <\/span><span style=\"font-size: small;\">Y es que en aquellos d\u00edas de 1516, de camino a Guadalupe y procedente de Plasencia, se agrav\u00f3 una extra\u00f1a enfermedad que padec\u00eda el monarca en las cercan\u00edas de una peque\u00f1a localidad, por lo que tuvo que ser llevado a la Casa de Santa Mar\u00eda, una propiedad que el <strong>convento de Guadalupe<\/strong> ten\u00eda por esos lares.<\/span><\/p>\n<p style=\"text-align: justify;\"><span style=\"font-size: small;\">Si hacemos caso a la leyenda se trat\u00f3 de un caso de profec\u00eda cumplida, porque <a title=\"El tesoro del mosaico y el falso adivino\" href=\"https:\/\/blogs.hoy.es\/extremadurasecreta\/2012\/08\/07\/el-tesoro-del-mosaico-y-el-falso-adivino\/\">un adivino<\/a> hab\u00eda anunciado muchos a\u00f1os antes que don Fernando morir\u00eda en Madrigal. El rey, por si caso, se cuid\u00f3 mucho de poner nunca los pies en <\/span><strong><span style=\"font-size: small;\">Madrigal de las Altas Torres<\/span><\/strong><span style=\"font-size: small;\">, localidad abulense donde hab\u00eda nacido su primera y regia esposa Isabel de Castilla. Imag\u00ednense la cara de p\u00e1nico que se le debi\u00f3 quedar cuando comienza a ponerse enfermo y lo llevan a pueblecito llamado\u2026 <\/span><strong><span style=\"font-size: small;\">Madrigalejo.<a href=\"\/extremadurasecreta\/wp-content\/uploads\/sites\/16\/2016\/01\/mad_casa_edited.jpg\"><img loading=\"lazy\" class=\"alignright size-full wp-image-1266\" title=\"mad_casa_edited\" src=\"\/extremadurasecreta\/wp-content\/uploads\/sites\/16\/2016\/01\/mad_casa_edited.jpg\" alt=\"\" width=\"334\" height=\"215\" srcset=\"https:\/\/static-blogs.hoy.es\/wp-content\/uploads\/sites\/16\/2016\/01\/mad_casa_edited.jpg 334w, https:\/\/static-blogs.hoy.es\/wp-content\/uploads\/sites\/16\/2016\/01\/mad_casa_edited-300x193.jpg 300w\" sizes=\"(max-width: 334px) 100vw, 334px\" \/><\/a><\/span><\/strong><\/p>\n<p style=\"text-align: justify;\"><span style=\"font-size: small;\">Aqu\u00ed pas\u00f3 los \u00faltimos d\u00edas de su vida, acompa\u00f1ado de una parte de su s\u00e9quito, y de su segunda esposa, la reina Germana de Foix, que tras un largo viaje desde tierras aragonesas, acudi\u00f3 con tiempo de ver al rey a\u00fan con vida.<\/span><\/p>\n<p style=\"text-align: justify;\"><span style=\"font-size: small;\">El rey Fernando muri\u00f3 en la madrugada de 23 de enero de 1516 en la Casa de Santa Mar\u00eda, un enorme complejo que ocupaba toda una manzana a la salida del pueblo y que fue abandonada y desmantelada por la desamortizaci\u00f3n en el siglo XIX. S\u00f3lo una estancia se salv\u00f3 del derribo, la que ocup\u00f3 el rey en el momento de su muerte, convertida con el paso del tiempo en pajar y almac\u00e9n hasta que en 1980, fue \u00a0declarada Monumento Nacional.<\/span><\/p>\n<p style=\"text-align: justify;\"><span style=\"font-size: small;\">\u00a0<\/span><\/p>\n<p style=\"text-align: justify;\"><strong><span style=\"font-size: small;\">Muerte por sobredosis\u2026 de Viagra medieval<\/span><\/strong><\/p>\n<p style=\"text-align: justify;\"><span style=\"font-size: small;\">\u00a0<\/span><\/p>\n<p style=\"text-align: justify;\"><span style=\"font-size: small;\">Lo cierto es que Fernando el cat\u00f3lico ya hab\u00eda estado antes por estos lares, pero acompa\u00f1ado de su inseparable esposa, la reina Isabel la Cat\u00f3lica. Pero Isabel muere en 1504, y Fernando es consciente de que necesita tener un descendiente para que pueda ocupar los tronos de Castilla y Arag\u00f3n, ya que su hija Juana estaba un poquito loca y su heredero, el pr\u00edncipe Juan, un poquito muerto. As\u00ed que, sacrific\u00e1ndose y teniendo en su cabeza el lema de \u201ctodo por la patria\u201d, decide casarse con la pizpireta Germana de Foix, de tan solo 18 a\u00f1itos.<\/span><\/p>\n<p style=\"text-align: justify;\"><span style=\"font-size: small;\">La diferencia de edad era nada menos que de 36 a\u00f1os, por lo que pronto el pobre Fernando descubre que necesita algo de ayuda no ya para engendrar var\u00f3n, sino al menos para intentarlo. Y como en este mundo nada es nuevo (y menos si hablamos de sexo), el rey, su esposa y sus adl\u00e1teres recurrieron a los antepasados medievales de la Viagra.\u00a0 <\/span><\/p>\n<p style=\"text-align: justify;\"><span style=\"font-size: small;\">El principal afrodisiaco de la \u00e9poca \u00a0consist\u00eda en las criadillas o \u00a0test\u00edculos de toro, un remedio muy conocido en nuestra tierra desde la antig\u00fcedad, y que a\u00fan se consume en algunos lugares, pues se cre\u00eda que la fuerza y la virilidad de ese animal se transmit\u00eda a quien los com\u00eda (\u201cde lo que se come se cr\u00eda\u201d, se afirma en estos lares, y nunca mejor dicho).\u00a0 De hecho, la \u201cpublicidad\u201d de la \u00e9poca afirmaba que una buena turma \u00a0<\/span><em><span style=\"font-size: small;\">&#8220;<a title=\"Fernando el cat\u00f3lico y la sobredosis de Viagra\" href=\"http:\/\/es.paperblog.com\/fernando-el-catolico-y-la-sobredosis-de-viagra-1644767\/ \" rel=\"external nofollow\">face desfallecerse una muxer debajo del var\u00f3n<\/a>&#8220;. <\/span><\/em><span style=\"font-size: small;\">Ah\u00ed es nada<\/span><em><span style=\"font-size: small;\">.<\/span><\/em><\/p>\n<p style=\"text-align: justify;\"><span style=\"font-size: small;\">Pero no fue por nuestra gastronom\u00eda testicular por lo que muri\u00f3 el rey, sino por otro afrodisiaco que a\u00fan se vende en las herborister\u00edas de algunos pa\u00edses africanos (doy fe de ello) y que se ha utilizado durante siglos para potenciar lo impotente: <strong><a title=\"Fernando el cat\u00f3lico falleci\u00f3 por abusar de un potente afrodis\u00edaco\" href=\"http:\/\/www.abc.es\/espana\/20141216\/abci-fernando-catolico-pudo-fallecer-201412152004.html\" rel=\"external nofollow\">La cant\u00e1rida<\/a><\/strong>. De hecho, le hemos puesto el apellido, y en el mundo se la conoce como \u201cmosca espa\u00f1ola\u201d. <\/span><\/p>\n<div id=\"attachment_1267\" style=\"width: 1398px\" class=\"wp-caption aligncenter\"><a href=\"\/extremadurasecreta\/wp-content\/uploads\/sites\/16\/2016\/01\/cantarida.jpg\"><img aria-describedby=\"caption-attachment-1267\" loading=\"lazy\" class=\"size-full wp-image-1267\" title=\"cantarida\" src=\"\/extremadurasecreta\/wp-content\/uploads\/sites\/16\/2016\/01\/cantarida.jpg\" alt=\"\" width=\"1388\" height=\"1026\" srcset=\"https:\/\/static-blogs.hoy.es\/wp-content\/uploads\/sites\/16\/2016\/01\/cantarida.jpg 1388w, https:\/\/static-blogs.hoy.es\/wp-content\/uploads\/sites\/16\/2016\/01\/cantarida-300x222.jpg 300w, https:\/\/static-blogs.hoy.es\/wp-content\/uploads\/sites\/16\/2016\/01\/cantarida-768x568.jpg 768w, https:\/\/static-blogs.hoy.es\/wp-content\/uploads\/sites\/16\/2016\/01\/cantarida-1024x757.jpg 1024w\" sizes=\"(max-width: 1388px) 100vw, 1388px\" \/><\/a><p id=\"caption-attachment-1267\" class=\"wp-caption-text\">La cant\u00e1rida o mosca espa\u00f1ola, el Viagra de la \u00e9poca (Jimber)<\/p><\/div>\n<p style=\"text-align: justify;\"><span style=\"font-size: small;\">Sin embargo, la cant\u00e1rida no es una mosca, sino un peque\u00f1o escarabajo de color verde esmeralda metalizado del que se obtiene un alcaloide denominado cantaridina, \u00a0que aplicado en dosis controladas dilata los vasos sangu\u00edneos, produciendo en el hombre una erecci\u00f3n prolongada.<\/span><\/p>\n<p style=\"text-align: justify;\">En Extremadura la hemos utilizado con alegr\u00eda desde hace siglos, y <a title=\"El amor brujo\" href=\"https:\/\/blogs.hoy.es\/extremadurasecreta\/2013\/04\/03\/el-amor-brujo\/\">las brujas y hechiceras hac\u00edan de ella una compa\u00f1era inseparable <\/a>para sus <strong><a title=\"Hechiceras extreme\u00f1as: Los polvos del querer\" href=\"https:\/\/blogs.hoy.es\/extremadurasecreta\/2013\/03\/07\/hechiceras-extremenas-los-polvos-del-querer\/\">polvos del querer<\/a><\/strong>y otros polvos igual de sospechosos.<\/p>\n<p style=\"text-align: justify;\"><span style=\"font-size: small;\">Seg\u00fan\u00a0 afirma el periodista C\u00e9sar Cervera, Jer\u00f3nimo Zurita, cronista del Reino de Arag\u00f3n, estaba convencido de que el Rey sufri\u00f3 una grave enfermedad ocasionada por un <\/span><\/p>\n<p style=\"text-align: justify;\"><span style=\"font-size: small;\">\u00ab<\/span><em><span style=\"font-size: small;\">feo potaje que la Reina le hizo dar para m\u00e1s habilitarle, que pudiese tener hijos. Esta enfermedad se fue agravando cada d\u00eda, confirm\u00e1ndose en hidropes\u00eda con muchos desmayos, y mal de coraz\u00f3n: de donde creyeron algunos que le fueron dadas yerbas<\/span><\/em><span style=\"font-size: small;\">\u00bb. <\/span><\/p>\n<p style=\"text-align: justify;\"><span style=\"font-size: small;\">Nadie dudaba de que el c\u00f3ctel de afrodis\u00edacos, en especial por la cant\u00e1rida, era el culpable de la mala salud de Fernando, y que su abuso le provoc\u00f3 graves congestiones que derivaron en la hemorragia cerebral que le llev\u00f3 a la tumba. De hecho, algunos cronistas han apuntado que la noche anterior a su muerte hab\u00eda ingerido una dosis muy elevada del \u00abfeo potaje\u00bb\u2026<\/span><\/p>\n<p style=\"text-align: justify;\"><span style=\"font-size: small;\">Por muy feo que fuera el potaje, lo cierto es que la erecci\u00f3n espont\u00e1nea que produce la cant\u00e1rida la convirti\u00f3 en el afrodis\u00edaco de referencia hasta el siglo XVII, \u00a0cuando cay\u00f3 en desuso dado el n\u00famero de envenenamientos mortales que se produjeron. Pero como el hombre es el \u00fanico animal que tropieza dos veces con la misma Viagra, volvi\u00f3 a ponerse de moda a mediados del siglo XVIII, cuando entr\u00f3 a formar parte de los ingredientes de unos bombones afrodisiacos conocidos en Francia como \u201c<\/span><em><span style=\"font-size: small;\">caramelos Richelieu<\/span><\/em><span style=\"font-size: small;\">\u201d. Estos cardenales\u2026<\/span><\/p>\n<p><span style=\"font-size: small;\">\u00a0<\/span><\/p>\n<p>&nbsp;<\/p>\n<p><span style=\"font-family: Calibri; font-size: small;\">\u00a0<\/span><\/p>\n<p><span style=\"font-family: Calibri; font-size: small;\">\u00a0<\/span><\/p>\n<!-- AddThis Advanced Settings generic via filter on the_content --><!-- AddThis Share Buttons generic via filter on the_content -->","protected":false},"excerpt":{"rendered":"<p>Ahora que se cumplen los 500 a\u00f1os del fallecimiento de Fernando el Cat\u00f3lico es buen momento para recordar c\u00f3mo y d\u00f3nde muri\u00f3 el rey m\u00e1s famoso de Espa\u00f1a. Sus circunstancias bien valen un escrito. El viajecito por Extremadura comenzaba entretenido para su majestad, porque fue en Plasencia donde el rey Fernando el Cat\u00f3lico vio por [&hellip;]<!-- AddThis Advanced Settings generic via filter on get_the_excerpt --><!-- AddThis Share Buttons generic via filter on get_the_excerpt --><\/p>\n","protected":false},"author":20,"featured_media":0,"comment_status":"open","ping_status":"closed","sticky":false,"template":"","format":"standard","meta":[],"categories":[4,7],"tags":[24,26,111,206,208,506,638,795,879,880],"_links":{"self":[{"href":"https:\/\/blogs.hoy.es\/extremadurasecreta\/wp-json\/wp\/v2\/posts\/1263"}],"collection":[{"href":"https:\/\/blogs.hoy.es\/extremadurasecreta\/wp-json\/wp\/v2\/posts"}],"about":[{"href":"https:\/\/blogs.hoy.es\/extremadurasecreta\/wp-json\/wp\/v2\/types\/post"}],"author":[{"embeddable":true,"href":"https:\/\/blogs.hoy.es\/extremadurasecreta\/wp-json\/wp\/v2\/users\/20"}],"replies":[{"embeddable":true,"href":"https:\/\/blogs.hoy.es\/extremadurasecreta\/wp-json\/wp\/v2\/comments?post=1263"}],"version-history":[{"count":0,"href":"https:\/\/blogs.hoy.es\/extremadurasecreta\/wp-json\/wp\/v2\/posts\/1263\/revisions"}],"wp:attachment":[{"href":"https:\/\/blogs.hoy.es\/extremadurasecreta\/wp-json\/wp\/v2\/media?parent=1263"}],"wp:term":[{"taxonomy":"category","embeddable":true,"href":"https:\/\/blogs.hoy.es\/extremadurasecreta\/wp-json\/wp\/v2\/categories?post=1263"},{"taxonomy":"post_tag","embeddable":true,"href":"https:\/\/blogs.hoy.es\/extremadurasecreta\/wp-json\/wp\/v2\/tags?post=1263"}],"curies":[{"name":"wp","href":"https:\/\/api.w.org\/{rel}","templated":true}]}}