{"id":1270,"date":"2016-01-31T23:11:22","date_gmt":"2016-01-31T21:11:22","guid":{"rendered":"http:\/\/blogs.hoy.es\/extremadurasecreta\/?p=1270"},"modified":"2016-01-31T23:11:22","modified_gmt":"2016-01-31T21:11:22","slug":"del-imbolc-celta-a-los-trisantos-de-febrero-cuando-la-diosa-brigantia-se-convirtio-en-santa-brigida","status":"publish","type":"post","link":"https:\/\/blogs.hoy.es\/extremadurasecreta\/2016\/01\/31\/del-imbolc-celta-a-los-trisantos-de-febrero-cuando-la-diosa-brigantia-se-convirtio-en-santa-brigida\/","title":{"rendered":"Del Imbolc celta a los trisantos de febrero: Cuando la diosa Brigantia se convirti\u00f3 en Santa Br\u00edgida"},"content":{"rendered":"<div class=\"mceTemp\"><\/div>\n<div id=\"attachment_1271\" style=\"width: 163px\" class=\"wp-caption alignleft\"><a href=\"\/extremadurasecreta\/wp-content\/uploads\/sites\/16\/2016\/01\/brigantia.jpg\"><img aria-describedby=\"caption-attachment-1271\" loading=\"lazy\" class=\"size-medium wp-image-1271\" title=\"brigantia\" src=\"\/extremadurasecreta\/wp-content\/uploads\/sites\/16\/2016\/01\/brigantia.jpg\" alt=\"\" width=\"153\" height=\"300\" srcset=\"https:\/\/static-blogs.hoy.es\/wp-content\/uploads\/sites\/16\/2016\/01\/brigantia.jpg 505w, https:\/\/static-blogs.hoy.es\/wp-content\/uploads\/sites\/16\/2016\/01\/brigantia-153x300.jpg 153w\" sizes=\"(max-width: 153px) 100vw, 153px\" \/><\/a><p id=\"caption-attachment-1271\" class=\"wp-caption-text\">Brigantia, en el Museo Nacional de Escocia<\/p><\/div>\n<p style=\"text-align: justify;\">Paseando la semana pasada por las salas del <a title=\"Museo Nacional de Escocia\" href=\"http:\/\/www.nms.ac.uk\/\" rel=\"external nofollow\">Museo Nacional de Escocia<\/a> me top\u00e9 con un ara de apariencia romana con un nombre que me llam\u00f3 la atenci\u00f3n; <strong>Brigantia<\/strong>. Y record\u00e9 que ya mismo, en algunos pueblos extreme\u00f1os, celebrar\u00edamos nuestra fiesta celta vestida de ropajes cristianos: <strong>Santa Br\u00edgida<\/strong>.<\/p>\n<p style=\"text-align: justify;\">Y es que Santa Br\u00edgida es, como bien recoge el historiador <a title=\"Los Cuentos de Ahigal, una antigua enciclopedia extreme\u00f1a\" href=\"https:\/\/blogs.hoy.es\/extremadurasecreta\/2012\/09\/22\/los-cuentos-de-ahigal-una-antigua-enciclopedia-extremena\/\">\u00a0<strong>Jose Mar\u00eda Dominguez Moreno<\/strong><\/a>, uno de \u201clos trisantos de febrero\u201d<\/p>\n<p style=\"text-align: justify;\"><em>Los trisantos de febrero:<\/em><\/p>\n<p style=\"text-align: justify;\"><em>Santa Br\u00edgida el primero,<\/em><\/p>\n<p style=\"text-align: justify;\"><em>el segundo Candelero<\/em><\/p>\n<p style=\"text-align: justify;\"><em>y el tercero gargantero.<\/em><\/p>\n<p style=\"text-align: justify;\">Estos \u201ctrisantos\u201d engloban en nuestras tierras la festividad celta de Imbolc, que marcaba el inicio del resurgir de la vida \u00a0Se celebraba en torno al 1 de Febrero, durante la luna llena que tiene lugar entre el solsticio de invierno y el equinoccio de primavera.<\/p>\n<p style=\"text-align: justify;\"><strong>Imbolc<\/strong> era la fiesta de la luz que reflejaba la esperanza de la primavera y c\u00f3mo los d\u00edas eran cada vez m\u00e1s largos. El fuego y la purificaci\u00f3n son un aspecto muy importante de esta festividad puesto que Brighid es la diosa de la salud y est\u00e1 asociada a la curaci\u00f3n, a los manantiales y al fuego sagrado. Por eso, el encendido de velas y fuegos representa la vuelta del calor y del creciente poder del Sol en los meses venideros. De hecho, La diosa Brigit (o Brighid) y su trasunto Santa Br\u00edgida se representan con un fuego en las manos. Y por si fuera poco, en estos d\u00edas se encienden en los pueblos<a title=\"Las pantarujas vuelven a arder en las hogueras\" href=\"https:\/\/blogs.hoy.es\/extremadurasecreta\/2015\/02\/01\/las-pantarujas-vuelven-a-arder-en-las-hogueras\/\"> <strong>las fiestas rituales de las Candelas<\/strong>.<\/a><\/p>\n<p style=\"text-align: justify;\"><a title=\"Las pantarujas vuelven a arder en las hogueras\" href=\"https:\/\/blogs.hoy.es\/extremadurasecreta\/2015\/02\/01\/las-pantarujas-vuelven-a-arder-en-las-hogueras\/\">\u00a0<\/a><\/p>\n<p style=\"text-align: justify;\">Imbolc era el d\u00eda en que Brighid recorr\u00eda la tierra y recog\u00eda la le\u00f1a que necesita para el resto del invierno. Como afirman los compa\u00f1eros de <strong><a title=\"Palramus extreme\u00f1u\" href=\"http:\/\/blogs.hoy.es\/palramus-extremenu\">Oscec<\/a><\/strong> si el invierno a\u00fan hab\u00eda de durar, ser\u00eda un d\u00eda soleado, para que Brighid pudiera salir a por la le\u00f1a que necesite para el resto del invierno. Si hac\u00eda un d\u00eda malo es porque Brighid no necesitaba m\u00e1s le\u00f1a y porque el invierno ya no durar\u00eda mucho.<\/p>\n<p style=\"text-align: justify;\">La Iglesia Cat\u00f3lica no tard\u00f3 en sustituir a la diosa Brigit por la abadesa santa Br\u00edgida de Kildare, cuya fiesta (al parecer, su muerte) tambi\u00e9n se celebra el 1 de febrero, una noche es en la que Santa Br\u00edgida recorre la tierra.<\/p>\n<p style=\"text-align: justify;\">Antes de acostarse, todos dejan una cinta o pa\u00f1uelo en la ventana para que, al pasar, las bendiga. El padre de familia apaga entonces el fuego y rastrilla las cenizas. Por la ma\u00f1ana los surcos en las cenizas son las huellas del paso de Santa Br\u00edgida y entonces se recogen los pa\u00f1uelos que ahora tienen poder de curaci\u00f3n y protecci\u00f3n (\u00bfNo nos recuerda eso a San Blas y a sus cordones protectores de gargantas, otros de los trisantos de febrero?)<\/p>\n<div id=\"attachment_1272\" style=\"width: 635px\" class=\"wp-caption aligncenter\"><a href=\"\/extremadurasecreta\/wp-content\/uploads\/sites\/16\/2016\/01\/brigida5_edited.jpg\"><img aria-describedby=\"caption-attachment-1272\" loading=\"lazy\" class=\"size-large wp-image-1272\" title=\"brigida5_edited\" src=\"\/extremadurasecreta\/wp-content\/uploads\/sites\/16\/2016\/01\/brigida5_edited.jpg\" alt=\"\" width=\"625\" height=\"1024\" \/><\/a><p id=\"caption-attachment-1272\" class=\"wp-caption-text\">Santa Br\u00edgida, con b\u00e1culo y fuego<\/p><\/div>\n<div class=\"mceTemp mceIEcenter\"><\/div>\n<p style=\"text-align: justify;\">De hecho, la vida de la Santa\u00a0 no tiene desperdicio para quien sepa leer entre l\u00edneas, pues cuenta el maestro e investigador <strong><a title=\"El culto a Santa Br\u00edgida en Extremadura\" href=\"http:\/\/ab.dip-caceres.org\/export\/sites\/default\/comun\/galerias\/galeriaDescargas\/archivo-y-biblioteca-de-la-diputacion\/Alcantara\/05-075-alc\/05-075-006-El_culto.pdf\" rel=\"external nofollow\">Jose Luis Rodriguez Plasencia<\/a> <\/strong>que algunas tradiciones presentan a Br\u00edgida bastarda de un druida, que tuvo una visi\u00f3n seg\u00fan la cual estar\u00eda llamada a ser una gran diosa; o incluso como alumna aventajada de los druidas.<\/p>\n<p style=\"text-align: justify;\">Br\u00edgida naci\u00f3 al amanecer, mientras que su madre caminaba sobre un umbral, es decir, estando entre lugares y tiempos. En la tradici\u00f3n celta este es un periodo de espacio sagrado cuando las puertas entre los mundos se abren y pueden ocurrir eventos m\u00e1gicos.<\/p>\n<p style=\"text-align: justify;\">Otra leyenda cuenta que de ni\u00f1a no pod\u00eda ingerir alimentos ordinarios, y era alimentada con la leche de una vaca blanca con las orejas rojas. Los animales blancos con orejas rojas se encuentran frecuentemente en la mitolog\u00eda celta como bestias del otro mundo.<\/p>\n<p style=\"text-align: justify;\">En Irlanda, esta festividad est\u00e1 ahora consagrada a Santa Br\u00edgida, el d\u00eda 2 de Febrero,<\/p>\n<p style=\"text-align: justify;\">En el oeste de la pen\u00ednsula ib\u00e9rica, todos los pueblos de origen c\u00e9ltico tambi\u00e9n compart\u00edan este culto y las festividades del calendario celta, siendo conocida con el nombre de Brigantia<\/p>\n<p style=\"text-align: justify;\">El culto a Brigantia no ha desaparecido de nuestras tierras. O al menos, no del todo., Sabemos por <strong>Rodriguez Plasencia<\/strong> que tuvo ermita en <strong>Calzadilla de los Barros<\/strong>, \u00a0en <strong>Talarrubias<\/strong>, en <strong>Villarta de los Montes<\/strong>, en <strong>Usagre <\/strong>y en <strong>Fregenal de la Sierra<\/strong>. En \u00a0<strong>Monesterio<\/strong> tambi\u00e9n hubo una ermita de Santa Br\u00edgida, (tambi\u00e9n llamada, mire que curioso, de la Candelaria, otra trisanta), y en <strong>Lob\u00f3n<\/strong> hubo una capilla dedicada la santa irlandesa (de la que ya no quedan ni los restos) pero de la que part\u00edan las cacer\u00edas de lobos que se organizaban en la localidad.<\/p>\n<div id=\"attachment_1273\" style=\"width: 1034px\" class=\"wp-caption aligncenter\"><a href=\"\/extremadurasecreta\/wp-content\/uploads\/sites\/16\/2016\/01\/Iglesia-de-las-L\u00e1stimas-Cambroncino13-211_edited-copia.jpg\"><img aria-describedby=\"caption-attachment-1273\" loading=\"lazy\" class=\"size-full wp-image-1273\" title=\"Iglesia de las L\u00e1stimas Cambroncino13 211_edited - copia\" src=\"\/extremadurasecreta\/wp-content\/uploads\/sites\/16\/2016\/01\/Iglesia-de-las-L\u00e1stimas-Cambroncino13-211_edited-copia.jpg\" alt=\"\" width=\"1024\" height=\"768\" \/><\/a><p id=\"caption-attachment-1273\" class=\"wp-caption-text\">En la iglesia de Cambroncino Santa Brigida propiciaba buenos temporales (A. Briz)<\/p><\/div>\n<div class=\"mceTemp mceIEcenter\"><\/div>\n<p style=\"text-align: justify;\">La diosa cristianizada todav\u00eda recibe culto en <strong>Pe\u00f1alsordo,<\/strong> (en la zona m\u00e1s elevada del pueblo) en <strong>Montemol\u00edn<\/strong> (cuya ermita ahora es llamada de San Blas, otro trisanto). Santa Br\u00edgida es adem\u00e1s patrona de <strong>Zafra<\/strong>, y seg\u00fan afirma el antrop\u00f3logo <strong><a title=\"Lecturas de patrimonio antropol\u00f3gico\" href=\"http:\/\/javiermarcosarevalo.blogspot.com.es\/2011\/03\/lecturas-ii-patrimonio-antropologico-y.html\" rel=\"external nofollow\">Javier Marcos Ar\u00e9valo<\/a><\/strong>, sus fiestas (tanto la de Santa Br\u00edgida como la de la Candelaria) dan una especial relevancia social a las mujeres.<\/p>\n<p style=\"text-align: justify;\">En algunos pueblos de la provincia de C\u00e1ceres, como <strong>Cambroncino<\/strong> o <strong>Aldeanueva del Camino<\/strong>, aunque no hay ermitas dedicadas a la santa se conservaba hasta hace poco la costumbre de tocar las campanas de la iglesia el d\u00eda de Santa Br\u00edgida, con el objeto de propiciar los buenos temporales.<\/p>\n<p style=\"text-align: justify;\">Quiz\u00e1s a partir de ahora, cuando suenen las campanas o subamos a una ermita perdida encomendada a Santa Br\u00edgida, podamos ver, mir\u00e1ndola a los ojos, a la diosa que se oculta tras la santa, y descubrir, bajo nuestros h\u00e1bitos cristianos, nuestra piel celt\u00edbera y pagana.<\/p>\n<p>&nbsp;<\/p>\n<p>&nbsp;<\/p>\n<p><em>\u00a0\u00bfQuieres m\u00e1s? Con\u00f3cenos en \u00a0<strong><a title=\"Extremadura Secreta\" href=\"http:\/\/extremadurasecreta.com\/\" rel=\"external nofollow\">Extremadura Secreta<\/a><\/strong><\/em><\/p>\n<p>&nbsp;<\/p>\n<p>&nbsp;<\/p>\n<!-- AddThis Advanced Settings generic via filter on the_content --><!-- AddThis Share Buttons generic via filter on the_content -->","protected":false},"excerpt":{"rendered":"<p>Paseando la semana pasada por las salas del Museo Nacional de Escocia me top\u00e9 con un ara de apariencia romana con un nombre que me llam\u00f3 la atenci\u00f3n; Brigantia. Y record\u00e9 que ya mismo, en algunos pueblos extreme\u00f1os, celebrar\u00edamos nuestra fiesta celta vestida de ropajes cristianos: Santa Br\u00edgida. Y es que Santa Br\u00edgida es, como [&hellip;]<!-- AddThis Advanced Settings generic via filter on get_the_excerpt --><!-- AddThis Share Buttons generic via filter on get_the_excerpt --><\/p>\n","protected":false},"author":20,"featured_media":0,"comment_status":"open","ping_status":"closed","sticky":false,"template":"","format":"standard","meta":[],"categories":[7],"tags":[49,149,150,151,152,189,190,525,634,749,772,780,857,865,957,1070,1080,1148,1221,1276,1286],"_links":{"self":[{"href":"https:\/\/blogs.hoy.es\/extremadurasecreta\/wp-json\/wp\/v2\/posts\/1270"}],"collection":[{"href":"https:\/\/blogs.hoy.es\/extremadurasecreta\/wp-json\/wp\/v2\/posts"}],"about":[{"href":"https:\/\/blogs.hoy.es\/extremadurasecreta\/wp-json\/wp\/v2\/types\/post"}],"author":[{"embeddable":true,"href":"https:\/\/blogs.hoy.es\/extremadurasecreta\/wp-json\/wp\/v2\/users\/20"}],"replies":[{"embeddable":true,"href":"https:\/\/blogs.hoy.es\/extremadurasecreta\/wp-json\/wp\/v2\/comments?post=1270"}],"version-history":[{"count":0,"href":"https:\/\/blogs.hoy.es\/extremadurasecreta\/wp-json\/wp\/v2\/posts\/1270\/revisions"}],"wp:attachment":[{"href":"https:\/\/blogs.hoy.es\/extremadurasecreta\/wp-json\/wp\/v2\/media?parent=1270"}],"wp:term":[{"taxonomy":"category","embeddable":true,"href":"https:\/\/blogs.hoy.es\/extremadurasecreta\/wp-json\/wp\/v2\/categories?post=1270"},{"taxonomy":"post_tag","embeddable":true,"href":"https:\/\/blogs.hoy.es\/extremadurasecreta\/wp-json\/wp\/v2\/tags?post=1270"}],"curies":[{"name":"wp","href":"https:\/\/api.w.org\/{rel}","templated":true}]}}