{"id":1275,"date":"2016-02-08T11:24:19","date_gmt":"2016-02-08T09:24:19","guid":{"rendered":"http:\/\/blogs.hoy.es\/extremadurasecreta\/?p=1275"},"modified":"2016-02-08T11:24:19","modified_gmt":"2016-02-08T09:24:19","slug":"el-fantasma-de-la-vieja-cuaresma","status":"publish","type":"post","link":"https:\/\/blogs.hoy.es\/extremadurasecreta\/2016\/02\/08\/el-fantasma-de-la-vieja-cuaresma\/","title":{"rendered":"El fantasma de la Vieja Cuaresma"},"content":{"rendered":"<p style=\"text-align: justify;\">\u00a0<a href=\"\/extremadurasecreta\/wp-content\/uploads\/sites\/16\/2016\/02\/Vella_Quaresma.jpg\"><img loading=\"lazy\" class=\"alignleft size-medium wp-image-1276\" title=\"La Vieja Cuaresma\" src=\"\/extremadurasecreta\/wp-content\/uploads\/sites\/16\/2016\/02\/Vella_Quaresma.jpg\" alt=\"\" width=\"233\" height=\"300\" srcset=\"https:\/\/static-blogs.hoy.es\/wp-content\/uploads\/sites\/16\/2016\/02\/Vella_Quaresma.jpg 521w, https:\/\/static-blogs.hoy.es\/wp-content\/uploads\/sites\/16\/2016\/02\/Vella_Quaresma-233x300.jpg 233w\" sizes=\"(max-width: 233px) 100vw, 233px\" \/><\/a>Anda (y nunca mejor dicho) \u00a0por estos d\u00edas <strong><a title=\"La Patarrona, entre el carnaval y la Cuaresma\" href=\"http:\/\/blogs.hoy.es\/catalanaconjamon\/2015\/03\/16\/la-patarrona-entre-carnaval-y-cuaresma\/\">La Patarrona<\/a><\/strong> recorriendo pueblos extreme\u00f1os. La Patarrona\u00a0 es una vieja\u00a0 con muchas muchas piernas \u00a0que amenaza a los ni\u00f1os con ponerles un grano en la cara si no cumplen sus exigencias. La Patarrona comenz\u00f3 a caminar en Italia y Catalu\u00f1a con siete patas y termin\u00f3 en Extremadura con solo cinco. Empez\u00f3 siendo una vieja desagradable y\u00a0 termin\u00f3 convertida en una simp\u00e1tica bruja. Naci\u00f3 cuaresmera y la hicimos carnavalera.<\/p>\n<p style=\"text-align: justify;\">A nuestra Patarrona se la llama en otros lugares <strong>La Vieja Cuaresma<\/strong>, y cada pierna de la anciana es una semana que queda para la Pascua. Pero, en algunos lugares de Extremadura, como en Fuente del Arco, La Vieja Cuaresma tiene una leyenda m\u00e1s triste, aunque vestida con los mismos ropajes de bruja anciana.<\/p>\n<p style=\"text-align: justify;\">\u00a0Acudimos a <strong>Fuente del Arco<\/strong> siguiendo el rastro de las leyendas que el fil\u00f3logo y escritor <strong><a title=\"Manuel Vilches\" href=\"http:\/\/jayona.galeon.com\/web\/cultura\/manuel%20vilches\/default.htm\" rel=\"external nofollow\">Manuel Vilches<\/a><\/strong> nos relata en su libro <strong><a title=\"El tesoro del rey Jay\u00f3n\" href=\"https:\/\/blogs.hoy.es\/extremadurasecreta\/2012\/07\/30\/el-tesoro-del-rey-jayon\/\">La Tierra de Jay\u00f3n<\/a><\/strong>, y concretamente\u00a0 una de ellas: <strong>La cueva\u00a0Cuaresma<\/strong>.<\/p>\n<p style=\"text-align: justify;\">\u00a0Nada m\u00e1s salir del pueblo, camino de esa joya que es\u00a0<strong><a title=\"El tesoro del rey Jay\u00f3n\" href=\"https:\/\/blogs.hoy.es\/extremadurasecreta\/2012\/07\/30\/el-tesoro-del-rey-jayon\/\"> la ermita del Ara<\/a><\/strong>, nos encontramos a la derecha una elevaci\u00f3n conocida como <strong>El Cerraj\u00f3n<\/strong>, en la que a\u00fan se dibuja lo que queda de<a title=\"La bruja est\u00e1 en la cueva\" href=\"https:\/\/blogs.hoy.es\/extremadurasecreta\/2012\/03\/23\/la-bruja-esta-en-la-cueva\/\"> la misteriosa \u201c<\/a><strong><a title=\"La bruja est\u00e1 en la cueva\" href=\"https:\/\/blogs.hoy.es\/extremadurasecreta\/2012\/03\/23\/la-bruja-esta-en-la-cueva\/\">la Cueva Cuaresma<\/a><\/strong><a title=\"La bruja est\u00e1 en la cueva\" href=\"https:\/\/blogs.hoy.es\/extremadurasecreta\/2012\/03\/23\/la-bruja-esta-en-la-cueva\/\">\u201d,\u00a0\u00a0con aires brujeriles<\/a> y reducida\u00a0 a barrenazos \u00a0desde los a\u00f1os veinte, pero a\u00fan visible en la cresta.<\/p>\n<p style=\"text-align: justify;\">Cuenta la leyenda que hace mucho, mucho tiempo, (tanto que ni los m\u00e1s ancianos del lugar recordaban haberla conocido), una anciana ten\u00eda por \u00a0costumbre recluirse en aquella covacha durante el per\u00edodo de Cuaresma, los 40 d\u00edas de ayuno y abstinencia previos al domingo de Pascua.<\/p>\n<p style=\"text-align: justify;\">Cuentan que esta vieja en otro tiempo fue joven, y tan devota y m\u00edstica que \u00a0decidi\u00f3 encerrarse las cuaresmas en la cueva\u00a0 para estar m\u00e1s cerca de Dios y m\u00e1s lejos de los hombres. Pero el pueblo, que no perdona al que va por libre, comenz\u00f3 a murmurar de la muchacha, llegando primero a decir que andaba amancebada en la cueva con un bandolero, y m\u00e1s tarde a afirmar que el bandolero no era tal, sino el mismo demonio al que hab\u00eda entregado su alma y su cuerpo a cambio de conocimientos brujeriles.<\/p>\n<p style=\"text-align: justify;\">Tal era el rechazo que\u00a0le demostraban sus vecinos cuando decid\u00eda bajar el pueblo, que un a\u00f1o, al llegar la Pascua,\u00a0 decidi\u00f3 no volver a bajar, y habitar por siempre en la cueva.<\/p>\n<div id=\"attachment_1277\" style=\"width: 1034px\" class=\"wp-caption aligncenter\"><a href=\"\/extremadurasecreta\/wp-content\/uploads\/sites\/16\/2016\/02\/La-cueva-de-la-vieja-cuaresma-Fuente-del-ArcoIMG_8614_edited.jpg\"><img aria-describedby=\"caption-attachment-1277\" loading=\"lazy\" class=\"size-large wp-image-1277\" title=\"La cueva de la vieja cuaresma Fuente del ArcoIMG_8614_edited\" src=\"\/extremadurasecreta\/wp-content\/uploads\/sites\/16\/2016\/02\/La-cueva-de-la-vieja-cuaresma-Fuente-del-ArcoIMG_8614_edited.jpg\" alt=\"\" width=\"1024\" height=\"681\" srcset=\"https:\/\/static-blogs.hoy.es\/wp-content\/uploads\/sites\/16\/2016\/02\/La-cueva-de-la-vieja-cuaresma-Fuente-del-ArcoIMG_8614_edited.jpg 1936w, https:\/\/static-blogs.hoy.es\/wp-content\/uploads\/sites\/16\/2016\/02\/La-cueva-de-la-vieja-cuaresma-Fuente-del-ArcoIMG_8614_edited-300x200.jpg 300w, https:\/\/static-blogs.hoy.es\/wp-content\/uploads\/sites\/16\/2016\/02\/La-cueva-de-la-vieja-cuaresma-Fuente-del-ArcoIMG_8614_edited-768x511.jpg 768w, https:\/\/static-blogs.hoy.es\/wp-content\/uploads\/sites\/16\/2016\/02\/La-cueva-de-la-vieja-cuaresma-Fuente-del-ArcoIMG_8614_edited-1024x681.jpg 1024w\" sizes=\"(max-width: 1024px) 100vw, 1024px\" \/><\/a><p id=\"caption-attachment-1277\" class=\"wp-caption-text\">En esta cresta de Fuente del Arco se encuentra la cueva Cuaresma (\u00c1ngel Briz)<\/p><\/div>\n<p style=\"text-align: justify;\">El tiempo pas\u00f3, los a\u00f1os pasaron lentos e inexorables, la juventud dio paso a la vejez. Y un d\u00eda, en el pueblo, alguien coment\u00f3 que la Vieja Cuaresma hab\u00eda muerto. Y cuenta Vilches, con muy buena pluma,\u00a0que en\u00a0se\u00a0afirmaban en las calles<\/p>\n<p style=\"text-align: justify;\">&#8230; <em>\u201cque al filo silencioso de la medianoche pod\u00eda verse su espectro enlutado vagar sin rumbo fijo por los pe\u00f1ascos escarpados del Cerraj\u00f3n, envuelto en un p\u00e1lido resplandor de luna, que por los alrededores del cerro a esa hora pod\u00eda o\u00edrse, con espantosa claridad, un mon\u00f3tono llanto procedente del interior de la cueva, un llanto extra\u00f1o y prolongado, una especie de aullido agudo y sin final, infinitamente triste, como el lento delirio de una alima\u00f1a agonizante\u201d.<\/em><\/p>\n<p style=\"text-align: justify;\">Desde entonces, y aunque nadie la ha visto, los mayores atemorizan a los ni\u00f1os cuando andan por la zona.<\/p>\n<p style=\"text-align: justify;\">\u00a0\u201c\u00a1<em>Por all\u00ed viene la Vieja Cuaresma, \u00bfNo la veis?!\u201d\u2014<\/em> gritaba siempre alguien.<\/p>\n<p style=\"text-align: justify;\">Y los ni\u00f1os hu\u00edan cerro abajo, en desbandada, sin atreverse a mirar si era cierto o no.<\/p>\n<p style=\"text-align: justify;\">Y cuentan los campesinos que cuando volv\u00edan al pueblo al atardecer, llegando al cruce de senderos de <strong>la Cruz de Guardao<\/strong>, y al pasar\u00a0 frente a la boca de la cueva, las cargas de le\u00f1a, como por arte de magia,\u00a0se deshac\u00edan sobre el lomo cansino de las bestias, desmoron\u00e1ndose y cayendo al suelo.<\/p>\n<div id=\"attachment_1278\" style=\"width: 691px\" class=\"wp-caption aligncenter\"><a href=\"\/extremadurasecreta\/wp-content\/uploads\/sites\/16\/2016\/02\/La-cruz-del-Guardado-Fuente-del-Arco-IMG_8608_edited.jpg\"><img aria-describedby=\"caption-attachment-1278\" loading=\"lazy\" class=\"size-large wp-image-1278\" title=\"La cruz del Guardado Fuente del Arco IMG_8608_edited\" src=\"\/extremadurasecreta\/wp-content\/uploads\/sites\/16\/2016\/02\/La-cruz-del-Guardado-Fuente-del-Arco-IMG_8608_edited.jpg\" alt=\"\" width=\"681\" height=\"1024\" srcset=\"https:\/\/static-blogs.hoy.es\/wp-content\/uploads\/sites\/16\/2016\/02\/La-cruz-del-Guardado-Fuente-del-Arco-IMG_8608_edited.jpg 1288w, https:\/\/static-blogs.hoy.es\/wp-content\/uploads\/sites\/16\/2016\/02\/La-cruz-del-Guardado-Fuente-del-Arco-IMG_8608_edited-200x300.jpg 200w, https:\/\/static-blogs.hoy.es\/wp-content\/uploads\/sites\/16\/2016\/02\/La-cruz-del-Guardado-Fuente-del-Arco-IMG_8608_edited-768x1154.jpg 768w, https:\/\/static-blogs.hoy.es\/wp-content\/uploads\/sites\/16\/2016\/02\/La-cruz-del-Guardado-Fuente-del-Arco-IMG_8608_edited-681x1024.jpg 681w\" sizes=\"(max-width: 681px) 100vw, 681px\" \/><\/a><p id=\"caption-attachment-1278\" class=\"wp-caption-text\">La Cruz de Guardado, el lugar del crimen (\u00c1ngel Briz)<\/p><\/div>\n<p style=\"text-align: justify;\">Aunque hay quien afirma que el fantasma de la Vieja Cuaresma no baja de la cueva, y que quien deshace las cargas de los burros es el esp\u00edritu del Guardado, un borrach\u00edn bocazas al que una vecina asesin\u00f3 en ese mismo lugar mientras dorm\u00eda, atraves\u00e1ndolo con una aguja de coser serones por poner su nombre y su honra en boca de todo el pueblo.<\/p>\n<p style=\"text-align: justify;\">Sea\u00a0 como sea, y aunque el paisaje es precioso, y la cueva ya no es tanta cueva\u00a0y la Cruz del pobre Guardado acaban de encalarla,\u00a0no andaba yo sola por la zona una vez anochecido. Y menos en Cuaresma. Por si acaso.<\/p>\n<p style=\"text-align: justify;\">\n<p style=\"text-align: justify;\">\n<p style=\"text-align: justify;\"><em>\u00bfQuieres conocernos m\u00e1s? Vis\u00edtanos en <strong><a title=\"Extremadura Secreta\" href=\"http:\/\/extremadurasecreta.com\/\" rel=\"external nofollow\">Extremadura Secreta<\/a><\/strong><\/em><\/p>\n<!-- AddThis Advanced Settings generic via filter on the_content --><!-- AddThis Share Buttons generic via filter on the_content -->","protected":false},"excerpt":{"rendered":"<p>\u00a0Anda (y nunca mejor dicho) \u00a0por estos d\u00edas La Patarrona recorriendo pueblos extreme\u00f1os. La Patarrona\u00a0 es una vieja\u00a0 con muchas muchas piernas \u00a0que amenaza a los ni\u00f1os con ponerles un grano en la cara si no cumplen sus exigencias. La Patarrona comenz\u00f3 a caminar en Italia y Catalu\u00f1a con siete patas y termin\u00f3 en Extremadura [&hellip;]<!-- AddThis Advanced Settings generic via filter on get_the_excerpt --><!-- AddThis Share Buttons generic via filter on get_the_excerpt --><\/p>\n","protected":false},"author":20,"featured_media":0,"comment_status":"open","ping_status":"closed","sticky":false,"template":"","format":"standard","meta":[],"categories":[9],"tags":[336,339,434,494,540,945,1258],"_links":{"self":[{"href":"https:\/\/blogs.hoy.es\/extremadurasecreta\/wp-json\/wp\/v2\/posts\/1275"}],"collection":[{"href":"https:\/\/blogs.hoy.es\/extremadurasecreta\/wp-json\/wp\/v2\/posts"}],"about":[{"href":"https:\/\/blogs.hoy.es\/extremadurasecreta\/wp-json\/wp\/v2\/types\/post"}],"author":[{"embeddable":true,"href":"https:\/\/blogs.hoy.es\/extremadurasecreta\/wp-json\/wp\/v2\/users\/20"}],"replies":[{"embeddable":true,"href":"https:\/\/blogs.hoy.es\/extremadurasecreta\/wp-json\/wp\/v2\/comments?post=1275"}],"version-history":[{"count":0,"href":"https:\/\/blogs.hoy.es\/extremadurasecreta\/wp-json\/wp\/v2\/posts\/1275\/revisions"}],"wp:attachment":[{"href":"https:\/\/blogs.hoy.es\/extremadurasecreta\/wp-json\/wp\/v2\/media?parent=1275"}],"wp:term":[{"taxonomy":"category","embeddable":true,"href":"https:\/\/blogs.hoy.es\/extremadurasecreta\/wp-json\/wp\/v2\/categories?post=1275"},{"taxonomy":"post_tag","embeddable":true,"href":"https:\/\/blogs.hoy.es\/extremadurasecreta\/wp-json\/wp\/v2\/tags?post=1275"}],"curies":[{"name":"wp","href":"https:\/\/api.w.org\/{rel}","templated":true}]}}