{"id":1361,"date":"2016-06-19T18:12:46","date_gmt":"2016-06-19T16:12:46","guid":{"rendered":"http:\/\/blogs.hoy.es\/extremadurasecreta\/?p=1361"},"modified":"2016-06-19T18:12:46","modified_gmt":"2016-06-19T16:12:46","slug":"exorcistas-extremenos-en-el-siglo-de-oro","status":"publish","type":"post","link":"https:\/\/blogs.hoy.es\/extremadurasecreta\/2016\/06\/19\/exorcistas-extremenos-en-el-siglo-de-oro\/","title":{"rendered":"Exorcistas extreme\u00f1os del Siglo de Oro"},"content":{"rendered":"<p style=\"text-align: justify;\"><a href=\"\/extremadurasecreta\/wp-content\/uploads\/sites\/16\/2016\/06\/exorcismo_edited.jpg\"><img loading=\"lazy\" class=\"alignleft size-full wp-image-1362\" title=\"exorcismo_edited\" src=\"\/extremadurasecreta\/wp-content\/uploads\/sites\/16\/2016\/06\/exorcismo_edited.jpg\" alt=\"\" width=\"444\" height=\"306\" srcset=\"https:\/\/static-blogs.hoy.es\/wp-content\/uploads\/sites\/16\/2016\/06\/exorcismo_edited.jpg 444w, https:\/\/static-blogs.hoy.es\/wp-content\/uploads\/sites\/16\/2016\/06\/exorcismo_edited-300x207.jpg 300w\" sizes=\"(max-width: 444px) 100vw, 444px\" \/><\/a>El diablo ha campado a sus anchas en Extremadura desde que empezamos a creer en \u00e9l. Y aunque pod\u00eda haberse metido en el cuerpo de cualquier arist\u00f3crata, noble u obispazo, le tuvo querencia al pueblo llano y, no pocas veces se introdujo en los pobres cuerpos enjutos y hambrientos de labriegos y pastores y de<a title=\"Las brujas de C\u00e1ceres: escobas para no barrer\" href=\"https:\/\/blogs.hoy.es\/extremadurasecreta\/2013\/02\/21\/las-brujas-de-caceres-escobas-para-no-barrer\/\"> piadosas mujeres<\/a>.<\/p>\n<p style=\"text-align: justify;\">Los s\u00edntomas de posesi\u00f3n eran, como ahora, unas veces m\u00e1s claros que otros, aunque una vez pose\u00eddo el cuerpo, seg\u00fan el \u201c<strong><a title=\"Compedium maleficarum\" href=\"http:\/\/editorial-club-universitario.es\/pdf\/260.pdf\" rel=\"external nofollow\">Compendium Maleficarum<\/a><\/strong><a title=\"Compedium maleficarum\" href=\"http:\/\/editorial-club-universitario.es\/pdf\/260.pdf\" rel=\"external nofollow\">\u201d, <\/a>publicado en 1608,<\/p>\n<p style=\"text-align: justify;\"><em>\u201csi el demonio se encuentra en la garganta, se siente tan oprimido que parece estrangulado. Si se encuentra en las partes m\u00e1s nobles del cuerpo, como el coraz\u00f3n o los pulmones, produce jadeos, palpitaciones y s\u00edncopes. Si est\u00e1 cerca del est\u00f3mago, produce hipo y v\u00f3mitos, de modo que no puede tomar alimentos o no puede retenerlos. Y tambi\u00e9n hace que una especie de bolita pase por el ano, con rugidos y otros ruidos discordantes, y produce gases y calambres en el abdomen. A veces se les distingue por ciertos vapores de azufre u otros gases de olor penetrante\u201d.<\/em><\/p>\n<p style=\"text-align: justify;\">Afortunadamente, donde est\u00e1 el diablo no falta un exorcista, y ya el insigne <strong>Pedro Ciruelo<\/strong> comenta en su obra \u201c<em><strong><a title=\"Reprobaciones de supersticiones y hechicer\u00edas\" href=\"http:\/\/bibliotecadigital.jcyl.es\/es\/consulta\/registro.cmd?id=12361\" rel=\"external nofollow\">Reprobaciones de las supersticiones y hechicer\u00edas<\/a><\/strong><\/em>\u201d que durante el siglo XVI abundaban, entre otra fauna extra\u00f1a, los <em>sacadores de esp\u00edritus<\/em>, exorcistas legos, que<\/p>\n<p style=\"text-align: justify;\">\u00ab\u2026<em>con ciertos conjuros de palabras ignotas y otras ceremonias de yerbas y sahumerios de muy malos olores, fingen que hacen fuerza al diablo y lo compelen a salir, gastando mucho tiempo en demandas y respuestas con \u00e9l, a modo de pleito o juicio<\/em>\u00bb.<\/p>\n<a href=\"\/extremadurasecreta\/wp-content\/uploads\/sites\/16\/2016\/06\/valencia-de-alcantara.jpg\"><img loading=\"lazy\" class=\"size-large wp-image-1363\" title=\"valencia de alcantara\" src=\"\/extremadurasecreta\/wp-content\/uploads\/sites\/16\/2016\/06\/valencia-de-alcantara.jpg\" alt=\"\" width=\"1024\" height=\"681\" srcset=\"https:\/\/static-blogs.hoy.es\/wp-content\/uploads\/sites\/16\/2016\/06\/valencia-de-alcantara.jpg 1936w, https:\/\/static-blogs.hoy.es\/wp-content\/uploads\/sites\/16\/2016\/06\/valencia-de-alcantara-300x200.jpg 300w, https:\/\/static-blogs.hoy.es\/wp-content\/uploads\/sites\/16\/2016\/06\/valencia-de-alcantara-768x511.jpg 768w, https:\/\/static-blogs.hoy.es\/wp-content\/uploads\/sites\/16\/2016\/06\/valencia-de-alcantara-1024x681.jpg 1024w\" sizes=\"(max-width: 1024px) 100vw, 1024px\" \/><\/a>\n<p style=\"text-align: justify;\">Una de ellas fue la viuda <strong>Leonor Mart\u00edn, alias \u201cLa Canita<\/strong>\u201d, vecina de <strong>Valencia de Alc\u00e1ntara<\/strong>, donde era tomada por cristiana vieja y buena, lo que no fue impedimento para que la acusaran de conocer <strong><em><a title=\"La oraci\u00f3n de las palabras retornadas\" href=\"http:\/\/www.oracionesmilagrosasypoderosas.com\/2015\/05\/13-palabras-oracion-para-alejar-todo-lo.html\" rel=\"external nofollow\">la oraci\u00f3n de las palabras retornadas<\/a><\/em><\/strong>, un remedio que seg\u00fan ella le hab\u00eda ense\u00f1ado el propio demonio, hablando por boca de un pose\u00eddo. El mismo diablo, seg\u00fan recoge de los archivos el investigador <strong><a title=\"Los herejes de Valencia de Alc\u00e1ntara\" href=\"http:\/\/mayorgainquisicion.blogspot.com.es\/2012\/12\/los-herejes-de-valencia-de-alcantara.html \" rel=\"external nofollow\">Ferm\u00edn Mayorga<\/a><\/strong>, le dio el remedio a sus malas artes, ya que le cont\u00f3 que pronunciando las palabras de esta oraci\u00f3n, saldr\u00eda el maligno del cuerpo de poseso.<\/p>\n<p style=\"text-align: justify;\">Otro exorcistas s\u00ed estaban ordenados por la iglesia, como Juan Enr\u00edquez Guzm\u00e1n, religioso de la Orden de Santiago y cura p\u00e1rroco de <a title=\"La extreme\u00f1a Mesa del Rey Salom\u00f3n\" href=\"https:\/\/blogs.hoy.es\/extremadurasecreta\/2012\/07\/19\/merida-y-la-mesa-del-rey-salomon\/\">la iglesia de Santa Mar\u00eda de <\/a><strong><a title=\"La extreme\u00f1a Mesa del Rey Salom\u00f3n\" href=\"https:\/\/blogs.hoy.es\/extremadurasecreta\/2012\/07\/19\/merida-y-la-mesa-del-rey-salomon\/\">M\u00e9rida<\/a><\/strong>, que por la misma \u00e9poca lanza demonios y al que se le atribuyen grandes virtudes sobrehumanas para los exorcismos.<\/p>\n<p style=\"text-align: justify;\">Apenas un siglo m\u00e1s tarde, en el XVII, y seg\u00fan se puede leer en <a title=\"Legajo hist\u00f3rico\" href=\"  http:\/\/logrosan.ning.com\/profiles\/blogs\/logrosan-legajo-historico-por \">unos legajos manuscritos del te\u00f3sofo extreme\u00f1o <\/a><strong><a title=\"Legajo hist\u00f3rico\" href=\"  http:\/\/logrosan.ning.com\/profiles\/blogs\/logrosan-legajo-historico-por \">Mario Roso de Luna<\/a><\/strong>, una jovencita de su pueblo, <strong>Logros\u00e1n<\/strong>, descubre otras poderosas palabras para expulsar al maligno de los cuerpos humanos. Esta joven (ahora injustamente olvidada), que ingres\u00f3 monja con el nombre de Sor Mariana de Cristo, ten\u00eda el poder de ver a los demonios (que deb\u00edan de ser peque\u00f1os, porque a veces los ve\u00eda incluso mezclados con las gallinas del convento) y estos le hab\u00edan descubierto unas \u201cpalabras m\u00e1gicas\u201d que hac\u00edan que los seres del infierno se convirtiesen en humo y desapareciesen. Pero el gran Enemigo, que evidentemente no estaba muy contento con el desliz de su tropa, hab\u00eda logrado con sus malas e ignotas artes que la monja las olvidase.<\/p>\n<div id=\"attachment_1365\" style=\"width: 330px\" class=\"wp-caption alignright\"><a href=\"\/extremadurasecreta\/wp-content\/uploads\/sites\/16\/2016\/06\/San-Juan-de-la-Cruz-expulsa-al-Demonio.1.jpg\"><img aria-describedby=\"caption-attachment-1365\" loading=\"lazy\" class=\"size-full wp-image-1365\" title=\"San Juan de la Cruz expulsa al  Demonio.\" src=\"\/extremadurasecreta\/wp-content\/uploads\/sites\/16\/2016\/06\/San-Juan-de-la-Cruz-expulsa-al-Demonio.1.jpg\" alt=\"\" width=\"320\" height=\"211\" srcset=\"https:\/\/static-blogs.hoy.es\/wp-content\/uploads\/sites\/16\/2016\/06\/San-Juan-de-la-Cruz-expulsa-al-Demonio.1.jpg 320w, https:\/\/static-blogs.hoy.es\/wp-content\/uploads\/sites\/16\/2016\/06\/San-Juan-de-la-Cruz-expulsa-al-Demonio.1-300x198.jpg 300w\" sizes=\"(max-width: 320px) 100vw, 320px\" \/><\/a><p id=\"caption-attachment-1365\" class=\"wp-caption-text\">Ni las monjas se libraban del maldito demonio...<\/p><\/div>\n<p style=\"text-align: justify;\">Exhortada por su confesor a que las rememorase costase lo que costase, Sor Mariana entr\u00f3 en trance y record\u00f3 una por una las palabras para defenderse del poder de las tinieblas del infierno, y triunfante, se las transmiti\u00f3 a su confesor:<\/p>\n<p style=\"text-align: justify;\">&#8211;\u00a0\u00a0\u00a0\u00a0\u00a0\u00a0 <em>\u00a1El divino e increado entendimiento que os cri\u00f3, os confunda<\/em>!<\/p>\n<p style=\"text-align: justify;\">El mismo confesor, que es el que nos cuenta los milagros y virtudes de la monja de Logros\u00e1n (que termin\u00f3 siendo priora), aseguraba en sus escritos que tras conocer estas palabras, las hab\u00eda utilizado a menudo y con mucho \u00e9xito contra el demonio.<\/p>\n<p style=\"text-align: justify;\">Aunque fue la propia Mariana la que, aprovechando su facultad para ver demonios los exorcizaba, aunque a veces fuese necesario enga\u00f1ar al pose\u00eddo, como tuvo que hacer una se\u00f1ora del pueblo llamada Mar\u00eda, a la que ve\u00eda asistir a la iglesia \u201ccon una gran multitud de enemigos\u201d .<\/p>\n<p style=\"text-align: justify;\">Con enga\u00f1os, y gracias a la complicidad de una criada, consigui\u00f3 que entrase en la porter\u00eda del convento, cerrando la puerta tras ella y dici\u00e9ndole a la mujer que se acercase.\u00a0 La tal Mar\u00eda, en lugar de acercarse a la monja, empez\u00f3 a retroceder intentando escapar, y dando un gran grito dijo:<\/p>\n<p style=\"text-align: justify;\"><em>\u00a0 &#8211; \u00a1Yo no tengo al diablo!<\/em><\/p>\n<p style=\"text-align: justify;\">Pero mientras la criada se lanz\u00f3 a sujetar a la dama, la monja le puso la mano sobre la cabeza, y en ese momento la se\u00f1ora comenz\u00f3 a contorsionarse y a dar much\u00edsimos gritos, mientras la monja exorcista les hablaba a los demonios y les dec\u00eda:<\/p>\n<p style=\"text-align: justify;\">&#8211;\u00a0\u00a0\u00a0\u00a0\u00a0\u00a0 <em>\u00a1Eso es lo que quer\u00eda, que os descubr\u00e1is y os manifest\u00e9is para que os conjuren y se remedie esta alma de tan mala compa\u00f1\u00eda!<\/em><\/p>\n<p style=\"text-align: justify;\"><em>\u00a0<\/em><\/p>\n<p style=\"text-align: justify;\">Con estas escenas en directo, les aseguro que a nuestros antepasados no les hac\u00edan ninguna falta las novelas de terror ni las pel\u00edculas de miedo. Y lo peor es que con el paso de los siglos, la cosa no mejor\u00f3, se lo asegur\u00f3. Pero de posesiones m\u00e1s recientes hablaremos en otra ocasi\u00f3n\u2026 Si el Diablo quiere.<\/p>\n<p>&nbsp;<\/p>\n<p>&nbsp;<\/p>\n<p>&nbsp;<\/p>\n<p>&nbsp;<\/p>\n<p>&nbsp;<\/p>\n<p>&nbsp;<\/p>\n<p>&nbsp;<\/p>\n<p>&nbsp;<\/p>\n<p>&nbsp;<\/p>\n<!-- AddThis Advanced Settings generic via filter on the_content --><!-- AddThis Share Buttons generic via filter on the_content -->","protected":false},"excerpt":{"rendered":"<p>El diablo ha campado a sus anchas en Extremadura desde que empezamos a creer en \u00e9l. Y aunque pod\u00eda haberse metido en el cuerpo de cualquier arist\u00f3crata, noble u obispazo, le tuvo querencia al pueblo llano y, no pocas veces se introdujo en los pobres cuerpos enjutos y hambrientos de labriegos y pastores y de [&hellip;]<!-- AddThis Advanced Settings generic via filter on get_the_excerpt --><!-- AddThis Share Buttons generic via filter on get_the_excerpt --><\/p>\n","protected":false},"author":20,"featured_media":0,"comment_status":"open","ping_status":"closed","sticky":false,"template":"","format":"standard","meta":[],"categories":[4,7,9],"tags":[318,380,389,468,488,632,679,774,822,831,859,984,986,1140,1209,1229],"_links":{"self":[{"href":"https:\/\/blogs.hoy.es\/extremadurasecreta\/wp-json\/wp\/v2\/posts\/1361"}],"collection":[{"href":"https:\/\/blogs.hoy.es\/extremadurasecreta\/wp-json\/wp\/v2\/posts"}],"about":[{"href":"https:\/\/blogs.hoy.es\/extremadurasecreta\/wp-json\/wp\/v2\/types\/post"}],"author":[{"embeddable":true,"href":"https:\/\/blogs.hoy.es\/extremadurasecreta\/wp-json\/wp\/v2\/users\/20"}],"replies":[{"embeddable":true,"href":"https:\/\/blogs.hoy.es\/extremadurasecreta\/wp-json\/wp\/v2\/comments?post=1361"}],"version-history":[{"count":0,"href":"https:\/\/blogs.hoy.es\/extremadurasecreta\/wp-json\/wp\/v2\/posts\/1361\/revisions"}],"wp:attachment":[{"href":"https:\/\/blogs.hoy.es\/extremadurasecreta\/wp-json\/wp\/v2\/media?parent=1361"}],"wp:term":[{"taxonomy":"category","embeddable":true,"href":"https:\/\/blogs.hoy.es\/extremadurasecreta\/wp-json\/wp\/v2\/categories?post=1361"},{"taxonomy":"post_tag","embeddable":true,"href":"https:\/\/blogs.hoy.es\/extremadurasecreta\/wp-json\/wp\/v2\/tags?post=1361"}],"curies":[{"name":"wp","href":"https:\/\/api.w.org\/{rel}","templated":true}]}}