{"id":1377,"date":"2016-11-23T17:27:12","date_gmt":"2016-11-23T15:27:12","guid":{"rendered":"http:\/\/blogs.hoy.es\/extremadurasecreta\/?p=1377"},"modified":"2022-10-10T11:48:02","modified_gmt":"2022-10-10T09:48:02","slug":"las-insaciables-cabras-tragonas-devoradoras-de-carne-humana","status":"publish","type":"post","link":"https:\/\/blogs.hoy.es\/extremadurasecreta\/2016\/11\/23\/las-insaciables-cabras-tragonas-devoradoras-de-carne-humana\/","title":{"rendered":"Las insaciables cabras tragonas, devoradoras de carne humana"},"content":{"rendered":"<p style=\"text-align: justify;\"><a href=\"\/extremadurasecreta\/wp-content\/uploads\/sites\/16\/2016\/11\/tumblr_nnj665kkh61qbtrumo1_12801.jpg\"><img loading=\"lazy\" class=\"aligncenter wp-image-1378 \" title=\"tumblr_nnj665kkh61qbtrumo1_12801\" src=\"https:\/\/static-blogs.hoy.es\/wp-content\/uploads\/sites\/16\/2016\/11\/tumblr_nnj665kkh61qbtrumo1_12801-300x246.jpg\" alt=\"\" width=\"610\" height=\"500\" srcset=\"https:\/\/static-blogs.hoy.es\/wp-content\/uploads\/sites\/16\/2016\/11\/tumblr_nnj665kkh61qbtrumo1_12801-300x246.jpg 300w, https:\/\/static-blogs.hoy.es\/wp-content\/uploads\/sites\/16\/2016\/11\/tumblr_nnj665kkh61qbtrumo1_12801-768x629.jpg 768w, https:\/\/static-blogs.hoy.es\/wp-content\/uploads\/sites\/16\/2016\/11\/tumblr_nnj665kkh61qbtrumo1_12801-1024x839.jpg 1024w, https:\/\/static-blogs.hoy.es\/wp-content\/uploads\/sites\/16\/2016\/11\/tumblr_nnj665kkh61qbtrumo1_12801.jpg 1280w\" sizes=\"(max-width: 610px) 100vw, 610px\" \/><\/a><\/p>\n<p style=\"text-align: justify;\">Alg\u00fan d\u00eda hablaremos de los \u00a0bandoleros que atacaban sin piedad determinadas serran\u00edas extreme\u00f1as, y ya hemos habaldo de <strong><a title=\"La serrana de Monfrag\u00fce\" href=\"https:\/\/blogs.hoy.es\/extremadurasecreta\/2016\/05\/29\/la-serrana-de-monfrague\/\">la Serrana de Monfrag\u00fce<\/a><\/strong> y de c\u00f3mo en <strong>Torrej\u00f3n el Rubio<\/strong>, se muestra el abandonado lugar de <strong>La Corchuela<\/strong> , un caser\u00edo que parece despoblarse a consecuencia de los numerosos asaltos que sufre, ya que no en vano tiene \u201c<em>a sus inmediaciones un puerto, que lleva su mismo nombre, muy trabajoso para la arrier\u00eda por su mal estado, y muy temible por ser frecuentado de ladrones<\/em>\u201d.<\/p>\n<p style=\"text-align: justify;\">Pero seg\u00fan afirma el historiador y folclorista <strong><a title=\"Despoblados extreme\u00f1os: Mitos y Leyendas\" href=\"http:\/\/www.funjdiaz.net\/folklore\/07ficha.php?ID=2575\" rel=\"external nofollow\">Jose Mar\u00eda Dominguez Moreno<\/a><\/strong>, para los habitantes de la zona \u00a0no son los continuos atracos los que consiguen la huida de sus habitantes, sino las frecuentes desapariciones de ni\u00f1as, que casi siempre son halladas muertas y desorejadas. \u00a0Estos terribles cr\u00edmenes se achacan a un ser terror\u00edfico con forma de descomunal macho cabr\u00edo que echa llamas por los ojos y que por las noches asoma a los riscales para cantar con tenebrosa voz:<\/p>\n<p style=\"text-align: justify;\"><em>Yo soy la cabra cabracha<\/em><\/p>\n<p style=\"text-align: justify;\"><em>yo soy la cabra cabreja,<\/em><\/p>\n<p style=\"text-align: justify;\"><em>que voy buscando muchachas<\/em><\/p>\n<p style=\"text-align: justify;\"><em>pa comerle las orejas .<\/em><\/p>\n<div id=\"attachment_1380\" style=\"width: 730px\" class=\"wp-caption aligncenter\"><a href=\"\/extremadurasecreta\/wp-content\/uploads\/sites\/16\/2016\/11\/GREDOS-Virgen-de-las-Nieves-Guijo-s-233_edited.jpg\"><img aria-describedby=\"caption-attachment-1380\" loading=\"lazy\" class=\"size-full wp-image-1380\" title=\"GREDOS-Virgen de las Nieves-Guijo s (233)_edited\" src=\"\/extremadurasecreta\/wp-content\/uploads\/sites\/16\/2016\/11\/GREDOS-Virgen-de-las-Nieves-Guijo-s-233_edited.jpg\" alt=\"\" width=\"720\" height=\"478\" srcset=\"https:\/\/static-blogs.hoy.es\/wp-content\/uploads\/sites\/16\/2016\/11\/GREDOS-Virgen-de-las-Nieves-Guijo-s-233_edited.jpg 720w, https:\/\/static-blogs.hoy.es\/wp-content\/uploads\/sites\/16\/2016\/11\/GREDOS-Virgen-de-las-Nieves-Guijo-s-233_edited-300x199.jpg 300w\" sizes=\"(max-width: 720px) 100vw, 720px\" \/><\/a><p id=\"caption-attachment-1380\" class=\"wp-caption-text\">La cabra cabracha y la cabra cabreja se comen a las ni\u00f1as por las orejas (foto Jimber)<\/p><\/div>\n<div class=\"mceTemp mceIEcenter\"><\/div>\n<p style=\"text-align: justify;\">Esta temible cabra tiene sin duda alguna la forma de otros seres de los que ya hemos hablado: <strong><a title=\"El Macho Lan\u00fa: cuando el diablo se encabrona\" href=\"https:\/\/blogs.hoy.es\/extremadurasecreta\/2012\/12\/05\/el-macho-lanu-cuando-el-diablo-se-encabrona\/\">El Macho lan\u00fa<\/a><\/strong>, y <a title=\"El Diablo Burl\u00f3n.\" href=\"https:\/\/blogs.hoy.es\/extremadurasecreta\/2014\/02\/28\/el-diablo-burlon\/\"><strong>las cabras\u00a0<\/strong><strong>demon\u00edacas<\/strong><\/a>, aunque sus palabras lo aproximen a otro ser extreme\u00f1o menos legendario y m\u00e1s folcl\u00f3rico: <strong>La cabra Montesina<\/strong>.<\/p>\n<p style=\"text-align: justify;\">Esta cabra Montesina pertenece ya de lleno al mundo de los cuentos, y seg\u00fan afirman algunos autores como <strong><a title=\"Seres y personajes fant\u00e1sticos\" href=\"https:\/\/books.google.es\/books\/about\/Seres_m%C3%ADticos_y_personajes_fant%C3%A1sticos.html?id=4xMTgUiknn8C\" rel=\"external nofollow\">Manuel Mart\u00edn Sanchez<\/a><\/strong>, en Extremadura es una especie de ogresa\u00a0 cuyo canto es :<\/p>\n<p style=\"text-align: justify;\"><em>Yo soy la cabra Montesina <\/em><\/p>\n<p style=\"text-align: justify;\"><em>Del monte Montepin\u00e1<\/em><\/p>\n<p style=\"text-align: justify;\"><em>Er que pase de esa raya<\/em><\/p>\n<p style=\"text-align: justify;\"><em>Me lo trago de un trag\u00e1<\/em><\/p>\n<p style=\"text-align: justify;\"><em>\u00a1Bieeeeaaa<\/em>!<\/p>\n<p style=\"text-align: justify;\">Seg\u00fan otras versiones, la voraz cabra\u00a0\u00a0 vive oculta en \u201cel doblao\u201d y desde all\u00ed va devorando a todo el que osa acercarse, aunque le queda la decencia de avisar antes:<\/p>\n<p style=\"text-align: justify;\">\u2013 <em>Soy la cabra Montesina <\/em><\/p>\n<p style=\"text-align: justify;\"><em>que vivo en Montepelao <\/em><\/p>\n<p style=\"text-align: justify;\"><em>y al que pase de mi raya<\/em><\/p>\n<p style=\"text-align: justify;\"><em>\u00a0me lo como de un bocao.<\/em><\/p>\n<p style=\"text-align: justify;\">Buen est\u00f3mago ten\u00edan que tener las cabras des estas tierras, porque se zampan a toda la familia, a un pastor y hasta a una pareja de la Guardia Civil antes de que pueda vencerla una hormiga a base de cosquillas.<\/p>\n<div id=\"attachment_1379\" style=\"width: 1034px\" class=\"wp-caption aligncenter\"><a href=\"\/extremadurasecreta\/wp-content\/uploads\/sites\/16\/2016\/11\/GREDOS-e-LAGUNA-GRANDE-2012-56_edited.jpg\"><img aria-describedby=\"caption-attachment-1379\" loading=\"lazy\" class=\"size-large wp-image-1379\" title=\"GREDOS-e-LAGUNA GRANDE-2012 (56)_edited\" src=\"\/extremadurasecreta\/wp-content\/uploads\/sites\/16\/2016\/11\/GREDOS-e-LAGUNA-GRANDE-2012-56_edited.jpg\" alt=\"\" width=\"1024\" height=\"685\" srcset=\"https:\/\/static-blogs.hoy.es\/wp-content\/uploads\/sites\/16\/2016\/11\/GREDOS-e-LAGUNA-GRANDE-2012-56_edited.jpg 1600w, https:\/\/static-blogs.hoy.es\/wp-content\/uploads\/sites\/16\/2016\/11\/GREDOS-e-LAGUNA-GRANDE-2012-56_edited-300x201.jpg 300w, https:\/\/static-blogs.hoy.es\/wp-content\/uploads\/sites\/16\/2016\/11\/GREDOS-e-LAGUNA-GRANDE-2012-56_edited-768x514.jpg 768w, https:\/\/static-blogs.hoy.es\/wp-content\/uploads\/sites\/16\/2016\/11\/GREDOS-e-LAGUNA-GRANDE-2012-56_edited-1024x685.jpg 1024w\" sizes=\"(max-width: 1024px) 100vw, 1024px\" \/><\/a><p id=\"caption-attachment-1379\" class=\"wp-caption-text\">La cornicabra antrop\u00f3faga (Jimber)<\/p><\/div>\n<div class=\"mceTemp mceIEcenter\"><\/div>\n<div class=\"mceTemp mceIEcenter\"><\/div>\n<p style=\"text-align: justify;\">A otra del mismo reba\u00f1o antrop\u00f3fago deb\u00eda pertenecer <strong>la Cornicabra<\/strong>, cuya historia recoge el folclorista<strong>\u00a0 <a title=\"cuentos extreme\u00f1os de animales\" href=\"https:\/\/www.google.es\/url?sa=t&amp;rct=j&amp;q=&amp;esrc=s&amp;source=web&amp;cd=10&amp;ved=0ahUKEwjU_7Tnk7_QAhUIAxoKHc4XBPEQFghgMAk&amp;url=http%3A%2F%2Fwww.cervantesvirtual.com%2FdescargaPdf%2Fcuentos-extremenos-de-animales--0%2F&amp;usg=AFQjCNGLl-CS6s0K4a7BGL7YUtxBT-eanA&amp;sig2=IKNQUz_L9eSGQYpZMUdTSg&amp;bvm=bv.139782543,d.d2s\" rel=\"external nofollow\">Juan Rodr\u00edguez Pastor<\/a><\/strong>. Se trata de otra cabra que se cuela en una casa y que, como sus hermanas, avisa antes en verso de sus malvadas intenciones:<\/p>\n<p style=\"text-align: justify;\"><em>Soy la cabra cornicabra,<\/em><\/p>\n<p style=\"text-align: justify;\"><em>corremonte, correvalle,<\/em><\/p>\n<p style=\"text-align: justify;\"><em>papani\u00f1os, papafrailes;<\/em><\/p>\n<p style=\"text-align: justify;\"><em>si t\u00fa vienes pac\u00e1,<\/em><\/p>\n<p style=\"text-align: justify;\"><em>tambi\u00e9n te voy a pap\u00e1.<\/em><\/p>\n<p style=\"text-align: justify;\">A esta no se la carga una hormiga, sino que la se\u00f1ora de la casa y su hija, por recomendaci\u00f3n de una vecina, llaman a un tal Penenino (bonito nombre) que gasta una porra descomunal (sin comentarios) con la que se carga a la cabra asesina golpe\u00e1ndola en la cabeza. Y por si los s\u00edmiles f\u00e1licos no estuvieran bastante claros, destacan que con la cabra hicieron chorizos.<\/p>\n<p style=\"text-align: justify;\">Normal que con este final todos vivieran felices.<\/p>\n<p>&nbsp;<\/p>\n<p>&nbsp;<\/p>\n<p>&nbsp;<\/p>\n<p>&nbsp;<\/p>\n<p>&nbsp;<\/p>\n<p>&nbsp;<\/p>\n<p>&nbsp;<\/p>\n<p>&nbsp;<\/p>\n<p>&nbsp;<\/p>\n<p>&nbsp;<\/p>\n<p>&nbsp;<\/p>\n<!-- AddThis Advanced Settings generic via filter on the_content --><!-- AddThis Share Buttons generic via filter on the_content -->","protected":false},"excerpt":{"rendered":"<p>Alg\u00fan d\u00eda hablaremos de los \u00a0bandoleros que atacaban sin piedad determinadas serran\u00edas extreme\u00f1as, y ya hemos habaldo de la Serrana de Monfrag\u00fce y de c\u00f3mo en Torrej\u00f3n el Rubio, se muestra el abandonado lugar de La Corchuela , un caser\u00edo que parece despoblarse a consecuencia de los numerosos asaltos que sufre, ya que no en [&hellip;]<!-- AddThis Advanced Settings generic via filter on get_the_excerpt --><!-- AddThis Share Buttons generic via filter on get_the_excerpt --><\/p>\n","protected":false},"author":20,"featured_media":0,"comment_status":"open","ping_status":"closed","sticky":false,"template":"","format":"standard","meta":[],"categories":[2],"tags":[84,174,175,176,177,329,689,793,1199],"_links":{"self":[{"href":"https:\/\/blogs.hoy.es\/extremadurasecreta\/wp-json\/wp\/v2\/posts\/1377"}],"collection":[{"href":"https:\/\/blogs.hoy.es\/extremadurasecreta\/wp-json\/wp\/v2\/posts"}],"about":[{"href":"https:\/\/blogs.hoy.es\/extremadurasecreta\/wp-json\/wp\/v2\/types\/post"}],"author":[{"embeddable":true,"href":"https:\/\/blogs.hoy.es\/extremadurasecreta\/wp-json\/wp\/v2\/users\/20"}],"replies":[{"embeddable":true,"href":"https:\/\/blogs.hoy.es\/extremadurasecreta\/wp-json\/wp\/v2\/comments?post=1377"}],"version-history":[{"count":1,"href":"https:\/\/blogs.hoy.es\/extremadurasecreta\/wp-json\/wp\/v2\/posts\/1377\/revisions"}],"predecessor-version":[{"id":2370,"href":"https:\/\/blogs.hoy.es\/extremadurasecreta\/wp-json\/wp\/v2\/posts\/1377\/revisions\/2370"}],"wp:attachment":[{"href":"https:\/\/blogs.hoy.es\/extremadurasecreta\/wp-json\/wp\/v2\/media?parent=1377"}],"wp:term":[{"taxonomy":"category","embeddable":true,"href":"https:\/\/blogs.hoy.es\/extremadurasecreta\/wp-json\/wp\/v2\/categories?post=1377"},{"taxonomy":"post_tag","embeddable":true,"href":"https:\/\/blogs.hoy.es\/extremadurasecreta\/wp-json\/wp\/v2\/tags?post=1377"}],"curies":[{"name":"wp","href":"https:\/\/api.w.org\/{rel}","templated":true}]}}