{"id":140,"date":"2012-04-09T23:09:51","date_gmt":"2012-04-09T21:09:51","guid":{"rendered":"http:\/\/blogs.hoy.es\/extremadurasecreta\/?p=140"},"modified":"2022-10-14T10:35:57","modified_gmt":"2022-10-14T08:35:57","slug":"unicornios-castuos-el-escornao","status":"publish","type":"post","link":"https:\/\/blogs.hoy.es\/extremadurasecreta\/2012\/04\/09\/unicornios-castuos-el-escornao\/","title":{"rendered":"Unicornios Cast\u00faos: El Escornau"},"content":{"rendered":"<p style=\"text-align: justify;\"><span style=\"font-size: 10pt;\">Miedo deb\u00eda dar vivir en Extremadura en los no tan lejanos tiempos en que las bestias fant\u00e1sticas campaban a sus anchas por nuestras tierras. En el <strong>siglo XVI<\/strong>\u00a0 <strong>aterrorizaba en la provincia de C\u00e1ceres el \u201cehcorn\u00e1u\u201d<\/strong> o <strong>escornao<\/strong>, un engendro cast\u00fao que, seg\u00fan datos recogidos por el incansable\u00a0investigador <a title=\" LA LEYENDA DEL \" href=\"http:\/\/www.funjdiaz.net\/folklore\/07ficha.cfm?id=587\" rel=\"external nofollow\">Jos\u00e9 Mar\u00eda Dom\u00ednguez<\/a>, mezclaba en\u00a0 su monstruoso cuerpo al <strong>caballo, al jabal\u00ed y al toro<\/strong>, adornando tal dechado de belleza \u00a0con un gran cuerno de extremo retorcido en el centro de la cabeza.<\/span><\/p>\n<p style=\"text-align: justify;\"><span style=\"font-size: 10pt;\">El\u00a0origen de tan fant\u00e1stico animal tiene dos versiones. En una de ellas es engendrado por un caballo y una jabalina, o por una yegua y un jabal\u00ed, o por un caballo y una vaca, o por un toro y una yegua, que a estas alturas lo mismo nos da que nos da lo mismo. En estos casos el \u201cescornao\u201d se presenta con aspecto de caballo en la parte trasera y de jabal\u00ed los cuartos delanteros.<\/span><\/p>\n<div id=\"attachment_142\" style=\"width: 772px\" class=\"wp-caption aligncenter\"><a href=\"\/extremadurasecreta\/wp-content\/uploads\/sites\/16\/2012\/04\/eee.jpg\"><img aria-describedby=\"caption-attachment-142\" loading=\"lazy\" class=\"wp-image-142 \" title=\"eee\" src=\"https:\/\/static-blogs.hoy.es\/wp-content\/uploads\/sites\/16\/2012\/04\/eee.jpg\" width=\"762\" height=\"581\" srcset=\"https:\/\/static-blogs.hoy.es\/wp-content\/uploads\/sites\/16\/2012\/04\/eee.jpg 640w, https:\/\/static-blogs.hoy.es\/wp-content\/uploads\/sites\/16\/2012\/04\/eee-300x229.jpg 300w\" sizes=\"(max-width: 762px) 100vw, 762px\" \/><\/a><p id=\"caption-attachment-142\" class=\"wp-caption-text\"><\/span> <span style=\"font-size: 8pt;\">Un caballo o una yegua mal emparejados pudieron dar origen al escornao\u00a0\u00a0 (Fotograf\u00eda: Jimber para Extremadura Secreta)<\/span><\/p><\/div>\n<p>&nbsp;<\/p>\n<p>&nbsp;<\/p>\n<p style=\"text-align: justify;\"><span style=\"font-size: 10pt;\">En ambos casos \u201cel escornau\u201d atacaba con un cuerno largo y agudo, con secci\u00f3n espiral, que surg\u00eda vertical y enhiesto en medio de la frente. Este duro cuerno, que algunos alargan hasta los tres metros de longitud, era su \u00fanica arma y \u00e9l mismo se lo afilaba en las rocas del campo.<\/span><\/p>\n<div class=\"mceTemp\">\n<div class=\"mceTemp\">\n<p>&nbsp;<\/p>\n<div class=\"mceTemp\">\n<div id=\"attachment_143\" style=\"width: 389px\" class=\"wp-caption alignleft\"><a href=\"\/extremadurasecreta\/wp-content\/uploads\/sites\/16\/2012\/04\/chupacabras.jpg\"><img aria-describedby=\"caption-attachment-143\" loading=\"lazy\" class=\"wp-image-143 \" title=\"esqueletos\" src=\"https:\/\/static-blogs.hoy.es\/wp-content\/uploads\/sites\/16\/2012\/04\/chupacabras-662x1024.jpg\" width=\"379\" height=\"586\" srcset=\"https:\/\/static-blogs.hoy.es\/wp-content\/uploads\/sites\/16\/2012\/04\/chupacabras-662x1024.jpg 662w, https:\/\/static-blogs.hoy.es\/wp-content\/uploads\/sites\/16\/2012\/04\/chupacabras-194x300.jpg 194w, https:\/\/static-blogs.hoy.es\/wp-content\/uploads\/sites\/16\/2012\/04\/chupacabras-768x1187.jpg 768w, https:\/\/static-blogs.hoy.es\/wp-content\/uploads\/sites\/16\/2012\/04\/chupacabras.jpg 1035w\" sizes=\"(max-width: 379px) 100vw, 379px\" \/><\/a><p id=\"caption-attachment-143\" class=\"wp-caption-text\"><\/span> <span style=\"font-size: 8pt;\">El escornao atacaba con sa\u00f1a a hombres y ganado (Jimber para Extremadura Secreta)<\/span><\/p><\/div>\n<p style=\"text-align: justify;\"><span style=\"font-size: 10pt;\">Monstruo de gran violencia, atacaba\u00a0 sin previo aviso a pastores, agricultores y ganado, mostrando especial sa\u00f1a con las mujeres, con las que gustaba hacer brochetas humanas ensart\u00e1ndolas con su \u00fanico cuerno y pase\u00e1ndose con ellas por los alrededores. Adora la sangre y el asesinato gratuito, y mata por puro placer, ya que no suele alimentarse de personas ni de ganado, sino de las palomas que abundaban a lo largo del <strong>arroyo Palomero<\/strong>, donde habitaba.<\/span><\/p>\n<\/div>\n<\/div>\n<\/div>\n<p style=\"text-align: justify;\"><span style=\"font-size: 10pt;\">All\u00ed, en la <strong>Sierra de Santa B\u00e1rbara<\/strong>, era temido en los pueblos vecinos de <strong>Ahigal<\/strong>, <strong>Cerezo<\/strong> y <strong>Santiba\u00f1ez el Bajo<\/strong>. Cansados y aterrorizados, los lugare\u00f1os deciden realizar batidas para acabar con la bestia, pero ni la metralla ni la p\u00f3lvora son capaces de atravesar la escamosa piel.<\/span><\/p>\n<p style=\"text-align: justify;\"><span style=\"font-size: 10pt;\">El pueblo, convencido de que el monstruoso animal solo pod\u00eda ser un castigo divino, decide que solo m\u00e9todos divinos pueden acabar con el. Y excolmulgan al bicho, que poco dado a liturgias, ni se inmuta.<\/span><\/p>\n<p style=\"text-align: justify;\"><span style=\"font-size: 10pt;\">Sale de rogativas la <strong>cofrad\u00eda de la Vera Cruz<\/strong>, y el p\u00edo intento est\u00e1 a punto de terminar en tragedia griega cuando la imp\u00eda bestia ataca a la procesi\u00f3n y a los procesionantes, que no tienen campo para correr. Pero el hombre (sobre todo cuando se encuentra entre el cuerno y la pared) es el \u00fanico animal que tropieza dos veces con el mismo cancho, y as\u00ed se decide enviar al monstruo una nueva procesi\u00f3n, esta vez (con un poquito de mala fe, dir\u00eda yo) la de la <strong>cofrad\u00eda del Rosario<\/strong>, compuesta s\u00f3lo de f\u00e9minas.<\/span><\/p>\n<p style=\"text-align: justify;\"><span style=\"font-size: 10pt;\">El escornao, cuando vio aquel mont\u00f3n de mujeres juntitas como cuentas de collar, decidi\u00f3 hacerse un rosario con su cuerno de marfil, pero al ir a embestir a las se\u00f1oras\u2026 unos dicen que de la emoci\u00f3n tropez\u00f3, derrap\u00f3 y se estamp\u00f3 contra una roca, mientras que los m\u00e1s partidarios de intervenciones divinas\u00a0 afirman que\u00a0 fren\u00f3 en seco y comenz\u00f3 a hincharse como un globo, explotando \u00a0de golpe y \u00a0dejando el campo perdidito, especialmente un pe\u00f1asco que se encontraba a su lado, llamado desde entonces el <strong>&#8220;Canchu la sangri&#8221;,<\/strong> que a\u00fan presenta pigmentaciones rojizas que afirman que corresponden a la sangre del escornau.<\/span><\/p>\n<div id=\"attachment_1539\" style=\"width: 1034px\" class=\"wp-caption aligncenter\"><a href=\"https:\/\/static-blogs.hoy.es\/wp-content\/uploads\/sites\/16\/2012\/04\/cancho-de-la-sangri-Ahigal-Foto-Jose-Maria-Dominguez-IMG_6808_edited.jpg\"><img aria-describedby=\"caption-attachment-1539\" loading=\"lazy\" class=\"wp-image-1539 size-large\" src=\"https:\/\/static-blogs.hoy.es\/wp-content\/uploads\/sites\/16\/2012\/04\/cancho-de-la-sangri-Ahigal-Foto-Jose-Maria-Dominguez-IMG_6808_edited-1024x683.jpg\" alt=\"cancho-de-la-sangri-ahigal-foto-jose-maria-dominguez-img_6808_edited\" width=\"1024\" height=\"683\" srcset=\"https:\/\/static-blogs.hoy.es\/wp-content\/uploads\/sites\/16\/2012\/04\/cancho-de-la-sangri-Ahigal-Foto-Jose-Maria-Dominguez-IMG_6808_edited-1024x683.jpg 1024w, https:\/\/static-blogs.hoy.es\/wp-content\/uploads\/sites\/16\/2012\/04\/cancho-de-la-sangri-Ahigal-Foto-Jose-Maria-Dominguez-IMG_6808_edited-300x200.jpg 300w, https:\/\/static-blogs.hoy.es\/wp-content\/uploads\/sites\/16\/2012\/04\/cancho-de-la-sangri-Ahigal-Foto-Jose-Maria-Dominguez-IMG_6808_edited-768x512.jpg 768w, https:\/\/static-blogs.hoy.es\/wp-content\/uploads\/sites\/16\/2012\/04\/cancho-de-la-sangri-Ahigal-Foto-Jose-Maria-Dominguez-IMG_6808_edited.jpg 1620w\" sizes=\"(max-width: 1024px) 100vw, 1024px\" \/><\/a><p id=\"caption-attachment-1539\" class=\"wp-caption-text\"><\/span> <span style=\"font-size: 8pt;\">El canchu la sangri (Foto: Jose Mar\u00eda Dom\u00ednguez)<\/span><\/p><\/div>\n<p style=\"text-align: justify;\"><span style=\"font-size: 10pt;\">Pasase como pasase, lo cierto es que lo \u00fanico que qued\u00f3 del monstruo fue el cuerno, que fue llevado a <strong>Ahigal <\/strong>alcanzado (parad\u00f3jicamente) la categor\u00eda de reliquia. Sus raspaduras sanan la esterilidad femenina y remedian el insomnio, el mal de est\u00f3mago, el \u00a0nerviosismo y la falta de crecimiento, entre otras enfermedades y \u201cmaluras\u201d varias. Incluso los \u201cquintos\u201d guardan raspaduras en sus bolsillos con el convencimiento de que gracias a este amuleto lograr\u00e1n n\u00fameros que les librar\u00e1n de la \u201cmili\u201d. Pocas veces un solo cuerno\u00a0sirvi\u00f3 para tanta cosa.<\/span><\/p>\n<p style=\"text-align: justify;\"><span style=\"font-size: 10pt;\">La \u201cbarra libre\u201d de polvo de cuerno acaba a mediados del <strong>siglo XIX<\/strong>, cuando \u00a0un avispado <strong>obispo de la di\u00f3cesis de Coria<\/strong> visita <strong>Ahigal<\/strong> y comprueba que los lugare\u00f1os confiaban m\u00e1s en las virtudes de los polvos del escornao que en el Cristo del pueblo, por lo que decide cortar por lo sano y llevarse el cuerno, perdi\u00e9ndose desde entonces el \u00faltimo rastro de este\u00a0fant\u00e1stico animal mestizo y mis\u00f3gino que tuvo en jaque a\u00a0 parte de Extremadura hace 500 a\u00f1os.<\/span><\/p>\n<p>&nbsp;<\/p>\n<!-- AddThis Advanced Settings generic via filter on the_content --><!-- AddThis Share Buttons generic via filter on the_content -->","protected":false},"excerpt":{"rendered":"<p>Miedo deb\u00eda dar vivir en Extremadura en los no tan lejanos tiempos en que las bestias fant\u00e1sticas campaban a sus anchas por nuestras tierras. En el siglo XVI\u00a0 aterrorizaba en la provincia de C\u00e1ceres el \u201cehcorn\u00e1u\u201d o escornao, un engendro cast\u00fao que, seg\u00fan datos recogidos por el incansable\u00a0investigador Jos\u00e9 Mar\u00eda Dom\u00ednguez, mezclaba en\u00a0 su monstruoso [&hellip;]<!-- AddThis Advanced Settings generic via filter on get_the_excerpt --><!-- AddThis Share Buttons generic via filter on get_the_excerpt --><\/p>\n","protected":false},"author":20,"featured_media":141,"comment_status":"open","ping_status":"closed","sticky":false,"template":"","format":"standard","meta":[],"categories":[2,4,1406,9],"tags":[31,203,205,292,327,344,474,1339,662,862,1092,1126,1220,1249],"_links":{"self":[{"href":"https:\/\/blogs.hoy.es\/extremadurasecreta\/wp-json\/wp\/v2\/posts\/140"}],"collection":[{"href":"https:\/\/blogs.hoy.es\/extremadurasecreta\/wp-json\/wp\/v2\/posts"}],"about":[{"href":"https:\/\/blogs.hoy.es\/extremadurasecreta\/wp-json\/wp\/v2\/types\/post"}],"author":[{"embeddable":true,"href":"https:\/\/blogs.hoy.es\/extremadurasecreta\/wp-json\/wp\/v2\/users\/20"}],"replies":[{"embeddable":true,"href":"https:\/\/blogs.hoy.es\/extremadurasecreta\/wp-json\/wp\/v2\/comments?post=140"}],"version-history":[{"count":3,"href":"https:\/\/blogs.hoy.es\/extremadurasecreta\/wp-json\/wp\/v2\/posts\/140\/revisions"}],"predecessor-version":[{"id":2396,"href":"https:\/\/blogs.hoy.es\/extremadurasecreta\/wp-json\/wp\/v2\/posts\/140\/revisions\/2396"}],"wp:featuredmedia":[{"embeddable":true,"href":"https:\/\/blogs.hoy.es\/extremadurasecreta\/wp-json\/wp\/v2\/media\/141"}],"wp:attachment":[{"href":"https:\/\/blogs.hoy.es\/extremadurasecreta\/wp-json\/wp\/v2\/media?parent=140"}],"wp:term":[{"taxonomy":"category","embeddable":true,"href":"https:\/\/blogs.hoy.es\/extremadurasecreta\/wp-json\/wp\/v2\/categories?post=140"},{"taxonomy":"post_tag","embeddable":true,"href":"https:\/\/blogs.hoy.es\/extremadurasecreta\/wp-json\/wp\/v2\/tags?post=140"}],"curies":[{"name":"wp","href":"https:\/\/api.w.org\/{rel}","templated":true}]}}