{"id":1406,"date":"2017-04-06T22:33:00","date_gmt":"2017-04-06T20:33:00","guid":{"rendered":"http:\/\/blogs.hoy.es\/extremadurasecreta\/?p=1406"},"modified":"2020-02-25T12:16:48","modified_gmt":"2020-02-25T10:16:48","slug":"el-diablo-anda-suelto-en-las-hurdes","status":"publish","type":"post","link":"https:\/\/blogs.hoy.es\/extremadurasecreta\/2017\/04\/06\/el-diablo-anda-suelto-en-las-hurdes\/","title":{"rendered":"El diablo anda suelto en Las Hurdes"},"content":{"rendered":"<p style=\"text-align: justify;\">L<span style=\"font-size: 10pt;\">as Hurdes es una comarca m\u00e1gica en las que los seres mitol\u00f3gicos, a\u00fan hoy, parecen \u00a0campar a sus anchas. Algunos, como <a title=\"El Macho Lan\u00fa: cuando el diablo se encabrona\" href=\"https:\/\/blogs.hoy.es\/extremadurasecreta\/2012\/12\/05\/el-macho-lanu-cuando-el-diablo-se-encabrona\/\">el <\/a><strong><a title=\"El Macho Lan\u00fa: cuando el diablo se encabrona\" href=\"https:\/\/blogs.hoy.es\/extremadurasecreta\/2012\/12\/05\/el-macho-lanu-cuando-el-diablo-se-encabrona\/\">Macho Lan\u00fa<\/a><\/strong>, o <strong><a title=\"El patas de cabra y las lamias cast\u00faas\" href=\"https:\/\/blogs.hoy.es\/extremadurasecreta\/2013\/02\/13\/el-patas-de-cabra-y-las-lamias-castuas\/\">las lamias<\/a>, <\/strong>de los que ya hemos hablado en otra ocasi\u00f3n, \u00a0tienen una parte diab\u00f3lica, aunque sea las patas o los cuernos, pero poca gente sabe que el mismo Diablo (o al menos su arquetipo) \u00a0sigue apareci\u00e9ndose a los extreme\u00f1os en los intricados valles de esta tierra legendaria.<\/span><\/p>\n<p style=\"text-align: justify;\"><span style=\"font-size: 10pt;\">No es nada nuevo. Ya en \u00a0\u00a01600 el carmelita <a title=\"Juan Eusebio Nieremberg\" href=\"https:\/\/es.wikipedia.org\/wiki\/Juan_Eusebio_Nieremberg\" rel=\"external nofollow\">Juan Nieremberg<\/a> en su \u201cCuriosa Philosophiae\u201d, cuenta, refiri\u00e9ndose a la comarca de <strong>las Hurdes<\/strong>,\u00a0 que:<\/span><\/p>\n<p style=\"text-align: justify;\"><span style=\"font-size: 10pt;\"><em>\u201cExiste en este reino un \u00e1spero valle infestado de demonios, un lugar que los pastores creen habitado por salvajes, gente ni vista ni o\u00edda de lengua, de usos distintos a los nuestros, que andan desnudos y piensan ser solos en la Tierra. Alg\u00fan testigo declar\u00f3 haberles o\u00eddo voces g\u00f3ticas y otras imposibles de entender.\u201d<\/em><\/span><\/p>\n<p style=\"text-align: justify;\"><span style=\"font-size: 10pt;\">De hecho, en las cr\u00f3nicas carmelitanas se han conservado casos de ermita\u00f1os luchando con el demonio, y el cronista Padre Jos\u00e9 de Santa Teresa cuenta el ataque del demonio a un ermita\u00f1o.<\/span><\/p>\n<p style=\"text-align: justify;\"><span style=\"font-size: 10pt;\">Hasta M\u00e9xico llegaron noticias de la obra del maligno contra los ermita\u00f1os de las Batuecas. El carmelita<a title=\"Juan de Jes\u00fas Mar\u00eda Robles\" href=\"http:\/\/www.iifilologicas.unam.mx\/pnovohispano\/uploads\/memoxviii\/05_art_90.pdf\" rel=\"external nofollow\"> Juan de Jes\u00fas Mar\u00eda Robles<\/a>, cuenta en su \u201cGu\u00eda Interior\u201d, escrita hacia 1636, algunos casos de obsesi\u00f3n demoniaca en el desierto de las Batuecas desconocidos para los cronistas espa\u00f1oles.<\/span><\/p>\n<div id=\"attachment_2095\" style=\"width: 1034px\" class=\"wp-caption aligncenter\"><img aria-describedby=\"caption-attachment-2095\" loading=\"lazy\" class=\"size-large wp-image-2095\" src=\"https:\/\/static-blogs.hoy.es\/wp-content\/uploads\/sites\/16\/2017\/04\/Valles-Hurdanos-Extremadura-Secreta-1024x768.jpg\" alt=\"\" width=\"1024\" height=\"768\" srcset=\"https:\/\/static-blogs.hoy.es\/wp-content\/uploads\/sites\/16\/2017\/04\/Valles-Hurdanos-Extremadura-Secreta-1024x768.jpg 1024w, https:\/\/static-blogs.hoy.es\/wp-content\/uploads\/sites\/16\/2017\/04\/Valles-Hurdanos-Extremadura-Secreta-300x225.jpg 300w, https:\/\/static-blogs.hoy.es\/wp-content\/uploads\/sites\/16\/2017\/04\/Valles-Hurdanos-Extremadura-Secreta-768x576.jpg 768w\" sizes=\"(max-width: 1024px) 100vw, 1024px\" \/><p id=\"caption-attachment-2095\" class=\"wp-caption-text\"><span style=\"font-size: 8pt;\">            Los legendarios valles hurdanos (Extremadura Secreta)<\/span><\/dd>\n<dd><\/p><\/div>\n<p style=\"text-align: justify;\"><span style=\"font-size: 10pt;\">\u00a0Y lo espectacular es que el Diablo se sigue apareciendo. En 2013, investigando en Las Hurdes, Luis Guerrero, de <strong>Casares<\/strong>, me contaba como su amigo el T\u00edo Juanito ven\u00eda de<strong> Asegur<\/strong> y se sent\u00f3, cansado como estaba, en el l\u00edmite de los pueblos, sobre un guijarro. Encendi\u00f3 el yesquero, prendi\u00f3 el cigarro y de pronto \u201cse le aparece al lado un t\u00edo negro, silencioso\u201d. El T\u00edo Juanito lo mira y comprende inmediatamente que no es de este mundo. Arroja al suelo el cigarro reci\u00e9n encendido, y echa a correr hacia el pueblo mientras un estruendo atrona el valle. Sus gritos resuenan en las escarpadas rocas:<\/span><\/p>\n<p style=\"text-align: justify;\"><span style=\"font-size: 10pt;\"><em>\u00a0&#8211;<\/em>\u00a0 \u00a0 \u00a0 \u00a0<em>\u00a1Cabr\u00f3n!\u2026 Es el diabloooo!!!!<\/em><\/span><\/p>\n<div id=\"attachment_2092\" style=\"width: 1034px\" class=\"wp-caption aligncenter\"><img aria-describedby=\"caption-attachment-2092\" loading=\"lazy\" class=\"size-large wp-image-2092\" src=\"https:\/\/static-blogs.hoy.es\/wp-content\/uploads\/sites\/16\/2017\/04\/Clementina-Dominguez-Alonso-Aceitunilla-13-302_edited-1-1024x681.jpg\" alt=\"\" width=\"1024\" height=\"681\" srcset=\"https:\/\/static-blogs.hoy.es\/wp-content\/uploads\/sites\/16\/2017\/04\/Clementina-Dominguez-Alonso-Aceitunilla-13-302_edited-1-1024x681.jpg 1024w, https:\/\/static-blogs.hoy.es\/wp-content\/uploads\/sites\/16\/2017\/04\/Clementina-Dominguez-Alonso-Aceitunilla-13-302_edited-1-300x200.jpg 300w, https:\/\/static-blogs.hoy.es\/wp-content\/uploads\/sites\/16\/2017\/04\/Clementina-Dominguez-Alonso-Aceitunilla-13-302_edited-1-768x511.jpg 768w, https:\/\/static-blogs.hoy.es\/wp-content\/uploads\/sites\/16\/2017\/04\/Clementina-Dominguez-Alonso-Aceitunilla-13-302_edited-1.jpg 1936w\" sizes=\"(max-width: 1024px) 100vw, 1024px\" \/><p id=\"caption-attachment-2092\" class=\"wp-caption-text\"><span style=\"font-size: 8pt;\">           La T\u00eda Clementina lleg\u00f3 a ver a dos diablos en una noche (Extremadura Secreta)<\/span><\/dd>\n<dd><\/p><\/div>\n<p style=\"text-align: justify;\">\u00a0<span style=\"font-size: 10pt;\">La t\u00eda Clementina tambi\u00e9n me cont\u00f3, al d\u00eda siguiente, como ella se encontr\u00f3 no con uno, sino con dos diablos en el valle de <strong>Aceitunilla<\/strong>. Negros como la pez, con dos cuernos enormes y ojos como ascuas encendidas. Ella se encomend\u00f3 a la virgen y a todos los santos y pudo pasar entre ellos. Ahora, a sus casi cien a\u00f1os, asegura convencida que de no haberlo hecho ahora estar\u00eda muerta.<\/span><\/p>\n<p style=\"text-align: justify;\"><span style=\"font-size: 10pt;\">Su marido hab\u00eda muerto y Clementina volv\u00eda con su hermano Evaristo de <strong>Herv\u00e1s<\/strong>. Era ya la una de la noche. Al llegar a <strong>Nu\u00f1omoral<\/strong> su hermano le ofreci\u00f3 colch\u00f3n en su casa, pero Clementina, teniendo a los hijos peque\u00f1os durmiendo solos en Aceitunilla, y temiendo que se quemasen porque dorm\u00edan al lado de la lumbre, decidi\u00f3 subir a pesar de las horas.<\/span><\/p>\n<p style=\"text-align: justify;\"><span style=\"font-size: 10pt;\">Seg\u00fan se sale del pueblo, en el barrio de la Loba, ve en un lombo unas \u201chogueras de lumbre\u201d en un trozo de olivo. \u00a0Clementina me mira a los ojos y recuerda:<\/span><\/p>\n<p style=\"text-align: justify;\"><span style=\"font-size: 10pt;\"><em>&#8211; \u201cLlegando a la curva me entraron unos escalofr\u00edos por el cuerpo\u2026y me dec\u00eda el pensamiento: Rece usted el Padrenuestro y la Salve y acu\u00e9rdese usted de la Virgen de la Pe\u00f1a y del Dios del Cielo, porque la matan esta noche\u201d.<\/em><\/span><\/p>\n<p style=\"text-align: justify;\"><span style=\"font-size: 10pt;\">La mujer llevaba una bolsa de ajos en las manos, y en el valle vio \u201cdos hombres, uno a cada lado, con dos cuernos enormes, negros cono la pez\u2026 aquello no era cosa buena. Se ve\u00edan cuatro ojos grandes, y yo dec\u00eda, \u00a1Dios m\u00edo! \u00bfC\u00f3mo pasar\u00e9 yo por all\u00ed?\u2026\u201d<\/span><\/p>\n<p style=\"text-align: justify;\"><span style=\"font-size: 10pt;\">Clementina rememora y menea la cabeza, como si todav\u00eda se estuviese enfrentando a ese dilema:<\/span><\/p>\n<p style=\"text-align: justify;\"><span style=\"font-size: 10pt;\"><em>&#8211;\u00a0\u00a0\u00a0\u00a0\u00a0\u00a0\u00a0\u00a0\u00a0\u00a0 \u201cYo pase temblando con los ajos en la mano, y cuando pase y llegue a la prensa se me pod\u00eda torcer la ropa, y sal\u00eda sudor como si hubiese salido de un charco\u2026 Ah\u00ed no hay cosa buena, en ese valle\u2026\u201d.<\/em><\/span><\/p>\n<div id=\"attachment_2093\" style=\"width: 1034px\" class=\"wp-caption aligncenter\"><img aria-describedby=\"caption-attachment-2093\" loading=\"lazy\" class=\"size-large wp-image-2093\" src=\"https:\/\/static-blogs.hoy.es\/wp-content\/uploads\/sites\/16\/2017\/04\/cementerio-Aceitunilla-Las-Hurdes-Extremadira-Secreta-1024x681.jpg\" alt=\"\" width=\"1024\" height=\"681\" srcset=\"https:\/\/static-blogs.hoy.es\/wp-content\/uploads\/sites\/16\/2017\/04\/cementerio-Aceitunilla-Las-Hurdes-Extremadira-Secreta-1024x681.jpg 1024w, https:\/\/static-blogs.hoy.es\/wp-content\/uploads\/sites\/16\/2017\/04\/cementerio-Aceitunilla-Las-Hurdes-Extremadira-Secreta-300x200.jpg 300w, https:\/\/static-blogs.hoy.es\/wp-content\/uploads\/sites\/16\/2017\/04\/cementerio-Aceitunilla-Las-Hurdes-Extremadira-Secreta-768x511.jpg 768w, https:\/\/static-blogs.hoy.es\/wp-content\/uploads\/sites\/16\/2017\/04\/cementerio-Aceitunilla-Las-Hurdes-Extremadira-Secreta.jpg 1936w\" sizes=\"(max-width: 1024px) 100vw, 1024px\" \/><p id=\"caption-attachment-2093\" class=\"wp-caption-text\"><span style=\"font-size: 8pt;\">                La carretera hacia Aceitunilla, escenario de numerosos encuentros (Extremadura Secreta)<\/span><\/dd>\n<dd><\/p><\/div>\n<p style=\"text-align: justify;\"><span style=\"font-size: 10pt;\">Pero no solo Clementina vio al Diablo. Su cu\u00f1ado Borrajera tambi\u00e9n lo vio. Fue a hacer carb\u00f3n y en la Sierra, en la Bodoya, cuando escuch\u00f3 unos lamentos o ruidos. Sin pensarlo, contest\u00f3 a las voces. De pronto, un estruendo que iba destrozando las jaras avanz\u00f3 raudo hasta el. Y apareci\u00f3 un hombre alto, negro como la pez y con dos cuernos, que comenz\u00f3 a tirarle encima las cepas y el carb\u00f3n que llevaba. Su cu\u00f1ado se tap\u00f3 con el pan que llevaba, y no se atrevi\u00f3 asomar la cabeza hasta que aclaro el d\u00eda. \u201cEl diablo le dijo que no volviese nunca mas a hacerle burlas, y que se libraba porque ven\u00eda el d\u00eda\u201d, me contaba Clementina. Su cu\u00f1ado, al volver, p\u00e1lido y demudado, cont\u00f3 la historia, enferm\u00f3 y al poco tiempo muri\u00f3.<\/span><\/p>\n<p style=\"text-align: justify;\"><span style=\"font-size: 10pt;\">El T\u00edo Cristino de El <strong>Gasco<\/strong> tambi\u00e9n recordaba como a un vecino suyo se le apareci\u00f3<a href=\"https:\/\/blogs.hoy.es\/extremadurasecreta\/2013\/10\/18\/encuentros-mortales-con-lo-desconocido\/\"> el demonio en una carbonera<\/a>. Era muy negro y ten\u00eda las u\u00f1as largas, y no se fue de su lado hasta que amaneci\u00f3.<\/span><\/p>\n<div id=\"attachment_2094\" style=\"width: 1034px\" class=\"wp-caption aligncenter\"><img aria-describedby=\"caption-attachment-2094\" loading=\"lazy\" class=\"size-large wp-image-2094\" src=\"https:\/\/static-blogs.hoy.es\/wp-content\/uploads\/sites\/16\/2017\/04\/Araceli-Azabal-Extremadura-Secreta-1024x768.jpg\" alt=\"\" width=\"1024\" height=\"768\" srcset=\"https:\/\/static-blogs.hoy.es\/wp-content\/uploads\/sites\/16\/2017\/04\/Araceli-Azabal-Extremadura-Secreta-1024x768.jpg 1024w, https:\/\/static-blogs.hoy.es\/wp-content\/uploads\/sites\/16\/2017\/04\/Araceli-Azabal-Extremadura-Secreta-300x225.jpg 300w, https:\/\/static-blogs.hoy.es\/wp-content\/uploads\/sites\/16\/2017\/04\/Araceli-Azabal-Extremadura-Secreta-768x576.jpg 768w\" sizes=\"(max-width: 1024px) 100vw, 1024px\" \/><p id=\"caption-attachment-2094\" class=\"wp-caption-text\"><span style=\"font-size: 8pt;\">               El marido de Araceli tambi\u00e9n se encontr\u00f3 con el diablo (Extremadura Secreta)<\/span><\/dd>\n<dd><\/p><\/div>\n<p style=\"text-align: justify;\"><span style=\"font-size: 10pt;\">Son numerosos los encuentros con el demonio en las abruptas y bellas tierras de Las Hurdes. Araceli A. , de <strong>Asegur<\/strong>, me confirmaba que hab\u00eda habido muchas personas que hab\u00edan visto a ese extra\u00f1o ser. Incluso su marido, cuando ven\u00eda de enterrar a un hijo suyo, se hab\u00eda encontrado en la carretera de Aceitunilla con luces misteriosas y con \u201ccon un t\u00edo negro como la pez\u201d. Ella tiene claro que hay momentos en los que es mejor no recorrer los caminos:<\/span><\/p>\n<p style=\"text-align: justify;\"><span style=\"font-size: 10pt;\">&#8211;\u00a0\u00a0\u00a0\u00a0\u00a0\u00a0 <em>\u00a0\u201cY es que hay horas malas en el d\u00eda y horas malas en la noche, sabe usted\u2026\u201d <\/em><\/span><\/p>\n<p style=\"text-align: justify;\"><span style=\"font-size: 10pt;\"><em>\u00a0<\/em>Asiento con la cabeza ante su sabidur\u00eda popular, sin saber realmente cuales son las horas buenas, aunque intuyo las malas&#8230;<\/span><\/p>\n<p style=\"text-align: justify;\"><span style=\"font-size: 10pt;\">\u00a0Y es que los hurdanos,\u00a0repletos de\u00a0sapiencias ancestrales, saben m\u00e1s por viejos que por diablos. <\/span><\/p>\n<p style=\"text-align: justify;\"><span style=\"font-size: 10pt;\">Mucho m\u00e1s.<\/span><\/p>\n<!-- AddThis Advanced Settings generic via filter on the_content --><!-- AddThis Share Buttons generic via filter on the_content -->","protected":false},"excerpt":{"rendered":"<p>Las Hurdes es una comarca m\u00e1gica en las que los seres mitol\u00f3gicos, a\u00fan hoy, parecen \u00a0campar a sus anchas. Algunos, como el Macho Lan\u00fa, o las lamias, de los que ya hemos hablado en otra ocasi\u00f3n, \u00a0tienen una parte diab\u00f3lica, aunque sea las patas o los cuernos, pero poca gente sabe que el mismo Diablo [&hellip;]<!-- AddThis Advanced Settings generic via filter on get_the_excerpt --><!-- AddThis Share Buttons generic via filter on get_the_excerpt --><\/p>\n","protected":false},"author":20,"featured_media":1407,"comment_status":"open","ping_status":"closed","sticky":false,"template":"","format":"standard","meta":[],"categories":[2,9],"tags":[22,103,230,380,389,443,745,751,793,907],"_links":{"self":[{"href":"https:\/\/blogs.hoy.es\/extremadurasecreta\/wp-json\/wp\/v2\/posts\/1406"}],"collection":[{"href":"https:\/\/blogs.hoy.es\/extremadurasecreta\/wp-json\/wp\/v2\/posts"}],"about":[{"href":"https:\/\/blogs.hoy.es\/extremadurasecreta\/wp-json\/wp\/v2\/types\/post"}],"author":[{"embeddable":true,"href":"https:\/\/blogs.hoy.es\/extremadurasecreta\/wp-json\/wp\/v2\/users\/20"}],"replies":[{"embeddable":true,"href":"https:\/\/blogs.hoy.es\/extremadurasecreta\/wp-json\/wp\/v2\/comments?post=1406"}],"version-history":[{"count":2,"href":"https:\/\/blogs.hoy.es\/extremadurasecreta\/wp-json\/wp\/v2\/posts\/1406\/revisions"}],"predecessor-version":[{"id":2091,"href":"https:\/\/blogs.hoy.es\/extremadurasecreta\/wp-json\/wp\/v2\/posts\/1406\/revisions\/2091"}],"wp:featuredmedia":[{"embeddable":true,"href":"https:\/\/blogs.hoy.es\/extremadurasecreta\/wp-json\/wp\/v2\/media\/1407"}],"wp:attachment":[{"href":"https:\/\/blogs.hoy.es\/extremadurasecreta\/wp-json\/wp\/v2\/media?parent=1406"}],"wp:term":[{"taxonomy":"category","embeddable":true,"href":"https:\/\/blogs.hoy.es\/extremadurasecreta\/wp-json\/wp\/v2\/categories?post=1406"},{"taxonomy":"post_tag","embeddable":true,"href":"https:\/\/blogs.hoy.es\/extremadurasecreta\/wp-json\/wp\/v2\/tags?post=1406"}],"curies":[{"name":"wp","href":"https:\/\/api.w.org\/{rel}","templated":true}]}}