{"id":1417,"date":"2017-06-22T23:50:34","date_gmt":"2017-06-22T21:50:34","guid":{"rendered":"http:\/\/blogs.hoy.es\/extremadurasecreta\/?p=1417"},"modified":"2020-07-30T12:08:40","modified_gmt":"2020-07-30T10:08:40","slug":"encantadas-de-san-juan-la-velasca","status":"publish","type":"post","link":"https:\/\/blogs.hoy.es\/extremadurasecreta\/2017\/06\/22\/encantadas-de-san-juan-la-velasca\/","title":{"rendered":"Encantadas de San Juan: La Velasca"},"content":{"rendered":"<p style=\"text-align: justify;\"><span style=\"font-size: 10pt;\">Las aguas de <a href=\"https:\/\/blogs.hoy.es\/extremadurasecreta\/2012\/06\/12\/las-malas-muertes-de-las-reinas-moras\/\">la fuente de la Velasca<\/a>, o de San Blasco (como se la llam\u00f3 en tiempos remotos) fluyen a la vera de la ca\u00f1ada del Moro, a la b\u00fasqueda del arroyo del Buey, discurriendo por una vaguada cercana a la ermita que entonces llamaban de San Blas, y hoy de San Roque. Hay que salir por esta calle de <strong>Cabeza del Buey<\/strong>, cruzar la carretera y tomar un camino de tierra llamado \u201ccamino de la Velasca\u201d. Unos metros antes de llegar a la depuradora, sale un peque\u00f1o sendero a la derecha que lleva directamente a la fuente encantada.<\/span><\/p>\n<p style=\"text-align: justify;\"><span style=\"font-size: 10pt;\">El lugar es solitario y algo m\u00e1gico, especialmente cuando el sol comienza a descender y los oscuros nubarrones anuncian tormenta sobre la sierra del Pedregoso.<\/span><\/p>\n<p style=\"text-align: justify;\"><span style=\"font-size: 10pt;\">En esta fuente encantada, vive un mora maldita por su padre, mago iracundo, <a href=\"https:\/\/es.wikisource.org\/wiki\/La_fuente_de_la_mora_encantada\" rel=\"external nofollow\">una mora cuya leyenda\u00a0 el poeta <strong>Manuel Jos\u00e9 Quintana<\/strong> recoge en un romance de 1826<\/a>, en el que cuenta como el pastor Silvio, pese a las advertencias que le hacen los m\u00e1s ancianos del lugar, permite que la noche lo sorprenda junto a la fuente. De repente, del pozo comienza a surgir una bruma, y de la bruma la figura tumbada de una bella agarena que con la media luna brillando en sus cabellos, dormita sobre una hermosa alfombra \u00e1rabe digna de las Mil y Una Noches. A medida que la mora despierta de su largo sue\u00f1o, su figura se torna cada vez m\u00e1s s\u00f3lida y perfecta. <\/span><\/p>\n<p style=\"text-align: justify;\"><span style=\"font-size: 10pt;\">La encantada le suplica al pastor que la salve, entreg\u00e1ndose a ella en el pozo. Le ofrece riquezas, amor y placeres, y el pobre Silvio, obnubilado por esos ojos negros, se arroja a los brazos de la bella mora. Su grito y su chapoteo desesperado en las oscuras aguas del pozo son los \u00faltimos sonidos que se escuchan en el silencio de la noche\u2026<\/span><\/p>\n<div id=\"attachment_1419\" style=\"width: 1034px\" class=\"wp-caption aligncenter\"><a href=\"https:\/\/static-blogs.hoy.es\/wp-content\/uploads\/sites\/16\/2017\/06\/Fuente-de-la-Velasca-Cabeza-del-BueyIMG_0006_edited.jpg\"><img aria-describedby=\"caption-attachment-1419\" loading=\"lazy\" class=\"size-large wp-image-1419\" src=\"https:\/\/static-blogs.hoy.es\/wp-content\/uploads\/sites\/16\/2017\/06\/Fuente-de-la-Velasca-Cabeza-del-BueyIMG_0006_edited-1024x681.jpg\" alt=\"La fuente de la Velasca (A. Briz)\" width=\"1024\" height=\"681\" srcset=\"https:\/\/static-blogs.hoy.es\/wp-content\/uploads\/sites\/16\/2017\/06\/Fuente-de-la-Velasca-Cabeza-del-BueyIMG_0006_edited-1024x681.jpg 1024w, https:\/\/static-blogs.hoy.es\/wp-content\/uploads\/sites\/16\/2017\/06\/Fuente-de-la-Velasca-Cabeza-del-BueyIMG_0006_edited-300x200.jpg 300w, https:\/\/static-blogs.hoy.es\/wp-content\/uploads\/sites\/16\/2017\/06\/Fuente-de-la-Velasca-Cabeza-del-BueyIMG_0006_edited-768x511.jpg 768w, https:\/\/static-blogs.hoy.es\/wp-content\/uploads\/sites\/16\/2017\/06\/Fuente-de-la-Velasca-Cabeza-del-BueyIMG_0006_edited.jpg 1936w\" sizes=\"(max-width: 1024px) 100vw, 1024px\" \/><\/a><p id=\"caption-attachment-1419\" class=\"wp-caption-text\"><\/span> <span style=\"font-size: 8pt;\">La fuente de la Velasca (Extremadura Secreta)<\/span><\/p><\/div>\n<p style=\"text-align: justify;\"><span style=\"font-size: 10pt;\">Otras voces afirman que la bella muchacha es una joven musulmana a la que un rey cristiano hizo prisionera. Cuenta la leyenda con ribetes de<a href=\"https:\/\/blogs.hoy.es\/extremadurasecreta\/2018\/06\/22\/las-encantadas-de-san-juan\/\"> cantamora<\/a> y <a href=\"https:\/\/blogs.hoy.es\/extremadurasecreta\/2012\/07\/13\/sirenas-de-agua-dulce\/\">sirena<\/a> que una noche de invierno, aprovechando la oscuridad y la ausencia de su due\u00f1o, se decide a escapar del castillo. Aterida de fr\u00edo, vaga toda la noche.<\/span><\/p>\n<p style=\"text-align: justify;\"><span style=\"font-size: 10pt;\">Al amanecer, unos labradores de la zona comprueban que sus mulas se espantan cuando se acercaban a un pozo sin brocal. Acuden, atra\u00eddos por la curiosidad, y descubren unos hermosos vestidos de mujer flotando en sus aguas.<\/span><\/p>\n<p style=\"text-align: justify;\"><span style=\"font-size: 10pt;\">Desde aquel d\u00eda cuentan que en las noches de San Juan se escucha un irresistible canto de mujer, que atrae la atenci\u00f3n de los incautos que osan acercarse por la zona y los llama desde las aguas oscuras del pozo de la Velasca.\u00a0 Y se afirma que pocos han sobrevivido para contarlo, porque atrapados y trastornados por el encanto de su voz y la belleza de su figura, se ven impulsados a lanzarse tras ella a la quietud de sus aguas.<\/span><\/p>\n<div id=\"attachment_1420\" style=\"width: 1034px\" class=\"wp-caption aligncenter\"><a href=\"https:\/\/static-blogs.hoy.es\/wp-content\/uploads\/sites\/16\/2017\/06\/Cabeza-del-BueyIMG_9964_edited.jpg\"><img aria-describedby=\"caption-attachment-1420\" loading=\"lazy\" class=\"size-large wp-image-1420\" src=\"https:\/\/static-blogs.hoy.es\/wp-content\/uploads\/sites\/16\/2017\/06\/Cabeza-del-BueyIMG_9964_edited-1024x681.jpg\" alt=\"Plaza de la fuente de Cabeza del Buey (A. Briz)\" width=\"1024\" height=\"681\" srcset=\"https:\/\/static-blogs.hoy.es\/wp-content\/uploads\/sites\/16\/2017\/06\/Cabeza-del-BueyIMG_9964_edited-1024x681.jpg 1024w, https:\/\/static-blogs.hoy.es\/wp-content\/uploads\/sites\/16\/2017\/06\/Cabeza-del-BueyIMG_9964_edited-300x200.jpg 300w, https:\/\/static-blogs.hoy.es\/wp-content\/uploads\/sites\/16\/2017\/06\/Cabeza-del-BueyIMG_9964_edited-768x511.jpg 768w, https:\/\/static-blogs.hoy.es\/wp-content\/uploads\/sites\/16\/2017\/06\/Cabeza-del-BueyIMG_9964_edited.jpg 1936w\" sizes=\"(max-width: 1024px) 100vw, 1024px\" \/><\/a><p id=\"caption-attachment-1420\" class=\"wp-caption-text\"><\/span> <span style=\"font-size: 8pt;\">Plaza de la fuente de Cabeza del Buey (Extremadura Secreta)<\/span><\/p><\/div>\n<p style=\"text-align: justify;\"><span style=\"font-size: 10pt;\">A principios del siglo XIX el escritor y etn\u00f3grafo\u00a0\u00a0<a href=\"https:\/\/books.google.es\/books\/about\/Supersticiones_extreme%C3%B1as.html?hl=es&amp;id=hug8PQAACAAJ&amp;redir_esc=y\" rel=\"external nofollow\"><strong>Publio Hurtado<\/strong><\/a> asciende a la mora Velasca a la categor\u00eda de reina, y le asigna una dedicaci\u00f3n exclusiva: bordar unas babuchas para el profeta Mahoma,\u00a0 pero con una labor tan minuciosa y delicada que tendr\u00e1 tarea hasta el d\u00eda del fin del mundo.<\/span><\/p>\n<p style=\"text-align: justify;\"><span style=\"font-size: 10pt;\">En Cabeza del Buey todav\u00eda se habla de la mora encantada, y <a href=\"https:\/\/www.google.es\/url?sa=t&amp;rct=j&amp;q=&amp;esrc=s&amp;source=web&amp;cd=6&amp;ved=0ahUKEwighL-qicjUAhUSEVAKHamnCHoQFghEMAU&amp;url=https%3A%2F%2Frevistas.ucm.es%2Findex.php%2FRASO%2Farticle%2Fdownload%2FRASO0808110141A%2F8987&amp;usg=AFQjCNHI4V-953Wrdw2LhEg8K6KdRUl9Kg&amp;sig2=gWEkc7AROol4I3OKI699Ew\" rel=\"external nofollow\">algunas ancianas del pueblo, le contaron a <strong>Manuel Garrido Palacios<\/strong><\/a> c\u00f3mo unos ladrones murieron del susto al ser testigos de la aparici\u00f3n de la encantada, y de como un gracioso que se dedicaba a hacerse pasar por la moracantana \u00a0para asustar a las mozas que iban a por agua,\u00a0 termin\u00f3 desapareciendo un d\u00eda como por arte de magia. En el pueblo no dudaron ni por un momento que hab\u00eda sido la mora la que se lo hab\u00eda llevado\u2026<\/span><\/p>\n<p style=\"text-align: justify;\"><span style=\"font-size: 10pt;\"><a href=\"https:\/\/barbuquejo.wordpress.com\/2013\/04\/04\/leyenda-de-la-fuente-de-la-velasca\/\" rel=\"external nofollow\">Otra versi\u00f3n la cuenta el cronista oficial de Cabeza del buey , <\/a><strong>Vicente Serrano,<\/strong> quien \u00a0afirmaba que ni reina mora ni morita de a pie. Que las habitantes del pozo son tres princesas hijas de un rey moro y de una cristiana prisionera, princesa tambi\u00e9n para m\u00e1s se\u00f1as.<\/span><\/p>\n<p style=\"text-align: justify;\"><span style=\"font-size: 10pt;\">El abuelo cristiano de las ni\u00f1as, rey castellano, enterado de su existencia, decide mandar a tres caballeros para rescatarlas de las garras musulmanas. Disfrazados de \u00e1rabes, consiguen sacarlas de la fortaleza y huyen con ellas camino de Castilla. El amor no tarda en surgir entre las doncellas y los caballeros, pero el rey moro, enterado por sus astr\u00f3logos y magos del rapto de sus hijas, consigue darlos alcance justo al lado del pozo que nos ocupa. Viendo el rey lo felices que se encuentran sus hijas con los cristianos y su enconada oposici\u00f3n a volver al castillo, las arroja al pozo y las maldice :<\/span><\/p>\n<p style=\"text-align: justify;\"><span style=\"font-size: 10pt;\"><em>\u2013 \u00a1Vivid en esp\u00edritu, tened esa fuente como c\u00e1rcel, consum\u00edos en deseos, mostraos s\u00f3lo de noche y que quien os viere se espante, hasta que alguien predestinado os liberte del encanto y os saque de ella!<\/em><\/span><\/p>\n<p style=\"text-align: justify;\"><span style=\"font-size: 10pt;\">Cuentan que tras la Reconquista \u00a0apareci\u00f3 un antiguo pergamino contaba el secreto para deshacer la maldici\u00f3n de las tres princesas moras hechizadas en la fuente. S\u00f3lo se las puede desencantar tres amigos valientes que se acerquen a la fuente en la noche de San Juan, pronunciando, cada uno, \u00a0una de las frases m\u00e1gicas que llevan impl\u00edcito el nombre cristiano de las princesas:<\/span><\/p>\n<p style=\"text-align: justify;\">\n<p style=\"text-align: justify;\"><span style=\"font-size: 10pt;\"><em>-Ana, tu madre me manda.<\/em><\/span><\/p>\n<p style=\"text-align: justify;\"><span style=\"font-size: 10pt;\"><em>-Mar\u00eda, tu madre me env\u00eda.<\/em><\/span><\/p>\n<p style=\"text-align: justify;\"><span style=\"font-size: 10pt;\"><em>-In\u00e9s, salid las tres.<\/em><\/span><\/p>\n<p style=\"text-align: justify;\">\n<p style=\"text-align: justify;\"><span style=\"font-size: 10pt;\">Una \u00faltima versi\u00f3n afirma que en una ocasi\u00f3n tres mozos llegaron a desencantarlas de esta manera, y que las princesas emergieron por ese orden de su c\u00e1rcel acu\u00e1tica, y bailaron y danzaron bajo la luna y las estrellas, sobre el agua, como hac\u00edan , en ese mismo instantes, y a m\u00e1s de treinta leguas de distancia, <strong><a href=\"https:\/\/blogs.hoy.es\/extremadurasecreta\/2014\/06\/23\/la-laguna-de-las-encantas\/\">las encant\u00e1s de Montijo<\/a>.<\/strong><\/span><\/p>\n<p style=\"text-align: justify;\"><span style=\"font-size: 10pt;\">Pero cuentan que al ir a bautizarlas, desaparecieron en la nada.<\/span><\/p>\n<p style=\"text-align: justify;\"><span style=\"font-size: 10pt;\">Y con ellas, el hechizo de la fuente de la Velasca.<\/span><\/p>\n<p style=\"text-align: justify;\">\n<p style=\"text-align: justify;\">\n<p style=\"text-align: justify;\">\n<p style=\"text-align: justify;\">\n<p style=\"text-align: justify;\">\n<!-- AddThis Advanced Settings generic via filter on the_content --><!-- AddThis Share Buttons generic via filter on the_content -->","protected":false},"excerpt":{"rendered":"<p>Las aguas de la fuente de la Velasca, o de San Blasco (como se la llam\u00f3 en tiempos remotos) fluyen a la vera de la ca\u00f1ada del Moro, a la b\u00fasqueda del arroyo del Buey, discurriendo por una vaguada cercana a la ermita que entonces llamaban de San Blas, y hoy de San Roque. Hay [&hellip;]<!-- AddThis Advanced Settings generic via filter on get_the_excerpt --><!-- AddThis Share Buttons generic via filter on get_the_excerpt --><\/p>\n","protected":false},"author":20,"featured_media":1418,"comment_status":"open","ping_status":"closed","sticky":false,"template":"","format":"standard","meta":[],"categories":[9],"tags":[171,207,465,536,871,902,1017],"_links":{"self":[{"href":"https:\/\/blogs.hoy.es\/extremadurasecreta\/wp-json\/wp\/v2\/posts\/1417"}],"collection":[{"href":"https:\/\/blogs.hoy.es\/extremadurasecreta\/wp-json\/wp\/v2\/posts"}],"about":[{"href":"https:\/\/blogs.hoy.es\/extremadurasecreta\/wp-json\/wp\/v2\/types\/post"}],"author":[{"embeddable":true,"href":"https:\/\/blogs.hoy.es\/extremadurasecreta\/wp-json\/wp\/v2\/users\/20"}],"replies":[{"embeddable":true,"href":"https:\/\/blogs.hoy.es\/extremadurasecreta\/wp-json\/wp\/v2\/comments?post=1417"}],"version-history":[{"count":4,"href":"https:\/\/blogs.hoy.es\/extremadurasecreta\/wp-json\/wp\/v2\/posts\/1417\/revisions"}],"predecessor-version":[{"id":2219,"href":"https:\/\/blogs.hoy.es\/extremadurasecreta\/wp-json\/wp\/v2\/posts\/1417\/revisions\/2219"}],"wp:featuredmedia":[{"embeddable":true,"href":"https:\/\/blogs.hoy.es\/extremadurasecreta\/wp-json\/wp\/v2\/media\/1418"}],"wp:attachment":[{"href":"https:\/\/blogs.hoy.es\/extremadurasecreta\/wp-json\/wp\/v2\/media?parent=1417"}],"wp:term":[{"taxonomy":"category","embeddable":true,"href":"https:\/\/blogs.hoy.es\/extremadurasecreta\/wp-json\/wp\/v2\/categories?post=1417"},{"taxonomy":"post_tag","embeddable":true,"href":"https:\/\/blogs.hoy.es\/extremadurasecreta\/wp-json\/wp\/v2\/tags?post=1417"}],"curies":[{"name":"wp","href":"https:\/\/api.w.org\/{rel}","templated":true}]}}