{"id":147,"date":"2012-04-13T10:41:04","date_gmt":"2012-04-13T08:41:04","guid":{"rendered":"http:\/\/blogs.hoy.es\/extremadurasecreta\/?p=147"},"modified":"2018-11-07T13:01:01","modified_gmt":"2018-11-07T11:01:01","slug":"extremadura-un-mercadillo-encantado","status":"publish","type":"post","link":"https:\/\/blogs.hoy.es\/extremadurasecreta\/2012\/04\/13\/extremadura-un-mercadillo-encantado\/","title":{"rendered":"Encantadas: Las moras de las tiendas"},"content":{"rendered":"<p>&nbsp;<\/p>\n<p style=\"text-align: justify;\"><span style=\"font-size: medium;\">Las <strong>moras encantadas extreme\u00f1as<\/strong> deben echar de menos los zocos y el calor de <strong>\u00c1frica<\/strong>, porque en cuanto llega el veranito colocan en el suelo\u00a0una tienda de baratijas en la que venden de todo, excepto la raz\u00f3n de su encantamiento.<\/span><\/p>\n<p style=\"text-align: justify;\"><span style=\"font-size: medium;\">Se aparecen a pastores, labradores y caminantes en parajes solitarios y dan a escoger <strong>\u201caquello que m\u00e1s le guste de lo que tengo\u201d<\/strong>. Normalmente, el incauto lugare\u00f1o escoge un objeto valioso, y casi siempre afilado. Mal hecho. Lo que quiere la bella mora es que la elija a <strong>ella<\/strong> como lo m\u00e1s bello de la tienda.<\/span><\/p>\n<p style=\"text-align: justify;\"><span style=\"font-size: medium;\">Cuando esto ocurre el afortunado la desencanta y\u00a0ella, en agradecimiento, lo colma de riquezas y de amor eterno. Pero esto, reconozc\u00e1molo, pocas veces ha sucedido.\u00a0El hombre, avaricioso por naturaleza, elige otro objeto,\u00a0\u00a0doblando as\u00ed\u00a0la pena de la infortunada mora, por lo que esta, furibunda por la avaricia y\u00a0el escaso romanticismo del lugare\u00f1o de turno,\u00a0se venga con <strong>terribles castigos<\/strong>, llegando incluso a la muerte del desafortunado humano.<\/span><\/p>\n<p style=\"text-align: justify;\"><span style=\"font-size: medium;\">Cerca de la bella pedan\u00eda hurdana de\u00a0 <strong>Horcajo<\/strong>, bajo pintorescos balcones de madera y puentes-pasadizos, a\u00fan se habla de la morita que por el d\u00eda de <strong>San Juan<\/strong> llegaba hasta la aldea y pon\u00eda una peque\u00f1a tienda en la hendidura de la tierra con los m\u00e1s diversos cachivaches.<\/span><\/p>\n<p style=\"text-align: justify;\"><span style=\"font-size: medium;\">Recoge Iker Jim\u00e9nez en su \u201c<a href=\"http:\/\/es.shvoong.com\/books\/374406-el-paraiso-maldito\/\" target=\"_blank\" rel=\"external nofollow\">Para\u00edso Maldito<\/a>\u201d que un d\u00eda apareci\u00f3 un pastor hurdano que lleg\u00f3 buscando el ganado perdido y termin\u00f3 ante el solitario puestecillo de la\u00a0 morita, quien (c\u00f3mo no) le ofrece\u00a0 lo que m\u00e1s le guste de la tienda. Y el pastorcillo pide\u00a0unas <strong>tijeras de oro<\/strong>. Ya dijimos que mal hecho.<\/span><\/p>\n<p style=\"text-align: justify;\"><span style=\"font-size: medium;\">En ese momento, la mora enfurecida sale de la gruta y golpea al muchacho hasta que pierde el sentido\u00a0. Al volver en s\u00ed, algo mareado y aturdido, el joven vuelve a o\u00edr como la mujer le repite la oferta, y el chico, emperrado, vuelve a clamar por las tijeras. Muy, muy, muy mal hecho. Porque entonces la\u00a0mora se enrabieta a\u00fan m\u00e1s y con las tijeras que tanto hab\u00eda pedido el joven <strong>le corta la lengua al desdichado<\/strong>, que huye del lugar como si lo persiguiesen mil demonios, mientras escucha a la mora gritando:<\/span><\/p>\n<p style=\"text-align: justify;\"><span style=\"font-size: medium;\">\u00a0<strong><em>&#8220;\u00a1Desgraciado, a cien a\u00f1os de hechizo me has condenado!!!\u00a0 \u00a1Si hubieras dicho \u201clas alhajas de la cueva, y a ti la primera\u201d, te hubiera colmado de grandes riquezas&#8230;!&#8221;<\/em><\/strong><\/span><\/p>\n<div id=\"attachment_149\" style=\"width: 1034px\" class=\"wp-caption aligncenter\"><a href=\"\/extremadurasecreta\/wp-content\/uploads\/sites\/16\/2012\/04\/A-352.jpg\"><img aria-describedby=\"caption-attachment-149\" loading=\"lazy\" class=\"wp-image-149 size-large\" title=\"A (352)\" src=\"https:\/\/static-blogs.hoy.es\/wp-content\/uploads\/sites\/16\/2012\/04\/A-352-1024x763.jpg\" width=\"1024\" height=\"763\" srcset=\"https:\/\/static-blogs.hoy.es\/wp-content\/uploads\/sites\/16\/2012\/04\/A-352-1024x763.jpg 1024w, https:\/\/static-blogs.hoy.es\/wp-content\/uploads\/sites\/16\/2012\/04\/A-352-300x224.jpg 300w, https:\/\/static-blogs.hoy.es\/wp-content\/uploads\/sites\/16\/2012\/04\/A-352-768x572.jpg 768w, https:\/\/static-blogs.hoy.es\/wp-content\/uploads\/sites\/16\/2012\/04\/A-352.jpg 1600w\" sizes=\"(max-width: 1024px) 100vw, 1024px\" \/><\/a><p id=\"caption-attachment-149\" class=\"wp-caption-text\">La mora en la cueva exhibe su mercancia (Fotograf\u00eda: Jimber)<\/p><\/div>\n<p style=\"text-align: justify;\">\u00a0<span style=\"font-size: medium;\">Qu\u00e9dense con la copla de la frase por si se les aparece alguna y quieren pegar el braguetazo interracial, porque se ve que, en <strong><a title=\"La mora encantada de Las Hurdes\" href=\"http:\/\/alcazaba.unex.es\/~emarnun\/btca\/hurdes.htm#mora\" rel=\"external nofollow\">Las Hurdes<\/a><\/strong>, o tienen muchas moras tenderas o hay una sola que se mueve mucho, porque se habla de otra agarena que\u00a0se le apareci\u00f3 a un pastor en el siglo <strong>XVIII<\/strong> cerca de <strong>Ladrillar<\/strong>, cuando apacentaba su ganado en el monte.<\/span><\/p>\n<p style=\"text-align: justify;\"><span style=\"font-size: medium;\">Ve \u00a0una cueva en la hab\u00eda una curiosa tienda de baratijas regentada por la mora, que le invita a acercarse y le pregunta que es lo que prefiere de todo lo que ve. El pastor (se ve que hab\u00eda escasez de\u00a0menaje del hogar\u00a0en\u00a0esa \u00e9poca) contesta que unas hermosas tijeras de oro. La mora monta en c\u00f3lera y gru\u00f1e, diciendo:<\/span><\/p>\n<p style=\"text-align: justify;\"><span style=\"font-size: medium;\">\u00a0\u00a0<strong> <em>\u201c\u00a1Ser\u00e1n para cortarte la lengua!!!\u201d<\/em><\/strong><\/span><\/p>\n<p style=\"text-align: justify;\"><span style=\"font-size: medium;\">\u00a0Asustado, el pastor intenta huir, pero la mora lo alcanza y le corta la lengua. Cuando regresa al pueblo, logra contar mediante se\u00f1as lo que le ha sucedido. Los m\u00e1s ancianos le cuentan entonces que la mujer es una mora encantada, custodia de grandes tesoros, y que para desencantarla bastaba con pedir su mano y no una baratija.<\/span><\/p>\n<p style=\"text-align: justify;\"><span style=\"font-size: medium;\">\u00a0Las tenderas encantadas no\u00a0colocan sus puestos solo en <strong>Las Hurdes<\/strong>, pero s\u00ed suelen salir s\u00f3lo por <strong>San Juan<\/strong>, como\u00a0la bella joven en la <strong>Fuente<\/strong><strong> de la Serrana<\/strong>, cerca de <strong>Plasencia<\/strong>, que ofrece in\u00fatilmente sus bandejas rebosantes de art\u00edstica bisuter\u00eda. No hay tu t\u00eda. All\u00ed sigue la pobre, que sepamos.<\/span><\/p>\n<p style=\"text-align: justify;\"><span style=\"font-size: medium;\">\u00a0Pero no desesperen mis lectores m\u00e1s rom\u00e1nticos y sensibles, porque\u00a0no todas las leyendas de vendedoras encantadas terminan como el rosario de la Aurora<strong>. <a title=\"Fernando Flores del Manzano en \" href=\"http:\/\/es.wikipedia.org\/wiki\/Fernando_Flores_del_Manzano\" rel=\"external nofollow\">Flores del Manzano <\/a><\/strong>afirma que existe una versi\u00f3n con final feliz que termina en <strong>boda<\/strong>,\u00a0aunque antes de encontrar a su \u201cpastor azul\u201d la moza encantada se lleva por delante a dos prosaicos humanos con una tijera y un cuchillo, ambos de oro.<\/span><\/p>\n<div id=\"attachment_150\" style=\"width: 730px\" class=\"wp-caption aligncenter\"><a href=\"\/extremadurasecreta\/wp-content\/uploads\/sites\/16\/2012\/04\/FAVORITAS-57.jpg\"><img aria-describedby=\"caption-attachment-150\" loading=\"lazy\" class=\"wp-image-150 size-full\" title=\"FAVORITAS (57)\" src=\"https:\/\/static-blogs.hoy.es\/wp-content\/uploads\/sites\/16\/2012\/04\/FAVORITAS-57.jpg\" width=\"720\" height=\"482\" srcset=\"https:\/\/static-blogs.hoy.es\/wp-content\/uploads\/sites\/16\/2012\/04\/FAVORITAS-57.jpg 720w, https:\/\/static-blogs.hoy.es\/wp-content\/uploads\/sites\/16\/2012\/04\/FAVORITAS-57-300x201.jpg 300w\" sizes=\"(max-width: 720px) 100vw, 720px\" \/><\/a><p id=\"caption-attachment-150\" class=\"wp-caption-text\">La encantada de Alcuescar monta un tenderete de huesos y calaveras (Fotograf\u00eda: Jimber)<\/p><\/div>\n<p style=\"text-align: justify;\"><span style=\"font-size: medium;\">Pero si lo que queremos es encontrar un puesto original en este m\u00e1gico mercadillo tenemos que escuchar a <strong>Publio Hurtado<\/strong> y acercarnos a <strong>Alcu\u00e9scar<\/strong> para conocer a\u00a0 la princesa que, surgiendo de un molino en <strong>La Resbalaera<\/strong>,\u00a0 exhibe un tenderete de calaveras y huesos humanos, cuya extra\u00f1a mercanc\u00eda, de la que no vende ni una m\u00edsera falange, recoge, como todas las encantadas, al llegar el alba.<\/span><\/p>\n<p style=\"text-align: justify;\"><span style=\"font-size: medium;\">\u00a0La princesa debe haber traspasado el negocio, o quiz\u00e1s alg\u00fan a\u00f1o el amanecer le sorprendi\u00f3 sin haber recogido su macabra mercanc\u00eda, porque justo un siglo (los cien a\u00f1os de rigor en los que se cuentan los encantamientos) despu\u00e9s de que Hurtado nos hablase de ella apareci\u00f3 en el pueblo <a title=\"La calavera del Misterio: El Peri\u00f3dico de Extremadura\" href=\"http:\/\/www.elperiodicoextremadura.com\/noticias\/caceres\/alarma-en-alcuescar-tras-aparecer-restos-humanos-en-escombrera_47180.html\" rel=\"external nofollow\">un viejo arc\u00f3n negro con un cr\u00e1neo y varios huesos <\/a>en su interior. Y no se sabe de donde salieron. Ni de qui\u00e9n. Ni para qu\u00e9.<\/span><\/p>\n<p style=\"text-align: justify;\"><span style=\"font-size: medium;\">Aunque me da en los huesos que la respuesta, como dir\u00eda aquel, est\u00e1 en el <strong>viento<\/strong>. Concretamente en el viento en el que se ha convertido una \u00a0princesa encantada\u00a0que,\u00a0hastiada de que los humanos no le hagamos ni caso, se ha cansado (tras cientos de a\u00f1os de negocio nocturno y sin m\u00e1s cliente que la luna) de jugar a las tiendas.<\/span><\/p>\n<!-- AddThis Advanced Settings generic via filter on the_content --><!-- AddThis Share Buttons generic via filter on the_content -->","protected":false},"excerpt":{"rendered":"<p>&nbsp; Las moras encantadas extreme\u00f1as deben echar de menos los zocos y el calor de \u00c1frica, porque en cuanto llega el veranito colocan en el suelo\u00a0una tienda de baratijas en la que venden de todo, excepto la raz\u00f3n de su encantamiento. Se aparecen a pastores, labradores y caminantes en parajes solitarios y dan a escoger [&hellip;]<!-- AddThis Advanced Settings generic via filter on get_the_excerpt --><!-- AddThis Share Buttons generic via filter on get_the_excerpt --><\/p>\n","protected":false},"author":20,"featured_media":148,"comment_status":"open","ping_status":"closed","sticky":false,"template":"","format":"standard","meta":[],"categories":[4,9,10],"tags":[45,184,465,617,628,735,751,871,1166,1174],"_links":{"self":[{"href":"https:\/\/blogs.hoy.es\/extremadurasecreta\/wp-json\/wp\/v2\/posts\/147"}],"collection":[{"href":"https:\/\/blogs.hoy.es\/extremadurasecreta\/wp-json\/wp\/v2\/posts"}],"about":[{"href":"https:\/\/blogs.hoy.es\/extremadurasecreta\/wp-json\/wp\/v2\/types\/post"}],"author":[{"embeddable":true,"href":"https:\/\/blogs.hoy.es\/extremadurasecreta\/wp-json\/wp\/v2\/users\/20"}],"replies":[{"embeddable":true,"href":"https:\/\/blogs.hoy.es\/extremadurasecreta\/wp-json\/wp\/v2\/comments?post=147"}],"version-history":[{"count":4,"href":"https:\/\/blogs.hoy.es\/extremadurasecreta\/wp-json\/wp\/v2\/posts\/147\/revisions"}],"predecessor-version":[{"id":1697,"href":"https:\/\/blogs.hoy.es\/extremadurasecreta\/wp-json\/wp\/v2\/posts\/147\/revisions\/1697"}],"wp:featuredmedia":[{"embeddable":true,"href":"https:\/\/blogs.hoy.es\/extremadurasecreta\/wp-json\/wp\/v2\/media\/148"}],"wp:attachment":[{"href":"https:\/\/blogs.hoy.es\/extremadurasecreta\/wp-json\/wp\/v2\/media?parent=147"}],"wp:term":[{"taxonomy":"category","embeddable":true,"href":"https:\/\/blogs.hoy.es\/extremadurasecreta\/wp-json\/wp\/v2\/categories?post=147"},{"taxonomy":"post_tag","embeddable":true,"href":"https:\/\/blogs.hoy.es\/extremadurasecreta\/wp-json\/wp\/v2\/tags?post=147"}],"curies":[{"name":"wp","href":"https:\/\/api.w.org\/{rel}","templated":true}]}}