{"id":1491,"date":"2018-02-18T15:28:35","date_gmt":"2018-02-18T13:28:35","guid":{"rendered":"http:\/\/blogs.hoy.es\/extremadurasecreta\/?p=1491"},"modified":"2018-10-30T19:03:14","modified_gmt":"2018-10-30T17:03:14","slug":"la-reina-conori-las-amazonas-y-los-extremenos-tuertos","status":"publish","type":"post","link":"https:\/\/blogs.hoy.es\/extremadurasecreta\/2018\/02\/18\/la-reina-conori-las-amazonas-y-los-extremenos-tuertos\/","title":{"rendered":"La reina Co\u00f1ori, las amazonas y los extreme\u00f1os tuertos"},"content":{"rendered":"<p>&nbsp;<\/p>\n<div id=\"attachment_1492\" style=\"width: 222px\" class=\"wp-caption alignleft\"><a href=\"https:\/\/static-blogs.hoy.es\/wp-content\/uploads\/sites\/16\/2018\/02\/1000px-Serrana.jpg\"><img aria-describedby=\"caption-attachment-1492\" loading=\"lazy\" class=\"size-medium wp-image-1492\" src=\"https:\/\/static-blogs.hoy.es\/wp-content\/uploads\/sites\/16\/2018\/02\/1000px-Serrana-212x300.jpg\" alt=\"Ilustraci\u00f3n: Borja Gonz\u00e1lez\" width=\"212\" height=\"300\" srcset=\"https:\/\/static-blogs.hoy.es\/wp-content\/uploads\/sites\/16\/2018\/02\/1000px-Serrana-212x300.jpg 212w, https:\/\/static-blogs.hoy.es\/wp-content\/uploads\/sites\/16\/2018\/02\/1000px-Serrana-768x1087.jpg 768w, https:\/\/static-blogs.hoy.es\/wp-content\/uploads\/sites\/16\/2018\/02\/1000px-Serrana-724x1024.jpg 724w, https:\/\/static-blogs.hoy.es\/wp-content\/uploads\/sites\/16\/2018\/02\/1000px-Serrana.jpg 1000w\" sizes=\"(max-width: 212px) 100vw, 212px\" \/><\/a><p id=\"caption-attachment-1492\" class=\"wp-caption-text\">Ilustraci\u00f3n: Borja Gonz\u00e1lez<\/p><\/div>\n<p style=\"text-align: justify;\">Cuando hablamos de amazonas todos tenemos en mente el mito cl\u00e1sico de las bellas mujeres guerreras que se cortaban un pecho para poder disparar mejor sus arcos (de hecho, existe una etimolog\u00eda popular seg\u00fan la cual su nombre procede del \u201ca-mazos\u201d, es decir, \u201csin pechos\u201d).<\/p>\n<p style=\"text-align: justify;\">Aquellos que hayan sentido curiosidad por este pueblo de mujeres y haya seguido indagando, habr\u00e1 descubierto que la leyenda cuenta que para evitar la extinci\u00f3n de su raza, las amazonas visitaban, una vez al a\u00f1o, a una tribu vecina, y copulaban con ellos. Si de estas uniones nac\u00edan ni\u00f1os varones, se sacrificaban o se devolv\u00edan a sus padres, pero si nac\u00edan ni\u00f1as las conservaban, eran educadas por sus madres y se las adiestraba en las labores de campo, de la caza y de la guerra.<\/p>\n<p>&nbsp;<\/p>\n<p style=\"text-align: justify;\">Marco Polo, en el siglo XIII habla de esta tribu estrictamente femenina que viv\u00edan en una isla, Isla Mujer, pero como ocurri\u00f3 con otros seres mitol\u00f3gicos como los hombres salvajes, las amazonas, a medida que el hombre conquistaba nuevos territorios y las fronteras cada vez estaban m\u00e1s alejadas, fueron alej\u00e1ndose tambi\u00e9n, retir\u00e1ndose a los confines del mundo conocido. Y cuando llega la Era de los Descubrimientos, la imaginaci\u00f3n popular las traslada a las nuevas tierras reci\u00e9n descubiertas, m\u00e1s\u00a0 all\u00e1 del oc\u00e9ano.<\/p>\n<p style=\"text-align: justify;\">A las amazonas se las mencionan ya en el primer relato europeo sobre Am\u00e9rica, el diario del Primer Viaje de Crist\u00f3bal Col\u00f3n. En su entrada del 16 de enero de 1493 escribe, supuestamente en base al testimonio de los pobladores nativos, una versi\u00f3n similar a la descripci\u00f3n que siglos antes hab\u00eda realizado Marco Polo.<\/p>\n<p>El extreme\u00f1o Hern\u00e1n Cort\u00e9s, conquistador de M\u00e9jico, refiere al rey de Espa\u00f1a Carlos V en 1524 una nueva ubicaci\u00f3n del mito de las amazonas: Cihuat\u00e1n, al Noroeste del Valle de M\u00e9xico.<\/p>\n<p><em><span style=\"font-size: 10pt;\">Y as\u00ed mismo me trajo relaci\u00f3n de los se\u00f1ores de la provincia de Cihuat\u00e1n, que se afirma mucho de haber una isla poblada de mujeres, sin var\u00f3n ninguno, y que en ciertos tiempos van de la tierra firme hombres que con ellas han acceso&#8230;y si paren mujeres las guardan; y si hombres, los echan de su compa\u00f1\u00eda<\/span><\/em><\/p>\n<div id=\"attachment_1493\" style=\"width: 1034px\" class=\"wp-caption aligncenter\"><a href=\"https:\/\/static-blogs.hoy.es\/wp-content\/uploads\/sites\/16\/2018\/02\/amazonas-en-un-grabado-de-Theodore-de-Bry.jpg\"><img aria-describedby=\"caption-attachment-1493\" loading=\"lazy\" class=\"size-large wp-image-1493\" src=\"https:\/\/static-blogs.hoy.es\/wp-content\/uploads\/sites\/16\/2018\/02\/amazonas-en-un-grabado-de-Theodore-de-Bry-1024x804.jpg\" alt=\"Amazonas en un grabado de Theodore de Bry\" width=\"1024\" height=\"804\" srcset=\"https:\/\/static-blogs.hoy.es\/wp-content\/uploads\/sites\/16\/2018\/02\/amazonas-en-un-grabado-de-Theodore-de-Bry-1024x804.jpg 1024w, https:\/\/static-blogs.hoy.es\/wp-content\/uploads\/sites\/16\/2018\/02\/amazonas-en-un-grabado-de-Theodore-de-Bry-300x236.jpg 300w, https:\/\/static-blogs.hoy.es\/wp-content\/uploads\/sites\/16\/2018\/02\/amazonas-en-un-grabado-de-Theodore-de-Bry-768x603.jpg 768w, https:\/\/static-blogs.hoy.es\/wp-content\/uploads\/sites\/16\/2018\/02\/amazonas-en-un-grabado-de-Theodore-de-Bry.jpg 2000w\" sizes=\"(max-width: 1024px) 100vw, 1024px\" \/><\/a><p id=\"caption-attachment-1493\" class=\"wp-caption-text\">Amazonas en un grabado de Theodore de Bry<\/p><\/div>\n<p style=\"text-align: justify;\">Dos d\u00e9cadas despu\u00e9s, la expectativa de encontrar las amazonas en el Nuevo Mundo segu\u00eda intacta. Otro extreme\u00f1o, esta vez el sacerdote \u00a0trujillano Gaspar de Carvajal, acompa\u00f1a al conquistador espa\u00f1ol Francisco de Orellana (tambi\u00e9n extreme\u00f1o y trujillano) por r\u00edo Mara\u00f1\u00f3n en Sudam\u00e9rica, en 1542. El sacerdote <a href=\"http:\/\/www.cervantesvirtual.com\/obra\/descubrimiento-del-rio-de-las-amazonas--0\/\" rel=\"external nofollow\">narra en sus escritos <\/a>como en esta expedici\u00f3n sufrieron el ataque de mujeres guerreras que desde la orilla le disparaban dardos de cerbatanas y flechas.<\/p>\n<p style=\"text-align: justify;\"><span style=\"font-size: 10pt;\"><em>\u201cEstas mujeres son muy altas y blancas y tienen el cabello muy largo y entranzado y revuelto a la cabeza : son muy membrudas, andaban desnudas en cueros y atapadas sus verg\u00fcenzas, con sus arcos y flechas en las manos, haciendo tanta guerra como diez indios, y en verdad que hubo muchas de \u00e9stas que metieron un palmo de flecha por uno de los bergantines y otras menos, que parec\u00edan nuestros bergantines puerco esp\u00edn.&#8221;<\/em><\/span><\/p>\n<p style=\"text-align: justify;\">Muy inventada no tuvo que ser la cosa, porque el pobre sacerdote perdi\u00f3 un ojo en esta aventura. El mismo triste destino que hab\u00eda sufrido en otra batalla otro insigne conquistador trujillano: Francisco de \u00a0Orellana, \u00a0que recibir\u00eda el sobrenombre de \u201cel tuerto del Amazonas\u201d.<\/p>\n<div id=\"attachment_1494\" style=\"width: 797px\" class=\"wp-caption aligncenter\"><a href=\"https:\/\/static-blogs.hoy.es\/wp-content\/uploads\/sites\/16\/2018\/02\/Francisco_de_Orellana.jpg\"><img aria-describedby=\"caption-attachment-1494\" loading=\"lazy\" class=\"size-full wp-image-1494\" src=\"https:\/\/static-blogs.hoy.es\/wp-content\/uploads\/sites\/16\/2018\/02\/Francisco_de_Orellana.jpg\" alt=\"Francisco de Orellana, descubridor del Amazonas\" width=\"787\" height=\"545\" srcset=\"https:\/\/static-blogs.hoy.es\/wp-content\/uploads\/sites\/16\/2018\/02\/Francisco_de_Orellana.jpg 787w, https:\/\/static-blogs.hoy.es\/wp-content\/uploads\/sites\/16\/2018\/02\/Francisco_de_Orellana-300x208.jpg 300w, https:\/\/static-blogs.hoy.es\/wp-content\/uploads\/sites\/16\/2018\/02\/Francisco_de_Orellana-768x532.jpg 768w\" sizes=\"(max-width: 787px) 100vw, 787px\" \/><\/a><p id=\"caption-attachment-1494\" class=\"wp-caption-text\">Francisco de Orellana, descubridor del Amazonas<\/p><\/div>\n<p style=\"text-align: justify;\">En uno de los combates con estas tribus vieron mujeres que animosamente peleaban como capitanes delante de los indios, a las cuales consideraron, por las referencias anteriores, como las amazonas, por lo que decidieron dar ese nombre al rio que estaban navegando.<\/p>\n<p style=\"text-align: justify;\">\u00a0\u00a0\u00a0 Retomando el t\u00f3pico de la relaci\u00f3n entre las amazonas y los hombres, Carvajal cuenta como el capit\u00e1n interroga a un indio sobre esta tribu de amazonas:<\/p>\n<p style=\"text-align: justify;\"><em><span style=\"font-size: 10pt;\">&#8220;Y el capit\u00e1n le pregunt\u00f3 (a un indio) que si estas mujeres par\u00edan : \u00e9l dijo que s\u00ed. Y el capit\u00e1n dijo que c\u00f3mo, no siendo casadas ni residiendo hombres entre ellas, se empre\u00f1aban : el indio respondi\u00f3 que estas mujeres participaban con hombres a ciertos tiempos y que cuando les viene aquella gana, de una cierta provincia que confina junto a ellas, de un muy gran se\u00f1or, que son blancos, excepto que no tienen barbas, vienen a tener parte con ellas (&#8230;)\u00a0 y que est\u00e1n con ellas cierto tiempo y despu\u00e9s se van. Las que quedan pre\u00f1adas, si paren hijo dicen que lo matan o lo env\u00edan a sus padres, y si hembra que la cr\u00edan con muy gran regocijo, y dicen que todas estas mujeres tienen una por se\u00f1ora principal a quien obedecen, que se llama Co\u00f1ori.&#8221;<\/span><\/em><\/p>\n<p style=\"text-align: justify;\">El indio sigue contando como en la ciudad donde reside la reina Co\u00f1ori hab\u00eda cinco casas del sol, donde ten\u00edan sus diosas de oro y de plata. Estas casa, desde los cimientos hasta medio estado en alto, estaban planchadas de plata todas a la redonda, y los bancos tambi\u00e9n era de plata, y los techos de estas casas est\u00e1n forrados con plumas de papagayos y de guacamayas.<\/p>\n<p style=\"text-align: justify;\">Lo cierto es que los extreme\u00f1os no llegaron nunca a encontrar este famoso pueblo de las amazonas, a pesar de que Orellana, una vez que volvi\u00f3 a Espa\u00f1a, consigui\u00f3 que le nombrasen gobernador de aquellas tierras.\u00a0 Y regres\u00f3 a ellas,\u00a0 quiz\u00e1s con la esperanza de conocer por fin\u00a0 a la hermosa reina Co\u00f1ori y a su pueblo de bellas mujeres blancas con templos de paredes de plata y\u00a0 tejados de plumas.<\/p>\n<p style=\"text-align: justify;\">Pero el hombre propone y los dioses disponen, y Orellana perdi\u00f3 la vida en el mes de los muertos de 1546, intentando remontar el Amazonas. La selva, el rio y las diosas de oro y de plata de los templos perdidos se cobraron su tributo de sangre , y la tribu de las mujeres guerreras se disolvi\u00f3, una vez m\u00e1s, en las brumas\u00a0 del mito y la leyenda.<\/p>\n<p>&nbsp;<\/p>\n<p>&nbsp;<\/p>\n<p><a href=\"http:\/\/www.cervantesvirtual.com\/obra\/descubrimiento-del-rio-de-las-amazonas--0\/\" rel=\"external nofollow\">http:\/\/www.cervantesvirtual.com\/obra\/descubrimiento-del-rio-de-las-amazonas&#8211;0\/<\/a><\/p>\n<p><a href=\"http:\/\/blogs.elpais.com\/papeles-perdidos\/pdf\/gaspardecarvajal.pdf\" rel=\"external nofollow\">http:\/\/blogs.elpais.com\/papeles-perdidos\/pdf\/gaspardecarvajal.pdf<\/a><\/p>\n<p>&nbsp;<\/p>\n<p>&nbsp;<\/p>\n<p>&nbsp;<\/p>\n<!-- AddThis Advanced Settings generic via filter on the_content --><!-- AddThis Share Buttons generic via filter on the_content -->","protected":false},"excerpt":{"rendered":"<p>&nbsp; Cuando hablamos de amazonas todos tenemos en mente el mito cl\u00e1sico de las bellas mujeres guerreras que se cortaban un pecho para poder disparar mejor sus arcos (de hecho, existe una etimolog\u00eda popular seg\u00fan la cual su nombre procede del \u201ca-mazos\u201d, es decir, \u201csin pechos\u201d). Aquellos que hayan sentido curiosidad por este pueblo de [&hellip;]<!-- AddThis Advanced Settings generic via filter on get_the_excerpt --><!-- AddThis Share Buttons generic via filter on get_the_excerpt --><\/p>\n","protected":false},"author":20,"featured_media":1493,"comment_status":"open","ping_status":"closed","sticky":false,"template":"","format":"standard","meta":[],"categories":[5],"tags":[1328,1331,1330,1329,1211],"_links":{"self":[{"href":"https:\/\/blogs.hoy.es\/extremadurasecreta\/wp-json\/wp\/v2\/posts\/1491"}],"collection":[{"href":"https:\/\/blogs.hoy.es\/extremadurasecreta\/wp-json\/wp\/v2\/posts"}],"about":[{"href":"https:\/\/blogs.hoy.es\/extremadurasecreta\/wp-json\/wp\/v2\/types\/post"}],"author":[{"embeddable":true,"href":"https:\/\/blogs.hoy.es\/extremadurasecreta\/wp-json\/wp\/v2\/users\/20"}],"replies":[{"embeddable":true,"href":"https:\/\/blogs.hoy.es\/extremadurasecreta\/wp-json\/wp\/v2\/comments?post=1491"}],"version-history":[{"count":3,"href":"https:\/\/blogs.hoy.es\/extremadurasecreta\/wp-json\/wp\/v2\/posts\/1491\/revisions"}],"predecessor-version":[{"id":1677,"href":"https:\/\/blogs.hoy.es\/extremadurasecreta\/wp-json\/wp\/v2\/posts\/1491\/revisions\/1677"}],"wp:featuredmedia":[{"embeddable":true,"href":"https:\/\/blogs.hoy.es\/extremadurasecreta\/wp-json\/wp\/v2\/media\/1493"}],"wp:attachment":[{"href":"https:\/\/blogs.hoy.es\/extremadurasecreta\/wp-json\/wp\/v2\/media?parent=1491"}],"wp:term":[{"taxonomy":"category","embeddable":true,"href":"https:\/\/blogs.hoy.es\/extremadurasecreta\/wp-json\/wp\/v2\/categories?post=1491"},{"taxonomy":"post_tag","embeddable":true,"href":"https:\/\/blogs.hoy.es\/extremadurasecreta\/wp-json\/wp\/v2\/tags?post=1491"}],"curies":[{"name":"wp","href":"https:\/\/api.w.org\/{rel}","templated":true}]}}