{"id":1517,"date":"2018-04-01T20:42:26","date_gmt":"2018-04-01T18:42:26","guid":{"rendered":"http:\/\/blogs.hoy.es\/extremadurasecreta\/?p=1517"},"modified":"2018-12-14T11:29:21","modified_gmt":"2018-12-14T09:29:21","slug":"tras-las-huellas-de-las-gigantas-extremenas","status":"publish","type":"post","link":"https:\/\/blogs.hoy.es\/extremadurasecreta\/2018\/04\/01\/tras-las-huellas-de-las-gigantas-extremenas\/","title":{"rendered":"\u00a0Tras las huellas de las gigantas extreme\u00f1as"},"content":{"rendered":"<p><strong>\u00a0<\/strong><\/p>\n<p style=\"text-align: justify;\">No s\u00e9 si saben ustedes que en el norte de Extremadura habitaban gigantas que a pesar de su gran tama\u00f1o consegu\u00edan ocultarse como por arte de magia\u2026 Y uno de estos lugares era el bello pueblecito de <strong>Eljas, <\/strong>enclavado en<strong> la Sierra de Gata <\/strong>y en el que existe un grupo de grandes rocas que describen un c\u00edrculo irregular conocidas como las Torres de Fern\u00e1n Centeno.<\/p>\n<p>&nbsp;<\/p>\n<p style=\"text-align: justify;\">Bajo la plazoleta que forman aseguran los lugare\u00f1os que \u00a0vive una enorme mora encantada, nieta del famoso<a href=\"https:\/\/blogs.hoy.es\/extremadurasecreta\/2016\/04\/24\/el-balsamo-de-fierabras-esta-en-extremadura\/\"><strong> gigante Fierabr\u00e1s de Alejandr\u00eda<\/strong><\/a>, (ese del que ya hablamos en otra ocasi\u00f3n y que muri\u00f3 en el Tajo antes de tirar al rio varios toneles de su famoso b\u00e1lsamo curalotodo), pero de much\u00edsima m\u00e1s corpulencia que su abuelo.<\/p>\n<p style=\"text-align: justify;\">Cuenta <a href=\"https:\/\/www.casadellibro.com\/libro-supersticiones-extremenas\/mkt0000337850\/2916499\" rel=\"external nofollow\"><strong>Publio Hurtado<\/strong> <\/a>que sale de su escondite solo tres noches al a\u00f1o: mi\u00e9rcoles, jueves y viernes de pasi\u00f3n, y cuando lo hace, su afici\u00f3n consiste en jugar a las canicas con las enormes piedras de la sierra. \u00a0Y dicen que hay quienes han visto en esas noches volar por los aires esos bloques tit\u00e1nicos a veinte y treinta metros de altura, impulsados por las enormes manos de la gigantesca mora, \u00a0quien cuando se cansa y termina sus juegos malabares deja colocados los pe\u00f1ascos en el mismo sitio en el que los arranc\u00f3.<\/p>\n<p style=\"text-align: justify;\">Pero la nieta de Fierabr\u00e1s no estaba sola en el norte, porque me ha contado un pajarito que tambi\u00e9n la Giganta Daniela se mov\u00eda a sus anchas por la <strong>comarca de la Vera<\/strong> y por las alturas del <strong>Valle del Jerte<\/strong>\u2026 Aunque esta giganta es m\u00e1s que conocida, porque \u00a0no es otra que la que ahora se conoce como <a href=\"https:\/\/blogs.hoy.es\/extremadurasecreta\/2018\/03\/07\/yuste-y-el-miedo-a-las-mujeres\/\"><strong>Serrana de la Vera<\/strong><\/a>, una amazona gigantesca y montaraz que seg\u00fan me contaba el t\u00edo Mateo en <strong>Garganta la Olla<\/strong>, \u00a0se llamaba Daniela y ten\u00eda una fuerza y un tama\u00f1o verdaderamente descomunal.<\/p>\n<div id=\"attachment_1520\" style=\"width: 1930px\" class=\"wp-caption aligncenter\"><a href=\"https:\/\/static-blogs.hoy.es\/wp-content\/uploads\/sites\/16\/2018\/04\/garganta-la-ola-La-Vera-10-marzo-2014-171-123_edited.jpg\"><img aria-describedby=\"caption-attachment-1520\" loading=\"lazy\" class=\"wp-image-1520 size-full\" src=\"https:\/\/static-blogs.hoy.es\/wp-content\/uploads\/sites\/16\/2018\/04\/garganta-la-ola-La-Vera-10-marzo-2014-171-123_edited.jpg\" alt=\"Garganta la Olla, el pueblo de la giganta Daniela (A. Briz)\" width=\"1920\" height=\"1080\" srcset=\"https:\/\/static-blogs.hoy.es\/wp-content\/uploads\/sites\/16\/2018\/04\/garganta-la-ola-La-Vera-10-marzo-2014-171-123_edited.jpg 1920w, https:\/\/static-blogs.hoy.es\/wp-content\/uploads\/sites\/16\/2018\/04\/garganta-la-ola-La-Vera-10-marzo-2014-171-123_edited-300x169.jpg 300w, https:\/\/static-blogs.hoy.es\/wp-content\/uploads\/sites\/16\/2018\/04\/garganta-la-ola-La-Vera-10-marzo-2014-171-123_edited-768x432.jpg 768w, https:\/\/static-blogs.hoy.es\/wp-content\/uploads\/sites\/16\/2018\/04\/garganta-la-ola-La-Vera-10-marzo-2014-171-123_edited-1024x576.jpg 1024w\" sizes=\"(max-width: 1920px) 100vw, 1920px\" \/><\/a><p id=\"caption-attachment-1520\" class=\"wp-caption-text\">Garganta la Olla, el pueblo de la giganta Daniela (A. Briz)<\/p><\/div>\n<p style=\"text-align: justify;\">De su tama\u00f1o dan fe las enormes huellas de su pie que han quedado grabados en la roca, en el camino de <strong>Piornal<\/strong>. Se dec\u00eda que, poniendo un pie en esta roca, con el otro alcanzaba la cima del monte, situado a un kil\u00f3metro de distancia, en lo que ahora se denomina el &#8220;paso de la Serrana&#8221;.<\/p>\n<p style=\"text-align: justify;\">De su fuerza descomunal da fe \u201cel tiro de la Serrana\u201d, una enorme pe\u00f1a de doce metros de longitud que afirman que fue arrojada por la joven, unos dicen que a pulso, y otros que con su honda.<\/p>\n<p style=\"text-align: justify;\">La forzuda tambi\u00e9n cerraba la cueva con una piedra de doscientas arrobas, con parte de la cual, seg\u00fan se dice en Garganta la Olla, se construy\u00f3 la pesada pila bautismal de la iglesia del pueblo.<\/p>\n<p style=\"text-align: justify;\">Y aunque es cierto que las gigantas extreme\u00f1as hace tiempo que no dan se\u00f1ales de vida, hay quien afirma que a\u00fan permanecen ocultas, esperando tiempos mejores en los que los humanos dejemos de perseguir al diferente y estemos, por fin, \u201ca la altura\u201d de las circunstancias.<\/p>\n<!-- AddThis Advanced Settings generic via filter on the_content --><!-- AddThis Share Buttons generic via filter on the_content -->","protected":false},"excerpt":{"rendered":"<p>\u00a0 No s\u00e9 si saben ustedes que en el norte de Extremadura habitaban gigantas que a pesar de su gran tama\u00f1o consegu\u00edan ocultarse como por arte de magia\u2026 Y uno de estos lugares era el bello pueblecito de Eljas, enclavado en la Sierra de Gata y en el que existe un grupo de grandes rocas [&hellip;]<!-- AddThis Advanced Settings generic via filter on get_the_excerpt --><!-- AddThis Share Buttons generic via filter on get_the_excerpt --><\/p>\n","protected":false},"author":20,"featured_media":1519,"comment_status":"open","ping_status":"closed","sticky":false,"template":"","format":"standard","meta":[],"categories":[9],"tags":[1335,459,509,564,1336,1334,1338,975,1111,1119,1337],"_links":{"self":[{"href":"https:\/\/blogs.hoy.es\/extremadurasecreta\/wp-json\/wp\/v2\/posts\/1517"}],"collection":[{"href":"https:\/\/blogs.hoy.es\/extremadurasecreta\/wp-json\/wp\/v2\/posts"}],"about":[{"href":"https:\/\/blogs.hoy.es\/extremadurasecreta\/wp-json\/wp\/v2\/types\/post"}],"author":[{"embeddable":true,"href":"https:\/\/blogs.hoy.es\/extremadurasecreta\/wp-json\/wp\/v2\/users\/20"}],"replies":[{"embeddable":true,"href":"https:\/\/blogs.hoy.es\/extremadurasecreta\/wp-json\/wp\/v2\/comments?post=1517"}],"version-history":[{"count":8,"href":"https:\/\/blogs.hoy.es\/extremadurasecreta\/wp-json\/wp\/v2\/posts\/1517\/revisions"}],"predecessor-version":[{"id":1734,"href":"https:\/\/blogs.hoy.es\/extremadurasecreta\/wp-json\/wp\/v2\/posts\/1517\/revisions\/1734"}],"wp:featuredmedia":[{"embeddable":true,"href":"https:\/\/blogs.hoy.es\/extremadurasecreta\/wp-json\/wp\/v2\/media\/1519"}],"wp:attachment":[{"href":"https:\/\/blogs.hoy.es\/extremadurasecreta\/wp-json\/wp\/v2\/media?parent=1517"}],"wp:term":[{"taxonomy":"category","embeddable":true,"href":"https:\/\/blogs.hoy.es\/extremadurasecreta\/wp-json\/wp\/v2\/categories?post=1517"},{"taxonomy":"post_tag","embeddable":true,"href":"https:\/\/blogs.hoy.es\/extremadurasecreta\/wp-json\/wp\/v2\/tags?post=1517"}],"curies":[{"name":"wp","href":"https:\/\/api.w.org\/{rel}","templated":true}]}}