{"id":1560,"date":"2018-06-22T16:55:48","date_gmt":"2018-06-22T14:55:48","guid":{"rendered":"http:\/\/blogs.hoy.es\/extremadurasecreta\/?p=1560"},"modified":"2018-10-30T19:08:38","modified_gmt":"2018-10-30T17:08:38","slug":"las-encantadas-de-san-juan","status":"publish","type":"post","link":"https:\/\/blogs.hoy.es\/extremadurasecreta\/2018\/06\/22\/las-encantadas-de-san-juan\/","title":{"rendered":"Las encantadas de San Juan"},"content":{"rendered":"<p>&nbsp;<\/p>\n<p>&nbsp;<\/p>\n<div id=\"attachment_1561\" style=\"width: 235px\" class=\"wp-caption alignleft\"><a href=\"https:\/\/static-blogs.hoy.es\/wp-content\/uploads\/sites\/16\/2018\/06\/10329769_683910675009420_5113913858429758435_o.jpg\"><img aria-describedby=\"caption-attachment-1561\" loading=\"lazy\" class=\"wp-image-1561 size-medium\" src=\"https:\/\/static-blogs.hoy.es\/wp-content\/uploads\/sites\/16\/2018\/06\/10329769_683910675009420_5113913858429758435_o-225x300.jpg\" alt=\"Ilustraci\u00f3n: Borja Gonz\u00e1lez Hoyos\" width=\"225\" height=\"300\" srcset=\"https:\/\/static-blogs.hoy.es\/wp-content\/uploads\/sites\/16\/2018\/06\/10329769_683910675009420_5113913858429758435_o-225x300.jpg 225w, https:\/\/static-blogs.hoy.es\/wp-content\/uploads\/sites\/16\/2018\/06\/10329769_683910675009420_5113913858429758435_o.jpg 720w\" sizes=\"(max-width: 225px) 100vw, 225px\" \/><\/a><p id=\"caption-attachment-1561\" class=\"wp-caption-text\">Ilustraci\u00f3n: Borja Gonz\u00e1lez Hoyos<\/p><\/div>\n<p style=\"text-align: justify;\">Ya estamos de nuevo en la noche m\u00e1s pagana del a\u00f1o, en esa fecha m\u00e1gica en la que las puertas del universo maravilloso se abren para inundar este mundo a golpe de prodigios. Y Extremadura, al igual que casi toda Europa, se convertir\u00e1 durante la noche del 23 al 24 de junio en una tierra de fen\u00f3menos extraordinarios poblada por seres m\u00e1gicos.<\/p>\n<p style=\"text-align: justify;\">Ya hablamos en otra ocasi\u00f3n de <strong>los castillos encantados <\/strong>cuyas fe\u00e9ricas habitantes solo pueden contemplarse en la Noche de San Juan. Tambi\u00e9n os cont\u00e9 las historias de <a href=\"https:\/\/blogs.hoy.es\/extremadurasecreta\/2012\/04\/13\/extremadura-un-mercadillo-encantado\/\"><strong>las extra\u00f1as tiendas que montan las misteriosas moras a la entrada de las cuevas<\/strong><\/a> en esta noche, y os hemos adelantado (de nada, chicos) cuales son los pasos a seguir para haceros con la chica y con el tesoro y no perder la vida en el intento.<\/p>\n<div id=\"attachment_1563\" style=\"width: 968px\" class=\"wp-caption aligncenter\"><a href=\"https:\/\/static-blogs.hoy.es\/wp-content\/uploads\/sites\/16\/2018\/06\/a-354.jpg\"><img aria-describedby=\"caption-attachment-1563\" loading=\"lazy\" class=\"size-full wp-image-1563\" src=\"https:\/\/static-blogs.hoy.es\/wp-content\/uploads\/sites\/16\/2018\/06\/a-354.jpg\" alt=\"El paisaje extreme\u00f1o se puebla de encantadas la noche de San Juan (Jimber)\" width=\"958\" height=\"650\" srcset=\"https:\/\/static-blogs.hoy.es\/wp-content\/uploads\/sites\/16\/2018\/06\/a-354.jpg 958w, https:\/\/static-blogs.hoy.es\/wp-content\/uploads\/sites\/16\/2018\/06\/a-354-300x204.jpg 300w, https:\/\/static-blogs.hoy.es\/wp-content\/uploads\/sites\/16\/2018\/06\/a-354-768x521.jpg 768w\" sizes=\"(max-width: 958px) 100vw, 958px\" \/><\/a><p id=\"caption-attachment-1563\" class=\"wp-caption-text\">El paisaje extreme\u00f1o se puebla de encantadas la noche de San Juan (Jimber)<\/p><\/div>\n<p style=\"text-align: justify;\">Os presentamos incluso a las moras encantadas que salen esta noche del fondo de los pozos, como <strong><a href=\"https:\/\/blogs.hoy.es\/extremadurasecreta\/2017\/06\/22\/encantadas-de-san-juan-la-velasca\/\">La Velasca<\/a>, <\/strong>y a las que viven en lagos, como <a href=\"https:\/\/blogs.hoy.es\/extremadurasecreta\/2014\/06\/23\/la-laguna-de-las-encantas\/\">las<strong> \u201cEncant\u00e1s\u201d <\/strong>de <\/a><strong>Montijo.<\/strong> Sin embargo, y aunque no os lo cre\u00e1is, a\u00fan quedan encantadas para rato.<\/p>\n<p style=\"text-align: justify;\">Como la Cantamora, una joven \u00e1rabe de voz hipn\u00f3tica que habita en los restos de un colector romano abovedado, en las ruinas\u00a0 \u00a0de <strong>Talavera la Vieja<\/strong>, la antigua August\u00f3briga, una ciudad romana inundada en la actualidad por el pantano de Valdeca\u00f1as y que solo en ocasiones de sequ\u00eda, cuando el nivel del agua desciende, deja ver sus blancos huesos de piedra y hasta alg\u00fan que otro tesoro.<\/p>\n<p style=\"text-align: justify;\">\u00a0La Cantamora, haciendo honor a su nombre, inmoviliza con sus dulces melod\u00edas a las personas, aves, reptiles y mam\u00edferos que llegan a escucharla, como una sirena sin cola condenada a cantar \u00fanicamente en esta noche m\u00e1gica.<\/p>\n<p style=\"text-align: justify;\"><a href=\"https:\/\/static-blogs.hoy.es\/wp-content\/uploads\/sites\/16\/2018\/06\/Trujillo-12963484_1124864897558085_2662812691272627330_n.jpg\"><img loading=\"lazy\" class=\"aligncenter size-full wp-image-1562\" src=\"https:\/\/static-blogs.hoy.es\/wp-content\/uploads\/sites\/16\/2018\/06\/Trujillo-12963484_1124864897558085_2662812691272627330_n.jpg\" alt=\"Trujillo y su Berrocal (Marcos Ota\u00f1o) \" width=\"960\" height=\"635\" srcset=\"https:\/\/static-blogs.hoy.es\/wp-content\/uploads\/sites\/16\/2018\/06\/Trujillo-12963484_1124864897558085_2662812691272627330_n.jpg 960w, https:\/\/static-blogs.hoy.es\/wp-content\/uploads\/sites\/16\/2018\/06\/Trujillo-12963484_1124864897558085_2662812691272627330_n-300x198.jpg 300w, https:\/\/static-blogs.hoy.es\/wp-content\/uploads\/sites\/16\/2018\/06\/Trujillo-12963484_1124864897558085_2662812691272627330_n-768x508.jpg 768w\" sizes=\"(max-width: 960px) 100vw, 960px\" \/><\/a><\/p>\n<p style=\"text-align: justify;\">En otra cueva (oculta hasta esta noche), y esta vez en <strong>Trujillo<\/strong>, tambi\u00e9n habita una se\u00f1ora encantada y adivina a la que los enamorados pueden preguntar unan vez al a\u00f1o por su futuro. A las once y media de la noche del 23 de junio, la pareja debe acudir a la fuente de Santa Olalla y preguntar a la encantada si podr\u00e1n casarse dentro del a\u00f1o. A las doce en punto se abrir\u00e1n unas pizarras cercanas a la fuente y saldr\u00e1 un carnero negro. Si topa por tres veces en las pizarras, la boda ser\u00e1 un hecho.<\/p>\n<p style=\"text-align: justify;\">Y si no tienen novia, pero quieren una (aunque sea encantada) no duden en acercarse esta noche a <strong>Berlanga<\/strong>, y comiencen a pasear, como quien no quiere la cosa, por las cercan\u00edas del pozo de la Mineta. Si las indicaciones de <a href=\"https:\/\/books.google.es\/books\/about\/Supersticiones_extreme\u00f1as.html?hl=es&amp;id=hug8PQAACAAJ&amp;redir_esc=y\" rel=\"external nofollow\"><strong>Publio Hurtado<\/strong><\/a> son correctas, les saldr\u00e1 al paso una perrita negra. No se corten y s\u00edganla, porque no es otra que la perra de Pepa, una bella dama encantada que espera en las negras profundidades a que un caballero valiente la rescate.<\/p>\n<p style=\"text-align: justify;\">La pobre Pepa se encuentra condenada en aquellas profundidades como pena a una supuesta infidelidad que su marido, un mago con bastante mala leche, decidi\u00f3 castigar arroj\u00e1ndola para siempre a la oscuridad del pozo seco, en donde, por si fuera poco, tiene que escuchar continuamente a una lechuza llam\u00e1ndola \u201cfea\u201d por toda la eternidad.<\/p>\n<p style=\"text-align: justify;\">Con un castigo como ese y calculando el tiempo que la pobre lleva encerrada, ya le digo yo que por muy feo que sea usted, a la Pepa la tiene ganada.<\/p>\n<p style=\"text-align: justify;\">Es lo que tiene San Juan, que reparte prodigios como si fueran pan.<\/p>\n<p>&nbsp;<\/p>\n<p>&nbsp;<\/p>\n<p>&nbsp;<\/p>\n<p>&nbsp;<\/p>\n<p>&nbsp;<\/p>\n<p>&nbsp;<\/p>\n<p>&nbsp;<\/p>\n<!-- AddThis Advanced Settings generic via filter on the_content --><!-- AddThis Share Buttons generic via filter on the_content -->","protected":false},"excerpt":{"rendered":"<p>&nbsp; &nbsp; Ya estamos de nuevo en la noche m\u00e1s pagana del a\u00f1o, en esa fecha m\u00e1gica en la que las puertas del universo maravilloso se abren para inundar este mundo a golpe de prodigios. Y Extremadura, al igual que casi toda Europa, se convertir\u00e1 durante la noche del 23 al 24 de junio en [&hellip;]<!-- AddThis Advanced Settings generic via filter on get_the_excerpt --><!-- AddThis Share Buttons generic via filter on get_the_excerpt --><\/p>\n","protected":false},"author":20,"featured_media":1561,"comment_status":"open","ping_status":"closed","sticky":false,"template":"","format":"standard","meta":[],"categories":[9,10],"tags":[136,1341,207,271,465,489,536,740,871,1340,902,1342,1151],"_links":{"self":[{"href":"https:\/\/blogs.hoy.es\/extremadurasecreta\/wp-json\/wp\/v2\/posts\/1560"}],"collection":[{"href":"https:\/\/blogs.hoy.es\/extremadurasecreta\/wp-json\/wp\/v2\/posts"}],"about":[{"href":"https:\/\/blogs.hoy.es\/extremadurasecreta\/wp-json\/wp\/v2\/types\/post"}],"author":[{"embeddable":true,"href":"https:\/\/blogs.hoy.es\/extremadurasecreta\/wp-json\/wp\/v2\/users\/20"}],"replies":[{"embeddable":true,"href":"https:\/\/blogs.hoy.es\/extremadurasecreta\/wp-json\/wp\/v2\/comments?post=1560"}],"version-history":[{"count":2,"href":"https:\/\/blogs.hoy.es\/extremadurasecreta\/wp-json\/wp\/v2\/posts\/1560\/revisions"}],"predecessor-version":[{"id":1566,"href":"https:\/\/blogs.hoy.es\/extremadurasecreta\/wp-json\/wp\/v2\/posts\/1560\/revisions\/1566"}],"wp:featuredmedia":[{"embeddable":true,"href":"https:\/\/blogs.hoy.es\/extremadurasecreta\/wp-json\/wp\/v2\/media\/1561"}],"wp:attachment":[{"href":"https:\/\/blogs.hoy.es\/extremadurasecreta\/wp-json\/wp\/v2\/media?parent=1560"}],"wp:term":[{"taxonomy":"category","embeddable":true,"href":"https:\/\/blogs.hoy.es\/extremadurasecreta\/wp-json\/wp\/v2\/categories?post=1560"},{"taxonomy":"post_tag","embeddable":true,"href":"https:\/\/blogs.hoy.es\/extremadurasecreta\/wp-json\/wp\/v2\/tags?post=1560"}],"curies":[{"name":"wp","href":"https:\/\/api.w.org\/{rel}","templated":true}]}}