{"id":1567,"date":"2018-07-15T19:53:46","date_gmt":"2018-07-15T17:53:46","guid":{"rendered":"http:\/\/blogs.hoy.es\/extremadurasecreta\/?p=1567"},"modified":"2018-10-30T18:52:58","modified_gmt":"2018-10-30T16:52:58","slug":"la-cueva-de-los-postes-dioses-antropofagos-y-poseidos","status":"publish","type":"post","link":"https:\/\/blogs.hoy.es\/extremadurasecreta\/2018\/07\/15\/la-cueva-de-los-postes-dioses-antropofagos-y-poseidos\/","title":{"rendered":"La cueva de Los Postes: Dioses, antrop\u00f3fagos y pose\u00eddos"},"content":{"rendered":"<div id=\"attachment_1575\" style=\"width: 638px\" class=\"wp-caption aligncenter\"><a href=\"https:\/\/static-blogs.hoy.es\/wp-content\/uploads\/sites\/16\/2018\/07\/Cuevas-de-los-postes-Fuentes-de-LeonIMG_8276_edited_edited.jpg\"><img aria-describedby=\"caption-attachment-1575\" loading=\"lazy\" class=\"wp-image-1575 size-full\" src=\"https:\/\/static-blogs.hoy.es\/wp-content\/uploads\/sites\/16\/2018\/07\/Cuevas-de-los-postes-Fuentes-de-LeonIMG_8276_edited_edited.jpg\" alt=\"Grupo de homo sapiens en la cueva de los Postes de Fuentes de Le\u00f3n\" width=\"628\" height=\"350\" srcset=\"https:\/\/static-blogs.hoy.es\/wp-content\/uploads\/sites\/16\/2018\/07\/Cuevas-de-los-postes-Fuentes-de-LeonIMG_8276_edited_edited.jpg 628w, https:\/\/static-blogs.hoy.es\/wp-content\/uploads\/sites\/16\/2018\/07\/Cuevas-de-los-postes-Fuentes-de-LeonIMG_8276_edited_edited-300x167.jpg 300w\" sizes=\"(max-width: 628px) 100vw, 628px\" \/><\/a><p id=\"caption-attachment-1575\" class=\"wp-caption-text\">Grupo de homo sapiens (Cueva de los Postes de Fuentes de Le\u00f3n)<\/p><\/div>\n<p style=\"text-align: justify;\"><span style=\"font-size: 12pt;\">En el momento en que uno se adentra en las profundidades de las cuevas\u00a0 que horadan el subsuelo de Fuentes de Le\u00f3n siente que est\u00e1 entrando en un extra\u00f1o mundo donde las \u00e9pocas se confunden y la realidad se convierte en magia.<\/span><\/p>\n<p style=\"text-align: justify;\"><span style=\"font-size: 12pt;\">Fuentes de Le\u00f3n es santiaguista y<\/span> templaria, y bajo su legendario castillo del Cuerno se abren las grutas que esconden maravillas, misterios y sorpresas aun sin descubrir.<\/p>\n<p style=\"text-align: justify;\">Al abrigo de un cerro conocido en la antig\u00fcedad como \u201cla patada de Dios\u201d y anteriormente la \u201cPatada de Al\u00e1\u201d, en las ultimas estribaciones de Sierra Morena, se encuentra este encantador pueblo de arquitectura serrana. Y a siete kil\u00f3metros de la localidad, entre encinas y bajo tierra nos encontramos con la cueva de Los Postes.<\/p>\n<p style=\"text-align: justify;\">Fue en el a\u00f1o 2001 cuando un grupo de ge\u00f3logos descubre en ella restos \u00f3seos junto a diversos restos arqueol\u00f3gicos; hallazgo que originar\u00eda el comienzo de las excavaciones por un equipo de expertos, dirigidos por el entusiasta arque\u00f3logo Hip\u00f3lito Collado<strong>,<\/strong> uno de los muchos lujos que tenemos en Extremadura.<\/p>\n<div id=\"attachment_1568\" style=\"width: 1034px\" class=\"wp-caption aligncenter\"><a href=\"https:\/\/static-blogs.hoy.es\/wp-content\/uploads\/sites\/16\/2018\/07\/I-Cueva-de-lod-postes-Fuentes-de-Le\u00f3nDSC_0057_edited_edited.jpg\"><img aria-describedby=\"caption-attachment-1568\" loading=\"lazy\" class=\"wp-image-1568 size-large\" src=\"https:\/\/static-blogs.hoy.es\/wp-content\/uploads\/sites\/16\/2018\/07\/I-Cueva-de-lod-postes-Fuentes-de-Le\u00f3nDSC_0057_edited_edited-1024x628.jpg\" alt=\"Entrada a la Cueva de los Postes (Fuentes de Le\u00f3n) \" width=\"1024\" height=\"628\" srcset=\"https:\/\/static-blogs.hoy.es\/wp-content\/uploads\/sites\/16\/2018\/07\/I-Cueva-de-lod-postes-Fuentes-de-Le\u00f3nDSC_0057_edited_edited-1024x628.jpg 1024w, https:\/\/static-blogs.hoy.es\/wp-content\/uploads\/sites\/16\/2018\/07\/I-Cueva-de-lod-postes-Fuentes-de-Le\u00f3nDSC_0057_edited_edited-300x184.jpg 300w, https:\/\/static-blogs.hoy.es\/wp-content\/uploads\/sites\/16\/2018\/07\/I-Cueva-de-lod-postes-Fuentes-de-Le\u00f3nDSC_0057_edited_edited-768x471.jpg 768w, https:\/\/static-blogs.hoy.es\/wp-content\/uploads\/sites\/16\/2018\/07\/I-Cueva-de-lod-postes-Fuentes-de-Le\u00f3nDSC_0057_edited_edited.jpg 1761w\" sizes=\"(max-width: 1024px) 100vw, 1024px\" \/><\/a><p id=\"caption-attachment-1568\" class=\"wp-caption-text\">Entrada a la Cueva de los Postes (Fuentes de Le\u00f3n)<\/p><\/div>\n<p style=\"text-align: justify;\">Collado, en sus excavaciones, ha llegado hasta una capa, bajo las coladas, que los ge\u00f3logos han tasado en 200.000 a\u00f1os de antig\u00fcedad. All\u00ed, junto a restos de osos pardos (los m\u00e1s antiguos de la pen\u00ednsula ib\u00e9rica), megaciervos ya extinguidos de enormes cornamentas, mamuts, uros, hienas, y tortugas gigantes apareci\u00f3 un objeto casi imposible\u2026 \u00a1Un peine!<\/p>\n<p style=\"text-align: justify;\">Los arque\u00f3logos se excitan ante el hecho, ya que si ha aparecido un peine es posible que aparezcan restos humanos de esa antig\u00fcedad\u2026 y efectivamente, el hueso que est\u00e1n buscando, aparece. Aparece lo m\u00ednimo que se despacha, pero lo suficiente como para dar la vuelta a la historia.<\/p>\n<p style=\"text-align: justify;\">El descubrimiento es una peque\u00f1a falange humana. La falange del primer neandertal de Extremadura, posiblemente incluso preneandertal, lo que tirar\u00eda por tierra la teor\u00eda oficial de que los humanos entraron en la pen\u00ednsula ib\u00e9rica por los pirineos, y demostrar\u00eda que el hombre pudo entrar en la pen\u00ednsula ib\u00e9rica por el sur.<\/p>\n<p style=\"text-align: justify;\">La hip\u00f3tesis es tan impactante y el proyecto tan prometedor que tanto el gran paleont\u00f3logo Juan Luis Arsuaga, codirector de Atapuerca, como su equipo, se han interesado y han colaborado en las excavaciones extreme\u00f1as.<\/p>\n<div id=\"attachment_1570\" style=\"width: 300px\" class=\"wp-caption alignleft\"><a href=\"https:\/\/static-blogs.hoy.es\/wp-content\/uploads\/sites\/16\/2018\/07\/III-Cueva-de-los-Postes-Fuentes-de-LeonIMG_4106_edited.jpg\"><img aria-describedby=\"caption-attachment-1570\" loading=\"lazy\" class=\"wp-image-1570 \" src=\"https:\/\/static-blogs.hoy.es\/wp-content\/uploads\/sites\/16\/2018\/07\/III-Cueva-de-los-Postes-Fuentes-de-LeonIMG_4106_edited-243x300.jpg\" alt=\"Cueva de los Postes (Fuentes de Le\u00f3n)\" width=\"290\" height=\"358\" srcset=\"https:\/\/static-blogs.hoy.es\/wp-content\/uploads\/sites\/16\/2018\/07\/III-Cueva-de-los-Postes-Fuentes-de-LeonIMG_4106_edited-243x300.jpg 243w, https:\/\/static-blogs.hoy.es\/wp-content\/uploads\/sites\/16\/2018\/07\/III-Cueva-de-los-Postes-Fuentes-de-LeonIMG_4106_edited-768x949.jpg 768w, https:\/\/static-blogs.hoy.es\/wp-content\/uploads\/sites\/16\/2018\/07\/III-Cueva-de-los-Postes-Fuentes-de-LeonIMG_4106_edited-828x1024.jpg 828w, https:\/\/static-blogs.hoy.es\/wp-content\/uploads\/sites\/16\/2018\/07\/III-Cueva-de-los-Postes-Fuentes-de-LeonIMG_4106_edited.jpg 1278w\" sizes=\"(max-width: 290px) 100vw, 290px\" \/><\/a><p id=\"caption-attachment-1570\" class=\"wp-caption-text\">Interior de la Cueva de los Postes<\/p><\/div>\n<p style=\"text-align: justify;\">A medida que avanzamos en el tiempo llegamos a la \u00e9poca neol\u00edtica, momento en el que, gracias a algunos restos aparecidos dan fe de su utilizaci\u00f3n como cementerio secundario. En un primer momento se pens\u00f3 que aquellos hombres dejaban a sus difuntos en el exterior de la cueva, en un pudridero, y luego eran depositados en su interior con su ajuar funerario, ya que hachas de piedra, cuchillos de s\u00edlex, puntas de flecha y otros elementos han aparecido disgregados junto a los fragmentos \u00f3seos.<\/p>\n<p style=\"text-align: justify;\">De hecho, observando con atenci\u00f3n la cueva es posible descubrir a simple vista restos cer\u00e1micos, incluso una vasija invertida soldada con el carbonato c\u00e1lcico, como base de una estalagmita; fragmentos de una costilla, un f\u00e9mur o una tibia humana, y el brillo de peque\u00f1as piezas dentales incrustadas en el ocre de los sedimentos. En total ya han sido desenterrados los restos \u00f3seos de un centenar de individuos.<\/p>\n<p style=\"text-align: justify;\">Pero est\u00e1 hip\u00f3tesis del cementerio ritual qued\u00f3 descartada al descubrirse cr\u00e1neos y huesos asados y cocinados, con se\u00f1ales de dientes humanos. Pero los habitantes de la cueva de los postes no eran can\u00edbales, sino antrop\u00f3fagos, es decir, no mataban a sus cong\u00e9neres, solo se los com\u00edan, posiblemente debido a la necesidad, ya que se han encontrado restos de pino negro, un \u00e1rbol que solo crece en climas muy fr\u00edos, casi glaciales, lo que indica que esa parte de Extremadura, en esos momentos, estar\u00eda cubierta de nieve, los r\u00edos estar\u00edan congelados y ser\u00eda muy dif\u00edcil conseguir comida.<\/p>\n<p style=\"text-align: justify;\">La naturaleza adversa hizo que nuestros antepasados derivaran en una antropofagia por necesidad, y de hecho, sab\u00edan perfectamente que partes del cuerpo ten\u00edan que comer para aprovechar mejor los nutrientes, ya que se han encontrado una columna vertebral a la que se le hab\u00eda arrancado la m\u00e9dula.<\/p>\n<p style=\"text-align: justify;\">Los estudios \u00f3seos describen a ni\u00f1os muertos prematuramente, y a adultos que no superaban los 30 a\u00f1os, que era la edad estimada de supervivencia. Muchas mujeres mueren en el parto. En algunos huesos aparecen trazas de canibalismo, con raspaduras, fracturas y se\u00f1ales de haber sido cocinados. Despu\u00e9s de consumir los animales dom\u00e9sticos, las semillas, los restos vegetales y la escasa caza las familias ofrec\u00edan a la comunidad sus componentes m\u00e1s d\u00e9biles, ni\u00f1os y ancianos. Curiosamente no ten\u00edan caries, porque no consum\u00edan az\u00facar, pero sufr\u00edan un terrible desgaste molar que llevaba a los m\u00e1s viejos a morir por desnutrici\u00f3n, porque llegaba un momento en que no pod\u00edan masticar y mor\u00edan, literalmente, de hambre.<\/p>\n<div id=\"attachment_1572\" style=\"width: 1034px\" class=\"wp-caption aligncenter\"><a href=\"https:\/\/static-blogs.hoy.es\/wp-content\/uploads\/sites\/16\/2018\/07\/IMG_4697_edited.jpg\"><img aria-describedby=\"caption-attachment-1572\" loading=\"lazy\" class=\"wp-image-1572 size-large\" src=\"https:\/\/static-blogs.hoy.es\/wp-content\/uploads\/sites\/16\/2018\/07\/IMG_4697_edited-1024x683.jpg\" alt=\"Cr\u00e1neo trepanado de la cueva de los Postes (Fuentes de Le\u00f3n) . (Fotograf\u00eda cedida por Hip\u00f3lito Collado).\" width=\"1024\" height=\"683\" srcset=\"https:\/\/static-blogs.hoy.es\/wp-content\/uploads\/sites\/16\/2018\/07\/IMG_4697_edited-1024x683.jpg 1024w, https:\/\/static-blogs.hoy.es\/wp-content\/uploads\/sites\/16\/2018\/07\/IMG_4697_edited-300x200.jpg 300w, https:\/\/static-blogs.hoy.es\/wp-content\/uploads\/sites\/16\/2018\/07\/IMG_4697_edited-768x512.jpg 768w\" sizes=\"(max-width: 1024px) 100vw, 1024px\" \/><\/a><p id=\"caption-attachment-1572\" class=\"wp-caption-text\">Cr\u00e1neo trepanado de la cueva de los Postes. (Fotograf\u00eda cortes\u00eda de Hip\u00f3lito Collado).<\/p><\/div>\n<p style=\"text-align: justify;\"><strong>\u00a0<\/strong>De este tiempo se ha hallado un extra\u00f1o cr\u00e1neo, que en un principio se pens\u00f3 que era de un mono. Pero los estudios revelaron que era humano de unos 18 a\u00f1os, que estaba deformado y trepanado y que pertenec\u00edan a un individuo al que los arque\u00f3logos han llamado, entre ellos, \u201cEl tarao\u201d.<\/p>\n<p style=\"text-align: justify;\">Lo que inicialmente confundi\u00f3 a los antrop\u00f3logos fue la extra\u00f1a deformaci\u00f3n de su frente, cuyo an\u00e1lisis ha revelado que la deformaci\u00f3n se debi\u00f3 a que el sujeto permaneci\u00f3 amarrado fuertemente con un correaje en la cabeza dentro de la cueva durante buena parte de su vida, como si el resto de la comunidad creyera que estaba pose\u00eddo por alg\u00fan esp\u00edritu o temiera que supusiera alguna amenaza para ellos.<\/p>\n<p style=\"text-align: justify;\">Quiz\u00e1s por eso sufri\u00f3 la trepanaci\u00f3n de su cr\u00e1neo hasta tres veces en vida, tal vez para curar alguna dolencia, dejando, seg\u00fan sus creencias, que el causante de ese mal saliera por el orificio\u00a0 practicado. Estas creencias eran asumidas y las trepanaciones practicadas en tribus de \u00c1frica y en Egipto.<\/p>\n<p style=\"text-align: justify;\">Sin embargo, \u201cEl tarao\u201d no muri\u00f3 por ninguna de las tres trepanaciones, sino por una fractura en el cr\u00e1neo, no sabemos si asestada por los miembros de la tribu para que dejase de sufrir, o bien por el propio individuo por no soportar el dolor.<\/p>\n<p style=\"text-align: justify;\">Y seguimos avanzando en el tiempo. Hace s\u00f3lo dos mil a\u00f1os los romanos ven\u00edan aqu\u00ed a rezar a dioses ignotos y ct\u00f3nicos, utilizando el lugar como santuario sagrado. Por eso, nada m\u00e1s descubrirse la cueva los arque\u00f3logos encontraron en las primeras capas de sus excavaciones restos de cer\u00e1micas, monedas romanas, terracotas con im\u00e1genes de dioses, vasijas, cuencos o lucernas, objetos de culto a antiguas deidades.<\/p>\n<p>&nbsp;<\/p>\n<div id=\"attachment_1573\" style=\"width: 360px\" class=\"wp-caption alignleft\"><a href=\"https:\/\/static-blogs.hoy.es\/wp-content\/uploads\/sites\/16\/2018\/07\/II-Cuevas-de-los-postes-Fuentes-de-LeonIMG_8323_edited_edited.jpg\"><img aria-describedby=\"caption-attachment-1573\" loading=\"lazy\" class=\"wp-image-1573 \" src=\"https:\/\/static-blogs.hoy.es\/wp-content\/uploads\/sites\/16\/2018\/07\/II-Cuevas-de-los-postes-Fuentes-de-LeonIMG_8323_edited_edited-215x300.jpg\" alt=\"Lucerna romana aparecida en el santuario de la Cueva de los Postes\" width=\"350\" height=\"488\" srcset=\"https:\/\/static-blogs.hoy.es\/wp-content\/uploads\/sites\/16\/2018\/07\/II-Cuevas-de-los-postes-Fuentes-de-LeonIMG_8323_edited_edited-215x300.jpg 215w, https:\/\/static-blogs.hoy.es\/wp-content\/uploads\/sites\/16\/2018\/07\/II-Cuevas-de-los-postes-Fuentes-de-LeonIMG_8323_edited_edited-768x1069.jpg 768w, https:\/\/static-blogs.hoy.es\/wp-content\/uploads\/sites\/16\/2018\/07\/II-Cuevas-de-los-postes-Fuentes-de-LeonIMG_8323_edited_edited-735x1024.jpg 735w, https:\/\/static-blogs.hoy.es\/wp-content\/uploads\/sites\/16\/2018\/07\/II-Cuevas-de-los-postes-Fuentes-de-LeonIMG_8323_edited_edited.jpg 925w\" sizes=\"(max-width: 350px) 100vw, 350px\" \/><\/a><p id=\"caption-attachment-1573\" class=\"wp-caption-text\">Lucerna romana hallada en la Cueva de los Postes<\/p><\/div>\n<p style=\"text-align: justify;\">Como afirma Collado, la \u00faltima gran ocupaci\u00f3n detectada en estas cuevas nos traslada hasta la \u00e9poca romana, \u201c<em>momento en el que las cuevas son utilizadas nuevamente como espacios rituales, en donde se depositan ajuares para rendir culto a divinidades relacionadas con el mundo subterr\u00e1neo, manteniendo de este modo rituales, que posiblemente ya eran realizados por los grupos ind\u00edgenas ya asentados en esta territorio<\/em>\u201d.<\/p>\n<p style=\"text-align: justify;\">Los romanos utilizan la cueva como santuario importante, al que se desplazan, para hacer sus ofrendas, desde un poblado que se halla a unos tres o cuatro kil\u00f3metros, remontando la ribera de un r\u00edo pr\u00f3ximo, y en el que todav\u00eda son visibles las columnas y capiteles de la antigua villa romana. Vestigios de esta ocupaci\u00f3n romana tambi\u00e9n aparecen en la Cueva del Caballo y en la Cueva del Agua.<\/p>\n<p style=\"text-align: justify;\">Con el tiempo, la entrada a la cueva se derrumba, y se convierte, literalmente, en una madriguera. De hecho, un zorrillo mostr\u00f3 el camino a los descubridores. Curiosamente, a los habitantes de Fuentes de Le\u00f3n se les apoda \u201clos zorros\u201d.<\/p>\n<p style=\"text-align: justify;\">En el a\u00f1o 2001, con la entrada del milenio, se inician las excavaciones en la cueva de Los Postes, unas grutas que actualmente (Y excepto en los momentos de campa\u00f1a) cualquiera puede visitar junto a otras maravillosas cuevas\u00a0 de la zona.<\/p>\n<p style=\"text-align: justify;\">Para poder visitar el Monumento Natural &#8220;Cuevas de Fuentes de Le\u00f3n&#8221;, solo es necesario pedir cita con antelaci\u00f3n al 924 724 174 (Oficina de Turismo). Desde all\u00ed se ofrecen visitas guiadas a las cuevas. Vale (y mucho) la pena.<\/p>\n<p style=\"text-align: justify;\">Palabra de sapiens.<\/p>\n<p>&nbsp;<\/p>\n<!-- AddThis Advanced Settings generic via filter on the_content --><!-- AddThis Share Buttons generic via filter on the_content -->","protected":false},"excerpt":{"rendered":"<p>En el momento en que uno se adentra en las profundidades de las cuevas\u00a0 que horadan el subsuelo de Fuentes de Le\u00f3n siente que est\u00e1 entrando en un extra\u00f1o mundo donde las \u00e9pocas se confunden y la realidad se convierte en magia. Fuentes de Le\u00f3n es santiaguista y templaria, y bajo su legendario castillo del [&hellip;]<!-- AddThis Advanced Settings generic via filter on get_the_excerpt --><!-- AddThis Share Buttons generic via filter on get_the_excerpt --><\/p>\n","protected":false},"author":20,"featured_media":1575,"comment_status":"open","ping_status":"closed","sticky":false,"template":"","format":"standard","meta":[],"categories":[4,5],"tags":[84,1349,1344,364,1343,395,1345,550,1346,1347,1093,1348,1350],"_links":{"self":[{"href":"https:\/\/blogs.hoy.es\/extremadurasecreta\/wp-json\/wp\/v2\/posts\/1567"}],"collection":[{"href":"https:\/\/blogs.hoy.es\/extremadurasecreta\/wp-json\/wp\/v2\/posts"}],"about":[{"href":"https:\/\/blogs.hoy.es\/extremadurasecreta\/wp-json\/wp\/v2\/types\/post"}],"author":[{"embeddable":true,"href":"https:\/\/blogs.hoy.es\/extremadurasecreta\/wp-json\/wp\/v2\/users\/20"}],"replies":[{"embeddable":true,"href":"https:\/\/blogs.hoy.es\/extremadurasecreta\/wp-json\/wp\/v2\/comments?post=1567"}],"version-history":[{"count":6,"href":"https:\/\/blogs.hoy.es\/extremadurasecreta\/wp-json\/wp\/v2\/posts\/1567\/revisions"}],"predecessor-version":[{"id":1582,"href":"https:\/\/blogs.hoy.es\/extremadurasecreta\/wp-json\/wp\/v2\/posts\/1567\/revisions\/1582"}],"wp:featuredmedia":[{"embeddable":true,"href":"https:\/\/blogs.hoy.es\/extremadurasecreta\/wp-json\/wp\/v2\/media\/1575"}],"wp:attachment":[{"href":"https:\/\/blogs.hoy.es\/extremadurasecreta\/wp-json\/wp\/v2\/media?parent=1567"}],"wp:term":[{"taxonomy":"category","embeddable":true,"href":"https:\/\/blogs.hoy.es\/extremadurasecreta\/wp-json\/wp\/v2\/categories?post=1567"},{"taxonomy":"post_tag","embeddable":true,"href":"https:\/\/blogs.hoy.es\/extremadurasecreta\/wp-json\/wp\/v2\/tags?post=1567"}],"curies":[{"name":"wp","href":"https:\/\/api.w.org\/{rel}","templated":true}]}}