{"id":1594,"date":"2018-09-02T21:00:29","date_gmt":"2018-09-02T19:00:29","guid":{"rendered":"http:\/\/blogs.hoy.es\/extremadurasecreta\/?p=1594"},"modified":"2021-02-14T11:48:08","modified_gmt":"2021-02-14T09:48:08","slug":"el-barbaro-asesinato-de-las-nobles-de-merida-y-el-tesoro-de-las-tumbas-suevas","status":"publish","type":"post","link":"https:\/\/blogs.hoy.es\/extremadurasecreta\/2018\/09\/02\/el-barbaro-asesinato-de-las-nobles-de-merida-y-el-tesoro-de-las-tumbas-suevas\/","title":{"rendered":"De tesoros suevos y princesas asesinadas"},"content":{"rendered":"<p style=\"text-align: justify;\"><span style=\"font-size: 10pt;\">Corr\u00eda el a\u00f1o 2005 cuando los arque\u00f3logos del Consorcio de la Ciudad Monumental de M\u00e9rida hicieron un\u00a0 enigm\u00e1tico descubrimiento: ocho sepulturas en el Corral\u00f3n de los Blanes, un enorme\u00a0 jard\u00edn\u00a0 particular invadido por la vegetaci\u00f3n y\u00a0 situado en el centro de la capital extreme\u00f1a , concretamente en el n\u00famero 41 de la calle Almendralejo.<\/span><\/p>\n<p style=\"text-align: justify;\"><span style=\"font-size: 10pt;\">El solar, relacionado con el culto a antiguas religiones mist\u00e9ricas, (que ya hab\u00eda dado antes gratas sorpresas a los arque\u00f3logos con la aparici\u00f3n en sus entra\u00f1as de u<a href=\"https:\/\/www.academia.edu\/4821956\/Heras_Mora_F._J._Un_edificio_singular_de_la_M%C3%A9rida_tardorromana_un_posible_centro_de_culto_metr%C3%B3aco_y_rituales_taurob%C3%B3licos._Ataecina_Colecci%C3%B3n_de_Estudios_Hist%C3%B3ricos_de_la_Lusitania_08._M%C3%A9rida_2011\" rel=\"external nofollow\">n posible de rituales relacionado con el culto a la Gran Madre<\/a>), acababa de retirar una vez m\u00e1s el velo de polvo y \u00a0siglos que ocultaba sus entra\u00f1as y ense\u00f1aba a sus muertos.<\/span><\/p>\n<p style=\"text-align: justify;\"><span style=\"font-size: 10pt;\">Pero estas \u00a0no eran ni\u00a0 mucho menos las \u00fanicas ni las primeras sepulturas que aparec\u00edan en este lugar\u2026 Entonces \u00bfQu\u00e9 ten\u00edan de especial?<\/span><\/p>\n<p style=\"text-align: justify;\"><span style=\"font-size: 10pt;\">De entrada, los arque\u00f3logos descubrieron que los muertos que ocupaban estas tumbas ten\u00edan demasiado en com\u00fan: todos los esqueletos pertenec\u00edan a mujeres muy j\u00f3venes, seguramente arist\u00f3cratas pertenecientes a la nobleza, cuyos cuerpos se enterraron adornados con bellas joyas de oro, zafiro y granates que reflejan la tradici\u00f3n orfebre de los pueblos provenientes de la lejana Turqu\u00eda y del Asia Central, de oriente y del centro de Europa, de lejanas tierras desde las que vinieron a morir a M\u00e9rida\u2026<\/span><\/p>\n<div id=\"attachment_2323\" style=\"width: 1034px\" class=\"wp-caption aligncenter\"><img aria-describedby=\"caption-attachment-2323\" loading=\"lazy\" class=\"wp-image-2323 size-large\" src=\"https:\/\/static-blogs.hoy.es\/wp-content\/uploads\/sites\/16\/2018\/09\/EXPOSICION-SUEVAS-MERIDA-14-8-2018-6-1024x691.jpg\" alt=\"\" width=\"1024\" height=\"691\" srcset=\"https:\/\/static-blogs.hoy.es\/wp-content\/uploads\/sites\/16\/2018\/09\/EXPOSICION-SUEVAS-MERIDA-14-8-2018-6-1024x691.jpg 1024w, https:\/\/static-blogs.hoy.es\/wp-content\/uploads\/sites\/16\/2018\/09\/EXPOSICION-SUEVAS-MERIDA-14-8-2018-6-300x202.jpg 300w, https:\/\/static-blogs.hoy.es\/wp-content\/uploads\/sites\/16\/2018\/09\/EXPOSICION-SUEVAS-MERIDA-14-8-2018-6-768x518.jpg 768w\" sizes=\"(max-width: 1024px) 100vw, 1024px\" \/><p id=\"caption-attachment-2323\" class=\"wp-caption-text\"><span style=\"font-size: 8pt;\">Una de las j\u00f3venes sepultadas, tocada con un pa\u00f1o con placas de oro (Extremadura Secreta)<\/span><\/p><\/div>\n<p style=\"text-align: justify;\"><span style=\"font-size: 10pt;\">Una de estas damas llevaba un precioso collar, ajustado al cuello, con delicadas l\u00e1minas de oro repujadas, en forma de hojas y adornadas con granates, y la frente de una de las ni\u00f1as se encontraba adornada con peque\u00f1as plaquitas de oro, de distintas formas geom\u00e9tricas, cosidas a un pa\u00f1o.<\/span><\/p>\n<p style=\"text-align: justify;\"><span style=\"font-size: 10pt;\">Otra ni\u00f1a de siete a\u00f1os llevaba un manto que se un\u00eda al vestido por los hombros gracias \u00a0a dos imperdibles plateados. Y otra peque\u00f1a, de tan solo tres a\u00f1os, sujetaba su manto con dos imperdibles de oro en forma de mosca o abeja. En uno de sus peque\u00f1os dedos refulg\u00eda un anillo de oro y zafiro.<\/span><\/p>\n<p style=\"text-align: justify;\"><span style=\"font-size: 10pt;\">Gracias a estas joyas los arque\u00f3logos afinaron m\u00e1s en su an\u00e1lisis: descubrieron en las tumbas un total de 124 piezas que conformaban las joyas que adornaban a siete mujeres y ni\u00f1as de la nobleza sueva. Pero \u00bfQui\u00e9nes eran los suevos y que hac\u00edan en Extremadura?<\/span><\/p>\n<p style=\"text-align: justify;\"><span style=\"font-size: 10pt;\">\u00a0Los suevos son un pueblo (o una amalgama de ellos m\u00e1s bien) a\u00fan muy desconocidos, provenientes del\u00a0 noreste de Europa y englobados en el t\u00e9rmino de \u201cb\u00e1rbaros\u201d, junto a los alanos y los v\u00e1ndalos.<\/span><\/p>\n<div id=\"attachment_1597\" style=\"width: 1034px\" class=\"wp-caption alignright\"><a href=\"https:\/\/static-blogs.hoy.es\/wp-content\/uploads\/sites\/16\/2018\/09\/EXPOSICION-SUEVAS-MERIDA-14-8-2018-24.jpg\"><img aria-describedby=\"caption-attachment-1597\" loading=\"lazy\" class=\"size-large wp-image-1597\" src=\"https:\/\/static-blogs.hoy.es\/wp-content\/uploads\/sites\/16\/2018\/09\/EXPOSICION-SUEVAS-MERIDA-14-8-2018-24-1024x692.jpg\" alt=\"Algunas de las 124 piezas de oro aparecidas en las sepulturas (Jimber)\" width=\"1024\" height=\"692\" srcset=\"https:\/\/static-blogs.hoy.es\/wp-content\/uploads\/sites\/16\/2018\/09\/EXPOSICION-SUEVAS-MERIDA-14-8-2018-24-1024x692.jpg 1024w, https:\/\/static-blogs.hoy.es\/wp-content\/uploads\/sites\/16\/2018\/09\/EXPOSICION-SUEVAS-MERIDA-14-8-2018-24-300x203.jpg 300w, https:\/\/static-blogs.hoy.es\/wp-content\/uploads\/sites\/16\/2018\/09\/EXPOSICION-SUEVAS-MERIDA-14-8-2018-24-768x519.jpg 768w\" sizes=\"(max-width: 1024px) 100vw, 1024px\" \/><\/a><p id=\"caption-attachment-1597\" class=\"wp-caption-text\"><span style=\"font-size: 8pt;\">Algunas de las 124 piezas de oro aparecidas en las sepulturas (Jimber para Extremadura Secreta)<\/span><\/p><\/div>\n<p style=\"text-align: justify;\"><span style=\"font-size: 10pt;\">Tras la invasi\u00f3n de Hispania y el reparto de las tierras, el rey suevo Requila (tambi\u00e9n llamado Rechila o Riquila) \u00a0se enamor\u00f3 de M\u00e9rida y decidi\u00f3 establecer su corte \u00a0en la ciudad entre los a\u00f1os 439 y 448, convirti\u00e9ndola en la capital de un reino independiente que abarcaba pr\u00e1cticamente toda la Pen\u00ednsula Ib\u00e9rica.<\/span><\/p>\n<p style=\"text-align: justify;\"><span style=\"font-size: 10pt;\">A la muerte de Riquila el trono pas\u00f3 a su hijo Requiario, pero sabemos por las fuentes literarias que algunos de sus familiares intentaron impedir su nombramiento. Sin embargo, y seg\u00fan afirma el historiador<a href=\"http:\/\/www.esferalibros.com\/libro\/barbaros-en-hispania\/\" rel=\"external nofollow\"> Daniel Gomez Aragon\u00e9s &#8211; autor del libro \u201c<strong>B\u00e1rbaros en Hispania<\/strong>\u201d-<\/a> estos miembros de la nobleza sueva que se opusieron a la sucesi\u00f3n \u00a0no tuvieron la suficiente fuerza como para impedir la llegada al trono de Requiario.<\/span><\/p>\n<p style=\"text-align: justify;\"><span style=\"font-size: 10pt;\">Pero, \u00bfPor qu\u00e9 motivo se opondr\u00eda la familia a que la l\u00ednea sucesoria siguiese su camino natural? Pues la clave podemos tenerla si levantamos la mirada al cielo: el problema fueron los dioses.<\/span><\/p>\n<p style=\"text-align: justify;\"><span style=\"font-size: 10pt;\">Y es que \u00a0Requiario, el heredero,\u00a0 decidi\u00f3\u00a0 abandonar el paganismo de sus ancestros y convertirse\u00a0 en el primer monarca suevo de confesi\u00f3n cristiana.<\/span><\/p>\n<p style=\"text-align: justify;\"><span style=\"font-size: 10pt;\">Esta conversi\u00f3n al cristianismo y el consiguiente abandono de \u00a0los dioses antiguos a los que hab\u00edan adorado tanto su padre con sus ancestros pudo ser la causa de la oposici\u00f3n de la familia a su acceso al trono.<\/span><\/p>\n<div id=\"attachment_1598\" style=\"width: 1034px\" class=\"wp-caption aligncenter\"><a href=\"https:\/\/static-blogs.hoy.es\/wp-content\/uploads\/sites\/16\/2018\/09\/EXPOSICION-SUEVAS-MERIDA-14-8-2018-7.jpg\"><img aria-describedby=\"caption-attachment-1598\" loading=\"lazy\" class=\"size-large wp-image-1598\" src=\"https:\/\/static-blogs.hoy.es\/wp-content\/uploads\/sites\/16\/2018\/09\/EXPOSICION-SUEVAS-MERIDA-14-8-2018-7-1024x689.jpg\" alt=\"Otra de las j\u00f3venes sepultadas, con enganches de oro para el manto (Jimber)\" width=\"1024\" height=\"689\" srcset=\"https:\/\/static-blogs.hoy.es\/wp-content\/uploads\/sites\/16\/2018\/09\/EXPOSICION-SUEVAS-MERIDA-14-8-2018-7-1024x689.jpg 1024w, https:\/\/static-blogs.hoy.es\/wp-content\/uploads\/sites\/16\/2018\/09\/EXPOSICION-SUEVAS-MERIDA-14-8-2018-7-300x202.jpg 300w, https:\/\/static-blogs.hoy.es\/wp-content\/uploads\/sites\/16\/2018\/09\/EXPOSICION-SUEVAS-MERIDA-14-8-2018-7-768x517.jpg 768w\" sizes=\"(max-width: 1024px) 100vw, 1024px\" \/><\/a><p id=\"caption-attachment-1598\" class=\"wp-caption-text\"><span style=\"font-size: 8pt;\">Otra de las j\u00f3venes sepultadas, con enganches de oro en forma de insecto para el manto (Extremadura Secreta)<\/span><\/p><\/div>\n<p style=\"text-align: justify;\"><span style=\"font-size: 10pt;\">Y esta oposici\u00f3n al nuevo rey seguramente fue la perdici\u00f3n de los parientes. Porque si la familia se opone a que uno sea rey, hay que quitarse del medio a la familia, aunque nuestra nueva religi\u00f3n diga aquello de \u201cno matar\u00e1s\u201d, y aunque aquellos a los que nos vayamos a cargar\u00a0 tengan nuestra misma sangre. O precisamente por eso mismo.<\/span><\/p>\n<p style=\"text-align: justify;\"><span style=\"font-size: 10pt;\">As\u00ed que no es descabellado pensar que estas j\u00f3venes muertas y enjoyadas fueron da\u00f1os colaterales en una intriga cortesana por un \u201cqu\u00edtame all\u00e1 esos dioses\u201d.<\/span><\/p>\n<div id=\"attachment_1599\" style=\"width: 1034px\" class=\"wp-caption aligncenter\"><a href=\"https:\/\/static-blogs.hoy.es\/wp-content\/uploads\/sites\/16\/2018\/09\/EXPOSICION-SUEVAS-MERIDA-14-8-2018-36.jpg\"><img aria-describedby=\"caption-attachment-1599\" loading=\"lazy\" class=\"size-large wp-image-1599\" src=\"https:\/\/static-blogs.hoy.es\/wp-content\/uploads\/sites\/16\/2018\/09\/EXPOSICION-SUEVAS-MERIDA-14-8-2018-36-1024x691.jpg\" alt=\"Algunas de las piezas del tesoro, pertenecientes a un collar de oro y granates. (Jimber)\" width=\"1024\" height=\"691\" srcset=\"https:\/\/static-blogs.hoy.es\/wp-content\/uploads\/sites\/16\/2018\/09\/EXPOSICION-SUEVAS-MERIDA-14-8-2018-36-1024x691.jpg 1024w, https:\/\/static-blogs.hoy.es\/wp-content\/uploads\/sites\/16\/2018\/09\/EXPOSICION-SUEVAS-MERIDA-14-8-2018-36-300x203.jpg 300w, https:\/\/static-blogs.hoy.es\/wp-content\/uploads\/sites\/16\/2018\/09\/EXPOSICION-SUEVAS-MERIDA-14-8-2018-36-768x519.jpg 768w\" sizes=\"(max-width: 1024px) 100vw, 1024px\" \/><\/a><p id=\"caption-attachment-1599\" class=\"wp-caption-text\"><span style=\"font-size: 8pt;\">Algunas de las piezas del tesoro, pertenecientes a un collar de oro y granates. (Jimber para Extremadura Secreta)<\/span><\/p><\/div>\n<p style=\"text-align: justify;\"><span style=\"font-size: 10pt;\">Para saber si esta teor\u00eda era plausible nos dirigimos a Francisco Javier Heras Moras,\u00a0 el\u00a0arque\u00f3logo\u00a0 del Consorcio que dirigi\u00f3 junto a Ana Belen Olmedo la excavaci\u00f3n en la que aparecieron los esqueletos, quien\u00a0 nos confirm\u00f3 que, efectivamente, \u00a0\u201ces extra\u00f1o encontrar tantas mujeres muertas con tan corta edad, todas arist\u00f3cratas, \u00a0y todas fallecidas en un espacio de tiempo tan corto, ya que todos los enterramientos se producen en los nueve a\u00f1os en los que M\u00e9rida fue\u00a0 sede de la corte sueva\u201d.<\/span><\/p>\n<p style=\"text-align: justify;\"><span style=\"font-size: 10pt;\">De hecho, y aunque por ahora solo se puede considerar una hip\u00f3tesis,\u00a0se est\u00e1 considerando la teor\u00eda de que las tumbas\u00a0puedan corresponder al ajusticiamiento de mujeres de una misma familia \u00a0realizado con el fin &#8220;cortar por lo sano&#8221; una determinada l\u00ednea de sucesi\u00f3n.<\/span><\/p>\n<p style=\"text-align: justify;\"><span style=\"font-size: 10pt;\">Al margen de asesinatos y teor\u00edas conspiratorias, lo cierto es que ahora, y hasta el 7 de septiembre, el cuerpo (los cuerpos) del delito pueden contemplarse (al menos en fotograf\u00eda) en la exposici\u00f3n \u201cSuevas\u201d, en el claustro de la Asamblea de Extremadura. Y tambi\u00e9n est\u00e1 all\u00ed, a escasos cent\u00edmetros del visitante, el maravilloso tesoro dorado que cubr\u00eda esos cuerpos, los esqueletos enjoyados de unas j\u00f3venes arist\u00f3cratas que pudieron ser v\u00edctimas inocentes de \u00a0un \u201cb\u00e1rbaro\u201d \u00a0juego de tronos que trunc\u00f3 para siempre su vida y su linaje.<\/span><\/p>\n<p>&nbsp;<\/p>\n<!-- AddThis Advanced Settings generic via filter on the_content --><!-- AddThis Share Buttons generic via filter on the_content -->","protected":false},"excerpt":{"rendered":"<p>Corr\u00eda el a\u00f1o 2005 cuando los arque\u00f3logos del Consorcio de la Ciudad Monumental de M\u00e9rida hicieron un\u00a0 enigm\u00e1tico descubrimiento: ocho sepulturas en el Corral\u00f3n de los Blanes, un enorme\u00a0 jard\u00edn\u00a0 particular invadido por la vegetaci\u00f3n y\u00a0 situado en el centro de la capital extreme\u00f1a , concretamente en el n\u00famero 41 de la calle Almendralejo. El [&hellip;]<!-- AddThis Advanced Settings generic via filter on get_the_excerpt --><!-- AddThis Share Buttons generic via filter on get_the_excerpt --><\/p>\n","protected":false},"author":20,"featured_media":1601,"comment_status":"open","ping_status":"closed","sticky":false,"template":"","format":"standard","meta":[],"categories":[5,10,11],"tags":[1325,1354,336,1356,831,1355,1352,1166,1353],"_links":{"self":[{"href":"https:\/\/blogs.hoy.es\/extremadurasecreta\/wp-json\/wp\/v2\/posts\/1594"}],"collection":[{"href":"https:\/\/blogs.hoy.es\/extremadurasecreta\/wp-json\/wp\/v2\/posts"}],"about":[{"href":"https:\/\/blogs.hoy.es\/extremadurasecreta\/wp-json\/wp\/v2\/types\/post"}],"author":[{"embeddable":true,"href":"https:\/\/blogs.hoy.es\/extremadurasecreta\/wp-json\/wp\/v2\/users\/20"}],"replies":[{"embeddable":true,"href":"https:\/\/blogs.hoy.es\/extremadurasecreta\/wp-json\/wp\/v2\/comments?post=1594"}],"version-history":[{"count":19,"href":"https:\/\/blogs.hoy.es\/extremadurasecreta\/wp-json\/wp\/v2\/posts\/1594\/revisions"}],"predecessor-version":[{"id":1604,"href":"https:\/\/blogs.hoy.es\/extremadurasecreta\/wp-json\/wp\/v2\/posts\/1594\/revisions\/1604"}],"wp:featuredmedia":[{"embeddable":true,"href":"https:\/\/blogs.hoy.es\/extremadurasecreta\/wp-json\/wp\/v2\/media\/1601"}],"wp:attachment":[{"href":"https:\/\/blogs.hoy.es\/extremadurasecreta\/wp-json\/wp\/v2\/media?parent=1594"}],"wp:term":[{"taxonomy":"category","embeddable":true,"href":"https:\/\/blogs.hoy.es\/extremadurasecreta\/wp-json\/wp\/v2\/categories?post=1594"},{"taxonomy":"post_tag","embeddable":true,"href":"https:\/\/blogs.hoy.es\/extremadurasecreta\/wp-json\/wp\/v2\/tags?post=1594"}],"curies":[{"name":"wp","href":"https:\/\/api.w.org\/{rel}","templated":true}]}}