{"id":160,"date":"2012-04-20T10:23:43","date_gmt":"2012-04-20T08:23:43","guid":{"rendered":"http:\/\/blogs.hoy.es\/extremadurasecreta\/?p=160"},"modified":"2022-10-14T10:04:30","modified_gmt":"2022-10-14T08:04:30","slug":"el-oro-y-el-moro","status":"publish","type":"post","link":"https:\/\/blogs.hoy.es\/extremadurasecreta\/2012\/04\/20\/el-oro-y-el-moro\/","title":{"rendered":"Extremadura: Moros en la Costa  (Dulce)"},"content":{"rendered":"<p style=\"text-align: justify;\"><span style=\"font-size: 10pt;\">La procedencia de la mayor parte de los <strong>tesoros extreme\u00f1os<\/strong> est\u00e1 atribuida a los moros, pero aunque en algunos casos estos moros son realmente los \u00e1rabes que habitaron durante ocho siglos en Espa\u00f1a hasta la Reconquista, en muchas otras ocasiones se aplica la denominaci\u00f3n de \u201cmoros\u201d a personajes y pueblos indeterminados que habitaron\u00a0estas tierras\u00a0antes de la llegada del cristianismo.<\/span><\/p>\n<p style=\"text-align: justify;\"><span style=\"font-size: 10pt;\">De hecho, en muchos pueblos la palabra &#8220;moro&#8221; tiene otro significado, el de &#8220;antiguo morador&#8221;, seres que moraron en determinados lugares y de los que s\u00f3lo se pueden dar noticias vagas y nebulosas, perdidas en la noche de los tiempos.<\/span><\/p>\n<p style=\"text-align: justify;\"><span style=\"font-size: 10pt;\">Seg\u00fan afirma <strong><a title=\"Seres M\u00edticos y personajes Fant\u00e1sticos Espa\u00f1oles\" href=\"http:\/\/www.judexfanzine.net\/v3\/libros.php?id=285\" rel=\"external nofollow\">Manuel Mart\u00edn S\u00e1nchez<\/a>,<\/strong> en la mitolog\u00eda extreme\u00f1a los <strong>\u201cMorus\u201d<\/strong> son seres legendarios cuya misi\u00f3n principal es la de custodiar tesoros. Lo cierto es que los top\u00f3nimos asociados con los moros abundan en la geograf\u00eda extreme\u00f1a, y muy frecuentemente se asocian a enclaves m\u00e1gicos o relacionados con tesoros escondidos.<\/span><\/p>\n<p style=\"text-align: justify;\"><span style=\"font-size: 10pt;\">Y uno de los enclaves m\u00e1gicos m\u00e1s reconocidos de Extremadura es sin duda <strong>Las Hurdes<\/strong>, donde como afirma <strong><a title=\"LOS MOROS Y SUS LEYENDAS EN LAS SERRANIAS DE LAS JURDES\" href=\"http:\/\/www.funjdiaz.net\/folklore\/07ficha.cfm?id=439\" rel=\"external nofollow\">F\u00e9lix Barroso Gutierrez<\/a><\/strong>, \u201cmoros y moras campean a sus anchas por los estrechos valles y por los riscales de la sierra\u201d.<\/span><\/p>\n<p style=\"text-align: justify;\"><span style=\"font-size: 10pt;\">Al parecer, estos \u201cmoros\u201d legendarios tienen querencia a las<strong> cuevas,<\/strong> porque en el pueblo de <strong>Horcajo<\/strong> estuvieron internados en sus frondosos pinares, junto a la <strong>Cueva<\/strong><strong> de la Mora. <\/strong>Tambi\u00e9n en<strong> La Horcajada <\/strong>se refugiaron en otra <strong>Cueva de la Mora. Y lo mismo se puede decir de Nu\u00f1omoral<\/strong>, ya que en el paraje de la <strong>Pe\u00f1a G\u00fceca<\/strong> hay otra <strong>Cueva de la Mora. En Aceitunilla<\/strong> y en <strong>Casares de las<\/strong> <strong>Hurdes<\/strong> hay una <strong>Cueva del Moro<\/strong>. En <strong>Martilandr\u00e1n<\/strong>, donde tienen de todo, hay una\u00a0 <strong>Cueva del Moro<\/strong> y una <strong>Cueva de la Mora.<\/strong><\/span><\/p>\n<div id=\"attachment_162\" style=\"width: 845px\" class=\"wp-caption alignright\"><a href=\"\/extremadurasecreta\/wp-content\/uploads\/sites\/16\/2012\/04\/MARRUECOS-Parque-Nacional-Talassental-2012-190.jpg\"><img aria-describedby=\"caption-attachment-162\" loading=\"lazy\" class=\" wp-image-162\" title=\"MARRUECOS-Parque Nacional Talassental-2012 (190)\" src=\"\/extremadurasecreta\/wp-content\/uploads\/sites\/16\/2012\/04\/MARRUECOS-Parque-Nacional-Talassental-2012-190.jpg\" alt=\"\" width=\"835\" height=\"550\" srcset=\"https:\/\/static-blogs.hoy.es\/wp-content\/uploads\/sites\/16\/2012\/04\/MARRUECOS-Parque-Nacional-Talassental-2012-190.jpg 1600w, https:\/\/static-blogs.hoy.es\/wp-content\/uploads\/sites\/16\/2012\/04\/MARRUECOS-Parque-Nacional-Talassental-2012-190-300x197.jpg 300w, https:\/\/static-blogs.hoy.es\/wp-content\/uploads\/sites\/16\/2012\/04\/MARRUECOS-Parque-Nacional-Talassental-2012-190-768x505.jpg 768w, https:\/\/static-blogs.hoy.es\/wp-content\/uploads\/sites\/16\/2012\/04\/MARRUECOS-Parque-Nacional-Talassental-2012-190-1024x674.jpg 1024w\" sizes=\"(max-width: 835px) 100vw, 835px\" \/><\/a><p id=\"caption-attachment-162\" class=\"wp-caption-text\"><\/span> <span style=\"font-size: 8pt;\">Los &#8220;moros&#8221; siguen campando a sus anchas por nuestros parajes legendarios (Fotograf\u00eda: Jimber para Extremadura Secreta)<\/span><\/p><\/div>\n<p style=\"text-align: justify;\"><span style=\"font-size: 10pt;\">Top\u00f3nimos relacionados con el moro aparecen muchos en <strong>Las Hurdes<\/strong>. En <strong>Aceitunilla<\/strong> tenemos el <strong>Lombu del Moro<\/strong>. En <strong>Caminomorisco<\/strong>, (cuyo top\u00f3nimo no oculta nada y lo dice todo), encontramos la <strong>Fuente<\/strong><strong> del Moro<\/strong> y la <strong>Pe\u00f1a<\/strong><strong> de la Mora&#8230;<\/strong><\/span><\/p>\n<p style=\"text-align: justify;\"><span style=\"font-size: 10pt;\">Pero no solo en Las Hurdes hay moros en la costa. As\u00ed, existe una <strong>Sierra del Moro<\/strong> en las cercan\u00edas de <strong>Mirandilla<\/strong>, <strong>Cerros del Moro<\/strong> en <strong>Alange, Alconchel, Aljuc\u00e9n, Campillo de Llerena<\/strong> y <strong>Fregenal de la Sierra<\/strong>, una <strong>Finca de la Mora<\/strong> en<strong> Badajoz<\/strong> y otra en <strong>Villar del Rey<\/strong>,\u00a0 una <strong>Finca El Moro<\/strong> en <strong>Castuera<\/strong>, donde tambi\u00e9n hay una <strong>Casa del Moro<\/strong>, al igual que en <strong>Monasterio<\/strong>, donde tambi\u00e9n hay un <strong>Palacio-Majada del Moro<\/strong>, un <strong>Cortijo de los Moriscos<\/strong> en <strong>Bienvenida <\/strong>y un <strong>Cortijo del Moro<\/strong> en <strong>Calzadilla de los Barros<\/strong>, una <strong>Dehesa del Moro<\/strong> en <strong>Calera de Le\u00f3n\u00a0 <\/strong>y otra en <strong>Plasencia<\/strong>, un <strong>Castillejo del Moro<\/strong> en <strong>Don Benito<\/strong>, un <strong>Pozo del Moro <\/strong>en <strong>Esparragosa de la Serena<\/strong> y un <strong>Pozo Morisco<\/strong> en <strong>C\u00e1ceres<\/strong>, una <strong>Cuesta del Moro<\/strong> en <strong>Fuentes de Le\u00f3n<\/strong>, una <strong>Fuente de los Moros<\/strong> en <strong>Garlitos<\/strong>, un <strong>Pe\u00f1\u00f3n del Moro<\/strong> en <strong>Higuera de Llerena<\/strong> y una <strong>Pe\u00f1a de la Mora<\/strong> en <strong>Montemol\u00edn<\/strong>, un <strong>Risco del Moro<\/strong> en <strong>La Parra<\/strong>, un <strong>Valle del Moro<\/strong> en <strong>Ribera del Fresno<\/strong>, un <strong>Arroyo del Moro<\/strong> en <strong>Albal\u00e1<\/strong>, un <strong>Collado de los Moros<\/strong> en <strong>Caba\u00f1as del Castillo<\/strong>, una <strong>Vuelta del Moro<\/strong> en <strong>Casas de Mill\u00e1n<\/strong>, una <strong>Cerca del Moro <\/strong>en <strong>Hinojal<\/strong>, una <strong>Cabeza del Moro<\/strong> en <strong>Monroy <\/strong>y otra en <strong>Santiba\u00f1ez el Bajo<\/strong>, un <strong>Caser\u00edo del Moro<\/strong> en <strong>Piedras Albas<\/strong>, un <strong>Salto del Moro<\/strong> en <strong>Santib\u00e1\u00f1ez el Alto<\/strong>, una <strong>Casa Morisco<\/strong> en <strong>Torrej\u00f3n el Rubio<\/strong>, una <strong>Nava del Moro<\/strong> en V<strong>illar del Rey <\/strong>y un <strong>Vado Morisco <\/strong>en <strong>Villasbuenas de Gata<\/strong>, adem\u00e1s de numerosos parajes que llevan el nombre de <strong>Las Morantas (Calzadilla) las Moratas (Guijo de Coria) La Mora (Madro\u00f1era), La Morisca (Montehermoso, Salorino y Pasar\u00f3n), Morisco (Perales del Puerto<\/strong>) o <strong>El Moro (Robledillo de Trujillo<\/strong>).<\/span><\/p>\n<div id=\"attachment_163\" style=\"width: 801px\" class=\"wp-caption aligncenter\"><a href=\"\/extremadurasecreta\/wp-content\/uploads\/sites\/16\/2012\/04\/MARRUECOS-xauen-2012-86.jpg\"><img aria-describedby=\"caption-attachment-163\" loading=\"lazy\" class=\" wp-image-163\" title=\"MARRUECOS-xauen-2012 (86)\" src=\"\/extremadurasecreta\/wp-content\/uploads\/sites\/16\/2012\/04\/MARRUECOS-xauen-2012-86.jpg\" alt=\"\" width=\"791\" height=\"530\" srcset=\"https:\/\/static-blogs.hoy.es\/wp-content\/uploads\/sites\/16\/2012\/04\/MARRUECOS-xauen-2012-86.jpg 1600w, https:\/\/static-blogs.hoy.es\/wp-content\/uploads\/sites\/16\/2012\/04\/MARRUECOS-xauen-2012-86-300x201.jpg 300w, https:\/\/static-blogs.hoy.es\/wp-content\/uploads\/sites\/16\/2012\/04\/MARRUECOS-xauen-2012-86-768x514.jpg 768w, https:\/\/static-blogs.hoy.es\/wp-content\/uploads\/sites\/16\/2012\/04\/MARRUECOS-xauen-2012-86-1024x685.jpg 1024w\" sizes=\"(max-width: 791px) 100vw, 791px\" \/><\/a><p id=\"caption-attachment-163\" class=\"wp-caption-text\"><\/span> <span style=\"font-size: 8pt;\">Todos los pueblos extreme\u00f1os tienen algo &#8220;de los moros&#8221;: una fuente, una cueva&#8230; (Fotograf\u00eda: Jimber para Extremadura Secreta)<\/span><\/p><\/div>\n<p style=\"text-align: justify;\"><span style=\"font-size: 10pt;\">Y es que, a\u00fan en nuestros d\u00edas, si preguntan en algunos pueblos por el origen de tal o cual monumento antiguo del lugar, le contestar\u00e1n sin dudarlo que es \u201cantiqu\u00edsimo\u2026 del tiempo de los moros\u201d.\u00a0 \u201cMoro\u201d, en muchas ocasiones, es sin\u00f3nimo de \u201cantiguo\u201d, de lo que est\u00e1 mas all\u00e1 de la memoria de las gentes.<\/span><\/p>\n<p style=\"text-align: justify;\"><span style=\"font-size: 10pt;\">Por eso, numerosos yacimientos arqueol\u00f3gicos se esconden tras el apellido \u201cmoro\u201d, aunque la mayor parte de las veces nada tengan que ver con ellos. As\u00ed, en <strong>Jaraiz de la Vera<\/strong> se encuentra <strong>la tumba del Moro<\/strong>, y en <strong>Aliseda<\/strong> las <strong>Tumbas de los Moros<\/strong>. En <strong>La Huetre<\/strong> hay una\u00a0 <strong>Sepultura de la Mora<\/strong>, y otra <strong>sepultura de la Mora <\/strong>se encuentra en <strong>Casares de las Hurdes<\/strong><\/span><\/p>\n<p style=\"text-align: justify;\"><span style=\"font-size: 10pt;\"><strong>La Cueva<\/strong><strong> del Moro<\/strong> es el otro nombre que recibe por los lugare\u00f1os el <strong>Dolmen de L\u00e1cara<\/strong>, entre <strong>Nava de Santiago <\/strong>y <strong>Cordobilla de L\u00e1cara<\/strong>. Se trata de un gigantesco dolmen de corredor que, a decir del historiador y sacerdote\u00a0<strong>Vicente Navarro del Castillo<\/strong>,<em> \u201cdesde antiguo llam\u00f3 la atenci\u00f3n de romanos y visigodos quienes, trataron de expoliarlo de sus ajuares, y en tiempos modernos de los avaros buscadores de tesoros que, usando de medio m\u00e1s poderoso, la dinamita, consiguieron su prop\u00f3sito, pero a costa de causar en el antiguo monumento destrozos lamentables, ya que sus piedras fueron en parte voladas o fragmentadas\u201d.<\/em><\/span><\/p>\n<p style=\"text-align: justify;\"><span style=\"font-size: 10pt;\">En la bella <strong>Helechal<\/strong> , se encontraron pinturas rupestres en la <strong>Cueva<\/strong><strong> de las Moriscas<\/strong>, y tambi\u00e9n hay petroglifos de la Edad del Bronce en el paraje denominado &#8220;<strong>Pat\u00e1 de la Mora<\/strong>&#8220;, en el caser\u00eda hurdano de <strong>Mesegal<\/strong>.<\/span><\/p>\n<p style=\"text-align: justify;\"><span style=\"font-size: 10pt;\">Como han podido comprobar, cada pueblo tiene en Extremadura su paraje \u201cmoro\u201d, su tesoro de los moros o su mora encantada. Solo hace falta preguntar a la persona adecuada y dejar que la imaginaci\u00f3n nos gu\u00ede en el camino de vuelta hacia un pasado de d\u00e1tiles, fuentes, miel y odaliscas.<\/span><\/p>\n<p style=\"text-align: justify;\">\n<!-- AddThis Advanced Settings generic via filter on the_content --><!-- AddThis Share Buttons generic via filter on the_content -->","protected":false},"excerpt":{"rendered":"<p>La procedencia de la mayor parte de los tesoros extreme\u00f1os est\u00e1 atribuida a los moros, pero aunque en algunos casos estos moros son realmente los \u00e1rabes que habitaron durante ocho siglos en Espa\u00f1a hasta la Reconquista, en muchas otras ocasiones se aplica la denominaci\u00f3n de \u201cmoros\u201d a personajes y pueblos indeterminados que habitaron\u00a0estas tierras\u00a0antes de [&hellip;]<!-- AddThis Advanced Settings generic via filter on get_the_excerpt --><!-- AddThis Share Buttons generic via filter on get_the_excerpt --><\/p>\n","protected":false},"author":20,"featured_media":161,"comment_status":"open","ping_status":"closed","sticky":false,"template":"","format":"standard","meta":[],"categories":[4,5,7,9,10],"tags":[22,35,36,44,55,58,99,115,141,169,172,179,186,188,189,192,197,224,226,230,231,237,239,276,289,296,317,326,332,333,346,352,354,357,364,376,400,479,501,513,514,525,538,543,550,566,585,597,608,612,617,646,702,703,710,711,715,751,753,754,775,796,814,824,835,842,852,861,864,865,871,873,875,877,887,888,907,927,939,944,952,954,960,961,970,977,990,1028,1034,1041,1063,1064,1091,1092,1105,1128,1171,1199,1212,1214,1218,1222,1237,1256,1273,1277,1285],"_links":{"self":[{"href":"https:\/\/blogs.hoy.es\/extremadurasecreta\/wp-json\/wp\/v2\/posts\/160"}],"collection":[{"href":"https:\/\/blogs.hoy.es\/extremadurasecreta\/wp-json\/wp\/v2\/posts"}],"about":[{"href":"https:\/\/blogs.hoy.es\/extremadurasecreta\/wp-json\/wp\/v2\/types\/post"}],"author":[{"embeddable":true,"href":"https:\/\/blogs.hoy.es\/extremadurasecreta\/wp-json\/wp\/v2\/users\/20"}],"replies":[{"embeddable":true,"href":"https:\/\/blogs.hoy.es\/extremadurasecreta\/wp-json\/wp\/v2\/comments?post=160"}],"version-history":[{"count":1,"href":"https:\/\/blogs.hoy.es\/extremadurasecreta\/wp-json\/wp\/v2\/posts\/160\/revisions"}],"predecessor-version":[{"id":2394,"href":"https:\/\/blogs.hoy.es\/extremadurasecreta\/wp-json\/wp\/v2\/posts\/160\/revisions\/2394"}],"wp:featuredmedia":[{"embeddable":true,"href":"https:\/\/blogs.hoy.es\/extremadurasecreta\/wp-json\/wp\/v2\/media\/161"}],"wp:attachment":[{"href":"https:\/\/blogs.hoy.es\/extremadurasecreta\/wp-json\/wp\/v2\/media?parent=160"}],"wp:term":[{"taxonomy":"category","embeddable":true,"href":"https:\/\/blogs.hoy.es\/extremadurasecreta\/wp-json\/wp\/v2\/categories?post=160"},{"taxonomy":"post_tag","embeddable":true,"href":"https:\/\/blogs.hoy.es\/extremadurasecreta\/wp-json\/wp\/v2\/tags?post=160"}],"curies":[{"name":"wp","href":"https:\/\/api.w.org\/{rel}","templated":true}]}}