{"id":1617,"date":"2018-09-24T18:54:14","date_gmt":"2018-09-24T16:54:14","guid":{"rendered":"http:\/\/blogs.hoy.es\/extremadurasecreta\/?p=1617"},"modified":"2018-10-19T10:37:27","modified_gmt":"2018-10-19T08:37:27","slug":"fantasmas-monstruos-y-prodigios-en-la-muerte-de-carlos-v","status":"publish","type":"post","link":"https:\/\/blogs.hoy.es\/extremadurasecreta\/2018\/09\/24\/fantasmas-monstruos-y-prodigios-en-la-muerte-de-carlos-v\/","title":{"rendered":"Fantasmas, monstruos y prodigios en la muerte de Carlos V"},"content":{"rendered":"<div id=\"attachment_1618\" style=\"width: 310px\" class=\"wp-caption alignleft\"><img aria-describedby=\"caption-attachment-1618\" loading=\"lazy\" class=\"size-medium wp-image-1618\" src=\"https:\/\/static-blogs.hoy.es\/wp-content\/uploads\/sites\/16\/2018\/09\/CANINO-DE-LOS-JERONIMOS-del-monasterio-de-Yuste-a-Talayuelas-2015-8_edited_edited-300x232.jpg\" alt=\"Carlos V en Cuacos de Yuste (Jimber)\" width=\"300\" height=\"232\" srcset=\"https:\/\/static-blogs.hoy.es\/wp-content\/uploads\/sites\/16\/2018\/09\/CANINO-DE-LOS-JERONIMOS-del-monasterio-de-Yuste-a-Talayuelas-2015-8_edited_edited-300x232.jpg 300w, https:\/\/static-blogs.hoy.es\/wp-content\/uploads\/sites\/16\/2018\/09\/CANINO-DE-LOS-JERONIMOS-del-monasterio-de-Yuste-a-Talayuelas-2015-8_edited_edited.jpg 486w\" sizes=\"(max-width: 300px) 100vw, 300px\" \/><p id=\"caption-attachment-1618\" class=\"wp-caption-text\">Carlos V en Cuacos de Yuste (Jimber)<\/p><\/div>\n<p style=\"text-align: justify;\">Se cumplen ahora 460 a\u00f1os de la muerte en Extremadura del emperador Carlos I de Espa\u00f1a y V de Alemania. El 21 de septiembre de 1558 exhalaba su \u00faltimo suspiro el \u00a0hombre m\u00e1s poderoso de la \u00e9poca, asesinado por uno de seres vivos m\u00e1s insignificantes: el mosquito.<\/p>\n<p style=\"text-align: justify;\">Fue en <a href=\"https:\/\/blogs.hoy.es\/extremadurasecreta\/2018\/03\/07\/yuste-y-el-miedo-a-las-mujeres\/\"><strong>el monasterio de Yuste, en Extremadura, en un lugar m\u00e1gico fundado entre leyendas<\/strong><\/a> y en el que el emperador hab\u00eda decidido retirarse de la pompa mundana. Pero el retiro fue m\u00e1s corto de lo que pensaba, porque enferm\u00f3 de paludismo (de malaria, vamos, o de <em>tercianas<\/em>, como se llamaban esas fiebres\u00a0 por estos lares) y \u00a0agoniz\u00f3 durante d\u00edas hasta que expir\u00f3 finalmente rondando el equinoccio de oto\u00f1o.<\/p>\n<p style=\"text-align: justify;\">Siendo el lugar m\u00e1gico y la fecha tambi\u00e9n, no es extra\u00f1o que seg\u00fan los frailes y los escritos, su muerte estuviera rodeada de hechos sobrenaturales: se\u00f1ales celestes, flores milagrosas, fantasmas embozados, extra\u00f1as aves ladradoras y hasta damas blancas anunciadores de fallecimientos de alcurnia.<\/p>\n<p style=\"text-align: justify;\">Los fantasmas aparecieron antes incluso que la enfermedad.<\/p>\n<div id=\"attachment_1619\" style=\"width: 830px\" class=\"wp-caption aligncenter\"><img aria-describedby=\"caption-attachment-1619\" loading=\"lazy\" class=\"size-full wp-image-1619\" src=\"https:\/\/static-blogs.hoy.es\/wp-content\/uploads\/sites\/16\/2018\/09\/CANINO-DE-LOS-JERONIMOS-del-monasterio-de-Yuste-a-Talayuelas-2015-23_edited.jpg\" alt=\"Monasterio de Yuste (Jimber)\" width=\"820\" height=\"545\" srcset=\"https:\/\/static-blogs.hoy.es\/wp-content\/uploads\/sites\/16\/2018\/09\/CANINO-DE-LOS-JERONIMOS-del-monasterio-de-Yuste-a-Talayuelas-2015-23_edited.jpg 820w, https:\/\/static-blogs.hoy.es\/wp-content\/uploads\/sites\/16\/2018\/09\/CANINO-DE-LOS-JERONIMOS-del-monasterio-de-Yuste-a-Talayuelas-2015-23_edited-300x199.jpg 300w, https:\/\/static-blogs.hoy.es\/wp-content\/uploads\/sites\/16\/2018\/09\/CANINO-DE-LOS-JERONIMOS-del-monasterio-de-Yuste-a-Talayuelas-2015-23_edited-768x510.jpg 768w\" sizes=\"(max-width: 820px) 100vw, 820px\" \/><p id=\"caption-attachment-1619\" class=\"wp-caption-text\">Monasterio de Yuste, \u00faltimo retiro del emperador Carlos V (Jimber)<\/p><\/div>\n<p style=\"text-align: justify;\">La aparici\u00f3n del primer espectro la recogen <a href=\"https:\/\/dialnet.unirioja.es\/servlet\/libro?codigo=229848\" rel=\"external nofollow\">el verato Delf\u00edn Hern\u00e1ndez, caballero de la orden de Yuste, y el escritor Luis Mart\u00ednez <\/a>, quienes afirman que unos d\u00edas antes de contagiarse, y mientras estaba\u00a0 rezando en su habitaci\u00f3n , al emperador se le apareci\u00f3 un misterioso espectro embozado.<\/p>\n<p style=\"text-align: justify;\">Carlos, sorprendido, le pregunt\u00f3 su nombre, a lo que el fantasma respondi\u00f3\u00a0 desembaraz\u00e1ndose de su capa. Lo que vio el emperador debi\u00f3 de dejarlo at\u00f3nito, porque el fantasma era \u00e9l mismo. O al menos, su doble, punto por punto, que adem\u00e1s\u00a0le habl\u00f3\u00a0anunci\u00e1ndole que su muerte estaba cerca, y que deb\u00eda prepararse para morir.<\/p>\n<p style=\"text-align: justify;\">Seguramente el fantasma no tendr\u00eda ni que haber hablado, porque el que fuera emperador de Alemania tuvo que reconocer enseguida que la figura fantasmal que ten\u00eda delante era un <em>Doppelg\u00e4nger<\/em>, el doble fantasmag\u00f3rico de una persona viva que se considera\u00a0 augurio de muerte en la cultura germ\u00e1nica.<\/p>\n<p style=\"text-align: justify;\">Este papel de emisario de la muerte que constituye el <em>Doppelg\u00e4nger<\/em> en la mitolog\u00eda\u00a0 norteuropea lo encarna en la mitolog\u00eda\u00a0 celta la <em>Banshee<\/em>, la <em>Mujer de los T\u00famulos<\/em>, una dama espectral y gritona que se aparec\u00eda a las familias nobles irlandesas para avisarlas de una muerte pr\u00f3xima.<\/p>\n<p style=\"text-align: justify;\">Y al parecer, los Habsburgo tambi\u00e9n ten\u00edan una dama fantasmal que se encargaba de aparecerse a cada uno de ellos cuando la hora de la muerte estaba pr\u00f3xima: La Dama Blanca de Los Habsburgo.<\/p>\n<div id=\"attachment_1620\" style=\"width: 676px\" class=\"wp-caption aligncenter\"><img aria-describedby=\"caption-attachment-1620\" loading=\"lazy\" class=\"size-full wp-image-1620\" src=\"https:\/\/static-blogs.hoy.es\/wp-content\/uploads\/sites\/16\/2018\/09\/user_50_2__la_mujer_de_blanco____1900__gabriel_von_max.jpg\" alt=\"La Dama Blanca (Gabriel Von Max, 1900)\" width=\"666\" height=\"961\" srcset=\"https:\/\/static-blogs.hoy.es\/wp-content\/uploads\/sites\/16\/2018\/09\/user_50_2__la_mujer_de_blanco____1900__gabriel_von_max.jpg 666w, https:\/\/static-blogs.hoy.es\/wp-content\/uploads\/sites\/16\/2018\/09\/user_50_2__la_mujer_de_blanco____1900__gabriel_von_max-208x300.jpg 208w\" sizes=\"(max-width: 666px) 100vw, 666px\" \/><p id=\"caption-attachment-1620\" class=\"wp-caption-text\">La Dama Blanca (Gabriel Von Max, 1900)<\/p><\/div>\n<p style=\"text-align: justify;\">Entre otros muchos miembros de la familia, tuvo la mala suerte de verla \u00a0Mar\u00eda Antonieta en las Tuller\u00edas, cuando esperaba para ser guillotinada en 1792, \u00a0durante la Revoluci\u00f3n Francesa.<\/p>\n<p style=\"text-align: justify;\">Tambi\u00e9n el archiduque Rodolfo la vio, si hacemos caso a el\u00a0 peri\u00f3dico <em>Le Figaro <\/em>del 5 de febrero de 1889, quien publicaba d\u00edas despu\u00e9s de la muerte del archiduque que Rodolfo ve\u00eda esp\u00edritus y fantasmas, y que la Dama Blanca se le hab\u00eda presentado.<\/p>\n<p style=\"text-align: justify;\">Incluso se apareci\u00f3 una d\u00e9cada despu\u00e9s a la famosa emperatriz \u00a0Sissi en Montreaux, once d\u00edas antes de ser asesinada en Ginebra, el 10 de septiembre de 1898, y a un mont\u00f3n de parientes menos conocidos pero igual de nobles\u2026<\/p>\n<p style=\"text-align: justify;\">Pues bien,\u00a0 seg\u00fan\u00a0 cuenta <a href=\"https:\/\/www.amazon.es\/dama-blanca-los-Habsburgo\/dp\/B00N5OPVB6\" rel=\"external nofollow\">Paul Morand<\/a>, la Dama Blanca de los Habsburgo inaugur\u00f3 esta t\u00e9trica y funesta tradici\u00f3n familiar \u00a0en Extremadura, apareci\u00e9ndose por primera a Carlos V en Yuste justo antes de su muerte.<\/p>\n<p style=\"text-align: justify;\">Ignoramos si solo se apareci\u00f3 uno de los fantasmas o se le aparecieron los dos, pero lo cierto es que el emperador pill\u00f3 la indirecta y dispuso que le organizasen los famosos funerales en vida, unas macabras exequias que quedaron asimiladas a otras leyendas que surgieron alrededor de su muerte.<\/p>\n<p style=\"text-align: justify;\">Y es que los sucesos sobrenaturales siguieron adue\u00f1\u00e1ndose del hasta entonces tranquilo monasterio de Yuste. Porque seg\u00fan cuenta en 1701 <a href=\"https:\/\/books.google.es\/books?id=MYJbAAAAQAAJ&amp;pg=PA379&amp;lpg=PA379&amp;dq=La+muerte+del+Emperador+Carlos+V.+hasta+el+principio+del+govierno+de+Alexandro+Farnese,+tercero+duque+de+Parma+y+Placenc%C3%ADa+Escrito+por+Famianus+Strada&amp;source=bl&amp;ots=fSyfq31fCr&amp;sig=5Cg7FzkT-gOcpQaAcHsAXGE6oW0&amp;hl=es&amp;sa=X&amp;ved=2ahUKEwi6nJa_gtTdAhVGKBoKHSAuCKUQ6AEwAXoECAcQAQ#v=onepage&amp;q=La%20muerte%20del%20Emperador%20Carlos%20V.%20hasta%20el%20principio%20del%20govierno%20de%20Alexandro%20Farnese%2C%20tercero%20duque%20de%20Parma%20y%20Placenc%C3%ADa%20Escrito%20por%20Famianus%20Strada&amp;f=false\" rel=\"external nofollow\">Faminius Strada<\/a><strong>,<\/strong> hasta los cielos se llenaron de extra\u00f1os presagios:<\/p>\n<p style=\"text-align: justify;\"><em>\u00a0\u201c\u2026poco despu\u00e9s que enferm\u00f3, se vio en Espa\u00f1a un cometa, al principio no de mucho resplandor, pero que, creciendo la enfermedad (\u2026) aumentaba m\u00e1s la luz, hasta que, vuelta hacia el asiento de san Jer\u00f3nimo la funesta crin, la hora en que Carlos dej\u00f3 de vivir, \u00e9l dej\u00f3 de ser visto\u201d<\/em>.<\/p>\n<p style=\"text-align: justify;\">No solo los cometas anunciaban la muerte del emperador. Cuentan en la zona que la noche de su\u00a0 muerte la sierra de Tormantos se encontraba desvelada. Que ladraban los perros y balaban las ovejas en los apriscos, que las cabras anunciaban una extra\u00f1a madrugada y que los gallos despertaron antes de llegar el alba. Y no fueron los \u00fanicos portentos: <a href=\"https:\/\/books.google.es\/books?id=MYJbAAAAQAAJ&amp;pg=PA13&amp;lpg=PA13&amp;dq=muerte+carlos+v+azucena&amp;source=bl&amp;ots=fSyfm71gFw&amp;sig=ycf_zLhdzkcEikEWDpiini9saII&amp;hl=es&amp;sa=X&amp;ved=2ahUKEwiY0qvyxcndAhUJtIsKHd7OBHIQ6AEwFXoECAAQAQ#v=onepage&amp;q=muerte%20carlos%20v%20azucena&amp;f=false\" rel=\"external nofollow\">una azucena floreci\u00f3 esa noche en el jard\u00edn del monasterio<\/a>.<\/p>\n<p style=\"text-align: justify;\">Y no solo la sierra de Tormantos y el Vallle de la Vera se envolv\u00eda en prodigios. M\u00e1s all\u00e1 de las tierras extreme\u00f1as, en el reino de Arag\u00f3n, la agorera campana de Velilla toc\u00f3 sola anunciando la muerte del emperador, entrando a formar parte de las lista de las numerosas <strong><a href=\"https:\/\/blogs.hoy.es\/extremadurasecreta\/2015\/12\/28\/campanas-sobrenaturales\/\">campanas sobrenaturales<\/a>\u00a0<\/strong>que pueblan nuestra geograf\u00eda.<\/p>\n<p style=\"text-align: justify;\">Y a\u00fan hay m\u00e1s, porque los sucesos extra\u00f1os y maravillosos no cesaron con la muerte del emperador. Una semana m\u00e1s tarde (concretamente el 27 de septiembre de 1558) nos cuenta <strong><a href=\"http:\/\/abitaex.blogspot.com\/2017\/01\/libro-68-la-inquietud-postrimera-de.html\" rel=\"external nofollow\">el prior de Yuste, fray Mart\u00edn Angulo<\/a>,<\/strong> c\u00f3mo al disponerse \u00a0a acostarse escuch\u00f3 en el claustro el ladrido de un perro. Sali\u00f3 de su celda con el fin de sacarlo extramuros y se extra\u00f1\u00f3 al ver a unos cuantos frailes recostados en el antepecho de la galer\u00eda, mirando al cielo.<\/p>\n<ul style=\"text-align: justify;\">\n<li><em>Ese perro nos va a dar una mala noche como no lo echemos fuera del monasterio,<\/em> dijo.<\/li>\n<li><em>No es un perro el que ladra, Padre<\/em>&#8211; le contestaron los frailes- <em>sino aquel p\u00e1jaro que est\u00e1 encima del tejado de la iglesia. Y ha ladrado ya cinco veces\u2026<\/em><\/li>\n<\/ul>\n<p style=\"text-align: justify;\">A parecer, como hab\u00eda una buena luna, todos los vieron con claridad. En el tejado se encontraba un p\u00e1jaro del tama\u00f1o de un buitre, mitad blanco y mitad negro, que despu\u00e9s de un rato sali\u00f3 volando.<\/p>\n<p style=\"text-align: justify;\">Cinco noches seguidas estuvo esa extra\u00f1a ave realizando el mismo ritual: Llegaba desde la parte de Jarandilla, ladraba cinco veces y se marchaba en direcci\u00f3n a Garganta la Olla. Y siempre se posaba sobre la sepultura del emperador, bajo el altar de la iglesia del monasterio, donde quiso reposar para que todo el sacerdote, mientras celebraba la misa, pudiese pisar su cabeza y su coraz\u00f3n.<\/p>\n<div id=\"attachment_1621\" style=\"width: 1233px\" class=\"wp-caption aligncenter\"><img aria-describedby=\"caption-attachment-1621\" loading=\"lazy\" class=\"size-full wp-image-1621\" src=\"https:\/\/static-blogs.hoy.es\/wp-content\/uploads\/sites\/16\/2018\/09\/IMG_0066_edited-2.jpg\" alt=\"A los pies del altar de la iglesia de Yuste enterraron al emperador (Israel J. Espino)\" width=\"1223\" height=\"1634\" srcset=\"https:\/\/static-blogs.hoy.es\/wp-content\/uploads\/sites\/16\/2018\/09\/IMG_0066_edited-2.jpg 1223w, https:\/\/static-blogs.hoy.es\/wp-content\/uploads\/sites\/16\/2018\/09\/IMG_0066_edited-2-225x300.jpg 225w, https:\/\/static-blogs.hoy.es\/wp-content\/uploads\/sites\/16\/2018\/09\/IMG_0066_edited-2-768x1026.jpg 768w, https:\/\/static-blogs.hoy.es\/wp-content\/uploads\/sites\/16\/2018\/09\/IMG_0066_edited-2-766x1024.jpg 766w\" sizes=\"(max-width: 1223px) 100vw, 1223px\" \/><p id=\"caption-attachment-1621\" class=\"wp-caption-text\">A los pies del altar de la iglesia de Yuste enterraron al emperador (Israel J. Espino)<\/p><\/div>\n<p style=\"text-align: justify;\">Este extra\u00f1o animal tiene grandes similitudes con el llamado <strong><a href=\"https:\/\/blogs.hoy.es\/extremadurasecreta\/2013\/12\/24\/los-siniestros-pajaros-de-la-muerte\/\">P\u00e1jaro de la Muerte<\/a>,<\/strong> conocido en numerosas zonas de Extremadura y al que se relaciona con los fallecimientos.\u00a0 En algunos pueblos se le relaciona con el cuervo, un ave que en ocasiones puede imitar sonidos como el ladrido de un perro.<\/p>\n<p style=\"text-align: justify;\">Pues bien, tanto el cuervo como el mismo perro son animales psicopompos, es decir, que seg\u00fan la mitolog\u00eda son los encargados de trasladar el alma de los difuntos al Mas All\u00e1.<\/p>\n<p style=\"text-align: justify;\">Quiz\u00e1s en este caso, esa extra\u00f1a bestia que se posaba noche tras noche sobre la tumba del emperador, ven\u00eda a llevarse su alma a las regiones et\u00e9reas, pero el cuerpo se qued\u00f3 aqu\u00ed. No en Yuste, donde dur\u00f3 poco, sino en la cripta real\u00a0 del monasterio del Escorial, rodeado de todos los suyos, <a href=\"https:\/\/elpais.com\/diario\/2006\/08\/03\/revistaverano\/1154556001_850215.html\" rel=\"external nofollow\">momificado y sin me\u00f1ique<\/a>.<\/p>\n<p style=\"text-align: justify;\"><img loading=\"lazy\" class=\"aligncenter size-full wp-image-1625\" src=\"https:\/\/static-blogs.hoy.es\/wp-content\/uploads\/sites\/16\/2018\/09\/11411644_1449146562069690_1538440949642964008_o_edited.jpg\" alt=\"11411644_1449146562069690_1538440949642964008_o_edited\" width=\"1441\" height=\"1006\" srcset=\"https:\/\/static-blogs.hoy.es\/wp-content\/uploads\/sites\/16\/2018\/09\/11411644_1449146562069690_1538440949642964008_o_edited.jpg 1441w, https:\/\/static-blogs.hoy.es\/wp-content\/uploads\/sites\/16\/2018\/09\/11411644_1449146562069690_1538440949642964008_o_edited-300x209.jpg 300w, https:\/\/static-blogs.hoy.es\/wp-content\/uploads\/sites\/16\/2018\/09\/11411644_1449146562069690_1538440949642964008_o_edited-768x536.jpg 768w, https:\/\/static-blogs.hoy.es\/wp-content\/uploads\/sites\/16\/2018\/09\/11411644_1449146562069690_1538440949642964008_o_edited-1024x715.jpg 1024w\" sizes=\"(max-width: 1441px) 100vw, 1441px\" \/><\/p>\n<p style=\"text-align: justify;\">Pero aunque la momia ha podido contemplarse en algunas ocasiones, en algunos lugares de \u00a0Alemania, seg\u00fan recoge el folclorista\u00a0 y etn\u00f3grafo <a href=\"https:\/\/books.google.es\/books\/about\/La_formaci%C3%B3n_de_las_leyendas.html?id=3pI0AQAAMAAJ&amp;redir_esc=y\" rel=\"external nofollow\">Van Gennep<\/a> a\u00fan se cree que Carlos V, al igual que ocurre con Federico Barbarroja, no ha muerto, sino que vive en el interior de la legendaria y misteriosa monta\u00f1a de Untersberg, cerca de Salzburgo. Est\u00e1 dormido, \u00a0sentado junto a una mesa. Su barba ya ha rodeado dos veces ese mueble, y se asegura que cuando la haya rodeado por tercera vez, el emperador despertar\u00e1 y llegar\u00e1 el fin del mundo.<\/p>\n<p style=\"text-align: justify;\"><img loading=\"lazy\" class=\"aligncenter size-full wp-image-1623\" src=\"https:\/\/static-blogs.hoy.es\/wp-content\/uploads\/sites\/16\/2018\/09\/800px-Barberousse.Untersberg-XIXe_si\u00e8cle-14.jpg\" alt=\"800px-barberousse-untersberg-xixe_siecle-14\" width=\"800\" height=\"540\" srcset=\"https:\/\/static-blogs.hoy.es\/wp-content\/uploads\/sites\/16\/2018\/09\/800px-Barberousse.Untersberg-XIXe_si\u00e8cle-14.jpg 800w, https:\/\/static-blogs.hoy.es\/wp-content\/uploads\/sites\/16\/2018\/09\/800px-Barberousse.Untersberg-XIXe_si\u00e8cle-14-300x203.jpg 300w, https:\/\/static-blogs.hoy.es\/wp-content\/uploads\/sites\/16\/2018\/09\/800px-Barberousse.Untersberg-XIXe_si\u00e8cle-14-768x518.jpg 768w\" sizes=\"(max-width: 800px) 100vw, 800px\" \/><\/p>\n<p style=\"text-align: justify;\">Ser\u00e1 cuesti\u00f3n de acercarse con un buen barbero. Por si acaso.<\/p>\n<p>&nbsp;<\/p>\n<p>&nbsp;<\/p>\n<p>&nbsp;<\/p>\n<p>&nbsp;<\/p>\n<p>&nbsp;<\/p>\n<p>&nbsp;<\/p>\n<p>&nbsp;<\/p>\n<p>&nbsp;<\/p>\n<!-- AddThis Advanced Settings generic via filter on the_content --><!-- AddThis Share Buttons generic via filter on the_content -->","protected":false},"excerpt":{"rendered":"<p>Se cumplen ahora 460 a\u00f1os de la muerte en Extremadura del emperador Carlos I de Espa\u00f1a y V de Alemania. El 21 de septiembre de 1558 exhalaba su \u00faltimo suspiro el \u00a0hombre m\u00e1s poderoso de la \u00e9poca, asesinado por uno de seres vivos m\u00e1s insignificantes: el mosquito. Fue en el monasterio de Yuste, en Extremadura, [&hellip;]<!-- AddThis Advanced Settings generic via filter on get_the_excerpt --><!-- AddThis Share Buttons generic via filter on get_the_excerpt --><\/p>\n","protected":false},"author":20,"featured_media":1625,"comment_status":"open","ping_status":"closed","sticky":false,"template":"","format":"standard","meta":[],"categories":[5,7],"tags":[193,216,1359,371,1357,1358,494,1360,855,923,1361,1362],"_links":{"self":[{"href":"https:\/\/blogs.hoy.es\/extremadurasecreta\/wp-json\/wp\/v2\/posts\/1617"}],"collection":[{"href":"https:\/\/blogs.hoy.es\/extremadurasecreta\/wp-json\/wp\/v2\/posts"}],"about":[{"href":"https:\/\/blogs.hoy.es\/extremadurasecreta\/wp-json\/wp\/v2\/types\/post"}],"author":[{"embeddable":true,"href":"https:\/\/blogs.hoy.es\/extremadurasecreta\/wp-json\/wp\/v2\/users\/20"}],"replies":[{"embeddable":true,"href":"https:\/\/blogs.hoy.es\/extremadurasecreta\/wp-json\/wp\/v2\/comments?post=1617"}],"version-history":[{"count":6,"href":"https:\/\/blogs.hoy.es\/extremadurasecreta\/wp-json\/wp\/v2\/posts\/1617\/revisions"}],"predecessor-version":[{"id":1662,"href":"https:\/\/blogs.hoy.es\/extremadurasecreta\/wp-json\/wp\/v2\/posts\/1617\/revisions\/1662"}],"wp:featuredmedia":[{"embeddable":true,"href":"https:\/\/blogs.hoy.es\/extremadurasecreta\/wp-json\/wp\/v2\/media\/1625"}],"wp:attachment":[{"href":"https:\/\/blogs.hoy.es\/extremadurasecreta\/wp-json\/wp\/v2\/media?parent=1617"}],"wp:term":[{"taxonomy":"category","embeddable":true,"href":"https:\/\/blogs.hoy.es\/extremadurasecreta\/wp-json\/wp\/v2\/categories?post=1617"},{"taxonomy":"post_tag","embeddable":true,"href":"https:\/\/blogs.hoy.es\/extremadurasecreta\/wp-json\/wp\/v2\/tags?post=1617"}],"curies":[{"name":"wp","href":"https:\/\/api.w.org\/{rel}","templated":true}]}}