{"id":1702,"date":"2018-11-13T13:53:22","date_gmt":"2018-11-13T11:53:22","guid":{"rendered":"http:\/\/blogs.hoy.es\/extremadurasecreta\/?p=1702"},"modified":"2020-07-30T12:31:30","modified_gmt":"2020-07-30T10:31:30","slug":"los-asustaninos-extremenos","status":"publish","type":"post","link":"https:\/\/blogs.hoy.es\/extremadurasecreta\/2018\/11\/13\/los-asustaninos-extremenos\/","title":{"rendered":"Los &#8220;asustani\u00f1os&#8221; extreme\u00f1os"},"content":{"rendered":"<p style=\"text-align: justify;\">A lo largo de la historia todos los padres \u00a0que en el mundo han sido han utilizado a determinados personajes humanos, fantasmales o monstruosos para atemorizar a sus hijos con diferentes fines: evitar que se acerquen a lugares peligrosos, lograr que se duerman, conseguir que obedezcan\u2026<\/p>\n<p style=\"text-align: justify;\">La mayor\u00eda de los asustani\u00f1os que vamos a ver no son puramente extreme\u00f1os, sino que pertenecen a esa gran familia del temor ib\u00e9rico, mientras que algunos son exclusivamente aut\u00f3ctonos. Unos conservan, algunos se han trasformado con los tiempos\u00a0y otros se han perdido,\u00a0como el<strong>\u00a0B\u00fa,<\/strong>\u00a0un fantasma o ser imaginario emparentado con otro mucho m\u00e1s famoso: el Coco.<\/p>\n<p style=\"text-align: justify;\"><strong>El Coco<\/strong>\u00a0 representa el terror indefinible, el miedo ancestral a lo desconocido, a\u00a0 lo que no puede expresarse con palabras. Para el recopilador <a href=\"https:\/\/books.google.es\/books\/about\/Seres_m%C3%ADticos_y_personajes_fant%C3%A1sticos.html?hl=es&amp;id=4xMTgUiknn8C&amp;redir_esc=y\" rel=\"external nofollow\">Manuel Mart\u00edn<\/a> es el paradigma del\u00a0 terror individual y propio de cada ser humano. Para \u00a0<a href=\"https:\/\/books.google.es\/books\/about\/Supersticiones_extreme%C3%B1as.html?hl=es&amp;id=hug8PQAACAAJ&amp;redir_esc=y\" rel=\"external nofollow\">Publio Hurtado<\/a>, la palabra deriva de la griega \u201ckakos\u201d, que significa feo o deforme, aunque a este fant\u00e1stico nunca nadie ha conseguido verlo, ni mucho menos describirlo, aunque muchos hayamos cerrados los ojos al son de la nana terror\u00edfica m\u00e1s conocida:<\/p>\n<p>&nbsp;<\/p>\n<p><span style=\"font-size: 10pt;\">Du\u00e9rmete ni\u00f1o, du\u00e9rmete ya<\/span><\/p>\n<p><span style=\"font-size: 10pt;\">Que viene\u00a0 el coco y te comer\u00e1.<\/span><\/p>\n<p>&nbsp;<\/p>\n<p><span style=\"font-size: 10pt;\">Duerme, vida m\u00eda, que viene el coco<\/span><\/p>\n<p><span style=\"font-size: 10pt;\">Y se lleva a los ni\u00f1os que duermen poco.<\/span><\/p>\n<p>&nbsp;<\/p>\n<p style=\"text-align: justify;\">La palabra \u201ccoco\u201d est\u00e1 registrada por primera vez en Portugal en 1518, con el significado de\u00a0 \u201cfantasma que lleva una calabaza en la cabeza\u201d, lo que lo emparentar\u00eda con nuestras <a href=\"https:\/\/blogs.hoy.es\/extremadurasecreta\/2012\/02\/27\/de-aullones-pantarujas-pamparullas-y-pamparamantas\/\"><strong>pantarujas, aullones y marimantas<\/strong>,<\/a> fantasmas ensabanados con los que se atemorizaba hasta hace bien poco a los ni\u00f1os&#8230; y a los mayores.<\/p>\n<p><img loading=\"lazy\" class=\"size-large wp-image-1089\" src=\"https:\/\/static-blogs.hoy.es\/wp-content\/uploads\/sites\/16\/2015\/02\/Pantaruja-p-905x1024.jpg\" alt=\"Ilustraci\u00f3n: Borja Gonz\u00e1lez Hoyos\" width=\"905\" height=\"1024\" srcset=\"https:\/\/static-blogs.hoy.es\/wp-content\/uploads\/sites\/16\/2015\/02\/Pantaruja-p-905x1024.jpg 905w, https:\/\/static-blogs.hoy.es\/wp-content\/uploads\/sites\/16\/2015\/02\/Pantaruja-p-265x300.jpg 265w, https:\/\/static-blogs.hoy.es\/wp-content\/uploads\/sites\/16\/2015\/02\/Pantaruja-p-768x869.jpg 768w\" sizes=\"(max-width: 905px) 100vw, 905px\" \/><\/p>\n<p style=\"text-align: justify;\">Tambi\u00e9n aterraba<strong> La Mano Negra<\/strong>\u00a0 es una terror\u00edfica mano sin cuerpo que oprime el pecho de los durmientes y ahoga a los ni\u00f1os desobedientes. La mano monstruosa va acerc\u00e1ndose lentamente a la habitaci\u00f3n del ni\u00f1o, anunciando a cada paso su situaci\u00f3n:<\/p>\n<ul style=\"text-align: justify;\">\n<li>La mano negra soy y por las escaleras voy\u2026.<\/li>\n<\/ul>\n<p style=\"text-align: justify;\">A la Mano Negra\u00a0 tambi\u00e9n se la denomina <strong>Manona<\/strong>, o <strong>Mano Pel\u00faa<\/strong>, como la que recorr\u00eda en el siglo pasado cierta calle de Ahigal.<\/p>\n<p style=\"text-align: justify;\">Pero si los pueblos ten\u00edan sus asustani\u00f1os\u00a0 no iban a ser menos enclaves tan tenebrosos como los castillos que tanto abundan en Extremadura.\u00a0<a href=\"https:\/\/blogs.hoy.es\/extremadurasecreta\/2015\/10\/04\/la-caragontia-de-montanchez\/\"> <strong>La Caragont\u00eda<\/strong> , tambi\u00e9n llamada<strong> Taragont\u00eda<\/strong>\u00a0<\/a> y <a href=\"https:\/\/blogs.hoy.es\/extremadurasecreta\/2014\/04\/29\/de-castillos-tesoros-y-fantasmas\/\"><strong>Zaragut\u00eda<\/strong><\/a> es un ser h\u00edbrido , una mujer con la parte inferior de su cuerpo en forma de serpiente que\u00a0 vive oculta en las mazmorras y los pasadizos de\u00a0 algunos los castillos extreme\u00f1os como el de Mont\u00e1nchez y el Alconchel, y que\u00a0 tiene su equivalente en\u00a0 la Tragant\u00eda del castillo\u00a0 andaluz de Cazorla.<\/p>\n<p style=\"text-align: justify;\">En el castillo de Azuaga los ni\u00f1os tem\u00edan a<a href=\"https:\/\/blogs.hoy.es\/extremadurasecreta\/2013\/01\/08\/el-castillo-de-miramontes-fantasmas-ogros-tesoros-y-muertos-famosos\/\"> <strong>Juan Color\u00edn<\/strong>, con su porra y su candil<\/a>, y en el resto de Extremadura, aunque no tuvieran castillos, se atemorizaba con una buena plantilla de raptores de ni\u00f1os.<\/p>\n<p style=\"text-align: justify;\"><strong>El T\u00edo Camu\u00f1as<\/strong> es un personaje que se utiliza\u00a0 en casi toda Espa\u00f1a para asustar a los ni\u00f1os desobedientes. Sin embargo, existi\u00f3 un Camu\u00f1as real, cuya biograf\u00eda recoge el gra<a href=\"https:\/\/books.google.es\/books\/about\/Ogros_cocos_y_hombres_del_saco.html?id=GSD9ugAACAAJ&amp;source=kp_cover&amp;redir_esc=y\" rel=\"external nofollow\">n Jes\u00fas Callejo en su libro \u201cOgros, cocos y hombres del saco<\/a>\u201d. Se llamaba Francisco S\u00e1nchez y hab\u00eda nacido en Camu\u00f1as (Toledo) en 1762. En la guerra de la independencia los franceses\u00a0 mataron a su hermano, por lo que jur\u00f3 venganza y se convirti\u00f3 en guerrillero, combatiendo a las tropas de Napole\u00f3n, entre las que se hizo popular al grito de \u201c\u00a1Que viene el t\u00edo Camu\u00f1as!\u201d. Su nombre fue sin\u00f3nimo de miedo, al menos para los franceses, entre los que se presentaba como un ser terror\u00edfico. De Francia su fama paso a \u00a0Catalu\u00f1a. De ah\u00ed a Castilla y despu\u00e9s al resto de Espa\u00f1a.<\/p>\n<p style=\"text-align: justify;\">En Alc\u00e1ntara se dec\u00eda \u201cque viene el pobre\u201d, o \u201cque viene la tia Turrata\u201d, personajes que compet\u00edan con otro raptor temible: el famosisimo<strong> Hombre del Saco<\/strong>, que para Manuel Mart\u00edn es la encarnaci\u00f3n \u201cdel miedo a desaparecer, a que nos separen de los que amamos, de nuestra cotidianidad, a ser llevados contra nuestra voluntad y para siempre, fuera del mundo que conocemos, para sumergirnos en un mundo desconocido y pavoroso\u201d. Se le describe como un hombre mal vestido, con un enorme saco a la espalda donde mete a los ni\u00f1os para llev\u00e1rselos. De car\u00e1cter eminentemente urbano, su fama se increment\u00f3 en el siglo XIX, formando parte de las leyendas urbanas contra la industria que afirmaba que la grasa humana, preferentemente de ni\u00f1os, era fundamental para hacer funcionar determinadas maquinas, como las locomotoras, por lo que lo que una serie de hombres recorr\u00edan las calles secuestrando ni\u00f1os para obtener as\u00ed la grasa que la industria necesitaba.<\/p>\n<p style=\"text-align: justify;\"><a href=\"https:\/\/blogs.hoy.es\/extremadurasecreta\/2013\/08\/15\/sacasangres-estripaores-cortasebos-y-sacamantecas\/\">El <strong>T\u00edo del Sebo<\/strong>,<strong> el Cortasebos<\/strong> y\u00a0 <strong>el Sacamantecas<\/strong><\/a> ser\u00edan la encarnaci\u00f3n del miedo a que nos maten sin poder hacer nada sin impedirlo, con el agravante de que sea con una muerte violenta. Va armado con una enorme navaja con la que abrir en canal\u00a0 a los ni\u00f1os que caen en sus manos para sacarles las mantecas.\u00a0\u00a0Su origen, por desgracia, es muy real, ya que fue el protagonista de algunos asesinatos que conmovieron a Extremadura a comienzos del siglo XX, debido a que se cre\u00eda que la sangre de los ni\u00f1os y los emplastos con sus grasas pod\u00edan curar la tuberculosis.<\/p>\n<p style=\"text-align: justify;\">El mismo origen tienen los<strong><a href=\"https:\/\/blogs.hoy.es\/extremadurasecreta\/2013\/08\/15\/sacasangres-estripaores-cortasebos-y-sacamantecas\/\"> Sacasangres<\/a>, <\/strong>algunos aut\u00f3ctonos como el siniestro<a href=\"https:\/\/blogs.hoy.es\/extremadurasecreta\/2013\/09\/07\/vampiros-extremenos-el-barquero-del-colmillo\/\"><strong> \u00a0Barquero del Colmillo <\/strong><\/a>que navegaba por el Guadiana, cerca de Cheles, en busca de nuevas v\u00edctimas.\u00a0 Con su presencia se disuad\u00eda a los ni\u00f1os de que se acercasen al rio, en ocasiones peligroso. Y es que el agua ha sido siempre un lugar ideal para esconder a todo tipo de asustani\u00f1os\u2026<\/p>\n<p><img loading=\"lazy\" class=\"size-large wp-image-798\" src=\"https:\/\/static-blogs.hoy.es\/wp-content\/uploads\/sites\/16\/2013\/09\/barquero-copia-512x1024.jpg\" alt=\"Ilustraci\u00f3n: Borja Gonz\u00e1lez \" width=\"512\" height=\"1024\" srcset=\"https:\/\/static-blogs.hoy.es\/wp-content\/uploads\/sites\/16\/2013\/09\/barquero-copia-512x1024.jpg 512w, https:\/\/static-blogs.hoy.es\/wp-content\/uploads\/sites\/16\/2013\/09\/barquero-copia-150x300.jpg 150w, https:\/\/static-blogs.hoy.es\/wp-content\/uploads\/sites\/16\/2013\/09\/barquero-copia-768x1536.jpg 768w, https:\/\/static-blogs.hoy.es\/wp-content\/uploads\/sites\/16\/2013\/09\/barquero-copia.jpg 1181w\" sizes=\"(max-width: 512px) 100vw, 512px\" \/><\/p>\n<p style=\"text-align: justify;\">La criatura utilizada para evitar que los ni\u00f1os se acerquen a los pozos y que supuestamente vive en ellos, recibe, entre otros, los nombres de <a href=\"https:\/\/blogs.hoy.es\/extremadurasecreta\/2012\/06\/08\/seres-magicos-de-los-pozos-extremenos-airon-marunas-y-moracantanas-varias\/\"><strong>Maru\u00f1a <\/strong><\/a>(Quintana de la Serena) un nombre parecido <strong>La Gardu\u00f1a<\/strong> que se esconde en los pozos de Villafranca de los Barros.<\/p>\n<p><img loading=\"lazy\" class=\"size-large wp-image-266\" src=\"https:\/\/static-blogs.hoy.es\/wp-content\/uploads\/sites\/16\/2012\/06\/airon-copia-969x1024.jpg\" alt=\"Ilustraci\u00f3n: Borja Gonz\u00e1lez Hoyos\" width=\"969\" height=\"1024\" srcset=\"https:\/\/static-blogs.hoy.es\/wp-content\/uploads\/sites\/16\/2012\/06\/airon-copia-969x1024.jpg 969w, https:\/\/static-blogs.hoy.es\/wp-content\/uploads\/sites\/16\/2012\/06\/airon-copia-284x300.jpg 284w, https:\/\/static-blogs.hoy.es\/wp-content\/uploads\/sites\/16\/2012\/06\/airon-copia-768x812.jpg 768w, https:\/\/static-blogs.hoy.es\/wp-content\/uploads\/sites\/16\/2012\/06\/airon-copia.jpg 1654w\" sizes=\"(max-width: 969px) 100vw, 969px\" \/><\/p>\n<p style=\"text-align: justify;\">En Santiago de Alc\u00e1ntara se afirma que el que vive en los pozos es <strong>El Garabatero<\/strong>, mientras que en Orellana la Vieja, en el fondo del<a href=\"https:\/\/blogs.hoy.es\/extremadurasecreta\/2012\/06\/08\/seres-magicos-de-los-pozos-extremenos-airon-marunas-y-moracantanas-varias\/\"> <strong>pozo Air\u00f3n<\/strong><\/a> viv\u00eda el Pezmulo.<\/p>\n<p style=\"text-align: justify;\">M\u00e1s habitual era que los pozos estuviesen habitados por mujeres, especialmente moras encantadas, o viejas medio brujas como la<a href=\"https:\/\/blogs.hoy.es\/extremadurasecreta\/2012\/06\/08\/seres-magicos-de-los-pozos-extremenos-airon-marunas-y-moracantanas-varias\/\"> <strong>Moraquintana <\/strong><\/a>de Santiba\u00f1ez el Bajo.<\/p>\n<p style=\"text-align: justify;\">El nombre es muy similar al de la\u00a0 <strong>Moracantana <\/strong>que se lleva con ella al fondo del pozo a las ni\u00f1as\u00a0 curiosas que se asoman a los brocales en la noche de San Juan, en Mont\u00e1nchez. Este personaje\u00a0 tambi\u00e9n vive en los pozos de lugares tan alejados entre s\u00ed como Guare\u00f1a y Cilleros.<\/p>\n<p style=\"text-align: justify;\">Tanto\u00a0 monta la moracantana como la <a href=\"https:\/\/blogs.hoy.es\/extremadurasecreta\/2018\/06\/22\/las-encantadas-de-san-juan\/\"><strong>Cantamora <\/strong><\/a>(una mora que canta) que es la que habitaba un pozo en el Chorrillo, en el pueblo pacense de<strong> Bienvenida<\/strong>. Dec\u00edan los mayores que siempre que alg\u00fan ni\u00f1o travieso se acercaba por all\u00ed y se asomaba al brocal la Cantamora se apoderaba de \u00e9l y no volv\u00edan a verle nunca m\u00e1s.<\/p>\n<p style=\"text-align: justify;\">Pero no solo los pozos eran lugares peligrosos. Los desvanes eran sitios a los que los ni\u00f1os no deb\u00edan subir solos, y por eso se poblaban con seres come ni\u00f1os como la antrop\u00f3faga\u00a0 <a href=\"https:\/\/blogs.hoy.es\/extremadurasecreta\/2016\/11\/23\/las-insaciables-cabras-tragonas-devoradoras-de-carne-humana\/\"><strong>Cabra Montesina<\/strong><\/a> o \u00a0el <a href=\"https:\/\/blogs.hoy.es\/extremadurasecreta\/2013\/07\/10\/el-duende-jampon-cuando-tiembla-la-despensa\/\"><strong>Zamparr\u00f3n<\/strong><\/a>, con cara de ogro y voz gutural, y de una voracidad insaciables. Vive en la intemperie, pero cuando le entra el hambre se cuela en las casas para zamparse todo lo que se encuentre, especialmente a los ni\u00f1os.<\/p>\n<p>Algunos seres mitol\u00f3gicos se han utilizado tambi\u00e9n como asustani\u00f1os, como la<a href=\"https:\/\/blogs.hoy.es\/extremadurasecreta\/2012\/11\/27\/las-encantadas-hilanderas-coser-y-contar\/\"> <strong>J\u00e1ncana<\/strong><\/a> o la <a href=\"https:\/\/blogs.hoy.es\/extremadurasecreta\/2015\/11\/30\/centauros-en-extremadura-galopando-en-las-montanas\/\"><strong>Chancalaera<\/strong><\/a>, ambas figuras de la tradici\u00f3n oral de Las Hurdes. La frase \u00a1Que viene la J\u00e1<strong>ncana<\/strong> y te lleva! Se ha utilizado hasta hace poco tiempo por las madres hurdanas.<\/p>\n<p><img loading=\"lazy\" class=\"size-large wp-image-1407\" src=\"https:\/\/static-blogs.hoy.es\/wp-content\/uploads\/sites\/16\/2017\/04\/macho-lanu-peque_edited-814x1024.jpg\" alt=\"Ilustraci\u00f3n: Borja Gonz\u00e1lez\" width=\"814\" height=\"1024\" srcset=\"https:\/\/static-blogs.hoy.es\/wp-content\/uploads\/sites\/16\/2017\/04\/macho-lanu-peque_edited-814x1024.jpg 814w, https:\/\/static-blogs.hoy.es\/wp-content\/uploads\/sites\/16\/2017\/04\/macho-lanu-peque_edited-238x300.jpg 238w, https:\/\/static-blogs.hoy.es\/wp-content\/uploads\/sites\/16\/2017\/04\/macho-lanu-peque_edited-768x966.jpg 768w, https:\/\/static-blogs.hoy.es\/wp-content\/uploads\/sites\/16\/2017\/04\/macho-lanu-peque_edited.jpg 1219w\" sizes=\"(max-width: 814px) 100vw, 814px\" \/><\/p>\n<p style=\"text-align: justify;\">No es extra\u00f1o que los seres mitol\u00f3gicos asusten, pero menos extra\u00f1o es que se asuste con el malvado por excelencia: <a href=\"https:\/\/blogs.hoy.es\/extremadurasecreta\/2017\/04\/06\/el-diablo-anda-suelto-en-las-hurdes\/\">El Diablo<\/a>.\u00a0En Valverde de Legan\u00e9s se asusta a los ni\u00f1os con<strong><a href=\"https:\/\/blogs.hoy.es\/extremadurasecreta\/2012\/08\/17\/la-diabla-anda-suelta\/\"> La Diabla<\/a>, <\/strong>un personaje que se festeja todos los a\u00f1os durante San Bartolom\u00e9. En otros lugares\u00a0 de Extremadura cuenta Publio Hurtado que se\u00a0 asustaba con el demonuelo Pardill\u00edn, hijo del mismo Belceb\u00fa, una especie de <a href=\"https:\/\/blogs.hoy.es\/extremadurasecreta\/2012\/08\/24\/los-ruidosos-duendes-extremenos\/\">duende<\/a> que cuando escucha la voz de su padre abandona su sitial, cerca del fuego y, gateando\u00a0 por los llares, desaparece por las chimeneas.<\/p>\n<p style=\"text-align: justify;\">Y en Fuente de Cantos a\u00fan hay quien me cuenta que sigue teniendo pesadillas\u00a0 con <a href=\"https:\/\/fuentedecantos.hoy.es\/noticias\/201603\/29\/ramiros-personajes-demoniacos-atemorizaban-20160329185435.html\" rel=\"external nofollow\"><strong>los Ramiros<\/strong><\/a> que les atemorizaron de peque\u00f1os, unos personajes demoniacos\u00a0 que se presentaban en las casas a lo largo del fin de semana que cerraba la Semana de Pasi\u00f3n con una frase que hac\u00eda temblar a las pobres criaturas:<\/p>\n<ul>\n<li>&#8211; \u00bfHay aqu\u00ed alg\u00fan ni\u00f1o que se haya portado mal?<\/li>\n<\/ul>\n<p style=\"text-align: justify;\">Sin embargo, los adultos hemos perdido el miedo a estos personajes, aunque sigamos desobedeciendo a nuestros mayores, durmiendo poco y mal y acerc\u00e1ndonos a lugares peligrosos para hacernos <em>selfies<\/em>. As\u00ed que no se extra\u00f1en si cualquier noche, cuando menos se lo esperen,\u00a0 escuchan un leve sonido de algo arrastr\u00e1ndose por el suelo y\u00a0 una tenebrosa voz ronca que susurra en la oscuridad:<\/p>\n<ul>\n<li style=\"text-align: justify;\">&#8211; La Mano Negra soy&#8230; y a los pies de tu cama estoy!<\/li>\n<\/ul>\n<!-- AddThis Advanced Settings generic via filter on the_content --><!-- AddThis Share Buttons generic via filter on the_content -->","protected":false},"excerpt":{"rendered":"<p>A lo largo de la historia todos los padres \u00a0que en el mundo han sido han utilizado a determinados personajes humanos, fantasmales o monstruosos para atemorizar a sus hijos con diferentes fines: evitar que se acerquen a lugares peligrosos, lograr que se duerman, conseguir que obedezcan\u2026 La mayor\u00eda de los asustani\u00f1os que vamos a ver [&hellip;]<!-- AddThis Advanced Settings generic via filter on get_the_excerpt --><!-- AddThis Share Buttons generic via filter on get_the_excerpt --><\/p>\n","protected":false},"author":20,"featured_media":1703,"comment_status":"open","ping_status":"closed","sticky":false,"template":"","format":"standard","meta":[],"categories":[9],"tags":[31,32,39,125,1368,174,207,212,240,1373,1374,258,302,305,1369,331,1380,531,1378,1377,615,643,667,694,707,709,733,751,1371,1370,868,870,916,1379,1381,1056,1057,1092,1372,1376,1375,1178,1239,1263,1290],"_links":{"self":[{"href":"https:\/\/blogs.hoy.es\/extremadurasecreta\/wp-json\/wp\/v2\/posts\/1702"}],"collection":[{"href":"https:\/\/blogs.hoy.es\/extremadurasecreta\/wp-json\/wp\/v2\/posts"}],"about":[{"href":"https:\/\/blogs.hoy.es\/extremadurasecreta\/wp-json\/wp\/v2\/types\/post"}],"author":[{"embeddable":true,"href":"https:\/\/blogs.hoy.es\/extremadurasecreta\/wp-json\/wp\/v2\/users\/20"}],"replies":[{"embeddable":true,"href":"https:\/\/blogs.hoy.es\/extremadurasecreta\/wp-json\/wp\/v2\/comments?post=1702"}],"version-history":[{"count":4,"href":"https:\/\/blogs.hoy.es\/extremadurasecreta\/wp-json\/wp\/v2\/posts\/1702\/revisions"}],"predecessor-version":[{"id":2220,"href":"https:\/\/blogs.hoy.es\/extremadurasecreta\/wp-json\/wp\/v2\/posts\/1702\/revisions\/2220"}],"wp:featuredmedia":[{"embeddable":true,"href":"https:\/\/blogs.hoy.es\/extremadurasecreta\/wp-json\/wp\/v2\/media\/1703"}],"wp:attachment":[{"href":"https:\/\/blogs.hoy.es\/extremadurasecreta\/wp-json\/wp\/v2\/media?parent=1702"}],"wp:term":[{"taxonomy":"category","embeddable":true,"href":"https:\/\/blogs.hoy.es\/extremadurasecreta\/wp-json\/wp\/v2\/categories?post=1702"},{"taxonomy":"post_tag","embeddable":true,"href":"https:\/\/blogs.hoy.es\/extremadurasecreta\/wp-json\/wp\/v2\/tags?post=1702"}],"curies":[{"name":"wp","href":"https:\/\/api.w.org\/{rel}","templated":true}]}}