{"id":1740,"date":"2018-12-22T11:19:36","date_gmt":"2018-12-22T09:19:36","guid":{"rendered":"http:\/\/blogs.hoy.es\/extremadurasecreta\/?p=1740"},"modified":"2018-12-22T22:30:07","modified_gmt":"2018-12-22T20:30:07","slug":"entre-la-navidad-y-los-reyes-magos-cabalgan-los-muertos-por-estos-pagos","status":"publish","type":"post","link":"https:\/\/blogs.hoy.es\/extremadurasecreta\/2018\/12\/22\/entre-la-navidad-y-los-reyes-magos-cabalgan-los-muertos-por-estos-pagos\/","title":{"rendered":"Entre la Navidad y los Reyes Magos cabalgan los muertos por estos pagos"},"content":{"rendered":"<p><a href=\"https:\/\/www.olanetaeditor.com\/titulos\/fantasmas-y-aparecidos-en-la-edad-media\/\" rel=\"external nofollow\">Los aparecidos son hu\u00e9spedes del invierno<\/a>. Y la estaci\u00f3n fr\u00eda est\u00e1 ligada, especialmente entre los germanos, al recuerdo de los muertos.<\/p>\n<p style=\"text-align: justify;\">El solsticio de invierno, ya se consideraba fundamental para nuestros antepasados prehist\u00f3ricos, pues establec\u00edan la relaci\u00f3n de que, a partir de ese momento, el sol comenzaba a crecer de nuevo para alumbrar la tierra.<\/p>\n<p style=\"text-align: justify;\">Un ejemplo lo tenemos en el <a href=\"https:\/\/blogs.hoy.es\/extremadurasecreta\/2015\/12\/20\/el-sepulcro-megalitico-de-huerta-montero-la-magia-de-los-muertos-en-el-solsticio-de-invierno\/\">sepulcro megal\u00edtico de Huerta Montero<\/a>, en la localidad pacense de Almendralejo, en el que cada 21 de diciembre las nieblas que envuelven a la Vega de Harnina como un sudario blanco comienzan a deshilacharse. La orientaci\u00f3n de la tumba est\u00e1\u00a0 proyectada para que el sol penetre a trav\u00e9s del corredor en la c\u00e1mara el d\u00eda m\u00e1s corto del a\u00f1o, para poder celebrar\u00a0 una ceremonia que ofrendara la luz del nuevo sol a sus difuntos.<\/p>\n<div id=\"attachment_1749\" style=\"width: 1034px\" class=\"wp-caption aligncenter\"><img aria-describedby=\"caption-attachment-1749\" loading=\"lazy\" class=\"size-large wp-image-1749\" src=\"https:\/\/static-blogs.hoy.es\/wp-content\/uploads\/sites\/16\/2018\/12\/Sepulcro-de-Huerta-Montero-Almendralejo21-diciembre-2014-25_edited-1024x686.jpg\" alt=\"Durante el solsticio de invierno los rayos del sol penetran en el sepulcro megal\u00edtico de Huerta Montero (A. Briz)\" width=\"1024\" height=\"686\" srcset=\"https:\/\/static-blogs.hoy.es\/wp-content\/uploads\/sites\/16\/2018\/12\/Sepulcro-de-Huerta-Montero-Almendralejo21-diciembre-2014-25_edited-1024x686.jpg 1024w, https:\/\/static-blogs.hoy.es\/wp-content\/uploads\/sites\/16\/2018\/12\/Sepulcro-de-Huerta-Montero-Almendralejo21-diciembre-2014-25_edited-300x201.jpg 300w, https:\/\/static-blogs.hoy.es\/wp-content\/uploads\/sites\/16\/2018\/12\/Sepulcro-de-Huerta-Montero-Almendralejo21-diciembre-2014-25_edited-768x514.jpg 768w, https:\/\/static-blogs.hoy.es\/wp-content\/uploads\/sites\/16\/2018\/12\/Sepulcro-de-Huerta-Montero-Almendralejo21-diciembre-2014-25_edited.jpg 1693w\" sizes=\"(max-width: 1024px) 100vw, 1024px\" \/><p id=\"caption-attachment-1749\" class=\"wp-caption-text\">Durante el solsticio de invierno los rayos del sol penetran en el sepulcro megal\u00edtico de Huerta Montero (A. Briz)<\/p><\/div>\n<p style=\"text-align: justify;\">Pero no solo es en el solsticio de invierno cuando los muertos se acercan a nosotros. Durante los doce d\u00edas que van desde Navidad\u00a0 a Reyes aparecen por los cielos europeos \u201cla cacer\u00eda Salvaje\u201d y el \u201cEj\u00e9rcito furioso\u201d formado por todos aquellos que murieron antes de tiempo y que deben vagar por la tierra hasta que se cumpla el tiempo que tendr\u00edan que haber vivido.<\/p>\n<p style=\"text-align: justify;\">De hecho, en el folklore del C\u00e1ucaso, en el periodo comprendido entre Navidad y la noche de San Silvestre, se cree que algunos individuos abandonaban sus cuerpos para viajar en esp\u00edritu, cabalgando sobre animales u objetos \u00a0al reino de los muertos.<\/p>\n<p style=\"text-align: justify;\">En Extremadura a\u00fan quedan, si sabemos buscarlos, claros trasuntos de estas creencias, como la de la <em>Mala<\/em> <em>Behtia<\/em>, un grupo de muertos y diablos de los que me contaba el investigador F\u00e9lix Barroso que acud\u00edan a los pueblos hurdanos a por las \u00e1nimas de los difuntos, que ven\u00edan por el aire y que trataban de llegar al lecho\u00a0 del muerto a trav\u00e9s del &#8220;lumbreru&#8221;, una especie de r\u00fastica chimenea.<\/p>\n<p style=\"text-align: justify;\">Si el cortejo nocturno ven\u00eda por tierra, entonces uno de los que lo compon\u00edan, que tra\u00eda una escalera de palo al hombro, la colocaba sobre la pared de la casa y acced\u00edan todos al &#8220;lumbreru&#8221; o chimenea. Y es que Pap\u00e1 Noel tiene un pasado mucho menos edulcorado del que nos han vendido\u2026<\/p>\n<p style=\"text-align: justify;\">Numerosas tradiciones del norte de Europa coinciden en que las apariciones ultratumbales aumentan en este periodo del a\u00f1o, durante el ciclo de los Doce D\u00edas (Navidad, Fin de A\u00f1o Y Reyes) d\u00edas en los que en Francia se ve pasar el <em>Cortejo infernal<\/em> mientras que en Escandinavia los grupos de aparecidos recorren los aires y roban comida a los vivos.<\/p>\n<p style=\"text-align: justify;\">Tambi\u00e9n es significativo que los <em>Doce D\u00edas de Navidad<\/em> fueran originalmente <em>los Zw\u00f6lften<\/em> (los Doce), que al igual que el mismo per\u00edodo en el calendario celta eran un per\u00edodo intercalado durante el cual se pensaba que los muertos vagabundeaban por la tierra.<\/p>\n<p style=\"text-align: justify;\">\u00a0De hecho, estos d\u00edas que se encuentran comprendidos entre nuestras festividades actuales de Navidad y Reyes eran tambi\u00e9n considerados \u201cD\u00edas de los muertos\u201d, y quiz\u00e1s por eso la <a href=\"https:\/\/blogs.hoy.es\/extremadurasecreta\/2014\/01\/05\/noche-de-reyes-noche-de-animas\/\"><strong>Cofrad\u00eda de \u00c1nimas de Casar de C\u00e1ceres<\/strong>, <\/a>realice su marcha petitoria precisamente la noche de Reyes.<\/p>\n<div id=\"attachment_1744\" style=\"width: 1034px\" class=\"wp-caption aligncenter\"><img aria-describedby=\"caption-attachment-1744\" loading=\"lazy\" class=\"size-large wp-image-1744\" src=\"https:\/\/static-blogs.hoy.es\/wp-content\/uploads\/sites\/16\/2018\/12\/1-120-2_edited-1024x682.jpg\" alt=\"La Cofrad\u00edas de \u00c1nimas recorre en la Noche de Reyes el pueblo de Casar de C\u00e1ceres (A. Briz) \" width=\"1024\" height=\"682\" srcset=\"https:\/\/static-blogs.hoy.es\/wp-content\/uploads\/sites\/16\/2018\/12\/1-120-2_edited-1024x682.jpg 1024w, https:\/\/static-blogs.hoy.es\/wp-content\/uploads\/sites\/16\/2018\/12\/1-120-2_edited-300x200.jpg 300w, https:\/\/static-blogs.hoy.es\/wp-content\/uploads\/sites\/16\/2018\/12\/1-120-2_edited-768x511.jpg 768w, https:\/\/static-blogs.hoy.es\/wp-content\/uploads\/sites\/16\/2018\/12\/1-120-2_edited.jpg 1355w\" sizes=\"(max-width: 1024px) 100vw, 1024px\" \/><p id=\"caption-attachment-1744\" class=\"wp-caption-text\">La Cofrad\u00edas de \u00c1nimas recorre en la Noche de Reyes el pueblo de Casar de C\u00e1ceres (A. Briz)<\/p><\/div>\n<p style=\"text-align: justify;\">Y en algunos pueblos extreme\u00f1os a\u00fan se coloca un plato en la mesa para el pariente difunto, con la convicci\u00f3n de que puede estar cerca en estas noches tan familiares.<\/p>\n<p style=\"text-align: justify;\">As\u00ed que no se dejen confundir por las luces de colores, el espumill\u00f3n y los villancicos. Porque quiz\u00e1s las luces deslumbrantes \u00a0est\u00e9n ah\u00ed precisamente \u00a0para impedirnos contemplar \u00a0como, sobre el cielo nocturno, los cortejos de muertos cabalgan sobre caballos fantasmales y machos cabr\u00edos\u00a0 en busca de almas incautas que abarrotan las calles fr\u00edas y los centros comerciales. Felices fiestas.<\/p>\n<p>&nbsp;<\/p>\n<p>&nbsp;<\/p>\n<p>&nbsp;<\/p>\n<!-- AddThis Advanced Settings generic via filter on the_content --><!-- AddThis Share Buttons generic via filter on the_content -->","protected":false},"excerpt":{"rendered":"<p>Los aparecidos son hu\u00e9spedes del invierno. Y la estaci\u00f3n fr\u00eda est\u00e1 ligada, especialmente entre los germanos, al recuerdo de los muertos. El solsticio de invierno, ya se consideraba fundamental para nuestros antepasados prehist\u00f3ricos, pues establec\u00edan la relaci\u00f3n de que, a partir de ese momento, el sol comenzaba a crecer de nuevo para alumbrar la tierra. [&hellip;]<!-- AddThis Advanced Settings generic via filter on get_the_excerpt --><!-- AddThis Share Buttons generic via filter on get_the_excerpt --><\/p>\n","protected":false},"author":20,"featured_media":1741,"comment_status":"open","ping_status":"closed","sticky":false,"template":"","format":"standard","meta":[],"categories":[5,9],"tags":[1382,228,1387,1392,1388,1391,1390,1389,1383,1386,1385,893,901,1026,1384,1104,1138],"_links":{"self":[{"href":"https:\/\/blogs.hoy.es\/extremadurasecreta\/wp-json\/wp\/v2\/posts\/1740"}],"collection":[{"href":"https:\/\/blogs.hoy.es\/extremadurasecreta\/wp-json\/wp\/v2\/posts"}],"about":[{"href":"https:\/\/blogs.hoy.es\/extremadurasecreta\/wp-json\/wp\/v2\/types\/post"}],"author":[{"embeddable":true,"href":"https:\/\/blogs.hoy.es\/extremadurasecreta\/wp-json\/wp\/v2\/users\/20"}],"replies":[{"embeddable":true,"href":"https:\/\/blogs.hoy.es\/extremadurasecreta\/wp-json\/wp\/v2\/comments?post=1740"}],"version-history":[{"count":7,"href":"https:\/\/blogs.hoy.es\/extremadurasecreta\/wp-json\/wp\/v2\/posts\/1740\/revisions"}],"predecessor-version":[{"id":1750,"href":"https:\/\/blogs.hoy.es\/extremadurasecreta\/wp-json\/wp\/v2\/posts\/1740\/revisions\/1750"}],"wp:featuredmedia":[{"embeddable":true,"href":"https:\/\/blogs.hoy.es\/extremadurasecreta\/wp-json\/wp\/v2\/media\/1741"}],"wp:attachment":[{"href":"https:\/\/blogs.hoy.es\/extremadurasecreta\/wp-json\/wp\/v2\/media?parent=1740"}],"wp:term":[{"taxonomy":"category","embeddable":true,"href":"https:\/\/blogs.hoy.es\/extremadurasecreta\/wp-json\/wp\/v2\/categories?post=1740"},{"taxonomy":"post_tag","embeddable":true,"href":"https:\/\/blogs.hoy.es\/extremadurasecreta\/wp-json\/wp\/v2\/tags?post=1740"}],"curies":[{"name":"wp","href":"https:\/\/api.w.org\/{rel}","templated":true}]}}