{"id":1871,"date":"2019-06-22T18:42:50","date_gmt":"2019-06-22T16:42:50","guid":{"rendered":"http:\/\/blogs.hoy.es\/extremadurasecreta\/?p=1871"},"modified":"2019-06-22T18:42:50","modified_gmt":"2019-06-22T16:42:50","slug":"los-fantasmas-del-puente-de-niebla","status":"publish","type":"post","link":"https:\/\/blogs.hoy.es\/extremadurasecreta\/2019\/06\/22\/los-fantasmas-del-puente-de-niebla\/","title":{"rendered":"Los fantasmas del puente de Niebla"},"content":{"rendered":"<p style=\"text-align: justify;\"><span style=\"font-size: 10pt;\">Ya hemos llegado, un a\u00f1o m\u00e1s, a la noche m\u00e1gica de San Juan. Esa noche, la del 23 al 24 de junio, en la que las puertas de los mundos se abren para que la magia pueda llegar hasta nosotros, haciendo de Extremadura una tierra de portentos.<\/span><\/p>\n<p style=\"text-align: justify;\"><span style=\"font-size: 10pt;\">Ya hemos hablado en otras ocasiones de <a href=\"https:\/\/blogs.hoy.es\/extremadurasecreta\/2015\/06\/22\/cinco-castillos-encantados-para-visitar-en-la-noche-de-san-juan\/\"><strong>castillos encantados <\/strong><\/a>que desvelan en esta noche a sus m\u00e1gicos inquilinos, de extravagantes<a href=\"https:\/\/blogs.hoy.es\/extremadurasecreta\/2012\/06\/12\/las-malas-muertes-de-las-reinas-moras\/\"> <strong>reinas moras<\/strong> <\/a>que solo en esta fecha pueden ser vistas por los ojos humanos y de <a href=\"https:\/\/blogs.hoy.es\/extremadurasecreta\/2012\/04\/13\/extremadura-un-mercadillo-encantado\/\"><strong>encantadas que montan sus tiendas<\/strong><\/a> y ofrecen los m\u00e1s variados objetos, como la bella joven de la fuente de la Serrana, cerca de Plasencia.<\/span><\/p>\n<p style=\"text-align: justify;\"><span style=\"font-size: 10pt;\">Y es que rodeada de murallas y circundada por el r\u00edo Jerte, la se\u00f1orial ciudad de Plasencia constituye sin duda un lugar para vivir la leyenda, especialmente una noche m\u00e1gica como la de San Juan.<\/span><\/p>\n<div id=\"attachment_1873\" style=\"width: 1034px\" class=\"wp-caption aligncenter\"><img aria-describedby=\"caption-attachment-1873\" loading=\"lazy\" class=\"size-large wp-image-1873\" src=\"https:\/\/static-blogs.hoy.es\/wp-content\/uploads\/sites\/16\/2019\/06\/puente-de-nieblas-plasencia-1024x498.jpg\" alt=\"El arroyo Niebla, punto m\u00e1gico de la Noche de San Juan\" width=\"1024\" height=\"498\" srcset=\"https:\/\/static-blogs.hoy.es\/wp-content\/uploads\/sites\/16\/2019\/06\/puente-de-nieblas-plasencia-1024x498.jpg 1024w, https:\/\/static-blogs.hoy.es\/wp-content\/uploads\/sites\/16\/2019\/06\/puente-de-nieblas-plasencia-300x146.jpg 300w, https:\/\/static-blogs.hoy.es\/wp-content\/uploads\/sites\/16\/2019\/06\/puente-de-nieblas-plasencia-768x373.jpg 768w, https:\/\/static-blogs.hoy.es\/wp-content\/uploads\/sites\/16\/2019\/06\/puente-de-nieblas-plasencia.jpg 2016w\" sizes=\"(max-width: 1024px) 100vw, 1024px\" \/><p id=\"caption-attachment-1873\" class=\"wp-caption-text\"><span style=\"font-size: 8pt;\">El arroyo Niebla, punto m\u00e1gico de la Noche de San Juan (Extremadura Secreta)<\/span><\/p><\/div>\n<p style=\"text-align: justify;\"><span style=\"font-size: 10pt;\">Esa noche en la ciudad no solo salen de sus cautiverios las moras <a href=\"https:\/\/blogs.hoy.es\/extremadurasecreta\/2018\/06\/22\/las-encantadas-de-san-juan\/\">encantadas<\/a>, sino tambi\u00e9n hebreas como la camarera jud\u00eda que en esta noche aparece en el interior del puente de Niebla, en el antiguo camino que un\u00eda Malpartida con Plasencia, ofreciendo un verdadero banquete m\u00e1gico servido en cuencos y vasos provenientes del saqueo del <a href=\"https:\/\/blogs.hoy.es\/extremadurasecreta\/2012\/07\/19\/merida-y-la-mesa-del-rey-salomon\/\">templo de Jerusal\u00e9n<\/a>.<\/span><\/p>\n<p style=\"text-align: justify;\"><span style=\"font-size: 10pt;\">Y es que, incorporado ya a la ciudad, convertidas sus orillas en un agradable paseo para ciclistas y corredores y el puente antiguo en una moderna obra de cemento, el legendario puente de Niebla en la noche de san Juan debe ser para los fantasmas como la Puerta del Sol en Nochevieja para los madrile\u00f1os, gozando del mismo tr\u00e1nsito fantasmag\u00f3rico que un castillo escoc\u00e9s a medianoche.<\/span><\/p>\n<p style=\"text-align: justify;\"><span style=\"font-size: 10pt;\">Y otro de esos personajes espectrales en una mujer desencajada que recorre el cauce del r\u00edo en esta noche m\u00e1gica. Cuenta la leyenda que hace ya algunos siglos, precisamente en una noche de San Juan, dos hermanos de noble familia, los Monroy, se batieron en duelo mortal por el amor de una dama. \u00a0Un duelo a muerte sin padrinos, sin testigos y sin condiciones.<\/span><\/p>\n<p style=\"text-align: justify;\"><span style=\"font-size: 10pt;\">Cuenta el sacerdote\u00a0<a href=\"http:\/\/PLASENCIA. HISTORIA, GUIA, LEYENDA. JOSE SENDIN BLAZQUEZ. TAPA DURA. 400 PAGINAS. GRAN FORMATO. CON\" rel=\"external nofollow\">Send\u00edn Blazquez <\/a>que una noche como aquella se recordar\u00e1 para siempre, <em>porque la luna se encabrit\u00f3 avergonzada, las estrellas se apagaron y por la sierra de Santa B\u00e1rbara aparecieron crespones negros de las nubes cargadas de venganza<\/em>. Cuenta <em>que el trueno restall\u00f3 seco y tonante entre las vaguadas de los arroyos, que temblaron las somnolientas torres y los hidalgos de las casonas despertaron, ignorando todav\u00eda que all\u00ed, junto al arroyo, dos de sus hijos se bat\u00edan hasta la muerte.<\/em><\/span><\/p>\n<p style=\"text-align: justify;\"><span style=\"font-size: 10pt;\">Los Monroy, ca\u00eddos en el suelo, desangrados y agonizantes, en un momento de lucidez postrera descubrieron lo absurdo de su conducta, y desliz\u00e1ndose penosamente el uno hacia el otro, murieron en un abrazo fraternal, hasta que la sangre que fluy\u00f3 por sus heridas se fundi\u00f3 en un solo reguero que verti\u00f3 en el arroyo.<\/span><\/p>\n<div id=\"attachment_1874\" style=\"width: 508px\" class=\"wp-caption aligncenter\"><img aria-describedby=\"caption-attachment-1874\" loading=\"lazy\" class=\"size-large wp-image-1874\" src=\"https:\/\/static-blogs.hoy.es\/wp-content\/uploads\/sites\/16\/2019\/06\/puente-de-nieblas-plasencia2-498x1024.jpg\" alt=\"El puente de Niebla, tranformado  y moderno, acoge en sus aguas la sangre de los Monroy (Israel J. Espino)\" width=\"498\" height=\"1024\" srcset=\"https:\/\/static-blogs.hoy.es\/wp-content\/uploads\/sites\/16\/2019\/06\/puente-de-nieblas-plasencia2-498x1024.jpg 498w, https:\/\/static-blogs.hoy.es\/wp-content\/uploads\/sites\/16\/2019\/06\/puente-de-nieblas-plasencia2-146x300.jpg 146w, https:\/\/static-blogs.hoy.es\/wp-content\/uploads\/sites\/16\/2019\/06\/puente-de-nieblas-plasencia2-768x1580.jpg 768w, https:\/\/static-blogs.hoy.es\/wp-content\/uploads\/sites\/16\/2019\/06\/puente-de-nieblas-plasencia2.jpg 980w\" sizes=\"(max-width: 498px) 100vw, 498px\" \/><p id=\"caption-attachment-1874\" class=\"wp-caption-text\"><span style=\"font-size: 8pt;\">El puente de Niebla, aun transformado por el\u00a0 tiempo, mezcla en sus aguas la sangre de los Monroy (Extremadura Secreta)<\/span><\/p><\/div>\n<p style=\"text-align: justify;\"><span style=\"font-size: 10pt;\">Al d\u00eda siguiente todos los altozanos sintieron bajar una tupida niebla que, como un sudario blanco, cubri\u00f3 las riberas del f\u00e9tido arroyo, que desde entonces recibi\u00f3 el sobrenombre de \u201cNiebla\u201d.<\/span><\/p>\n<p style=\"text-align: justify;\"><span style=\"font-size: 10pt;\">Dicen que en la Noche de San Juan, en el aniversario del triste suceso, se puede ver el esp\u00edritu de una bella dama que vaga desencajada y penitente por la zona. Y aunque algunos pensamos que ser\u00e1 una encantada de las muchas que pululan por la zona en la noche de marras,\u00a0el sacerdote aseguraba que el espectro no es otro que el fantasma de la indecisa joven causante del triste duelo, castigada injustamente tras su muerte a deambular a\u00f1o tras a\u00f1o por los alrededores del suceso, penando con su alma inmortal la desdicha\u00a0y el dolor de tanta vida cortada.<\/span><\/p>\n<!-- AddThis Advanced Settings generic via filter on the_content --><!-- AddThis Share Buttons generic via filter on the_content -->","protected":false},"excerpt":{"rendered":"<p>Ya hemos llegado, un a\u00f1o m\u00e1s, a la noche m\u00e1gica de San Juan. Esa noche, la del 23 al 24 de junio, en la que las puertas de los mundos se abren para que la magia pueda llegar hasta nosotros, haciendo de Extremadura una tierra de portentos. Ya hemos hablado en otras ocasiones de castillos [&hellip;]<!-- AddThis Advanced Settings generic via filter on get_the_excerpt --><!-- AddThis Share Buttons generic via filter on get_the_excerpt --><\/p>\n","protected":false},"author":20,"featured_media":1872,"comment_status":"open","ping_status":"closed","sticky":false,"template":"","format":"standard","meta":[],"categories":[1406,9],"tags":[1411,1410,465,494,1407,861,902,977,1408,1409],"_links":{"self":[{"href":"https:\/\/blogs.hoy.es\/extremadurasecreta\/wp-json\/wp\/v2\/posts\/1871"}],"collection":[{"href":"https:\/\/blogs.hoy.es\/extremadurasecreta\/wp-json\/wp\/v2\/posts"}],"about":[{"href":"https:\/\/blogs.hoy.es\/extremadurasecreta\/wp-json\/wp\/v2\/types\/post"}],"author":[{"embeddable":true,"href":"https:\/\/blogs.hoy.es\/extremadurasecreta\/wp-json\/wp\/v2\/users\/20"}],"replies":[{"embeddable":true,"href":"https:\/\/blogs.hoy.es\/extremadurasecreta\/wp-json\/wp\/v2\/comments?post=1871"}],"version-history":[{"count":3,"href":"https:\/\/blogs.hoy.es\/extremadurasecreta\/wp-json\/wp\/v2\/posts\/1871\/revisions"}],"predecessor-version":[{"id":1877,"href":"https:\/\/blogs.hoy.es\/extremadurasecreta\/wp-json\/wp\/v2\/posts\/1871\/revisions\/1877"}],"wp:featuredmedia":[{"embeddable":true,"href":"https:\/\/blogs.hoy.es\/extremadurasecreta\/wp-json\/wp\/v2\/media\/1872"}],"wp:attachment":[{"href":"https:\/\/blogs.hoy.es\/extremadurasecreta\/wp-json\/wp\/v2\/media?parent=1871"}],"wp:term":[{"taxonomy":"category","embeddable":true,"href":"https:\/\/blogs.hoy.es\/extremadurasecreta\/wp-json\/wp\/v2\/categories?post=1871"},{"taxonomy":"post_tag","embeddable":true,"href":"https:\/\/blogs.hoy.es\/extremadurasecreta\/wp-json\/wp\/v2\/tags?post=1871"}],"curies":[{"name":"wp","href":"https:\/\/api.w.org\/{rel}","templated":true}]}}