{"id":1897,"date":"2019-08-05T11:25:01","date_gmt":"2019-08-05T09:25:01","guid":{"rendered":"http:\/\/blogs.hoy.es\/extremadurasecreta\/?p=1897"},"modified":"2019-08-06T10:24:06","modified_gmt":"2019-08-06T08:24:06","slug":"tentudia-cuando-el-sol-se-detuvo","status":"publish","type":"post","link":"https:\/\/blogs.hoy.es\/extremadurasecreta\/2019\/08\/05\/tentudia-cuando-el-sol-se-detuvo\/","title":{"rendered":"Tentud\u00eda: cuando el sol se detuvo"},"content":{"rendered":"<p>&nbsp;<\/p>\n<p style=\"text-align: justify;\"><span style=\"font-size: 10pt;\">Hay v\u00edrgenes que hacen que el sol baile, como la de F\u00e1tima, o otras que detienen su curso, como la\u00a0 Tentud\u00eda, y no sabemos por qu\u00e9 extra\u00f1o motivo cuando suceden estos milagros tan espectaculares siempre hay portugueses de por medio<\/span><span style=\"font-size: 10pt;\">, como el maestre de la orden de Santiago Pelayo P\u00e9rez de Correa,\u00a0 arquetipo de monje guerrero de la reconquista y m\u00e1s conocido como Pelay Correa, que iba dejando a su paso\u00a0 un reguero de sucesos paranormales.<\/span><\/p>\n<div id=\"attachment_1898\" style=\"width: 1034px\" class=\"wp-caption aligncenter\"><img aria-describedby=\"caption-attachment-1898\" loading=\"lazy\" class=\"size-large wp-image-1898\" src=\"https:\/\/static-blogs.hoy.es\/wp-content\/uploads\/sites\/16\/2019\/08\/Tentudia-IMG_8400_edited-1024x681.jpg\" alt=\"Monasterio de Tentud\u00eda (Extremadura Secreta)\" width=\"1024\" height=\"681\" srcset=\"https:\/\/static-blogs.hoy.es\/wp-content\/uploads\/sites\/16\/2019\/08\/Tentudia-IMG_8400_edited-1024x681.jpg 1024w, https:\/\/static-blogs.hoy.es\/wp-content\/uploads\/sites\/16\/2019\/08\/Tentudia-IMG_8400_edited-300x200.jpg 300w, https:\/\/static-blogs.hoy.es\/wp-content\/uploads\/sites\/16\/2019\/08\/Tentudia-IMG_8400_edited-768x511.jpg 768w, https:\/\/static-blogs.hoy.es\/wp-content\/uploads\/sites\/16\/2019\/08\/Tentudia-IMG_8400_edited.jpg 1936w\" sizes=\"(max-width: 1024px) 100vw, 1024px\" \/><p id=\"caption-attachment-1898\" class=\"wp-caption-text\"><span style=\"font-size: 8pt;\">Monasterio de Tentud\u00eda (Extremadura Secreta)<\/span><\/p><\/div>\n<p style=\"text-align: justify;\"><span style=\"font-size: 10pt;\">Rodeado de haza\u00f1as milagreras, \u201cel Cid de la Baja Extremadura\u201d, como lo definen algunos, dej\u00f3 por estas tierras la impronta de sus realidades y de sus leyendas. Cuentan que fue una atardecida del mes de septiembre de 1247 cuando \u00a0el ejercito cristiano se encontr\u00f3 en estas hermosas sierras con una patrulla sarracena a la que se enfrentan. La tarde comienza a caer y les falta tiempo para la victoria. Cuentan que el maestre, al ver el sol ocultarse por entre las monta\u00f1as, elev\u00f3 los ojos al cielo e invoc\u00f3 a la Virgen, cuya fiesta se celebraba:<\/span><\/p>\n<p style=\"text-align: justify;\"><span style=\"font-size: 10pt;\">&#8211; \u00a1Santa Mar\u00eda, det\u00e9n t\u00fa d\u00eda!<\/span><\/p>\n<p style=\"text-align: justify;\"><span style=\"font-size: 10pt;\">La batalla de Tud\u00eda acabar\u00eda convirti\u00e9ndose en el milagro de Tentud\u00eda, y dando nombre a la sierra, al convento y a la virgen, porque aseguran las cr\u00f3nicas que el disco solar se mantuvo enhiesto sobre la raya del horizonte hasta que las tropas cristianas consumaron su victoria.<\/span><\/p>\n<div id=\"attachment_1899\" style=\"width: 1034px\" class=\"wp-caption aligncenter\"><img aria-describedby=\"caption-attachment-1899\" loading=\"lazy\" class=\"size-large wp-image-1899\" src=\"https:\/\/static-blogs.hoy.es\/wp-content\/uploads\/sites\/16\/2019\/08\/Tentudia-IMG_8407_edited-1024x681.jpg\" alt=\"... y el sol se detuvo en el horizonte para que los cristianos ganasen la batalla de Tentud\u00eda (Extremadura Secreta)\" width=\"1024\" height=\"681\" srcset=\"https:\/\/static-blogs.hoy.es\/wp-content\/uploads\/sites\/16\/2019\/08\/Tentudia-IMG_8407_edited-1024x681.jpg 1024w, https:\/\/static-blogs.hoy.es\/wp-content\/uploads\/sites\/16\/2019\/08\/Tentudia-IMG_8407_edited-300x200.jpg 300w, https:\/\/static-blogs.hoy.es\/wp-content\/uploads\/sites\/16\/2019\/08\/Tentudia-IMG_8407_edited-768x511.jpg 768w, https:\/\/static-blogs.hoy.es\/wp-content\/uploads\/sites\/16\/2019\/08\/Tentudia-IMG_8407_edited.jpg 1936w\" sizes=\"(max-width: 1024px) 100vw, 1024px\" \/><p id=\"caption-attachment-1899\" class=\"wp-caption-text\"><span style=\"font-size: 8pt;\">&#8230; y el sol se detuvo en el horizonte para que los cristianos ganasen la batalla de Tentud\u00eda (Extremadura Secreta)<\/span><\/p><\/div>\n<p style=\"text-align: justify;\"><span style=\"font-size: 10pt;\">En agradecimiento al milagro, Pelay Correa construy\u00f3 all\u00ed una ermita y m\u00e1s tarde un peque\u00f1o convento. El monasterio, a d\u00eda de hoy, \u00a0est\u00e1 declarado de Inter\u00e9s Hist\u00f3rico Nacional, y junto al altar, que preside la imagen de la Virgen de Tentud\u00eda, en un lugar destacado, una placa recuerda que all\u00ed descansa para siempre Pelay P\u00e9rez Correa, el autor de la famosa y legendaria frase, quien antes de morir tuvo el honor de encontrarse cara a cara con otra Virgen o , al menos, con un hada que \u00e9l confundi\u00f3 con una Virgen&#8230;Pero parafraseando a\u00a0 Michael Ende, esta es otra historia y deber\u00e1 ser contada en otra ocasi\u00f3n.<\/span><\/p>\n<div id=\"attachment_1900\" style=\"width: 1034px\" class=\"wp-caption aligncenter\"><img aria-describedby=\"caption-attachment-1900\" loading=\"lazy\" class=\"size-large wp-image-1900\" src=\"https:\/\/static-blogs.hoy.es\/wp-content\/uploads\/sites\/16\/2019\/08\/Tentudia-IMG_8399_edited-1024x681.jpg\" alt=\"El monasterio de Tentud\u00eda (Extremadura Secreta)\" width=\"1024\" height=\"681\" srcset=\"https:\/\/static-blogs.hoy.es\/wp-content\/uploads\/sites\/16\/2019\/08\/Tentudia-IMG_8399_edited-1024x681.jpg 1024w, https:\/\/static-blogs.hoy.es\/wp-content\/uploads\/sites\/16\/2019\/08\/Tentudia-IMG_8399_edited-300x200.jpg 300w, https:\/\/static-blogs.hoy.es\/wp-content\/uploads\/sites\/16\/2019\/08\/Tentudia-IMG_8399_edited-768x511.jpg 768w, https:\/\/static-blogs.hoy.es\/wp-content\/uploads\/sites\/16\/2019\/08\/Tentudia-IMG_8399_edited.jpg 1936w\" sizes=\"(max-width: 1024px) 100vw, 1024px\" \/><p id=\"caption-attachment-1900\" class=\"wp-caption-text\"><span style=\"font-size: 8pt;\">El monasterio de Tentud\u00eda (Extremadura Secreta)<\/span><\/p><\/div>\n<p><span style=\"font-size: 10pt;\">Lo que s\u00ed es cierto es que en la actualidad Tentud\u00eda sigue conservando un marcado simbolismo solar. Y a\u00fan hoy, los ancianos saben que el monasterio marca el punto m\u00e1ximo del sol, y afirman:<\/span><\/p>\n<p><span style=\"font-size: 10pt;\">-\u201cCuando el sol en Tentud\u00eda, las doce del mediod\u00eda\u201d.\u00a0<\/span><\/p>\n<p><span style=\"font-size: 10pt;\">Esto es un reloj de sol y lo dem\u00e1s son tonter\u00edas.<\/span><\/p>\n<!-- AddThis Advanced Settings generic via filter on the_content --><!-- AddThis Share Buttons generic via filter on the_content -->","protected":false},"excerpt":{"rendered":"<p>&nbsp; Hay v\u00edrgenes que hacen que el sol baile, como la de F\u00e1tima, o otras que detienen su curso, como la\u00a0 Tentud\u00eda, y no sabemos por qu\u00e9 extra\u00f1o motivo cuando suceden estos milagros tan espectaculares siempre hay portugueses de por medio, como el maestre de la orden de Santiago Pelayo P\u00e9rez de Correa,\u00a0 arquetipo de [&hellip;]<!-- AddThis Advanced Settings generic via filter on get_the_excerpt --><!-- AddThis Share Buttons generic via filter on get_the_excerpt --><\/p>\n","protected":false},"author":20,"featured_media":1901,"comment_status":"open","ping_status":"closed","sticky":false,"template":"","format":"standard","meta":[],"categories":[5,1406],"tags":[1423,1419,852,1422,1420,1418,1421,1424],"_links":{"self":[{"href":"https:\/\/blogs.hoy.es\/extremadurasecreta\/wp-json\/wp\/v2\/posts\/1897"}],"collection":[{"href":"https:\/\/blogs.hoy.es\/extremadurasecreta\/wp-json\/wp\/v2\/posts"}],"about":[{"href":"https:\/\/blogs.hoy.es\/extremadurasecreta\/wp-json\/wp\/v2\/types\/post"}],"author":[{"embeddable":true,"href":"https:\/\/blogs.hoy.es\/extremadurasecreta\/wp-json\/wp\/v2\/users\/20"}],"replies":[{"embeddable":true,"href":"https:\/\/blogs.hoy.es\/extremadurasecreta\/wp-json\/wp\/v2\/comments?post=1897"}],"version-history":[{"count":7,"href":"https:\/\/blogs.hoy.es\/extremadurasecreta\/wp-json\/wp\/v2\/posts\/1897\/revisions"}],"predecessor-version":[{"id":1909,"href":"https:\/\/blogs.hoy.es\/extremadurasecreta\/wp-json\/wp\/v2\/posts\/1897\/revisions\/1909"}],"wp:featuredmedia":[{"embeddable":true,"href":"https:\/\/blogs.hoy.es\/extremadurasecreta\/wp-json\/wp\/v2\/media\/1901"}],"wp:attachment":[{"href":"https:\/\/blogs.hoy.es\/extremadurasecreta\/wp-json\/wp\/v2\/media?parent=1897"}],"wp:term":[{"taxonomy":"category","embeddable":true,"href":"https:\/\/blogs.hoy.es\/extremadurasecreta\/wp-json\/wp\/v2\/categories?post=1897"},{"taxonomy":"post_tag","embeddable":true,"href":"https:\/\/blogs.hoy.es\/extremadurasecreta\/wp-json\/wp\/v2\/tags?post=1897"}],"curies":[{"name":"wp","href":"https:\/\/api.w.org\/{rel}","templated":true}]}}