{"id":190,"date":"2012-05-08T00:36:46","date_gmt":"2012-05-07T22:36:46","guid":{"rendered":"http:\/\/blogs.hoy.es\/extremadurasecreta\/?p=190"},"modified":"2022-10-14T09:53:36","modified_gmt":"2022-10-14T07:53:36","slug":"alunados-cuando-la-noche-se-vuelve-malvada","status":"publish","type":"post","link":"https:\/\/blogs.hoy.es\/extremadurasecreta\/2012\/05\/08\/alunados-cuando-la-noche-se-vuelve-malvada\/","title":{"rendered":"Alunados: cuando la noche se vuelve malvada"},"content":{"rendered":"<p style=\"text-align: justify;\"><span style=\"font-size: 10pt;\">La mentalidad popular otorga a la Luna influencias m\u00e1gicas importantes, tanto mal\u00e9ficas como benefactoras, y en Extremadura no \u00edbamos a ser menos.<\/span><\/p>\n<p style=\"text-align: justify;\"><span style=\"font-size: 10pt;\">La <a title=\"El alunamiento\" href=\"http:\/\/contenidos.educarex.es\/mci\/2002\/25\/secc24\/s24p5.htm\" rel=\"external nofollow\">creencia popular<\/a> de los influjos de la Luna sobre las personas es muy antigua. En el Neol\u00edtico hay referencias arqueol\u00f3gicas de cultos a la Luna. Los pueblos prerromanos tambi\u00e9n la adoraban, considerada como la morada donde descansan los muertos y sus almas. Los romanos incorporan estos cultos lunares ind\u00edgenas en \u201cLux Divina\u201d, la diosa romana de la luz nocturna.<\/span><\/p>\n<p style=\"text-align: justify;\"><span style=\"font-size: 10pt;\">Tradicionalmente, se le ha atribuido a la Luna una influencia directa sobre las mareas, el ciclo menstrual, la elaboraci\u00f3n de calendarios, la maduraci\u00f3n de los frutos, la conveniencia de realizar o no determinadas faenas agr\u00edcolas o los alumbramientos.<\/span><\/p>\n<p style=\"text-align: justify;\"><span style=\"font-size: 10pt;\">Pero en Extremadura vamos m\u00e1s all\u00e1, y otorgamos a la luna poder para \u201ccogernos\u201d, para hechizarnos con sus blancos rayos. En casi todos nuestros pueblos se\u00a0cree que\u00a0la claridad de la luna, filtrada por puertas o ventanas mal cerradas, provocan el \u201cmal de luna\u201d, una enfermedad en la que los lactantes se ponen blancos y vomitan constantemente ante el pavor de sus progenitores.<\/span><\/p>\n<p style=\"text-align: justify;\"><span style=\"font-size: 10pt;\">\u00a0En <strong>Guadiana del Caudillo <\/strong>el <strong><a title=\"Pr\u00e1cticas m\u00e1gicas en la medicina popular de un pueblo extreme\u00f1o de colonizaci\u00f3n\" href=\"http:\/\/www.ugr.es\/~pwlac\/G24_32JoseRVallejo_DiegoPeral_ConsueloCarrasco.html\" rel=\"external nofollow\">Grupo de investigaci\u00f3n en Humanidades M\u00e9dicas de la Universidad de Extremadura<\/a><\/strong> cita la llamada &#8220;oraci\u00f3n de la luna&#8221; para ni\u00f1os alunados, &#8220;desinquietos&#8221; que debe rezarse realizando cruces:<\/span><\/p>\n<p style=\"text-align: justify;\"><span style=\"font-size: 10pt;\"><em>&#8220;La maldita luna por aqu\u00ed pas\u00f3, el color del ni\u00f1o (su nombre) se lo llev\u00f3.<\/em><\/span><\/p>\n<p style=\"text-align: justify;\"><span style=\"font-size: 10pt;\"><em>La bendita luna por aqu\u00ed pas\u00f3. El color del ni\u00f1o (su nombre) lo dejara.&#8221;<\/em><\/span><\/p>\n<p style=\"text-align: justify;\"><span style=\"font-size: 10pt;\">Otra variante mete a los \u201cmoros\u201d por medio y se debe ense\u00f1ar en Pascua de Resurreci\u00f3n:<\/span><\/p>\n<p style=\"text-align: justify;\"><span style=\"font-size: 10pt;\"><em>\u00a0<\/em><\/span><span style=\"font-size: 10pt;\"><em>&#8220;Bendita luna por aqu\u00ed pas\u00f3, el color de (nombre y apellidos de la persona) se llev\u00f3. <\/em><\/span><\/p>\n<p style=\"text-align: justify;\"><span style=\"font-size: 10pt;\"><em>La bendita luna por aqu\u00ed pasar\u00e1, <\/em><em>\u00a0(nombre y apellidos de la persona) lo dejar\u00e1 <\/em><\/span><\/p>\n<p style=\"text-align: justify;\"><span style=\"font-size: 10pt;\"><em>y el suyo se llevar\u00e1 <\/em><em>a tierra de moros donde no vuelva jam\u00e1s. <\/em><\/span><\/p>\n<p style=\"text-align: justify;\"><span style=\"font-size: 10pt;\"><em>En nombre del Padre, del Hijo y del Esp\u00edritu Santo.&#8221;<\/em><\/span><\/p>\n<p style=\"text-align: justify;\"><span style=\"font-size: 10pt;\">Esta oraci\u00f3n deber\u00eda rezarse ante una taza de agua con unas gotas de aceite y una vela encendida.<\/span><\/p>\n<p style=\"text-align: justify;\"><span style=\"font-size: 10pt;\"><a title=\"DERMATOLOGIA POPULAR EN EXTREMADURA\" href=\"http:\/\/www.funjdiaz.net\/folklore\/07ficha.cfm?id=2256\" rel=\"external nofollow\">Dom\u00ednguez Moreno<\/a> afirma que en algunos pueblos\u00a0se cree que las escoceduras de los ni\u00f1os se debe al alunamiento. El remedio consiste en verter en la zona el polvo extra\u00eddo de la madera atacada por la polilla, algo muy habitual en <strong>Sierra de Fuentes<\/strong> y <strong>Villanueva de la Serena<\/strong>. En <strong>Tamurejo<\/strong> y <strong>Nogales<\/strong> le aplican un huevo batido con agua y aceite de oliva. Y con agua cogida de la pila de una iglesia en la que nunca se haya entrado se\u00a0lavan a los peque\u00f1os escocidos en <strong>C\u00e1ceres<\/strong>.<\/span><\/p>\n<p style=\"text-align: justify;\"><span style=\"font-size: 10pt;\">Pero la luna no solo &#8220;coge&#8221; a los infantes, aunque sean sus preferidos. En los adultos el alunamiento se manifiesta con malestar generalizado y repentino, cambios de car\u00e1cter, irritabilidad y \u00a0falta de sue\u00f1o. Son una serie de s\u00edntomas que no tienen f\u00e1cil explicaci\u00f3n y suelen coincidir con los definidos en el \u201cmal de ojo\u201d.<\/span><\/p>\n<p style=\"text-align: justify;\"><span style=\"font-size: 10pt;\">Para saber si alguien que tiene estos s\u00edntomas est\u00e1 alunado hay que hacer la prueba del aceite. En la zona de <strong>Valencia de Alc\u00e1ntara<\/strong>, en <strong>San Vicente de Alc\u00e1ntara<\/strong>y en otras zonas extreme\u00f1as se cree que hay que realizar un determinado rito para librarlos del \u201cmal de luna\u201d, un rito secreto que practican las \u201cmagas\u201d y que se realiza en la casa del enfermo. Se pide un plato de loza de color blanco y un candil antiguo con aceite. En el plato echa un poquito de agua, que cubre ligeramente el fondo. Se ponen los dedos pulgar e \u00edndice de la mano derecha en forma de cruz. Con el dedo me\u00f1ique de la misma mano, mojado en el aceite del candil, hay que dejar caer sobre el agua del plato tres, cinco o siete gotas de aceite. El n\u00famero de gotas que caigan sobre el plato debe ser necesariamente impar. Entonces se hacen, sobre el plato, con la mano derecha, cinco bendiciones, mientras se recita:<\/span><\/p>\n<p style=\"text-align: justify;\"><span style=\"font-size: 10pt;\">\u00a0<em>\u201cYo te bendigo de la luna y el quebranto del Padre, del Hijo y del Esp\u00edritu Santo<\/em><\/span><\/p>\n<div class=\"mceTemp\"><span style=\"font-size: 10pt;\"><em>La luna por aqu\u00ed pas\u00f3, los colores de (nombre del enfermo) se llev\u00f3. <\/em><\/span><\/div>\n<p style=\"text-align: justify;\"><span style=\"font-size: 10pt;\"><em>La Luna por aqu\u00ed pasar\u00e1. Los colores de (Nombre) dejar\u00e1 y los de ella se llevar\u00e1.<\/em><\/span><\/p>\n<p style=\"text-align: justify;\"><span style=\"font-size: 10pt;\"><em>\u00a0La Luna por aqu\u00ed volver\u00e1 a pasar. Los colores de (Nombre) se llevar\u00e1\u201d. <\/em><\/span><\/p>\n<p style=\"text-align: justify;\"><span style=\"font-size: 10pt;\">Despu\u00e9s no hay m\u00e1s que rezar el Credo y la Salve. Si el aceite desaparece o se aleja hacia los bordes del plato es porque la Luna &#8220;ha cogido&#8221; a la persona enferma. \u00a0Si no desaparece el aceite y queda concentrado en medio del plato, el enfermo no est\u00e1 cogido por la Luna.<\/span><\/p>\n<p style=\"text-align: justify;\"><span style=\"font-size: 10pt;\">En<strong> <a title=\"Ritos, curanderos y supersticiones curativas en La Codosera\" href=\"http:\/\/www.historiadelacodosera.es\/ritos.htm\" rel=\"external nofollow\">La Codosera<\/a><\/strong>\u00a0el conjuro es \u00a0parecido:<\/span><\/p>\n<p style=\"text-align: justify;\"><span style=\"font-size: 10pt;\"><em>&#8220;La Luna bendita por aqu\u00ed pas\u00f3. El rostro de (afectado) se llev\u00f3 y el suyo dej\u00f3. <\/em><\/span><\/p>\n<p style=\"text-align: justify;\"><span style=\"font-size: 10pt;\"><em>La Luna bendita volver\u00e1 a pasar. El rostro de (afectado) dejar\u00e1 y el suyo se llevar\u00e1. <\/em><\/span><\/p>\n<p style=\"text-align: justify;\"><span style=\"font-size: 10pt;\"><em>Yo te bendigo de luna y quebranto <\/em><\/span><\/p>\n<p style=\"text-align: justify;\"><span style=\"font-size: 10pt;\"><em>en el nombre del Padre, del Hijo y del Esp\u00edritu Santo&#8221;.<\/em><\/span><\/p>\n<div id=\"attachment_193\" style=\"width: 667px\" class=\"wp-caption aligncenter\"><img aria-describedby=\"caption-attachment-193\" loading=\"lazy\" class=\" wp-image-193\" src=\"https:\/\/static-blogs.hoy.es\/wp-content\/uploads\/sites\/16\/2012\/05\/Sierra-de-Bejar-2011-199.jpg\" alt=\"La Luna por aqu\u00ed pas\u00f3... (Fotograf\u00eda: Jimber)\" width=\"657\" height=\"813\" srcset=\"https:\/\/static-blogs.hoy.es\/wp-content\/uploads\/sites\/16\/2012\/05\/Sierra-de-Bejar-2011-199.jpg 414w, https:\/\/static-blogs.hoy.es\/wp-content\/uploads\/sites\/16\/2012\/05\/Sierra-de-Bejar-2011-199-243x300.jpg 243w\" sizes=\"(max-width: 657px) 100vw, 657px\" \/><p id=\"caption-attachment-193\" class=\"wp-caption-text\"><\/span> <span style=\"font-size: 8pt;\">La Luna por aqu\u00ed pas\u00f3&#8230; (Fotograf\u00eda: Jimber para Extremadura Secreta)<\/span><\/p><\/div>\n<p style=\"text-align: justify;\"><span style=\"font-size: 10pt;\">En otros pueblos se dice que los ni\u00f1os \u201c<strong>se caen de la luna<\/strong>\u201d refiri\u00e9ndose al mismo efecto, pero provocado por el hecho de que la luna haya tocado con sus rayos\u00a0 en las ropas puestas a secar. Por eso no hay que tender la ropa de noche.<\/span><\/p>\n<p style=\"text-align: justify;\"><span style=\"font-size: 10pt;\">En <strong>Las Hurdes<\/strong>, seg\u00fan cuenta <strong><a title=\"El Paraiso Maldito\" href=\"http:\/\/www.comentariosdelibros.com\/comentario-el-paraiso-maldito-774idl774idc.htm\" rel=\"external nofollow\">Iker Jim\u00e9nez<\/a><\/strong>,\u00a0tienen muy presente que la\u00a0luna no toque la ropa. As\u00ed, en\u00a0\u00a0<strong>Martilandr\u00e1n<\/strong>, cuando la ropa de un ni\u00f1o ha quedado alunada hay que coger algunas plantas del r\u00edo y meterlas con la ropa en una tinaja que se pondr\u00e1 a hervir. Despu\u00e9s se aclara de nuevo en el r\u00edo. Las hierbas con las que se han cocido hay que llevarlas a\u00a0 otro punto m\u00e1s lejano del arroyo y tirarlas de nuevo a las aguas.<\/span><\/p>\n<p style=\"text-align: justify;\"><span style=\"font-size: 10pt;\">En <strong>Asegur<\/strong>, cuando las ropas quedan alunadas, hay que encargar a un carpintero unas lunas de madera, crecientes y menguantes, y atarlas al cuello del muchacho durante la noche, a modo de amuleto.<\/span><\/p>\n<p style=\"text-align: justify;\"><span style=\"font-size: 10pt;\">En <strong>Vegas de Coria<\/strong>, para que los ni\u00f1os no se alunen, hay que colocar al afectado un collar con tres monedas de cobre agujereadas y que reciben el nombre de \u201clunas\u201d.<\/span><\/p>\n<p style=\"text-align: justify;\"><span style=\"font-size: 10pt;\">Otra soluci\u00f3n la tienen en\u00a0 <strong>Aceituna<\/strong>, que conserva la costumbre de la \u201ccruz de la rua\u201d, sacada del \u00e1rbol de la rua, que colocaban en el pecho de los ni\u00f1os lactantes para que no fueran cogidos por la luna, o para protegerles de las influencias mal\u00e9ficas de este astro.<\/span><\/p>\n<p style=\"text-align: justify;\"><span style=\"font-size: 10pt;\">Seg\u00fan afirmaba <strong>Publio Hurtado<\/strong> en la <strong>Castuera<\/strong> de principios del siglo XX los herreros y plateros manten\u00edan un lucrativo pero corto negocio fabricando medias lunas de hueso, hiero y plata el d\u00eda\u00a0 de la\u00a0Ascensi\u00f3n, entre las 11 y las 12 de la ma\u00f1ana. Este amuleto se colgaba al cuello de las madres que criaban a sus hijos y de las nodrizas, para que no se les alunasen los pechos.<\/span><\/p>\n<div id=\"attachment_192\" style=\"width: 730px\" class=\"wp-caption aligncenter\"><img aria-describedby=\"caption-attachment-192\" loading=\"lazy\" class=\"size-full wp-image-192\" src=\"https:\/\/static-blogs.hoy.es\/wp-content\/uploads\/sites\/16\/2012\/05\/hervas-chorrera-354.jpg\" alt=\"En las chimeneas se dibujan s\u00edmbolos astrales para que no penetre la luz de la luna (Fotograf\u00eda: Jimber)\" width=\"720\" height=\"482\" srcset=\"https:\/\/static-blogs.hoy.es\/wp-content\/uploads\/sites\/16\/2012\/05\/hervas-chorrera-354.jpg 720w, https:\/\/static-blogs.hoy.es\/wp-content\/uploads\/sites\/16\/2012\/05\/hervas-chorrera-354-300x201.jpg 300w\" sizes=\"(max-width: 720px) 100vw, 720px\" \/><p id=\"caption-attachment-192\" class=\"wp-caption-text\"><\/span> <span style=\"font-size: 8pt;\">En las chimeneas se dibujan s\u00edmbolos astrales para que no penetre la luz de la luna (Fotograf\u00eda: Jimber para Extremadura Secreta)<\/span><\/p><\/div>\n<div class=\"mceTemp\">\n<div class=\"mceTemp\">\n<p style=\"text-align: justify;\"><span style=\"font-size: 10pt;\">Tambi\u00e9n en los exteriores de las casas (principalmente sobre las chimeneas que coronan los tejados), se colocan s\u00edmbolos astrales con el fin de preservar a sus moradores y a la hacienda de sus influjos mal\u00e9ficos. Seg\u00fan la mentalidad popular, la Luna act\u00faa de noche, cuando las personas duermen y se cree que a ella le gusta verse retratada cuando su luz se desliza sigilosa y antojadiza sobre los tejados. A esas horas de la noche, cerradas las puertas y ventanas de las viviendas, mientras sus due\u00f1os duermen, los agujeros de las chimeneas son las \u00fanicas aberturas que permiten la entrada del influjo de la Luna.<\/span><\/p>\n<\/div>\n<\/div>\n<p style=\"text-align: justify;\"><span style=\"font-size: 10pt;\">\u00a0\u00a0As\u00ed mismo, en el interior de las chimeneas se acostumbraba a dibujar una cruz trazada sobre las cenizas del hogar o con la que forman los brazos de la tenaza dejada abierta sobre la morilla o tiznera, precauci\u00f3n tomada normalmente por el ama de casa antes de irse a dormir.<\/span><\/p>\n<p style=\"text-align: justify;\"><span style=\"font-size: 10pt;\">En <strong>M\u00e9rida<\/strong>, \u00a0seg\u00fan el profesor <strong>Antonio Vas<\/strong>, tambi\u00e9n se adjetivan de \u201calunados\u201d \u00a0a los embutidos que se estropean, por acci\u00f3n de la luna; y a los muertos de la morgue, cuya sangre, como el agua de los mares, se altera con el magnetismo del sat\u00e9lite, y rezuma por los cuerpos difuntos.<\/span><\/p>\n<p style=\"text-align: justify;\"><span style=\"font-size: 10pt;\">Y en <strong>Badajoz<\/strong> contaban incluso con una \u201c<strong><a title=\"La Fuente de los Alunados\" href=\"https:\/\/blogs.hoy.es\/extremadurasecreta\/2012\/03\/12\/dragones-castuos-la-tarasca-de-la-fuente-de-los-alunados\/\">Fuente de los Alunados<\/a><\/strong>\u201d, cerca de la que habitaba la temible <strong><a title=\"La Tarasca\" href=\"https:\/\/blogs.hoy.es\/extremadurasecreta\/2012\/03\/12\/dragones-castuos-la-tarasca-de-la-fuente-de-los-alunados\/\">Tarasca<\/a><\/strong>.<\/span><\/p>\n<p style=\"text-align: justify;\"><span style=\"font-size: 10pt;\">Y es que\u00a0la luna, al final, siempre vuelve a reflejarse en el agua, y\u00a0a asomarse a nuestras pupilas desde el pozo m\u00e1s hondo de\u00a0nuestras creencias \u00a0ancestrales.<\/span><\/p>\n<!-- AddThis Advanced Settings generic via filter on the_content --><!-- AddThis Share Buttons generic via filter on the_content -->","protected":false},"excerpt":{"rendered":"<p>La mentalidad popular otorga a la Luna influencias m\u00e1gicas importantes, tanto mal\u00e9ficas como benefactoras, y en Extremadura no \u00edbamos a ser menos. La creencia popular de los influjos de la Luna sobre las personas es muy antigua. En el Neol\u00edtico hay referencias arqueol\u00f3gicas de cultos a la Luna. Los pueblos prerromanos tambi\u00e9n la adoraban, considerada [&hellip;]<!-- AddThis Advanced Settings generic via filter on get_the_excerpt --><!-- AddThis Share Buttons generic via filter on get_the_excerpt --><\/p>\n","protected":false},"author":20,"featured_media":1194,"comment_status":"open","ping_status":"closed","sticky":false,"template":"","format":"standard","meta":[],"categories":[4,5],"tags":[21,64,65,103,115,179,276,581,686,751,785,824,831,904,914,1078,1118,1155,1160,1229,1244,1268],"_links":{"self":[{"href":"https:\/\/blogs.hoy.es\/extremadurasecreta\/wp-json\/wp\/v2\/posts\/190"}],"collection":[{"href":"https:\/\/blogs.hoy.es\/extremadurasecreta\/wp-json\/wp\/v2\/posts"}],"about":[{"href":"https:\/\/blogs.hoy.es\/extremadurasecreta\/wp-json\/wp\/v2\/types\/post"}],"author":[{"embeddable":true,"href":"https:\/\/blogs.hoy.es\/extremadurasecreta\/wp-json\/wp\/v2\/users\/20"}],"replies":[{"embeddable":true,"href":"https:\/\/blogs.hoy.es\/extremadurasecreta\/wp-json\/wp\/v2\/comments?post=190"}],"version-history":[{"count":3,"href":"https:\/\/blogs.hoy.es\/extremadurasecreta\/wp-json\/wp\/v2\/posts\/190\/revisions"}],"predecessor-version":[{"id":2391,"href":"https:\/\/blogs.hoy.es\/extremadurasecreta\/wp-json\/wp\/v2\/posts\/190\/revisions\/2391"}],"wp:featuredmedia":[{"embeddable":true,"href":"https:\/\/blogs.hoy.es\/extremadurasecreta\/wp-json\/wp\/v2\/media\/1194"}],"wp:attachment":[{"href":"https:\/\/blogs.hoy.es\/extremadurasecreta\/wp-json\/wp\/v2\/media?parent=190"}],"wp:term":[{"taxonomy":"category","embeddable":true,"href":"https:\/\/blogs.hoy.es\/extremadurasecreta\/wp-json\/wp\/v2\/categories?post=190"},{"taxonomy":"post_tag","embeddable":true,"href":"https:\/\/blogs.hoy.es\/extremadurasecreta\/wp-json\/wp\/v2\/tags?post=190"}],"curies":[{"name":"wp","href":"https:\/\/api.w.org\/{rel}","templated":true}]}}