{"id":2108,"date":"2020-03-20T09:45:09","date_gmt":"2020-03-20T07:45:09","guid":{"rendered":"http:\/\/blogs.hoy.es\/extremadurasecreta\/?p=2108"},"modified":"2020-05-28T08:41:41","modified_gmt":"2020-05-28T06:41:41","slug":"senales-del-fin-del-mundo","status":"publish","type":"post","link":"https:\/\/blogs.hoy.es\/extremadurasecreta\/2020\/03\/20\/senales-del-fin-del-mundo\/","title":{"rendered":"Se\u00f1ales del fin del mundo"},"content":{"rendered":"<p style=\"text-align: justify;\"><span style=\"font-size: 10pt;\">Aunque haya agoreros que vaticinen el fin del mundo, en Extremadura sabemos de buena tinta que las se\u00f1ales infalibles todav\u00eda no han llegado.\u00a0<\/span><\/p>\n<p style=\"text-align: justify;\"><span style=\"font-size: 10pt;\">De hecho, hay tres lugares en estas tierras donde los vecinos, desde sus balcones, pueden comprobar que de esta nos libramos.<\/span><\/p>\n<p style=\"text-align: justify;\"><span style=\"font-size: 10pt;\">El primero es Logros\u00e1n, un pueblecito de las Villuercas conocido por ser patria chica del insigne <a href=\"https:\/\/blogs.hoy.es\/extremadurasecreta\/2012\/11\/21\/cuando-la-legendaria-atlantida-llego-a-extremadura\/\"><strong>Roso de Luna<\/strong><\/a> y por ser lugar de encuentro \u00a0de <a href=\"http:\/\/almuzaralibros.com\/fichalibro.php?libro=3931&amp;edi=1\" rel=\"external nofollow\"><strong>convent\u00edculos brujeriles<\/strong><\/a> en el siglo pasado. \u00a0Desde las alturas de la iglesia de San Mateo una g\u00e1rgola observa divertida como el pueblo, desde hace d\u00edas, amanece desierto. La escultura p\u00e9trea, monstruosa como todas las g\u00e1rgolas, tiene apariencia simiesca y un objeto entre las manos que se acerca a la boca.<\/span><\/p>\n<div id=\"attachment_2109\" style=\"width: 1034px\" class=\"wp-caption aligncenter\"><img aria-describedby=\"caption-attachment-2109\" loading=\"lazy\" class=\"size-large wp-image-2109\" src=\"https:\/\/static-blogs.hoy.es\/wp-content\/uploads\/sites\/16\/2020\/03\/La-mona-gargola-Iglesia-de-San-Mateo-Logrosan-1024x681.jpg\" alt=\"\" width=\"1024\" height=\"681\" srcset=\"https:\/\/static-blogs.hoy.es\/wp-content\/uploads\/sites\/16\/2020\/03\/La-mona-gargola-Iglesia-de-San-Mateo-Logrosan-1024x681.jpg 1024w, https:\/\/static-blogs.hoy.es\/wp-content\/uploads\/sites\/16\/2020\/03\/La-mona-gargola-Iglesia-de-San-Mateo-Logrosan-300x200.jpg 300w, https:\/\/static-blogs.hoy.es\/wp-content\/uploads\/sites\/16\/2020\/03\/La-mona-gargola-Iglesia-de-San-Mateo-Logrosan-768x511.jpg 768w, https:\/\/static-blogs.hoy.es\/wp-content\/uploads\/sites\/16\/2020\/03\/La-mona-gargola-Iglesia-de-San-Mateo-Logrosan.jpg 1936w\" sizes=\"(max-width: 1024px) 100vw, 1024px\" \/><p id=\"caption-attachment-2109\" class=\"wp-caption-text\"><span style=\"font-size: 8pt;\"> La g\u00e1rgola del mono y el torrezno, en la iglesia de San Mateo , en Logros\u00e1n (Extremadura Secreta)<\/span><\/p><\/div>\n<p style=\"text-align: justify;\"><span style=\"font-size: 10pt;\">En el pueblo las voces antiguas afirman que es <a href=\"https:\/\/logrosanaldia.net\/2013\/10\/02\/un-logrosan-de-leyenda-5-el-fin-del-mundo\/\" rel=\"external nofollow\"><strong>un mono que come un torrezno<\/strong><\/a>, y que cuando el animal se zampe el tocino frito se acabara el mundo. La realidad es que la g\u00e1rgola es muy posible que represente el pecado de la gula, y por eso la tradici\u00f3n habla precisamente de un torrezno y no de otro alimento, porque en la Edad Media el alimento m\u00e1s deseado era el tocino. Y si era frito, ni te cuento.<\/span><\/p>\n<p style=\"text-align: justify;\"><span style=\"font-size: 10pt;\">Otra de las se\u00f1ales del fin del mundo que no se han cumplido (por ahora) se encontraba en M\u00e9rida. Ya hablamos de ella en otra ocasi\u00f3n, cuando cont\u00e1bamos en estas mismas p\u00e1ginas la<a href=\"https:\/\/blogs.hoy.es\/extremadurasecreta\/2012\/07\/19\/merida-y-la-mesa-del-rey-salomon\/\"><strong> historia extreme\u00f1a de<\/strong> <\/a><strong>la mesa del rey Salom\u00f3n,<\/strong> que los \u00e1rabes encontraron en la iglesia de Santa Mar\u00eda de Jerusal\u00e9n. Luego se la llevaron a la mezquita de Damasco, y la mesa se perdi\u00f3 en alg\u00fan momento de la historia. Afortunadamente, porque la tradici\u00f3n afirma que cuando vuelva a aparecer, ser\u00e1 por el fin del mundo est\u00e1 cerca.<\/span><\/p>\n<div id=\"attachment_2110\" style=\"width: 1034px\" class=\"wp-caption aligncenter\"><img aria-describedby=\"caption-attachment-2110\" loading=\"lazy\" class=\"size-large wp-image-2110\" src=\"https:\/\/static-blogs.hoy.es\/wp-content\/uploads\/sites\/16\/2020\/03\/Concatedral-de-Santa-Mar\u00eda-M\u00e9rida-1024x768.jpg\" alt=\"\" width=\"1024\" height=\"768\" srcset=\"https:\/\/static-blogs.hoy.es\/wp-content\/uploads\/sites\/16\/2020\/03\/Concatedral-de-Santa-Mar\u00eda-M\u00e9rida.jpg 1024w, https:\/\/static-blogs.hoy.es\/wp-content\/uploads\/sites\/16\/2020\/03\/Concatedral-de-Santa-Mar\u00eda-M\u00e9rida-300x225.jpg 300w, https:\/\/static-blogs.hoy.es\/wp-content\/uploads\/sites\/16\/2020\/03\/Concatedral-de-Santa-Mar\u00eda-M\u00e9rida-768x576.jpg 768w\" sizes=\"(max-width: 1024px) 100vw, 1024px\" \/><p id=\"caption-attachment-2110\" class=\"wp-caption-text\"><span style=\"font-size: 8pt;\"> Concatedral de Santa Mar\u00eda, en M\u00e9rida, sucesora de la iglesia de Santa Mar\u00eda de Jerusal\u00e9n (Extremadura Secreta)<\/span><\/p><\/div>\n<p style=\"text-align: justify;\"><span style=\"font-size: 10pt;\">Algo parecido ocurre con el \u00faltimo objeto \u201cfindelmundista\u201d, que se encuentra en la campi\u00f1a sur extreme\u00f1a, concretamente en la bella Llerena, sede de<a href=\"https:\/\/blogs.hoy.es\/extremadurasecreta\/2016\/11\/07\/los-alumbrados-sexo-hostias-y-posesion\/\"> la inquisici\u00f3n extreme\u00f1a<\/a>. All\u00ed, muy cerca de la plaza mayor, se encuentra el convento de Santa Clara, en cuya fachada se puede contemplar, entre la espada\u00f1a y la ventana superior, un extra\u00f1o agujero que visto desde abajo es cierto que parece un almirez encastrado.<\/span><\/p>\n<div id=\"attachment_2111\" style=\"width: 1034px\" class=\"wp-caption aligncenter\"><img aria-describedby=\"caption-attachment-2111\" loading=\"lazy\" class=\"size-large wp-image-2111\" src=\"https:\/\/static-blogs.hoy.es\/wp-content\/uploads\/sites\/16\/2020\/03\/almirez-del-fin-del-mundo-convento-de-Santa-Clara-LLerena-1024x905.jpg\" alt=\"\" width=\"1024\" height=\"905\" srcset=\"https:\/\/static-blogs.hoy.es\/wp-content\/uploads\/sites\/16\/2020\/03\/almirez-del-fin-del-mundo-convento-de-Santa-Clara-LLerena-1024x905.jpg 1024w, https:\/\/static-blogs.hoy.es\/wp-content\/uploads\/sites\/16\/2020\/03\/almirez-del-fin-del-mundo-convento-de-Santa-Clara-LLerena-300x265.jpg 300w, https:\/\/static-blogs.hoy.es\/wp-content\/uploads\/sites\/16\/2020\/03\/almirez-del-fin-del-mundo-convento-de-Santa-Clara-LLerena-768x678.jpg 768w, https:\/\/static-blogs.hoy.es\/wp-content\/uploads\/sites\/16\/2020\/03\/almirez-del-fin-del-mundo-convento-de-Santa-Clara-LLerena.jpg 1836w\" sizes=\"(max-width: 1024px) 100vw, 1024px\" \/><p id=\"caption-attachment-2111\" class=\"wp-caption-text\"><span style=\"font-size: 8pt;\"> Convento de Santa Clara, en LLerena. A la derecha , sobre la ventana, el almirez del fin del mundo (Extremadura Secreta)<\/span><\/p><\/div>\n<p style=\"text-align: justify;\"><span style=\"font-size: 10pt;\">Cuentan los ancianos que el diablo enterr\u00f3 la mano del mortero en el huerto del convento. Y en el pueblo se afirma que cuando aparezca accidentalmente el mazo ser\u00e1 el anuncio del juicio final.<\/span><\/p>\n<p style=\"text-align: justify;\"><span style=\"font-size: 10pt;\">As\u00ed que por ahora, y mientras el goloso mono de Logros\u00e1n no se acabe su merienda, mientras no aparezca \u00a0la mano del mortero del diablo \u00a0ni la mesa del rey legendario, \u00a0podemos dormir tranquilos.<\/span><\/p>\n<p style=\"text-align: justify;\"><span style=\"font-size: 10pt;\">Porque como dec\u00eda<a href=\"https:\/\/urielromano.com\/2019\/10\/10\/gam-ze-yaavor-esto-tambien-pasara\/\" rel=\"external nofollow\"> el famoso anillo del m\u00edtico<strong> Salom\u00f3n<\/strong><\/a>: \u201cEsto, tambi\u00e9n pasar\u00e1\u201d.<\/span><\/p>\n<p>&nbsp;<\/p>\n<p>&nbsp;<\/p>\n<p>&nbsp;<\/p>\n<!-- AddThis Advanced Settings generic via filter on the_content --><!-- AddThis Share Buttons generic via filter on the_content -->","protected":false},"excerpt":{"rendered":"<p>Aunque haya agoreros que vaticinen el fin del mundo, en Extremadura sabemos de buena tinta que las se\u00f1ales infalibles todav\u00eda no han llegado.\u00a0 De hecho, hay tres lugares en estas tierras donde los vecinos, desde sus balcones, pueden comprobar que de esta nos libramos. El primero es Logros\u00e1n, un pueblecito de las Villuercas conocido por [&hellip;]<!-- AddThis Advanced Settings generic via filter on get_the_excerpt --><!-- AddThis Share Buttons generic via filter on get_the_excerpt --><\/p>\n","protected":false},"author":20,"featured_media":2114,"comment_status":"open","ping_status":"closed","sticky":false,"template":"","format":"standard","meta":[],"categories":[5,1406],"tags":[1464,1465,1463,1466,768,774,1467,1468],"_links":{"self":[{"href":"https:\/\/blogs.hoy.es\/extremadurasecreta\/wp-json\/wp\/v2\/posts\/2108"}],"collection":[{"href":"https:\/\/blogs.hoy.es\/extremadurasecreta\/wp-json\/wp\/v2\/posts"}],"about":[{"href":"https:\/\/blogs.hoy.es\/extremadurasecreta\/wp-json\/wp\/v2\/types\/post"}],"author":[{"embeddable":true,"href":"https:\/\/blogs.hoy.es\/extremadurasecreta\/wp-json\/wp\/v2\/users\/20"}],"replies":[{"embeddable":true,"href":"https:\/\/blogs.hoy.es\/extremadurasecreta\/wp-json\/wp\/v2\/comments?post=2108"}],"version-history":[{"count":1,"href":"https:\/\/blogs.hoy.es\/extremadurasecreta\/wp-json\/wp\/v2\/posts\/2108\/revisions"}],"predecessor-version":[{"id":2113,"href":"https:\/\/blogs.hoy.es\/extremadurasecreta\/wp-json\/wp\/v2\/posts\/2108\/revisions\/2113"}],"wp:featuredmedia":[{"embeddable":true,"href":"https:\/\/blogs.hoy.es\/extremadurasecreta\/wp-json\/wp\/v2\/media\/2114"}],"wp:attachment":[{"href":"https:\/\/blogs.hoy.es\/extremadurasecreta\/wp-json\/wp\/v2\/media?parent=2108"}],"wp:term":[{"taxonomy":"category","embeddable":true,"href":"https:\/\/blogs.hoy.es\/extremadurasecreta\/wp-json\/wp\/v2\/categories?post=2108"},{"taxonomy":"post_tag","embeddable":true,"href":"https:\/\/blogs.hoy.es\/extremadurasecreta\/wp-json\/wp\/v2\/tags?post=2108"}],"curies":[{"name":"wp","href":"https:\/\/api.w.org\/{rel}","templated":true}]}}