{"id":2119,"date":"2020-04-06T17:01:07","date_gmt":"2020-04-06T15:01:07","guid":{"rendered":"http:\/\/blogs.hoy.es\/extremadurasecreta\/?p=2119"},"modified":"2020-04-07T08:50:27","modified_gmt":"2020-04-07T06:50:27","slug":"el-dia-en-que-los-muertos-se-levantaron-de-sus-tumbas","status":"publish","type":"post","link":"https:\/\/blogs.hoy.es\/extremadurasecreta\/2020\/04\/06\/el-dia-en-que-los-muertos-se-levantaron-de-sus-tumbas\/","title":{"rendered":"El d\u00eda en que los muertos se levantaron de sus tumbas"},"content":{"rendered":"<p style=\"text-align: justify;\"><span style=\"font-size: 10pt;\"><a href=\"https:\/\/www.hoy.es\/extremadura\/templos-vacios-calles-20200406211828-nt.html\" rel=\"external nofollow\">Ver hoy en el peri\u00f3dico al arzobispo de la di\u00f3cesis M\u00e9rida-Badajoz oficiando una misa ante la catedral pacense vac\u00eda<\/a>\u00a0 me ha tra\u00eddo a la mente una imagen que se grab\u00f3 hace a\u00f1os en \u00a0mi cabeza. La imagen de la catedral vac\u00eda de fieles, pero llena de muertos, escuchando una misa terrible a la que los vivos no quisieron o no pudieron acudir.<\/span><\/p>\n<div style=\"width: 504px\" class=\"wp-caption aligncenter\"><img loading=\"lazy\" class=\"size-full wp-image-2120\" src=\"https:\/\/static-blogs.hoy.es\/wp-content\/uploads\/sites\/16\/2020\/04\/la-misa-vac\u00eda-catedral-de-Badajoz.jpg\" alt=\"\" width=\"494\" height=\"608\" srcset=\"https:\/\/static-blogs.hoy.es\/wp-content\/uploads\/sites\/16\/2020\/04\/la-misa-vac\u00eda-catedral-de-Badajoz.jpg 494w, https:\/\/static-blogs.hoy.es\/wp-content\/uploads\/sites\/16\/2020\/04\/la-misa-vac\u00eda-catedral-de-Badajoz-244x300.jpg 244w\" sizes=\"(max-width: 494px) 100vw, 494px\" \/><p class=\"wp-caption-text\"><strong><span style=\"font-size: 8pt;\">El arzobispo de M\u00e9rida-Badajoz oficiando misa en la desierta catedral de Badajoz (C.M. para Hoy)<\/span><\/strong><\/p><\/div>\n<p>&nbsp;<\/p>\n<p style=\"text-align: justify;\"><span style=\"font-size: 10pt;\">Cuentan que ocurri\u00f3 all\u00e1 por el siglo XIV, cuando dos poderosas familias rivales se ven\u00edan disputando la hegemon\u00eda de la ciudad de Badajoz: los \u201cPortugueses\u201d, estirpe lusitana, y los \u201cBejaranos\u201d, que representaban a la m\u00e1s rancia alcurnia extreme\u00f1a.<\/span><\/p>\n<p style=\"text-align: justify;\"><span style=\"font-size: 10pt;\">\u00a0En aquella <a href=\"https:\/\/blogs.hoy.es\/extremadurasecreta\/2013\/06\/19\/el-fuego-magico-de-san-juan\/\">noche de San Juan,<\/a> la aristocracia celebraba su fiesta en la plaza de la Catedral, cuando aprovechando un tumulto, Los Portugueses secuestran a la bella do\u00f1a Leonor de Bejarano. La venganza ser\u00eda terrible, y el enfrentamiento encarnizado entre las dos familias hizo correr a sangre en las calles de la ciudad.<\/span><\/p>\n<p style=\"text-align: justify;\"><span style=\"font-size: 10pt;\">\u00a0A la ma\u00f1ana siguiente, Badajoz deb\u00eda conmemorar solemnemente la victoria de Alfonso VII sobre las tropas \u00e1rabes. Durante dos siglos a\u00f1os llevaban celebrando este acontecimiento sin dejar nunca de hacerlo, pero en esta ocasi\u00f3n todo era distinto. \u00a0<\/span><\/p>\n<p style=\"text-align: justify;\"><span style=\"font-size: 10pt;\">Ya sea porque continuaban en la batalla de las dos familias o por miedo a salir a la calle entre tanta violencia, lo cierto es que nadie de la ciudad se present\u00f3 en el templo. Pero el sacerdote oficiante estaba dispuesto a seguir con los actos.<\/span><\/p>\n<p style=\"text-align: justify;\"><span style=\"font-size: 10pt;\">En la soledad de la iglesia, con las puertas cerradas, y asistido por un sacrist\u00e1n, comienza la misa mirando hacia el altar. Un ruido parecido a un arrastrar de piedras pesadas y un crujir de huesos retumba en la iglesia.<\/span><\/p>\n<p style=\"text-align: justify;\"><span style=\"font-size: 10pt;\">Cuando el sacerdote se vuelve hacia los bancos vac\u00edos se queda petrificado de horror. Porque los bancos est\u00e1n llenos. Llenos de muertos con las cuencas vac\u00edas, muertos que arrastran trajes de \u00e9pocas pasadas, vestidos harapientos que una vez fueron lujosos, sedas rotas, ajados terciopelos, rostros demacrados, perfiles \u00f3seos y cuerpos polvorientos, todos y cada uno los ilustres moradores de las tumbas y sepulcros que se repart\u00edan por la catedral, levantados de la muerte para celebrar el aniversario que sus descendientes vivos hab\u00edan pasado por alto.<\/span><\/p>\n<p style=\"text-align: justify;\"><span style=\"font-size: 10pt;\">\u00a0Con el p\u00e1nico reflejado en sus ojos, el sacerdote y su asistente contin\u00faan con la ceremonia hasta el final, con la voz temblorosa y el alma aterrorizada. Cuando pronuncia las palabras finales de la misa la muchedumbre de esqueletos y difuntos , con el deber cumplido, regresa de nuevo al fr\u00edo de las tumbas.<\/span><\/p>\n<div id=\"attachment_2121\" style=\"width: 691px\" class=\"wp-caption aligncenter\"><img aria-describedby=\"caption-attachment-2121\" loading=\"lazy\" class=\"size-large wp-image-2121\" src=\"https:\/\/static-blogs.hoy.es\/wp-content\/uploads\/sites\/16\/2020\/04\/catedral-de-Badajoz-Extremadura-secreta-681x1024.jpg\" alt=\"\" width=\"681\" height=\"1024\" srcset=\"https:\/\/static-blogs.hoy.es\/wp-content\/uploads\/sites\/16\/2020\/04\/catedral-de-Badajoz-Extremadura-secreta-681x1024.jpg 681w, https:\/\/static-blogs.hoy.es\/wp-content\/uploads\/sites\/16\/2020\/04\/catedral-de-Badajoz-Extremadura-secreta-200x300.jpg 200w, https:\/\/static-blogs.hoy.es\/wp-content\/uploads\/sites\/16\/2020\/04\/catedral-de-Badajoz-Extremadura-secreta-768x1154.jpg 768w, https:\/\/static-blogs.hoy.es\/wp-content\/uploads\/sites\/16\/2020\/04\/catedral-de-Badajoz-Extremadura-secreta.jpg 1288w\" sizes=\"(max-width: 681px) 100vw, 681px\" \/><p id=\"caption-attachment-2121\" class=\"wp-caption-text\"><strong><span style=\"font-size: 8pt;\">J. Espino narrando la leyenda de la misa de muertos en la puerta de la catedral, en la ruta de &#8220;Badajoz legendario&#8221; (Extremadura Secreta)<\/span><\/strong><\/p><\/div>\n<p>&nbsp;<\/p>\n<p style=\"text-align: justify;\"><span style=\"font-size: 10pt;\">El sacerdote, ayudado por su ac\u00f3lito, consigue llegar a la salida, pero cuando alcanza la puerta del templo su coraz\u00f3n se rinde, y se desploma en tierra con la misi\u00f3n cumplida.<\/span><\/p>\n<p style=\"text-align: justify;\"><span style=\"font-size: 10pt;\">En la plaza, los pacenses detienen su lucha para contemplar el cuerpo muerto del sacerdote y el rostro desencajado del sacrist\u00e1n, quien conserv\u00f3 el resto de su vida el temblor en sus manos y los ojos repletos<\/span> <span style=\"font-size: 10pt;\">de fantasmas.<\/span><\/p>\n<!-- AddThis Advanced Settings generic via filter on the_content --><!-- AddThis Share Buttons generic via filter on the_content -->","protected":false},"excerpt":{"rendered":"<p>Ver hoy en el peri\u00f3dico al arzobispo de la di\u00f3cesis M\u00e9rida-Badajoz oficiando una misa ante la catedral pacense vac\u00eda\u00a0 me ha tra\u00eddo a la mente una imagen que se grab\u00f3 hace a\u00f1os en \u00a0mi cabeza. La imagen de la catedral vac\u00eda de fieles, pero llena de muertos, escuchando una misa terrible a la que los [&hellip;]<!-- AddThis Advanced Settings generic via filter on get_the_excerpt --><!-- AddThis Share Buttons generic via filter on get_the_excerpt --><\/p>\n","protected":false},"author":20,"featured_media":2124,"comment_status":"open","ping_status":"closed","sticky":false,"template":"","format":"standard","meta":[],"categories":[5,1406],"tags":[115,1470,1469,1356,1472,843,1427,1471,1073],"_links":{"self":[{"href":"https:\/\/blogs.hoy.es\/extremadurasecreta\/wp-json\/wp\/v2\/posts\/2119"}],"collection":[{"href":"https:\/\/blogs.hoy.es\/extremadurasecreta\/wp-json\/wp\/v2\/posts"}],"about":[{"href":"https:\/\/blogs.hoy.es\/extremadurasecreta\/wp-json\/wp\/v2\/types\/post"}],"author":[{"embeddable":true,"href":"https:\/\/blogs.hoy.es\/extremadurasecreta\/wp-json\/wp\/v2\/users\/20"}],"replies":[{"embeddable":true,"href":"https:\/\/blogs.hoy.es\/extremadurasecreta\/wp-json\/wp\/v2\/comments?post=2119"}],"version-history":[{"count":5,"href":"https:\/\/blogs.hoy.es\/extremadurasecreta\/wp-json\/wp\/v2\/posts\/2119\/revisions"}],"predecessor-version":[{"id":2130,"href":"https:\/\/blogs.hoy.es\/extremadurasecreta\/wp-json\/wp\/v2\/posts\/2119\/revisions\/2130"}],"wp:featuredmedia":[{"embeddable":true,"href":"https:\/\/blogs.hoy.es\/extremadurasecreta\/wp-json\/wp\/v2\/media\/2124"}],"wp:attachment":[{"href":"https:\/\/blogs.hoy.es\/extremadurasecreta\/wp-json\/wp\/v2\/media?parent=2119"}],"wp:term":[{"taxonomy":"category","embeddable":true,"href":"https:\/\/blogs.hoy.es\/extremadurasecreta\/wp-json\/wp\/v2\/categories?post=2119"},{"taxonomy":"post_tag","embeddable":true,"href":"https:\/\/blogs.hoy.es\/extremadurasecreta\/wp-json\/wp\/v2\/tags?post=2119"}],"curies":[{"name":"wp","href":"https:\/\/api.w.org\/{rel}","templated":true}]}}