{"id":216,"date":"2012-05-22T03:13:05","date_gmt":"2012-05-22T01:13:05","guid":{"rendered":"http:\/\/blogs.hoy.es\/extremadurasecreta\/?p=216"},"modified":"2022-10-14T11:46:01","modified_gmt":"2022-10-14T09:46:01","slug":"plantas-magicas-hierbas-que-sanan","status":"publish","type":"post","link":"https:\/\/blogs.hoy.es\/extremadurasecreta\/2012\/05\/22\/plantas-magicas-hierbas-que-sanan\/","title":{"rendered":"Plantas m\u00e1gicas, los secretos del curandero"},"content":{"rendered":"<p style=\"text-align: justify;\"><span style=\"font-size: 10pt;\">No se sorprenda si una noche escucha cantar a una ins\u00f3lita flor, o quejarse a un \u00e1rbol de cerezas, o gritar estridentemente a un extra\u00f1o tub\u00e9rculo. Puede que se encuentre paseando\u00a0por\u00a0<strong>Alcu\u00e9scar<\/strong>, donde en la antigua calleja del Parral, (ahora Avda. de la Constituci\u00f3n) exist\u00eda a principios del siglo XX un <strong>huerto encantado<\/strong> cuyas frutas se quejaban dolorosamente en la m\u00e1gica <strong>Noche de San Juan<\/strong>.<\/span><\/p>\n<p style=\"text-align: justify;\"><span style=\"font-size: 10pt;\">Tenga cuidado, sin embargo, si pasea por\u00a0otro huerto de<strong> Garbayuela<\/strong>, donde \u00a0hay un \u00e1rbol cuyo tronco mide 10 cent\u00edmetros de di\u00e1metro y se eleva retorci\u00e9ndose en forma de espiral, de hoja ancha y flor en figura de cuerno que canta en esa noche y <a href=\"https:\/\/blogs.hoy.es\/extremadurasecreta\/2013\/12\/24\/los-siniestros-pajaros-de-la-muerte\/\"><strong>cuyo canto anuncia la muerte de quien lo escucha<\/strong>,<\/a> por lo que cualquiera con dos dedos de frente huye despavorido,\u00a0temeroso de semejante maravilla.<\/span><\/p>\n<p style=\"text-align: justify;\"><span style=\"font-size: 10pt;\">Esa misma noche nos cuenta <strong>Publio Hurtado<\/strong> que en <strong>Pasar\u00f3n de la Vera<\/strong> cantan <strong>las siemprevivas<\/strong>. Pero no adelantemos acontecimientos, porque aunque estamos cerca, todav\u00eda no hemos llegado a la m\u00e1gica <a href=\"https:\/\/blogs.hoy.es\/extremadurasecreta\/2015\/06\/22\/cinco-castillos-encantados-para-visitar-en-la-noche-de-san-juan\/\"><strong>Noche de San Juan<\/strong>.<\/a><\/span><\/p>\n<p style=\"text-align: justify;\"><span style=\"font-size: 10pt;\">Lo que si es hoy es el <strong>D\u00eda Internacional de la Biodiversidad<\/strong>, lo que nos ofrece una excusa perfecta para hacer un somero repaso a la biodiversidad vegetal m\u00e1gica y curativa que tapiza nuestros campos.<\/span><\/p>\n<p style=\"text-align: justify;\"><span style=\"font-size: 10pt;\">Y es que los extreme\u00f1os, herederos de la tradici\u00f3n celta, siempre hemos confiado en el poder curativo de las plantas. Cuando, en 1798, <strong>Tom\u00e1s L\u00f3pez<\/strong> interroga al bachiller <strong>Don Pedro Picado<\/strong> por las enfermedades m\u00e1s comunes de su pueblo, <strong>Cambroncino<\/strong>, \u00e9ste contesta que las ignora,<\/span><\/p>\n<p style=\"text-align: justify;\"><span style=\"font-size: 10pt;\"><strong><em>\u00a0\u201cpues ellos se curan con hierbajos y ninguno por dentro, bien o mal conocida su virtud y el ramo de enfermedad, as\u00ed van pasando y hay sujetos en todas las Hurdes que pasan de cien a\u00f1os\u201d.<\/em><\/strong><\/span><\/p>\n<div class=\"mceTemp\"><span style=\"font-size: 10pt;\">Y efectivamente, en <strong>Las Hurdes<\/strong> para calmar los dolores externos se utilizan las bolitas rojas de los <strong>esp\u00e1rragos de canchal<\/strong>. Para dolores internos, <strong>el marrubio<\/strong>. Las erupciones se combaten con infusiones calientes elaboradas con <strong>ra\u00edz de ortiga<\/strong>.<\/span><\/div>\n<div id=\"attachment_220\" style=\"width: 933px\" class=\"wp-caption alignright\"><a href=\"\/extremadurasecreta\/wp-content\/uploads\/sites\/16\/2012\/05\/Ajo-A-173.jpg\"><img aria-describedby=\"caption-attachment-220\" loading=\"lazy\" class=\" wp-image-220\" title=\"Ajo A (173)\" src=\"\/extremadurasecreta\/wp-content\/uploads\/sites\/16\/2012\/05\/Ajo-A-173.jpg\" alt=\"\" width=\"923\" height=\"1206\" \/><\/a><p id=\"caption-attachment-220\" class=\"wp-caption-text\"><\/span> <span style=\"font-size: 8pt;\">Para la opilaci\u00f3n, zahumerio de ajo crudo (Fotograf\u00eda: Jimber para Extremadura Secreta)<\/span><\/p><\/div>\n<div class=\"mceTemp\"><span style=\"font-size: 10pt;\">Para la bacera del ganado y la opilaci\u00f3n o ausencia de menstruaci\u00f3n se emplea <strong>agua de espinacas<\/strong>, <strong>cocimiento de grama<\/strong>,<strong> zahumerio de ajo crudo<\/strong> y <strong>cornicabra<\/strong>.<\/span><\/div>\n<div class=\"mceTemp\">\n<div id=\"attachment_218\" style=\"width: 995px\" class=\"wp-caption alignleft\"><a href=\"\/extremadurasecreta\/wp-content\/uploads\/sites\/16\/2012\/05\/Altamisa-FREGENAL-SIERRA-2012-59.jpg\"><img aria-describedby=\"caption-attachment-218\" loading=\"lazy\" class=\" wp-image-218\" title=\"Altamisa- FREGENAL SIERRA-2012 (59)\" src=\"\/extremadurasecreta\/wp-content\/uploads\/sites\/16\/2012\/05\/Altamisa-FREGENAL-SIERRA-2012-59.jpg\" alt=\"\" width=\"985\" height=\"565\" srcset=\"https:\/\/static-blogs.hoy.es\/wp-content\/uploads\/sites\/16\/2012\/05\/Altamisa-FREGENAL-SIERRA-2012-59.jpg 800w, https:\/\/static-blogs.hoy.es\/wp-content\/uploads\/sites\/16\/2012\/05\/Altamisa-FREGENAL-SIERRA-2012-59-300x172.jpg 300w, https:\/\/static-blogs.hoy.es\/wp-content\/uploads\/sites\/16\/2012\/05\/Altamisa-FREGENAL-SIERRA-2012-59-768x440.jpg 768w\" sizes=\"(max-width: 985px) 100vw, 985px\" \/><\/a><p id=\"caption-attachment-218\" class=\"wp-caption-text\"><\/span> <span style=\"font-size: 8pt;\">Para el dolor de barriga se utiliza la &#8220;Altamisa&#8221; (Fotograf\u00eda: Jimber para Extremadura Secreta)<\/span><\/p><\/div>\n<p><span style=\"font-size: 10pt;\">Para el dolor de barriga se utiliza la <strong>altamisa<\/strong> y <strong>el cornato<\/strong>, para el constipado <strong>la amapola<\/strong>, la \u201c<strong>carquesa<\/strong>\u201d, la <strong>malva<\/strong>, la <strong>maya<\/strong> y la <strong>\u201csaginaria<\/strong>\u201d, y para la mordedura de alacranes la <strong>campanita<\/strong>.<\/span><\/p>\n<\/div>\n<p style=\"text-align: justify;\"><span style=\"font-size: 10pt;\">Y es que <strong>Extremadura<\/strong> ha sido siempre abundante en hierbas milagrosas y plantas m\u00e1gicas, tanto que se recogen numerosos testimonios que afirman que a nuestras tierras ven\u00edan numerosos forasteros para recoger aquello que la naturaleza nos otorga. <strong>Sebasti\u00e1n Manso y Pinazo<\/strong>, vecino de <strong>La Codosera<\/strong>, donde vivi\u00f3 en el siglo XVIII, afirma que<\/span><\/p>\n<p style=\"text-align: justify;\"><span style=\"font-size: 10pt;\"><strong><em>\u201cen a\u00f1os pasados ven\u00edan a esta villa muchos hebadarios o inteligentes sus hierbas desde La Ciudad de Lisboa en Portugal y permanec\u00edan muchos d\u00edas en la primavera, sacando ra\u00edces de hierbas, de unas llevaban toda la hierba, de otras las ra\u00edces, de unas las flores y de otras la c\u00e1scara de las ra\u00edces;(\u2026) dichas hierbas, flores y ra\u00edces nos las sacaban sin decir su virtud a los naturales\u2026\u201d<\/em><\/strong><\/span><\/p>\n<div id=\"attachment_221\" style=\"width: 852px\" class=\"wp-caption alignright\"><a href=\"\/extremadurasecreta\/wp-content\/uploads\/sites\/16\/2012\/05\/Amapola-FREGENAL-SIERRA-2012-69.jpg\"><img aria-describedby=\"caption-attachment-221\" loading=\"lazy\" class=\" wp-image-221\" title=\"Amapola- FREGENAL SIERRA-2012 (69)\" src=\"\/extremadurasecreta\/wp-content\/uploads\/sites\/16\/2012\/05\/Amapola-FREGENAL-SIERRA-2012-69.jpg\" alt=\"\" width=\"842\" height=\"550\" srcset=\"https:\/\/static-blogs.hoy.es\/wp-content\/uploads\/sites\/16\/2012\/05\/Amapola-FREGENAL-SIERRA-2012-69.jpg 720w, https:\/\/static-blogs.hoy.es\/wp-content\/uploads\/sites\/16\/2012\/05\/Amapola-FREGENAL-SIERRA-2012-69-300x195.jpg 300w\" sizes=\"(max-width: 842px) 100vw, 842px\" \/><\/a><p id=\"caption-attachment-221\" class=\"wp-caption-text\"><\/span> <span style=\"font-size: 8pt;\">Para el constipado, la amapola (Fotograf\u00eda: Jimber para Extremadura Secreta)<\/span><\/p><\/div>\n<p style=\"text-align: justify;\"><span style=\"font-size: 10pt;\"><strong>\u00a0La Torre de Miguel Sesmero<\/strong> se encuentra en la <strong>Sierra de Monsalud<\/strong>, abundante tambi\u00e9n en hierbas medicinales, de donde le viene el nombre de <strong>\u201cMons Salutis\u201d,<\/strong> que, corrompido, ha quedado en Monsalud. El capell\u00e1n de esta poblaci\u00f3n en 1798, <strong>Manuel de la Parra P\u00e9rez de Guzm\u00e1n<\/strong>, habla de c\u00f3mo en los campos de esta villa se cr\u00edan con abundancia<\/span><\/p>\n<p style=\"text-align: justify;\"><span style=\"font-size: 10pt;\"><em>\u00a0\u201c<strong>la palma cristi, la mandr\u00e1gora<\/strong>, cuya hoja sirve para la curaci\u00f3n de llagas viejas y frescas, <strong>la zentaura menor, la ruda<\/strong>, y los <strong>axenxos silvestres, la gallierusa o bals\u00e1mica<\/strong>, <strong>la angelica sanguinaria, apio, las dos cicutas, el pie de burro, el amapelo,<\/strong> eficaces para descuajar callos \u2026\u201d <\/em><\/span><\/p>\n<div id=\"attachment_222\" style=\"width: 945px\" class=\"wp-caption alignleft\"><a href=\"\/extremadurasecreta\/wp-content\/uploads\/sites\/16\/2012\/05\/carquesa-FREGENAL-SIERRA-2012-34.jpg\"><img aria-describedby=\"caption-attachment-222\" loading=\"lazy\" class=\" wp-image-222\" title=\"carquesa- FREGENAL SIERRA-2012 (34)\" src=\"\/extremadurasecreta\/wp-content\/uploads\/sites\/16\/2012\/05\/carquesa-FREGENAL-SIERRA-2012-34.jpg\" alt=\"\" width=\"935\" height=\"580\" srcset=\"https:\/\/static-blogs.hoy.es\/wp-content\/uploads\/sites\/16\/2012\/05\/carquesa-FREGENAL-SIERRA-2012-34.jpg 800w, https:\/\/static-blogs.hoy.es\/wp-content\/uploads\/sites\/16\/2012\/05\/carquesa-FREGENAL-SIERRA-2012-34-300x186.jpg 300w, https:\/\/static-blogs.hoy.es\/wp-content\/uploads\/sites\/16\/2012\/05\/carquesa-FREGENAL-SIERRA-2012-34-768x475.jpg 768w\" sizes=\"(max-width: 935px) 100vw, 935px\" \/><\/a><p id=\"caption-attachment-222\" class=\"wp-caption-text\"><\/span> <span style=\"font-size: 8pt;\">&#8230; y tambi\u00e9n la carquesa (Fotograf\u00eda: Jimber para Extremadura Secreta)<\/span><\/p><\/div>\n<p style=\"text-align: justify;\"><span style=\"font-size: 10pt;\">El pueblo de <strong>Alburquerque<\/strong> es famoso por una hierba medicinal que vive en su t\u00e9rmino y cuyo jugo sana y cicatriza toda suerte de heridas. Los yerbateros hacen gran acopio de esta planta. Tambi\u00e9n en esta poblaci\u00f3n se conoce desde siempre una hierba extraordinaria, <strong>la corcoxa<\/strong>, que es \u00fatil para las calenturas, y en la raya de <strong>Portugal<\/strong>, a dos leguas escasas de la poblaci\u00f3n, se cr\u00eda una hierba que los portugueses denominan <strong>Zaragati\u00f1a<\/strong>, que cocida y bebiendo su agua, adelgaza tanto la sangre que solo se puede usar dos veces como m\u00e1ximo, pues la orina que se expele es casi sangre. Los habitantes de la zona la utilizan ya en el siglo XVIII en sustituci\u00f3n de las sangr\u00edas, tan habituales en aquella \u00e9poca.<\/span><\/p>\n<div id=\"attachment_223\" style=\"width: 866px\" class=\"wp-caption alignright\"><a href=\"\/extremadurasecreta\/wp-content\/uploads\/sites\/16\/2012\/05\/Campanita.jpg\"><img aria-describedby=\"caption-attachment-223\" loading=\"lazy\" class=\" wp-image-223\" title=\"Campanita\" src=\"\/extremadurasecreta\/wp-content\/uploads\/sites\/16\/2012\/05\/Campanita.jpg\" alt=\"\" width=\"856\" height=\"725\" srcset=\"https:\/\/static-blogs.hoy.es\/wp-content\/uploads\/sites\/16\/2012\/05\/Campanita.jpg 1160w, https:\/\/static-blogs.hoy.es\/wp-content\/uploads\/sites\/16\/2012\/05\/Campanita-300x254.jpg 300w, https:\/\/static-blogs.hoy.es\/wp-content\/uploads\/sites\/16\/2012\/05\/Campanita-768x650.jpg 768w, https:\/\/static-blogs.hoy.es\/wp-content\/uploads\/sites\/16\/2012\/05\/Campanita-1024x867.jpg 1024w\" sizes=\"(max-width: 856px) 100vw, 856px\" \/><\/a><p id=\"caption-attachment-223\" class=\"wp-caption-text\"><\/span> <span style=\"font-size: 8pt;\">Para la mordedura de alacranes, la campanita (fotograf\u00eda: Jimber para Extremadura Secreta)<\/span><\/p><\/div>\n<p style=\"text-align: justify;\"><span style=\"font-size: 10pt;\">Desde las mismas <strong>Indias<\/strong> se demandan pedazos y ra\u00edces de otra planta que se cr\u00eda en esta misma poblaci\u00f3n, <strong>la Ang\u00e9lica<\/strong>, una planta que se encuentra en los riscos y entre los pe\u00f1ascales en que est\u00e1 fundado el castillo y la iglesia, de la cual<\/span><\/p>\n<p style=\"text-align: justify;\"><span style=\"font-size: 10pt;\"><em>\u201c<strong>se cogen sus ra\u00edces de olor muy agradable, las que tocadas como es costumbre en el Santo Relicario el d\u00eda de la Ascensi\u00f3n, cuando cada uno la adora se tiene por reliquia y por muchos extra\u00f1os y forasteros y a\u00fan hasta de las Indias se solicitan trozos o polvos de las tales ra\u00edces\u2026\u201d<\/strong><\/em> seg\u00fan afirma <strong>Don Pedro Salgado<\/strong>, vecino de la villa, en el siglo XVIII.<\/span><\/p>\n<div id=\"attachment_224\" style=\"width: 833px\" class=\"wp-caption alignleft\"><a href=\"\/extremadurasecreta\/wp-content\/uploads\/sites\/16\/2012\/05\/Cardo-163.jpg\"><img aria-describedby=\"caption-attachment-224\" loading=\"lazy\" class=\" wp-image-224\" title=\"Cardo (163)\" src=\"\/extremadurasecreta\/wp-content\/uploads\/sites\/16\/2012\/05\/Cardo-163.jpg\" alt=\"\" width=\"823\" height=\"1306\" srcset=\"https:\/\/static-blogs.hoy.es\/wp-content\/uploads\/sites\/16\/2012\/05\/Cardo-163-189x300.jpg 189w, https:\/\/static-blogs.hoy.es\/wp-content\/uploads\/sites\/16\/2012\/05\/Cardo-163-646x1024.jpg 646w\" sizes=\"(max-width: 823px) 100vw, 823px\" \/><\/a><p id=\"caption-attachment-224\" class=\"wp-caption-text\"><\/span> <span style=\"font-size: 8pt;\">El &#8220;cardo c\u00facare&#8221; debe arrancarse una noche de luna llena (Fotograf\u00eda: Jimber para Extremadura Secreta)<\/span><\/p><\/div>\n<p style=\"text-align: justify;\"><span style=\"font-size: 10pt;\">\u00a0Para curar los dolores de boca, entre otros, los curanderos conf\u00edan en el <strong>cardo \u201cc\u00facare\u201d,<\/strong> que es un cardo que ha pasado al menos dos a\u00f1os debajo de la tierra y que debe arrancarse una noche de luna llena. Guard\u00e1ndolo en el bolsillo, y diciendo de vez en cuando el conjuro <em>\u201cc\u00farame, cucare\u201d<\/em> se garantiza que antes de la cent\u00e9sima vez el dolor desaparece. De aburrimiento, me temo.<\/span><\/p>\n<p style=\"text-align: justify;\"><span style=\"font-size: 10pt;\">Pero no solo hay plantas benignas en <strong>Extremadura<\/strong>. Tambi\u00e9n hay plantas malignas como \u201c<strong>la embudera<\/strong>\u201d, una planta a la que se acusa desde hace muchos siglos en <strong>Las Hurdes<\/strong> de infectar las aguas que corren junto a sus alargadas ra\u00edces con una curiosa maldici\u00f3n: contaminar con <a title=\"Mara\u00f1\u00f3n y el Tiroides\" href=\"http:\/\/www.fund-gregorio-maranon.com\/RevisionOM\/pdf\/1%20Escobar.pdf\" rel=\"external nofollow\">bocio <\/a>a quien bebe de ellas.<\/span><\/p>\n<p style=\"text-align: justify;\"><span style=\"font-size: 10pt;\">Y es que los extreme\u00f1os hemos usado las plantas para casi todo. Con sus poderes alejamos tormentas, buscamos tesoros escondidos, elegimos a la persona amada, vemos a los dioses o a los esp\u00edritus, curamos a los ni\u00f1os herniados y a los aojados, propiciamos la suerte por el simple hecho de colgarlas de dinteles y alf\u00e9izares y preparamos ung\u00fcentos m\u00e1gicos capaces de enamorar al m\u00e1s reacio.<\/span><\/p>\n<p style=\"text-align: justify;\"><span style=\"font-size: 10pt;\">De todos estos usos hablaremos en otra ocasi\u00f3n. Por ahora, y como \u201cdeberes\u201d, vayan haciendo <strong>acopio de bayas, hojas y ra\u00edces recogidos al roc\u00edo tras la luna llena<\/strong>, que otra cosa no tendremos en estas tierras, pero campo nos sobra.<\/span><\/p>\n<p style=\"text-align: justify;\"><span style=\"font-size: 10pt;\">Y si alg\u00fan vecino cotilla le pregunta de d\u00f3nde viene a estas horas, con un cesto de hierbajos y sudando como un pollo, m\u00e9tale una <strong>embudera<\/strong> por el brocal del pozo, que cuando le salga el bocio pavero ver\u00e1 como se le quitan las ganas de seguir espiando a los vecinos. Y usted a lo suyo, a seguir recolectando, que quien a buen tallo se arrima\u2026<\/span><\/p>\n<!-- AddThis Advanced Settings generic via filter on the_content --><!-- AddThis Share Buttons generic via filter on the_content -->","protected":false},"excerpt":{"rendered":"<p>No se sorprenda si una noche escucha cantar a una ins\u00f3lita flor, o quejarse a un \u00e1rbol de cerezas, o gritar estridentemente a un extra\u00f1o tub\u00e9rculo. Puede que se encuentre paseando\u00a0por\u00a0Alcu\u00e9scar, donde en la antigua calleja del Parral, (ahora Avda. de la Constituci\u00f3n) exist\u00eda a principios del siglo XX un huerto encantado cuyas frutas se [&hellip;]<!-- AddThis Advanced Settings generic via filter on get_the_excerpt --><!-- AddThis Share Buttons generic via filter on get_the_excerpt --><\/p>\n","protected":false},"author":20,"featured_media":217,"comment_status":"open","ping_status":"closed","sticky":false,"template":"","format":"standard","meta":[],"categories":[4,5],"tags":[38,45,190,369,387,563,686,751,787,812,902,940,948,949,999,1098,1124,1183,1192],"_links":{"self":[{"href":"https:\/\/blogs.hoy.es\/extremadurasecreta\/wp-json\/wp\/v2\/posts\/216"}],"collection":[{"href":"https:\/\/blogs.hoy.es\/extremadurasecreta\/wp-json\/wp\/v2\/posts"}],"about":[{"href":"https:\/\/blogs.hoy.es\/extremadurasecreta\/wp-json\/wp\/v2\/types\/post"}],"author":[{"embeddable":true,"href":"https:\/\/blogs.hoy.es\/extremadurasecreta\/wp-json\/wp\/v2\/users\/20"}],"replies":[{"embeddable":true,"href":"https:\/\/blogs.hoy.es\/extremadurasecreta\/wp-json\/wp\/v2\/comments?post=216"}],"version-history":[{"count":1,"href":"https:\/\/blogs.hoy.es\/extremadurasecreta\/wp-json\/wp\/v2\/posts\/216\/revisions"}],"predecessor-version":[{"id":2407,"href":"https:\/\/blogs.hoy.es\/extremadurasecreta\/wp-json\/wp\/v2\/posts\/216\/revisions\/2407"}],"wp:featuredmedia":[{"embeddable":true,"href":"https:\/\/blogs.hoy.es\/extremadurasecreta\/wp-json\/wp\/v2\/media\/217"}],"wp:attachment":[{"href":"https:\/\/blogs.hoy.es\/extremadurasecreta\/wp-json\/wp\/v2\/media?parent=216"}],"wp:term":[{"taxonomy":"category","embeddable":true,"href":"https:\/\/blogs.hoy.es\/extremadurasecreta\/wp-json\/wp\/v2\/categories?post=216"},{"taxonomy":"post_tag","embeddable":true,"href":"https:\/\/blogs.hoy.es\/extremadurasecreta\/wp-json\/wp\/v2\/tags?post=216"}],"curies":[{"name":"wp","href":"https:\/\/api.w.org\/{rel}","templated":true}]}}