{"id":2248,"date":"2020-08-23T12:59:47","date_gmt":"2020-08-23T10:59:47","guid":{"rendered":"http:\/\/blogs.hoy.es\/extremadurasecreta\/?p=2248"},"modified":"2020-08-23T12:59:47","modified_gmt":"2020-08-23T10:59:47","slug":"las-leyendas-de-ahigal-de-encantamientos-tesoros-duendes-brujas-y-animas","status":"publish","type":"post","link":"https:\/\/blogs.hoy.es\/extremadurasecreta\/2020\/08\/23\/las-leyendas-de-ahigal-de-encantamientos-tesoros-duendes-brujas-y-animas\/","title":{"rendered":"Las leyendas de Ahigal: de encantamientos, tesoros, duendes, brujas y \u00e1nimas"},"content":{"rendered":"<p style=\"text-align: justify;\"><span style=\"font-size: 10pt;\">Acaba de salir del horno un tesoro. El tesoro del conocimiento de muchas generaciones ahigale\u00f1as, la huella gen\u00e9tica de un pueblo, la sabidur\u00eda ancestral de nuestros abuelos.<\/span><\/p>\n<div id=\"attachment_2249\" style=\"width: 1034px\" class=\"wp-caption aligncenter\"><img aria-describedby=\"caption-attachment-2249\" loading=\"lazy\" class=\"size-large wp-image-2249\" src=\"https:\/\/static-blogs.hoy.es\/wp-content\/uploads\/sites\/16\/2020\/08\/Jose-Maria-Dominguez-IMG_6929_edited-1024x683.jpg\" alt=\"\" width=\"1024\" height=\"683\" srcset=\"https:\/\/static-blogs.hoy.es\/wp-content\/uploads\/sites\/16\/2020\/08\/Jose-Maria-Dominguez-IMG_6929_edited-1024x683.jpg 1024w, https:\/\/static-blogs.hoy.es\/wp-content\/uploads\/sites\/16\/2020\/08\/Jose-Maria-Dominguez-IMG_6929_edited-300x200.jpg 300w, https:\/\/static-blogs.hoy.es\/wp-content\/uploads\/sites\/16\/2020\/08\/Jose-Maria-Dominguez-IMG_6929_edited-768x512.jpg 768w\" sizes=\"(max-width: 1024px) 100vw, 1024px\" \/><p id=\"caption-attachment-2249\" class=\"wp-caption-text\"><span style=\"font-size: 8pt;\">Jose Maria Dominguez Moreno, autor de &#8220;Leyendas de Ahigal&#8221; (Extremadura Secreta)<\/span><\/p><\/div>\n<p style=\"text-align: justify;\"><span style=\"font-size: 10pt;\">Y es que esta semana ha visto la luz el \u00faltimo libro de <a href=\"https:\/\/dialnet.unirioja.es\/servlet\/autor?codigo=300229\" rel=\"external nofollow\">Jose Mar\u00eda Dom\u00ednguez Moreno<\/a>, investigador, historiador , antrop\u00f3logo, folclorista\u00a0 y futura medalla de Extremadura si de mi dependiera. Y es que\u00a0 cada una de los dos centenares de\u00a0 leyendas que ha recuperado para este libro lleva inscrita en sus palabras el ADN de sus or\u00edgenes. Los dioses celtas, los h\u00e9roes germ\u00e1nicos, los monstruos grecoromanos y las v\u00edrgenes, santos y demonios del cristianismo pasean por estas p\u00e1ginas demostrando que solo bebiendo de tantas fuentes, culturas y creencias puede ser tan rica el alma extreme\u00f1a.<\/span><\/p>\n<div id=\"attachment_2251\" style=\"width: 1034px\" class=\"wp-caption aligncenter\"><img aria-describedby=\"caption-attachment-2251\" loading=\"lazy\" class=\"size-large wp-image-2251\" src=\"https:\/\/static-blogs.hoy.es\/wp-content\/uploads\/sites\/16\/2020\/08\/la-carvoch\u00e1-Mesegal-2017-Extremadura-Secreta-1024x683.jpg\" alt=\"\" width=\"1024\" height=\"683\" srcset=\"https:\/\/static-blogs.hoy.es\/wp-content\/uploads\/sites\/16\/2020\/08\/la-carvoch\u00e1-Mesegal-2017-Extremadura-Secreta-1024x683.jpg 1024w, https:\/\/static-blogs.hoy.es\/wp-content\/uploads\/sites\/16\/2020\/08\/la-carvoch\u00e1-Mesegal-2017-Extremadura-Secreta-300x200.jpg 300w, https:\/\/static-blogs.hoy.es\/wp-content\/uploads\/sites\/16\/2020\/08\/la-carvoch\u00e1-Mesegal-2017-Extremadura-Secreta-768x512.jpg 768w\" sizes=\"(max-width: 1024px) 100vw, 1024px\" \/><p id=\"caption-attachment-2251\" class=\"wp-caption-text\"><span style=\"font-size: 8pt;\">Dom\u00ednguez Moreno, de negro, actuando como &#8220;animeru&#8221; en la Carvoch\u00e1 de Mesegal de 2017 (Extremadura Secreta)<\/span><\/p><\/div>\n<p style=\"text-align: justify;\"><span style=\"font-size: 10pt;\">Tiene Jos\u00e9 Mar\u00eda cuatro medallas incontestables: el amor a su pueblo, la curiosidad de preguntar a los mayores, la paciencia de escucharlos durante a\u00f1os, y la maravillosa pluma con la que da cuerpo y vida a las leyendas que pueblan estas p\u00e1ginas.<\/span><\/p>\n<p style=\"text-align: justify;\"><span style=\"font-size: 10pt;\">Y con la recuperaci\u00f3n de estas tradiciones no solo rescata y da nueva vida al patrimonio inmaterial de su pueblo, Ahigal, sino que su rescate se extiende a toda Extremadura para deleite de todos aquellos que nos dedicamos a bucear en las creencias del pueblo y para los que Jos\u00e9 Mar\u00eda Dom\u00ednguez no es solo un referente, sino un maestro.<\/span><\/p>\n<p style=\"text-align: justify;\"><span style=\"font-size: 10pt;\">Y es que Jose Mar\u00eda, nadie puede dudarlo, <a href=\"https:\/\/blogs.hoy.es\/extremadurasecreta\/2012\/09\/22\/los-cuentos-de-ahigal-una-antigua-enciclopedia-extremena\/\"><strong>ha puesto a\u00a0 Ahigal en el mapa<\/strong>.<\/a> No solo en el mapa de Extremadura, sino en el de Espa\u00f1a. Y no solo (que tambi\u00e9n) en el \u00e1mbito acad\u00e9mico\u00a0 de las publicaciones antropol\u00f3gicas\u00a0 e hist\u00f3ricas con las que tanto disfrutamos los eternos estudiosos de la tradici\u00f3n oral, sino tambi\u00e9n en el \u00e1mbito popular, que es al fin y al cabo el receptor primero de estas leyendas.<\/span><\/p>\n<div id=\"attachment_2250\" style=\"width: 1034px\" class=\"wp-caption aligncenter\"><img aria-describedby=\"caption-attachment-2250\" loading=\"lazy\" class=\"size-large wp-image-2250\" src=\"https:\/\/static-blogs.hoy.es\/wp-content\/uploads\/sites\/16\/2020\/08\/calle-de-las-calaveras-de-Ahigal-Extremadura-secreta-1024x681.jpg\" alt=\"\" width=\"1024\" height=\"681\" srcset=\"https:\/\/static-blogs.hoy.es\/wp-content\/uploads\/sites\/16\/2020\/08\/calle-de-las-calaveras-de-Ahigal-Extremadura-secreta-1024x681.jpg 1024w, https:\/\/static-blogs.hoy.es\/wp-content\/uploads\/sites\/16\/2020\/08\/calle-de-las-calaveras-de-Ahigal-Extremadura-secreta-300x200.jpg 300w, https:\/\/static-blogs.hoy.es\/wp-content\/uploads\/sites\/16\/2020\/08\/calle-de-las-calaveras-de-Ahigal-Extremadura-secreta-768x511.jpg 768w, https:\/\/static-blogs.hoy.es\/wp-content\/uploads\/sites\/16\/2020\/08\/calle-de-las-calaveras-de-Ahigal-Extremadura-secreta.jpg 1936w\" sizes=\"(max-width: 1024px) 100vw, 1024px\" \/><p id=\"caption-attachment-2250\" class=\"wp-caption-text\"><span style=\"font-size: 8pt;\">La calle de las calaveras de Ahigal tambi\u00e9n tiene su leyenda (Extremadura secreta)<\/span><\/p><\/div>\n<p style=\"text-align: justify;\"><span style=\"font-size: 10pt;\"><a href=\"https:\/\/blogs.hoy.es\/extremadurasecreta\/2012\/04\/09\/unicornios-castuos-el-escornao\/\"><strong>El escornau de Ahigal <\/strong><\/a>ha pasado ya, gracias a Dom\u00ednguez, a formar parte del bestiario espa\u00f1ol. Forma parte de<a href=\"https:\/\/jesuscallejo.com\/featured_item\/bestiario-magico-libro-jesus-callejo\/\" rel=\"external nofollow\"> libros y enciclopedias<\/a>, de programas de radio y de televisi\u00f3n, y es conocido en toda nuestra geograf\u00eda, al igual que <a href=\"https:\/\/blogs.hoy.es\/extremadurasecreta\/2012\/03\/23\/la-bruja-esta-en-la-cueva\/\"><strong>las brujas que sobrevuelan los viernes los tejados ahigale\u00f1os<\/strong><\/a> o\u00a0 <a href=\"https:\/\/blogs.hoy.es\/extremadurasecreta\/2012\/09\/17\/los-pastores-que-sonaban-con-tesoros-y-una-cabra-blanquecina\/\"><strong>los tesoros que tachonan de oro el mapa legendario de un pueblo<\/strong><\/a> que gracias a la pluma de Jose Mar\u00eda ha pasado a ser parte del patrimonio intangible no solo de Extremadura, sino de Espa\u00f1a.<\/span><\/p>\n<p style=\"text-align: justify;\"><span style=\"font-size: 10pt;\">Como lectora, he disfrutado como una ni\u00f1a de estas narraciones, muchas veces con la boca abierta. Como periodista no he podido dejar de admirar el estilo conciso y a la vez tan rico en matices que destilan estas narraciones que tiene entre sus manos, y como antrop\u00f3loga me he sorprendido abriendo los ojos como platos cuando he logrado entrever, en alguna de las leyendas, los posos de antiguos relatos de otros lares lejanos y de otras \u00e9pocas oscuras que, por arte y magia de la narraci\u00f3n oral, arribaron a Ahigal en alas de la palabra.<\/span><\/p>\n<div id=\"attachment_2252\" style=\"width: 1034px\" class=\"wp-caption aligncenter\"><img aria-describedby=\"caption-attachment-2252\" loading=\"lazy\" class=\"size-large wp-image-2252\" src=\"https:\/\/static-blogs.hoy.es\/wp-content\/uploads\/sites\/16\/2020\/08\/Jose-Mar\u00eda-Dominguez-e-Israel-J-Espino-en-los-antruejos-hurdanos-de-2019-1024x683.jpg\" alt=\"\" width=\"1024\" height=\"683\" srcset=\"https:\/\/static-blogs.hoy.es\/wp-content\/uploads\/sites\/16\/2020\/08\/Jose-Mar\u00eda-Dominguez-e-Israel-J-Espino-en-los-antruejos-hurdanos-de-2019-1024x683.jpg 1024w, https:\/\/static-blogs.hoy.es\/wp-content\/uploads\/sites\/16\/2020\/08\/Jose-Mar\u00eda-Dominguez-e-Israel-J-Espino-en-los-antruejos-hurdanos-de-2019-300x200.jpg 300w, https:\/\/static-blogs.hoy.es\/wp-content\/uploads\/sites\/16\/2020\/08\/Jose-Mar\u00eda-Dominguez-e-Israel-J-Espino-en-los-antruejos-hurdanos-de-2019-768x512.jpg 768w\" sizes=\"(max-width: 1024px) 100vw, 1024px\" \/><p id=\"caption-attachment-2252\" class=\"wp-caption-text\"><span style=\"font-size: 8pt;\">\u00a0Israel J. Espino\u00a0 y Jose Mar\u00eda Dominguez, caracterizado como La Vaca Dulia, en los antruejos hurdanos de 2019 (Extremadura Secreta)<\/span><\/p><\/div>\n<p style=\"text-align: justify;\"><span style=\"font-size: 10pt;\">Solo me queda, como extreme\u00f1a, agradecer a Jose Mar\u00eda y a las instituciones que han sabido ver el valor de lo inmaterial\u00a0 (ayuntamiento de Ahigal y diputaci\u00f3n de C\u00e1ceres) la publicaci\u00f3n de este libro, porque solo con la recuperaci\u00f3n y difusi\u00f3n del patrimonio inmaterial podemos deducir de d\u00f3nde venimos y empezar a vislumbrar hacia d\u00f3nde vamos.<\/span><\/p>\n<p style=\"text-align: justify;\"><span style=\"font-size: 10pt;\">Dec\u00eda el antrop\u00f3logo George Dum\u00e9zil que un pueblo que no tiene leyendas est\u00e1 condenado a morir de fr\u00edo.\u00a0 Jos\u00e9 Mar\u00eda lleva a\u00f1os recogiendo le\u00f1a, y en este libro hay tanta como para que las ascuas sigan vivas otros mil a\u00f1os.<\/span><\/p>\n<p style=\"text-align: justify;\"><span style=\"font-size: 10pt;\">Nuestros corazones y los de nuestros hijos, calentados por el fuego de tradici\u00f3n, se lo agradecer\u00e1n eternamente.<\/span><\/p>\n<p>&nbsp;<\/p>\n<p>&nbsp;<\/p>\n<p>&nbsp;<\/p>\n<!-- AddThis Advanced Settings generic via filter on the_content --><!-- AddThis Share Buttons generic via filter on the_content -->","protected":false},"excerpt":{"rendered":"<p>Acaba de salir del horno un tesoro. El tesoro del conocimiento de muchas generaciones ahigale\u00f1as, la huella gen\u00e9tica de un pueblo, la sabidur\u00eda ancestral de nuestros abuelos. Y es que esta semana ha visto la luz el \u00faltimo libro de Jose Mar\u00eda Dom\u00ednguez Moreno, investigador, historiador , antrop\u00f3logo, folclorista\u00a0 y futura medalla de Extremadura si [&hellip;]<!-- AddThis Advanced Settings generic via filter on get_the_excerpt --><!-- AddThis Share Buttons generic via filter on get_the_excerpt --><\/p>\n","protected":false},"author":20,"featured_media":2255,"comment_status":"open","ping_status":"closed","sticky":false,"template":"","format":"standard","meta":[],"categories":[2,3,1406,9,10],"tags":[31,663,762,763],"_links":{"self":[{"href":"https:\/\/blogs.hoy.es\/extremadurasecreta\/wp-json\/wp\/v2\/posts\/2248"}],"collection":[{"href":"https:\/\/blogs.hoy.es\/extremadurasecreta\/wp-json\/wp\/v2\/posts"}],"about":[{"href":"https:\/\/blogs.hoy.es\/extremadurasecreta\/wp-json\/wp\/v2\/types\/post"}],"author":[{"embeddable":true,"href":"https:\/\/blogs.hoy.es\/extremadurasecreta\/wp-json\/wp\/v2\/users\/20"}],"replies":[{"embeddable":true,"href":"https:\/\/blogs.hoy.es\/extremadurasecreta\/wp-json\/wp\/v2\/comments?post=2248"}],"version-history":[{"count":4,"href":"https:\/\/blogs.hoy.es\/extremadurasecreta\/wp-json\/wp\/v2\/posts\/2248\/revisions"}],"predecessor-version":[{"id":2258,"href":"https:\/\/blogs.hoy.es\/extremadurasecreta\/wp-json\/wp\/v2\/posts\/2248\/revisions\/2258"}],"wp:featuredmedia":[{"embeddable":true,"href":"https:\/\/blogs.hoy.es\/extremadurasecreta\/wp-json\/wp\/v2\/media\/2255"}],"wp:attachment":[{"href":"https:\/\/blogs.hoy.es\/extremadurasecreta\/wp-json\/wp\/v2\/media?parent=2248"}],"wp:term":[{"taxonomy":"category","embeddable":true,"href":"https:\/\/blogs.hoy.es\/extremadurasecreta\/wp-json\/wp\/v2\/categories?post=2248"},{"taxonomy":"post_tag","embeddable":true,"href":"https:\/\/blogs.hoy.es\/extremadurasecreta\/wp-json\/wp\/v2\/tags?post=2248"}],"curies":[{"name":"wp","href":"https:\/\/api.w.org\/{rel}","templated":true}]}}