{"id":2289,"date":"2021-01-03T12:43:39","date_gmt":"2021-01-03T10:43:39","guid":{"rendered":"http:\/\/blogs.hoy.es\/extremadurasecreta\/?p=2289"},"modified":"2021-01-03T13:28:59","modified_gmt":"2021-01-03T11:28:59","slug":"del-noble-arte-de-rescatar-leyendas","status":"publish","type":"post","link":"https:\/\/blogs.hoy.es\/extremadurasecreta\/2021\/01\/03\/del-noble-arte-de-rescatar-leyendas\/","title":{"rendered":"Del noble arte de rescatar leyendas"},"content":{"rendered":"<p style=\"text-align: justify;\"><span style=\"font-size: 10pt;\">Rescatar leyendas est\u00e1 de moda. En Extremadura se han rescatado muchas\u00a0 este a\u00f1o,\u00a0 \u00a0como las<a href=\"https:\/\/blogs.hoy.es\/extremadurasecreta\/2020\/08\/23\/las-leyendas-de-ahigal-de-encantamientos-tesoros-duendes-brujas-y-animas\/\"> leyendas de Ahigal<\/a>, de nuestro querido antrop\u00f3logo Jose Mar\u00eda\u00a0 Dom\u00ednguez Moreno, y se han reelaborado otras para consumo de masas, como las escritas por Alejandro del Pino y Virginia Dom\u00ednguez en su obra &#8220;<a href=\"https:\/\/www.editamas.com\/product-page\/vuelta-a-las-ra%C3%ADces\" rel=\"external nofollow\">Vuelta a las Ra\u00edces<\/a>&#8220;, en la que\u00a0 podemos encontrar un buen compendio de relatos cortos protagonizados por personajes de la literatura extreme\u00f1a de origen tradicional, la mayor\u00eda\u00a0 dulcificados y despojados de su fuerza a cambio de poder llegar a un p\u00fablico que habitualmente no\u00a0 se interesa por ellos.<\/span><\/p>\n<p>&nbsp;<\/p>\n<p dir=\"auto\" style=\"text-align: justify;\"><img loading=\"lazy\" class=\"wp-image-2298 alignleft\" src=\"https:\/\/static-blogs.hoy.es\/wp-content\/uploads\/sites\/16\/2021\/01\/Vuelta-a-las-raices.jpg\" alt=\"\" width=\"246\" height=\"389\" srcset=\"https:\/\/static-blogs.hoy.es\/wp-content\/uploads\/sites\/16\/2021\/01\/Vuelta-a-las-raices.jpg 588w, https:\/\/static-blogs.hoy.es\/wp-content\/uploads\/sites\/16\/2021\/01\/Vuelta-a-las-raices-190x300.jpg 190w\" sizes=\"(max-width: 246px) 100vw, 246px\" \/><span style=\"font-size: 10pt;\">No\u00a0 soy partidaria de tocar leyendas ni seres m\u00edticos, porque\u00a0 tanto en lo legendario como en lo mitol\u00f3gico todo tiene un porqu\u00e9, una raz\u00f3n de ser que aunque no sea obvia para todos es parte necesaria e intr\u00ednseca de la simbolog\u00eda del relato. Pero tambi\u00e9n reconozco que a veces hay que sacrificar una parte para que el todo perviva, y en ocasiones la amputaci\u00f3n es necesaria para salvar al paciente.<\/span><\/p>\n<p dir=\"auto\" style=\"text-align: justify;\"><span style=\"font-size: 10pt;\">Los autores han decidido en este peque\u00f1o librito no plasmar\u00a0 la leyenda original, porque muchas veces es demasiado t\u00e9trica, sangrienta o sexual para todas las edades, aunque\u00a0siempre remiten\u00a0 a la leyenda original y\u00a0 consiguen sembrar\u00a0 la semilla de la tradici\u00f3n extreme\u00f1a en sus lectores. Bienvenidas esas semillas,\u00a0 que llevan en su interior los nombre\u00a0 del <a href=\"https:\/\/blogs.hoy.es\/extremadurasecreta\/2012\/04\/09\/unicornios-castuos-el-escornao\/\">Escornau de Ahigal<\/a>, el <a href=\"https:\/\/blogs.hoy.es\/extremadurasecreta\/2013\/07\/10\/el-duende-jampon-cuando-tiembla-la-despensa\/\">duende Jamp\u00f3n<\/a>,<a href=\"https:\/\/blogs.hoy.es\/extremadurasecreta\/2018\/03\/07\/yuste-y-el-miedo-a-las-mujeres\/\"> la serrana de la Vera<\/a>, <a href=\"https:\/\/blogs.hoy.es\/extremadurasecreta\/2012\/04\/17\/la-dama-blanca-del-guadiana\/\">la Dama Blanca del Guadiana<\/a>, \u00a0<a href=\"https:\/\/blogs.hoy.es\/extremadurasecreta\/2012\/03\/12\/dragones-castuos-la-tarasca-de-la-fuente-de-los-alunados\/\">la Tarasca de Badajoz<\/a>, la <a href=\"https:\/\/blogs.hoy.es\/extremadurasecreta\/2013\/04\/23\/la-mansabora-la-encantada-de-caceres\/\">Mansabor\u00e1<\/a> de C\u00e1ceres, el <a href=\"https:\/\/blogs.hoy.es\/extremadurasecreta\/2013\/03\/13\/senores-de-las-tormentas-el-entignao\/\">Entignau o\u00a0<\/a>el <a href=\"https:\/\/blogs.hoy.es\/extremadurasecreta\/2012\/12\/05\/el-macho-lanu-cuando-el-diablo-se-encabrona\/\">Machu Lan\u00fa<\/a> .<\/span><\/p>\n<p dir=\"auto\" style=\"text-align: justify;\"><span style=\"font-size: 10pt;\">Sin embargo, \u00a0el libro no solo relata leyendas, tambi\u00e9n cuentos tradicionales e incluso romances como el de la &#8220;Loba Parda&#8221; que har\u00e1n las delicias de los m\u00e1s peque\u00f1os y los m\u00e1s mayores,\u00a0 y cuenta con la portada, contraportada, mapa y detalles ilustrados por la artista Aurora Redondo, tambi\u00e9n extreme\u00f1a.<\/span><\/p>\n<p dir=\"auto\" style=\"text-align: justify;\"><span style=\"font-size: 10pt;\">Regalar leyendas est\u00e1 de moda. Y lo s\u00e9\u00a0 porque a\u00fan se siguen reeditando los <a href=\"https:\/\/edicionescydonia.com\/tiendacydonia\/product\/50-lugares-magicos-de-extremadura\/\" rel=\"external nofollow\">50 lugares m\u00e1gicos de Extremadura<\/a>\u00a0y a\u00fan se sigue vendiendo\u00a0<a href=\"https:\/\/almuzaralibros.com\/fichalibro.php?libro=3931&amp;edi=1\" rel=\"external nofollow\">Extremadura Secreta. Brujas, Sabias y Hechiceras<\/a>, como regalo de navidad.<\/span><\/p>\n<div dir=\"auto\"><\/div>\n<div dir=\"auto\">\n<p><img loading=\"lazy\" class=\"wp-image-2292 alignright\" src=\"https:\/\/static-blogs.hoy.es\/wp-content\/uploads\/sites\/16\/2021\/01\/portada-extremadura3-576x1024.jpg\" alt=\"\" width=\"268\" height=\"477\" srcset=\"https:\/\/static-blogs.hoy.es\/wp-content\/uploads\/sites\/16\/2021\/01\/portada-extremadura3-576x1024.jpg 576w, https:\/\/static-blogs.hoy.es\/wp-content\/uploads\/sites\/16\/2021\/01\/portada-extremadura3-169x300.jpg 169w, https:\/\/static-blogs.hoy.es\/wp-content\/uploads\/sites\/16\/2021\/01\/portada-extremadura3.jpg 720w\" sizes=\"(max-width: 268px) 100vw, 268px\" \/><\/p>\n<\/div>\n<div dir=\"auto\">\n<p><img loading=\"lazy\" class=\" wp-image-2237\" src=\"https:\/\/static-blogs.hoy.es\/wp-content\/uploads\/sites\/16\/2012\/03\/Portada-Extremadura-Secreta.-Brujas-sabias-hechiceras.-1-641x1024.jpg\" alt=\"\" width=\"303\" height=\"484\" srcset=\"https:\/\/static-blogs.hoy.es\/wp-content\/uploads\/sites\/16\/2012\/03\/Portada-Extremadura-Secreta.-Brujas-sabias-hechiceras.-1-641x1024.jpg 641w, https:\/\/static-blogs.hoy.es\/wp-content\/uploads\/sites\/16\/2012\/03\/Portada-Extremadura-Secreta.-Brujas-sabias-hechiceras.-1-188x300.jpg 188w, https:\/\/static-blogs.hoy.es\/wp-content\/uploads\/sites\/16\/2012\/03\/Portada-Extremadura-Secreta.-Brujas-sabias-hechiceras.-1-768x1227.jpg 768w, https:\/\/static-blogs.hoy.es\/wp-content\/uploads\/sites\/16\/2012\/03\/Portada-Extremadura-Secreta.-Brujas-sabias-hechiceras.-1.jpg 1478w\" sizes=\"(max-width: 303px) 100vw, 303px\" \/><\/p>\n<\/div>\n<div dir=\"auto\"><\/div>\n<p dir=\"auto\" style=\"text-align: justify;\"><span style=\"font-size: 10pt;\">Y para Reyes, se regalan bonos para realizar <a href=\"https:\/\/meridasecreta.com\/\" rel=\"external nofollow\">rutas de leyendas<\/a> , y se crean espect\u00e1culos maravillosos sobre la Serrana de la Vera, como el que estrenar\u00e1 este mes la <a href=\"https:\/\/www.albadulake.com\/\" rel=\"external nofollow\">Compa\u00f1\u00eda Al-Badulake<\/a> y que ha conseguido plasmar toda la esencia de este personaje mitol\u00f3gico que muchos consideran real.<\/span><\/p>\n<div dir=\"auto\"><\/div>\n<div dir=\"auto\"><\/div>\n<div dir=\"auto\">\n<div id=\"attachment_2293\" style=\"width: 1034px\" class=\"wp-caption aligncenter\"><img aria-describedby=\"caption-attachment-2293\" loading=\"lazy\" class=\"size-large wp-image-2293\" src=\"https:\/\/static-blogs.hoy.es\/wp-content\/uploads\/sites\/16\/2021\/01\/IMG-20201222-WA0002-1024x695.jpg\" alt=\"\" width=\"1024\" height=\"695\" srcset=\"https:\/\/static-blogs.hoy.es\/wp-content\/uploads\/sites\/16\/2021\/01\/IMG-20201222-WA0002-1024x695.jpg 1024w, https:\/\/static-blogs.hoy.es\/wp-content\/uploads\/sites\/16\/2021\/01\/IMG-20201222-WA0002-300x204.jpg 300w, https:\/\/static-blogs.hoy.es\/wp-content\/uploads\/sites\/16\/2021\/01\/IMG-20201222-WA0002-768x521.jpg 768w, https:\/\/static-blogs.hoy.es\/wp-content\/uploads\/sites\/16\/2021\/01\/IMG-20201222-WA0002.jpg 1600w\" sizes=\"(max-width: 1024px) 100vw, 1024px\" \/><p id=\"caption-attachment-2293\" class=\"wp-caption-text\"><span style=\"font-size: 8pt;\">&#8220;Serrana&#8221;, de la compa\u00f1\u00eda &#8220;Al-Badulake&#8221; (fotograf\u00eda de Jorge Armestar)<\/span><\/p><\/div>\n<div dir=\"auto\"><\/div>\n<p dir=\"auto\" style=\"text-align: justify;\"><span style=\"font-size: 10pt;\">La fotograf\u00eda, por cierto, es del premiado fot\u00f3grafo Jorge Armestar, quien este mismo mes presenta en Montijo\u00a0 su magn\u00edfica exposicion &#8220;Los 20 de enero&#8221;, que plasma su\u00a0 visi\u00f3n brutal y po\u00e9tica sobre el personaje de <a href=\"https:\/\/blogs.hoy.es\/extremadurasecreta\/2014\/01\/20\/ritos-ancestrales-el-jarramplas\/\">Jarramplas<\/a>, otro ser legendario que puebla, como la Serrana, las nevadas calles de Piornal.<\/span><\/p>\n<div dir=\"auto\"><\/div>\n<div dir=\"auto\"><\/div>\n<div dir=\"auto\">\n<div id=\"attachment_2294\" style=\"width: 650px\" class=\"wp-caption aligncenter\"><img aria-describedby=\"caption-attachment-2294\" loading=\"lazy\" class=\"size-full wp-image-2294\" src=\"https:\/\/static-blogs.hoy.es\/wp-content\/uploads\/sites\/16\/2021\/01\/expo-jarramplas_jorge-armestar-2.jpg\" alt=\"\" width=\"640\" height=\"442\" srcset=\"https:\/\/static-blogs.hoy.es\/wp-content\/uploads\/sites\/16\/2021\/01\/expo-jarramplas_jorge-armestar-2.jpg 640w, https:\/\/static-blogs.hoy.es\/wp-content\/uploads\/sites\/16\/2021\/01\/expo-jarramplas_jorge-armestar-2-300x207.jpg 300w\" sizes=\"(max-width: 640px) 100vw, 640px\" \/><p id=\"caption-attachment-2294\" class=\"wp-caption-text\"><span style=\"font-size: 8pt;\">Jarramplas, de la exposici\u00f3n &#8220;Los 20 de enero&#8221;\u00a0 (Jorge Armestar)<\/span><\/p><\/div>\n<p>&nbsp;<\/p>\n<\/div>\n<p dir=\"auto\" style=\"text-align: justify;\"><span style=\"font-size: 10pt;\">Pero que las leyendas est\u00e1n de moda no se palpa s\u00f3lo en Extremadura.\u00a0<span style=\"text-align: justify;\">Acaba de ver la luz\u00a0 el libro de<\/span><a style=\"text-align: justify;\" href=\"https:\/\/almuzaralibros.com\/fichalibro.php?libro=4658&amp;edi=1\" rel=\"external nofollow\"> Ciudad Real de Leyenda<\/a><span style=\"text-align: justify;\">, de Jos\u00e9 Talavera,\u00a0 escritor que se encuentra ahora consagrado en cuerpo y alma a recopilar y difundir las leyendas de la Mancha, provincia por provincia, para la editorial\u00a0 Almuzara.<\/span><\/span><\/p>\n<p style=\"text-align: justify;\"><img loading=\"lazy\" class=\"wp-image-2295 alignleft\" src=\"https:\/\/static-blogs.hoy.es\/wp-content\/uploads\/sites\/16\/2021\/01\/ciudad-real-de-leyenda.jpg\" alt=\"\" width=\"203\" height=\"322\" srcset=\"https:\/\/static-blogs.hoy.es\/wp-content\/uploads\/sites\/16\/2021\/01\/ciudad-real-de-leyenda.jpg 552w, https:\/\/static-blogs.hoy.es\/wp-content\/uploads\/sites\/16\/2021\/01\/ciudad-real-de-leyenda-189x300.jpg 189w\" sizes=\"(max-width: 203px) 100vw, 203px\" \/><\/p>\n<p dir=\"auto\" style=\"text-align: justify;\"><span style=\"font-size: 10pt;\"><span style=\"text-align: justify;\">Almuzara ha sabido ver el potencial de las leyendas , y ha decidido recuperalas por toda Espa\u00f1a. Ya lo hizo hace tiempo en Extremadura y lo hace ahora con otras regiones. Y como las leyendas no conocen fronteras, no era raro que encontrase, en este \u00faltimo libro dedicado a\u00a0 Ciudad Real,\u00a0 una leyenda manchega compartida con Extremadura, y que tiene mucho que ver concretamente con el<\/span><a style=\"text-align: justify;\" href=\"https:\/\/blogs.hoy.es\/extremadurasecreta\/2013\/09\/24\/el-tesoro-del-castillo\/\"> castillo de Capilla.<\/a><\/span><\/p>\n<p dir=\"auto\" style=\"text-align: justify;\"><span style=\"font-size: 10pt;\">Se trata de una leyenda estupenda que pordr\u00eda ser perfectamente el gui\u00f3n de una pel\u00edcula, porque tiene personajes hist\u00f3ricos, cuevas ocultas, mapas secretos y tesoros templarios.\u00a0<\/span><span style=\"font-size: 10pt;\">Una leyenda que cambiar\u00eda el rumbo de la historia si fuera cierta, y que <em>si non e vero, e ben trovato<\/em>.<\/span><\/p>\n<p dir=\"auto\" style=\"text-align: justify;\"><span style=\"font-size: 10pt;\">Y ya se sabe que en esto de la leyenda, lo importante es contarlo.<\/span><\/p>\n<\/div>\n<!-- AddThis Advanced Settings generic via filter on the_content --><!-- AddThis Share Buttons generic via filter on the_content -->","protected":false},"excerpt":{"rendered":"<p>Rescatar leyendas est\u00e1 de moda. En Extremadura se han rescatado muchas\u00a0 este a\u00f1o,\u00a0 \u00a0como las leyendas de Ahigal, de nuestro querido antrop\u00f3logo Jose Mar\u00eda\u00a0 Dom\u00ednguez Moreno, y se han reelaborado otras para consumo de masas, como las escritas por Alejandro del Pino y Virginia Dom\u00ednguez en su obra &#8220;Vuelta a las Ra\u00edces&#8220;, en la que\u00a0 [&hellip;]<!-- AddThis Advanced Settings generic via filter on get_the_excerpt --><!-- AddThis Share Buttons generic via filter on get_the_excerpt --><\/p>\n","protected":false},"author":20,"featured_media":2297,"comment_status":"open","ping_status":"closed","sticky":false,"template":"","format":"standard","meta":[],"categories":[3],"tags":[1493,1492,1491,1494,762,1490,1054],"_links":{"self":[{"href":"https:\/\/blogs.hoy.es\/extremadurasecreta\/wp-json\/wp\/v2\/posts\/2289"}],"collection":[{"href":"https:\/\/blogs.hoy.es\/extremadurasecreta\/wp-json\/wp\/v2\/posts"}],"about":[{"href":"https:\/\/blogs.hoy.es\/extremadurasecreta\/wp-json\/wp\/v2\/types\/post"}],"author":[{"embeddable":true,"href":"https:\/\/blogs.hoy.es\/extremadurasecreta\/wp-json\/wp\/v2\/users\/20"}],"replies":[{"embeddable":true,"href":"https:\/\/blogs.hoy.es\/extremadurasecreta\/wp-json\/wp\/v2\/comments?post=2289"}],"version-history":[{"count":21,"href":"https:\/\/blogs.hoy.es\/extremadurasecreta\/wp-json\/wp\/v2\/posts\/2289\/revisions"}],"predecessor-version":[{"id":2318,"href":"https:\/\/blogs.hoy.es\/extremadurasecreta\/wp-json\/wp\/v2\/posts\/2289\/revisions\/2318"}],"wp:featuredmedia":[{"embeddable":true,"href":"https:\/\/blogs.hoy.es\/extremadurasecreta\/wp-json\/wp\/v2\/media\/2297"}],"wp:attachment":[{"href":"https:\/\/blogs.hoy.es\/extremadurasecreta\/wp-json\/wp\/v2\/media?parent=2289"}],"wp:term":[{"taxonomy":"category","embeddable":true,"href":"https:\/\/blogs.hoy.es\/extremadurasecreta\/wp-json\/wp\/v2\/categories?post=2289"},{"taxonomy":"post_tag","embeddable":true,"href":"https:\/\/blogs.hoy.es\/extremadurasecreta\/wp-json\/wp\/v2\/tags?post=2289"}],"curies":[{"name":"wp","href":"https:\/\/api.w.org\/{rel}","templated":true}]}}