{"id":265,"date":"2012-06-08T10:12:43","date_gmt":"2012-06-08T08:12:43","guid":{"rendered":"http:\/\/blogs.hoy.es\/extremadurasecreta\/?p=265"},"modified":"2022-10-14T10:45:26","modified_gmt":"2022-10-14T08:45:26","slug":"seres-magicos-de-los-pozos-extremenos-airon-marunas-y-moracantanas-varias","status":"publish","type":"post","link":"https:\/\/blogs.hoy.es\/extremadurasecreta\/2012\/06\/08\/seres-magicos-de-los-pozos-extremenos-airon-marunas-y-moracantanas-varias\/","title":{"rendered":"Seres M\u00e1gicos de los Pozos: Air\u00f3n, Maru\u00f1as y Moracantanas"},"content":{"rendered":"<p style=\"text-align: justify;\"><span style=\"font-size: 10pt;\">\u00a0Hoy es el <a href=\"http:\/\/www.un.org\/es\/events\/oceansday\/\" target=\"_blank\" rel=\"noopener external nofollow\"><strong>D\u00eda de los Oce\u00e1nos<\/strong><\/a>, y a falta de ellos en Extremadura vamos a hablar de <strong>pozos<\/strong>, que aunque son mas \u201cchiquininos\u201d acogen en su interior toda la<strong> grandeza de algunos seres mitol\u00f3gico<\/strong>s.<\/span><\/p>\n<p style=\"text-align: justify;\"><span style=\"font-size: 10pt;\">\u00a0Y es que hay en nuestra tierra numerosos <strong>seres m\u00e1gicos relacionados con los cursos de agua del interior<\/strong>, reminiscencia de antiguos cultos paganos a los genios y diosas de las aguas, los <strong>genios loci<\/strong> o <strong>numen aquae<\/strong>, que tanta importancia tuvieron en la <strong>mitolog\u00eda romana<\/strong> y que han pervivido, modificados en mayor o menor medida, hasta nuestros d\u00edas.<\/span><\/p>\n<p style=\"text-align: justify;\"><span style=\"font-size: 10pt;\"><strong>\u00a0<a href=\"http:\/\/www.culturaspopulares.org\/textos2\/articulos\/salasparrilla.htm\" target=\"_blank\" rel=\"noopener external nofollow\">Air\u00f3n<\/a><\/strong> fue un <strong>dios ind\u00edgena<\/strong> que ya estaba <strong>arraigado en Hispania<\/strong> antes de que los romanos emprendieran su conquista. Su culto fue respetado por los romanos, y <strong>se relaciona con aguas profundas (ubicadas en pozos y lagunas) y tambi\u00e9n con simas<\/strong>, por lo que existe una <strong>relaci\u00f3n directa entre Air\u00f3n y el inframundo<\/strong>.<\/span><\/p>\n<p style=\"text-align: justify;\"><span style=\"font-size: 10pt;\"><strong>Air\u00f3n<\/strong> ofrece un doble aspecto, positivo y negativo. Afirma <strong>Miguel Salas Parrilla<\/strong> que <strong><a title=\"Nuevos datos acerca de Air\u00f3n, dios prerromano de los pozos\" href=\"http:\/\/www.culturaspopulares.org\/textos2\/articulos\/salasparrilla.htm\" rel=\"external nofollow\">Air\u00f3n <\/a><\/strong>es el <strong>dios de la vida<\/strong>, pues del inframundo emerge el agua y la vegetaci\u00f3n. Pero <strong>tambi\u00e9n es el dios de la muerte<\/strong>, pues el inframundo era el lugar a donde iban a parar las almas de los muertos.<\/span><\/p>\n<p style=\"text-align: justify;\"><span style=\"font-size: 10pt;\">\u00a0De hecho, a<strong>lgunas leyendas relacionadas con estos pozos se relacionan con cr\u00edmenes<\/strong>, y en algunos casos la leyenda pasa a convertirse en historia, como en \u201c<strong>E<\/strong>l <strong>horrible crimen del Pozo Air\u00f3n de Almendralejo\u201d <\/strong>que recogi\u00f3 el peri\u00f3dico<strong> <a title=\"Crimen del pozo Air\u00f3n en Almendralejo\" href=\"http:\/\/hemeroteca.abc.es\/nav\/Navigate.exe\/hemeroteca\/madrid\/abc\/1924\/06\/08\/027.html\" rel=\"external nofollow\">ABC<\/a> en 1924 <\/strong>y que se recit\u00f3 incluso en <strong><a title=\"UNAS NOTAS SOBRE LOS PLIEGOS DE CORDEL EN EXTREMADURA\" href=\"http:\/\/www.funjdiaz.net\/folklore\/07ficha.cfm?id=1647\" rel=\"external nofollow\">pliegos de cordel<\/a>. <\/strong>La v\u00edctima, <strong>Jos\u00e9 Gil<\/strong> fue descuartizada y el a<strong>sesino condenado a muerte<\/strong>.<\/span><\/p>\n<div id=\"attachment_267\" style=\"width: 845px\" class=\"wp-caption alignright\"><a href=\"\/extremadurasecreta\/wp-content\/uploads\/sites\/16\/2012\/06\/sender-2009_4.jpg\"><img aria-describedby=\"caption-attachment-267\" loading=\"lazy\" class=\" wp-image-267\" title=\"sender-2009_(4)\" src=\"\/extremadurasecreta\/wp-content\/uploads\/sites\/16\/2012\/06\/sender-2009_4.jpg\" alt=\"\" width=\"835\" height=\"565\" srcset=\"https:\/\/static-blogs.hoy.es\/wp-content\/uploads\/sites\/16\/2012\/06\/sender-2009_4.jpg 720w, https:\/\/static-blogs.hoy.es\/wp-content\/uploads\/sites\/16\/2012\/06\/sender-2009_4-300x203.jpg 300w\" sizes=\"(max-width: 835px) 100vw, 835px\" \/><\/a><p id=\"caption-attachment-267\" class=\"wp-caption-text\"><\/span> <span style=\"font-size: 8pt;\">El dios Air\u00f3n tambi\u00e9n pervive algunas lagunas (Fotograf\u00eda: Jimber para Extremadura Secreta)<\/span><\/p><\/div>\n<p style=\"text-align: justify;\"><span style=\"font-size: 10pt;\">\u00a0En la provincia de Badajoz tambi\u00e9n encontramos un <strong>Pozo Air\u00f3n<\/strong> en <strong>Cabeza del Buey<\/strong>\u00a0 y <strong>Campanario<\/strong>. En <strong>La Zarza<\/strong>\u00a0 y en <strong>Puebla de la Reina<\/strong> hay un\u00a0 <strong>Paraje Air\u00f3n<\/strong>, y en <strong>Orellana la Vieja<\/strong> una <strong>Laguna Air\u00f3n<\/strong>, <strong>de la que se dice que se trag\u00f3 una carreta con bueyes y ocupantes incluidos.<\/strong> La \u201claguna&#8221; no es tal, sino una poza que se forma en el arroyo, de la que afirma que <strong>se ubica sobre la boca de una antigua mina abandonada<\/strong>.<\/span><\/p>\n<p style=\"text-align: justify;\"><span style=\"font-size: 10pt;\">\u00a0En C\u00e1ceres hay un P<strong>ozo Air\u00f3n<\/strong> en <strong>Brozas<\/strong> y en <strong><a title=\"Celtiberia\" href=\"http:\/\/www.celtiberia.net\/verrespuesta.asp?idp=1741\" rel=\"external nofollow\">Bohonar de Ibor<\/a><\/strong>, (que no es pozo, sino dolmen que los paisanos confundieron con un pozo derruido) en <strong>Herreruela<\/strong> hay un <strong>Pozo Ir\u00f3n<\/strong> y una <strong>Sima Air\u00f3n<\/strong>, y en <strong><a title=\"Pozo Air\u00f3n en Valdefuentes\" href=\"http:\/\/valdefuentescc.blogspot.com.es\/p\/geografia-y-patrimonio.html\" rel=\"external nofollow\">Valdefuentes<\/a><\/strong> y en <strong>Valdelacasa del Tajo<\/strong>, hay dos pozos m\u00e1s.<\/span><\/p>\n<p style=\"text-align: justify;\"><span style=\"font-size: 10pt;\">Y al final de <strong>Sierra de Gata<\/strong> hay una <strong>Fuente Air\u00f3n<\/strong> que tiene encima una peque\u00f1a torre. Quien conozca su paradero t<strong>iene ya medio camino recorrido hacia la riqueza,<\/strong> pues ocho pasos por encima de ella hay un tesoro.<\/span><\/p>\n<p style=\"text-align: justify;\"><span style=\"font-size: 10pt;\">\u00a0Y si no hay suerte siempre se puede buscar en otro pozo, ya que en el <strong>r\u00edo Alag\u00f3n<\/strong>, al pie de un cerro, se encuentra el <strong>pozo Airon<\/strong>, que seg\u00fan\u00a0 un \u201c<strong>libro de tesoros<\/strong>\u201d tiene el brocal enterrado y excavado en la misma pe\u00f1a. \u201cEs de un estado de alto, aunque embebido en el suelo\u201d.<\/span><\/p>\n<p style=\"text-align: justify;\"><span style=\"font-size: 10pt;\">Debajo hay una sala cuadrada y en el medio un <strong>becerro de oro<\/strong>. <strong><em>En un rinc\u00f3n, a la derecha, hay una cama de oro con cuatro hombres de oro, y m\u00e1stiles, y alrededor hay colgadas muchas armas de oro y plata, piedras preciosas, diamantes, rub\u00edes, esmeraldas y topacios<\/em><\/strong>. Casi nada.<\/span><\/p>\n<div id=\"attachment_268\" style=\"width: 853px\" class=\"wp-caption alignleft\"><a href=\"\/extremadurasecreta\/wp-content\/uploads\/sites\/16\/2012\/06\/Conquista-Sierra-Camino-del-roble-2012-139.jpg\"><img aria-describedby=\"caption-attachment-268\" loading=\"lazy\" class=\" wp-image-268\" title=\"Conquista Sierra-Camino del roble-2012 (139)\" src=\"\/extremadurasecreta\/wp-content\/uploads\/sites\/16\/2012\/06\/Conquista-Sierra-Camino-del-roble-2012-139.jpg\" alt=\"\" width=\"843\" height=\"565\" srcset=\"https:\/\/static-blogs.hoy.es\/wp-content\/uploads\/sites\/16\/2012\/06\/Conquista-Sierra-Camino-del-roble-2012-139.jpg 720w, https:\/\/static-blogs.hoy.es\/wp-content\/uploads\/sites\/16\/2012\/06\/Conquista-Sierra-Camino-del-roble-2012-139-300x201.jpg 300w\" sizes=\"(max-width: 843px) 100vw, 843px\" \/><\/a><p id=\"caption-attachment-268\" class=\"wp-caption-text\"><\/span> <span style=\"font-size: 8pt;\">La Maru\u00f1a y la Moracantana tambi\u00e9n habitan en los pozos (Fotograf\u00eda: Jimber para Extremadura Secreta)<\/span><\/p><\/div>\n<p><span style=\"font-size: 10pt;\">Pero no solo de <strong>Air\u00f3n<\/strong> viven los pozos. En<a title=\"CANCIONES, PAREMIAS Y RELATOS DE BADAJOZ Y GRANADA\" href=\"http:\/\/www.culturaspopulares.org\/textos2\/archivo\/perezg.pdf\" rel=\"external nofollow\"> <strong>Quintana de la Serena<\/strong>, <strong>La Maru\u00f1a<\/strong><\/a> es un ser que habita en los pozos y agarra a los incautos que se asoman a ellos.<\/span><\/p>\n<p style=\"text-align: justify;\"><span style=\"font-size: 10pt;\">\u00a0En otras partes de <strong>Extremadura<\/strong> es la <strong><a title=\" EN TORNO AL LEXICO EXTREME\u00d1O\" href=\" http:\/\/www.funjdiaz.net\/folklore\/07ficha.cfm?id=907\">Moracantana<\/a><\/strong> la que se esconde en los pozos. En <strong>Mont\u00e1nchez La Moracantana<\/strong> se traga a los curiosos que se asoman a los brocales. En <strong>Guare\u00f1a <\/strong>tambi\u00e9n se sabe que habita dentro de los pozos, y tambi\u00e9n en <strong>Cilleros<\/strong>.<\/span><\/p>\n<p style=\"text-align: justify;\"><span style=\"font-size: 10pt;\">\u00a0En <strong>Santiba\u00f1ez el Bajo<\/strong> le cambian el nombre, pero tiene hasta una calle: La<strong> calle \u00a0Moraquintana<\/strong>, ubicada en el <strong>barrio de &#8220;La Cuesta&#8221;<\/strong>, el m\u00e1s antiguo del pueblo.<\/span><\/p>\n<p style=\"text-align: justify;\"><span style=\"font-size: 10pt;\"><strong>Felix Barroso<\/strong> afirma que la <strong>Moraquintana<\/strong>, <em>que en otras partes recibe el nombre de &#8220;<strong>Moracantana<\/strong>&#8220;, fue considerada d<strong>e siempre en el pueblo como una mujer de rostro ennegrecido, muy vieja y de aspecto espantoso<\/strong>, que recorr\u00eda por las noches la zona por donde se encuentra la calle que tiene dedicada. <\/em><\/span><\/p>\n<p style=\"text-align: justify;\"><span style=\"font-size: 10pt;\"><em>Contaban, igualmente, que ten\u00eda su vivienda en la zona de &#8220;<strong>La Cuesta<\/strong>&#8221; que mira hacia la &#8220;<strong>Juenti Lugal&#8221; (Fuente del Lugar).<\/strong> Tambi\u00e9n era muy a<strong>mante de esconderse entre los zarzales cercanos a las norias de los huertos<\/strong>; de aqu\u00ed que a los ni\u00f1os se les asustase con <strong>la Moraquintana<\/strong> si osaban acercarse a tales pozos.<\/em><\/span><\/p>\n<p style=\"text-align: justify;\"><span style=\"font-size: 10pt;\">\u00a0<strong>Asustani\u00f1os, guardianes de tesoros o genios de las aguas<\/strong>, los habitantes de los pozos extreme\u00f1os permanecen desde tiempos inmemoriales <strong>acechando en las oscuras aguas de sus estrechas moradas<\/strong>, vigilando la entrada a una puerta que comunica dos mundos, acechando al incauto que, llevado por la curiosidad, la imprudencia o la avaricia, se asome demasiado a sus p\u00e9treos brocales.<\/span><\/p>\n<p style=\"text-align: justify;\"><span style=\"font-size: 10pt;\">\u00a0Avisados quedan.<\/span><\/p>\n<p>&nbsp;<\/p>\n<!-- AddThis Advanced Settings generic via filter on the_content --><!-- AddThis Share Buttons generic via filter on the_content -->","protected":false},"excerpt":{"rendered":"<p>\u00a0Hoy es el D\u00eda de los Oce\u00e1nos, y a falta de ellos en Extremadura vamos a hablar de pozos, que aunque son mas \u201cchiquininos\u201d acogen en su interior toda la grandeza de algunos seres mitol\u00f3gicos. \u00a0Y es que hay en nuestra tierra numerosos seres m\u00e1gicos relacionados con los cursos de agua del interior, reminiscencia de [&hellip;]<!-- AddThis Advanced Settings generic via filter on get_the_excerpt --><!-- AddThis Share Buttons generic via filter on get_the_excerpt --><\/p>\n","protected":false},"author":20,"featured_media":266,"comment_status":"open","ping_status":"closed","sticky":false,"template":"","format":"standard","meta":[],"categories":[4,5,7,9],"tags":[32,61,132,154,171,195,309,500,530,582,605,709,734,863,868,870,916,987,1001,1011,1092,1119,1225,1227],"_links":{"self":[{"href":"https:\/\/blogs.hoy.es\/extremadurasecreta\/wp-json\/wp\/v2\/posts\/265"}],"collection":[{"href":"https:\/\/blogs.hoy.es\/extremadurasecreta\/wp-json\/wp\/v2\/posts"}],"about":[{"href":"https:\/\/blogs.hoy.es\/extremadurasecreta\/wp-json\/wp\/v2\/types\/post"}],"author":[{"embeddable":true,"href":"https:\/\/blogs.hoy.es\/extremadurasecreta\/wp-json\/wp\/v2\/users\/20"}],"replies":[{"embeddable":true,"href":"https:\/\/blogs.hoy.es\/extremadurasecreta\/wp-json\/wp\/v2\/comments?post=265"}],"version-history":[{"count":1,"href":"https:\/\/blogs.hoy.es\/extremadurasecreta\/wp-json\/wp\/v2\/posts\/265\/revisions"}],"predecessor-version":[{"id":2399,"href":"https:\/\/blogs.hoy.es\/extremadurasecreta\/wp-json\/wp\/v2\/posts\/265\/revisions\/2399"}],"wp:featuredmedia":[{"embeddable":true,"href":"https:\/\/blogs.hoy.es\/extremadurasecreta\/wp-json\/wp\/v2\/media\/266"}],"wp:attachment":[{"href":"https:\/\/blogs.hoy.es\/extremadurasecreta\/wp-json\/wp\/v2\/media?parent=265"}],"wp:term":[{"taxonomy":"category","embeddable":true,"href":"https:\/\/blogs.hoy.es\/extremadurasecreta\/wp-json\/wp\/v2\/categories?post=265"},{"taxonomy":"post_tag","embeddable":true,"href":"https:\/\/blogs.hoy.es\/extremadurasecreta\/wp-json\/wp\/v2\/tags?post=265"}],"curies":[{"name":"wp","href":"https:\/\/api.w.org\/{rel}","templated":true}]}}