{"id":288,"date":"2012-07-03T10:59:03","date_gmt":"2012-07-03T08:59:03","guid":{"rendered":"http:\/\/blogs.hoy.es\/extremadurasecreta\/?p=288"},"modified":"2022-10-14T20:27:10","modified_gmt":"2022-10-14T18:27:10","slug":"la-legendaria-reina-marida","status":"publish","type":"post","link":"https:\/\/blogs.hoy.es\/extremadurasecreta\/2012\/07\/03\/la-legendaria-reina-marida\/","title":{"rendered":"La legendaria reina M\u00e3rida"},"content":{"rendered":"<p style=\"text-align: justify;\"><span style=\"font-size: 10pt;\">El origen de numerosas localidades extreme\u00f1as se encuentra en la leyenda. Es normal y hasta l\u00f3gico cuando la historia se desconoce o se pierde. Pero hay ciudades, como <strong>M\u00e9rida<\/strong>, cuya importancia en el pasado consigue que se le atribuya <a title=\"Piedras, Ruinas, Antiguallas. Visiones de los restos arqueol\u00f3gicos de M\u00e9rida. Siglos XVI a XIX.\" href=\"http:\/\/www.casadellibro.com\/libro-piedras-ruinas-antiguallas-visiones-de-los-restos-arqueologico-s-de-merida-siglos-xvi-xix\/9788498521832\/1624585\" rel=\"external nofollow\">no un origen legendario, sino hasta cuatro<\/a>.<\/span><\/p>\n<p style=\"text-align: justify;\"><span style=\"font-size: 10pt;\">Y <strong>la m\u00e1s bella de esas leyendas<\/strong> es quiz\u00e1s la menos conocida, la que atribuye a una legendaria y bella <strong>reina M\u00e3rida<\/strong> la fundaci\u00f3n de la inmensa, marm\u00f3rea y monumental ciudad que a lo largo de los siglos y por pluma de <strong>Larra<\/strong> se transform\u00f3 en <em>\u201cla humilde <strong>M\u00e9rida<\/strong>, semejante a las aves nocturnas, que hace su habitaci\u00f3n en las altas ruinas\u201d.<\/em><\/span><\/p>\n<p style=\"text-align: justify;\"><span style=\"font-size: 10pt;\"><strong>Muhammad Ab\u00fa Abdala Al-Idrisi Al-Sarif<\/strong>, que vivi\u00f3 en el 1.100 d.C., fue el principal ge\u00f3grafo del mundo \u00e1rabe. Es \u00e9l el primero que nos habla de<strong> la reina M\u00e3rida, <\/strong>hija del <strong>Rey Horosus<\/strong> (\u00bfHorus?).<\/span><\/p>\n<p style=\"text-align: justify;\"><span style=\"font-size: 10pt;\">Asegura <strong>Al-Idrisi <\/strong>que los numerosos vestigios y restos que perviven en la ciudad atestiguar\u00edan la grandeza y el poder\u00edo que tuvo esta reina, que era servida en platos de oro y plata que bajaban flotando hasta su mesa repletos de deliciosos manjares.<\/span><\/p>\n<div id=\"attachment_290\" style=\"width: 885px\" class=\"wp-caption alignright\"><a href=\"\/extremadurasecreta\/wp-content\/uploads\/sites\/16\/2012\/07\/fotos-emerita-57.jpg\"><img aria-describedby=\"caption-attachment-290\" loading=\"lazy\" class=\" wp-image-290\" title=\"fotos emerita (57)\" src=\"\/extremadurasecreta\/wp-content\/uploads\/sites\/16\/2012\/07\/fotos-emerita-57.jpg\" alt=\"\" width=\"875\" height=\"657\" srcset=\"https:\/\/static-blogs.hoy.es\/wp-content\/uploads\/sites\/16\/2012\/07\/fotos-emerita-57.jpg 640w, https:\/\/static-blogs.hoy.es\/wp-content\/uploads\/sites\/16\/2012\/07\/fotos-emerita-57-300x225.jpg 300w\" sizes=\"(max-width: 875px) 100vw, 875px\" \/><\/a><p id=\"caption-attachment-290\" class=\"wp-caption-text\"><\/span> <span style=\"font-size: 8pt;\">En la ciudadela se encontraba la legendaria &#8220;cocina&#8221; de la reina M\u00e3rida (Fotograf\u00eda: Jimber para Extremadura Secreta)<\/span><\/p><\/div>\n<p style=\"text-align: justify;\"><span style=\"font-size: 10pt;\">Afirma el \u00e1rabe que <em><strong>\u201cen las ruinas de la ciudadela hay una habitaci\u00f3n que llaman \u201cla cocina\u201d, que se encontraba sobre la sala de recepciones de la palacio\u201d<\/strong>. <\/em><\/span><\/p>\n<p style=\"text-align: justify;\"><span style=\"font-size: 10pt;\">Desde all\u00ed, y por un ingenioso\u00a0 sistema de canales, los cocineros enviaban los dorados platos\u00a0 y\u00a0 las plateadas bandejas \u00a0repletos de delicias, que se depositaban suavemente delante mismo de <strong>la Reina<\/strong><strong> M\u00e3rida <\/strong>y de sus asombrados invitados.<\/span><\/p>\n<div class=\"mceTemp\"><span style=\"font-size: 10pt;\">Del mismo modo, una vez que el plato era consumido, se depositaba de nuevo en los canales, que lo llevaban de nuevo, gracias a sifones y columnas que se adaptaban a la topograf\u00eda del terreno, \u00a0flotando a \u201cla cocina\u201d, donde era lavados y recogidos.<\/span><\/div>\n<p style=\"text-align: justify;\"><span style=\"font-size: 10pt;\">Pero <strong>la reina M\u00e3rida<\/strong>, adem\u00e1s de aficionada a la buena mesa <strong>deb\u00eda ser un puntito presumida<\/strong>, porque si esta antigua \u201ccocina dom\u00f3tica\u201d era curiosa, m\u00e1s lo era el <strong>legendario espejo<\/strong> en el que al parecer contemplaba su impresionante belleza,\u00a0 situado en lo alto de una torre, en otro palacio m\u00e1s peque\u00f1o que se encontraba al sur de la muralla.<\/span><\/p>\n<div id=\"attachment_291\" style=\"width: 849px\" class=\"wp-caption alignleft\"><a href=\"\/extremadurasecreta\/wp-content\/uploads\/sites\/16\/2012\/07\/merida-enero-2011-25.jpg\"><img aria-describedby=\"caption-attachment-291\" loading=\"lazy\" class=\" wp-image-291\" title=\"merida-enero-2011 (25)\" src=\"\/extremadurasecreta\/wp-content\/uploads\/sites\/16\/2012\/07\/merida-enero-2011-25.jpg\" alt=\"\" width=\"839\" height=\"571\" srcset=\"https:\/\/static-blogs.hoy.es\/wp-content\/uploads\/sites\/16\/2012\/07\/merida-enero-2011-25.jpg 720w, https:\/\/static-blogs.hoy.es\/wp-content\/uploads\/sites\/16\/2012\/07\/merida-enero-2011-25-300x204.jpg 300w\" sizes=\"(max-width: 839px) 100vw, 839px\" \/><\/a><p id=\"caption-attachment-291\" class=\"wp-caption-text\"><\/span> <span style=\"font-size: 8pt;\">Al sur de la muralla se encontraba la Torre del Espejo de la Reina M\u00e3rida (Fotograf\u00eda: Jimber para Extremadura Secreta)<\/span><\/p><\/div>\n<p style=\"text-align: justify;\"><span style=\"font-size: 10pt;\">Ten\u00eda el espejo <strong>veinte palmos de circunferencia<\/strong> y giraba sobre sus goznes en sentido vertical. <strong>La reina M\u00e3rida<\/strong> lo hab\u00eda mandado construir, nada m\u00e1s y nada menos, que a imitaci\u00f3n del que el gran <strong>\u00a0Alejandro<\/strong> hab\u00eda hecho fabricar en el faro de <strong>Alejandr\u00eda<\/strong>.<\/span><\/p>\n<p style=\"text-align: justify;\"><span style=\"font-size: 10pt;\">Para los arque\u00f3logos es posible que, m\u00e1s que un enorme \u201cespejito de mano\u201d en el que contemplar la belleza, este magn\u00edfico objeto \u00a0pod\u00edan ser parte de un <strong>sistema de comunicaci\u00f3n por se\u00f1ales de reflejos<\/strong>, algo mucho m\u00e1s l\u00f3gico en una reina que, por muy bella que sea, quiera conservar su reino a salvo.<\/span><\/p>\n<p style=\"text-align: justify;\"><span style=\"font-size: 10pt;\">Seg\u00fan otro historiador \u00e1rabe,\u00a0 <strong>Al-Himyari<\/strong>, en el siglo XV los restos de la torre y del espejo a\u00fan permanec\u00edan en pie.<\/span><\/p>\n<p style=\"text-align: justify;\"><span style=\"font-size: 10pt;\">Ya les dec\u00eda al principio que esta legendaria y misteriosa reina\u00a0 es mi preferida para la fundaci\u00f3n de <strong>M\u00e9rida<\/strong>, pero si no les he convencido, aqu\u00ed tienen una panoplia para elegir:<\/span><\/p>\n<p style=\"text-align: justify;\"><span style=\"font-size: 10pt;\">El traductor oficial del \u00e1rabe de los reyes <strong>Felipe II <\/strong>y <strong>Felipe III<\/strong>, el gran fabulador <strong>Miguel de Luna<\/strong>, atribuye la fundaci\u00f3n de <strong>M\u00e9rida<\/strong> a <strong>Sem Tofail (T\u00fabal)<\/strong>, nieto nada menos que de <strong>No\u00e9<\/strong>.<\/span><\/p>\n<p style=\"text-align: justify;\"><span style=\"font-size: 10pt;\">Afirma que en la ciudad se encontr\u00f3n una <strong>inscripci\u00f3n escrita en lengua calde<\/strong>a donde se narraba la historia de<strong> T\u00fabal<\/strong>, y de c\u00f3mo sus descendientes de multiplicaron en la ciudad hasta 65.000 personas, curiosamente la cantidad de habitantes que conviven actualmente en la ciudad.<\/span><\/p>\n<p style=\"text-align: justify;\"><span style=\"font-size: 10pt;\"><strong>Fray Francisco de Coria<\/strong> tampoco se corta un pelo y recoge la fundaci\u00f3n de <strong>M\u00e9rida<\/strong> nada menos que por <strong>H\u00e9rcules<\/strong>, quien vence por estos pagos a los <strong>Geriones<\/strong> y decide llamar a la ciudad\u00a0 \u201c<strong>Mem\u00f3rida<\/strong>\u201d, en memoria de esta victoria.<\/span><\/p>\n<p style=\"text-align: justify;\"><span style=\"font-size: 10pt;\">Con esto, y con su fundaci\u00f3n por parte de la tribu de los \u201c<strong>Mirmitones<\/strong>\u201d, acabamos nuestras fundaciones legendarias emeritenses.<\/span><\/p>\n<p style=\"text-align: justify;\"><span style=\"font-size: 10pt;\">Otro d\u00eda les contar\u00e9 m\u00e1s leyendas sobre los or\u00edgenes de nuestros pueblos, pero por hoy perm\u00edtanme quedarme con el recuerdo de <strong>la reina M\u00e3rida<\/strong>, de su enorme belleza y de su cocina cuasi m\u00e1gica arrullada por el sonido del agua. Porque <strong><em>se non \u00e8 vero, \u00e8 ben trovato<\/em><\/strong>, y con los calores de hoy mejor so\u00f1ar que meterse en la cocina.<\/span><\/p>\n<p style=\"text-align: justify;\"><span style=\"font-size: 10pt;\">Sobre todo si no es acu\u00e1tica.<\/span><\/p>\n<p>&nbsp;<\/p>\n<!-- AddThis Advanced Settings generic via filter on the_content --><!-- AddThis Share Buttons generic via filter on the_content -->","protected":false},"excerpt":{"rendered":"<p>El origen de numerosas localidades extreme\u00f1as se encuentra en la leyenda. Es normal y hasta l\u00f3gico cuando la historia se desconoce o se pierde. Pero hay ciudades, como M\u00e9rida, cuya importancia en el pasado consigue que se le atribuya no un origen legendario, sino hasta cuatro. Y la m\u00e1s bella de esas leyendas es quiz\u00e1s [&hellip;]<!-- AddThis Advanced Settings generic via filter on get_the_excerpt --><!-- AddThis Share Buttons generic via filter on get_the_excerpt --><\/p>\n","protected":false},"author":20,"featured_media":289,"comment_status":"open","ping_status":"closed","sticky":false,"template":"","format":"standard","meta":[],"categories":[4,1406,12,7,10],"tags":[831,1016],"_links":{"self":[{"href":"https:\/\/blogs.hoy.es\/extremadurasecreta\/wp-json\/wp\/v2\/posts\/288"}],"collection":[{"href":"https:\/\/blogs.hoy.es\/extremadurasecreta\/wp-json\/wp\/v2\/posts"}],"about":[{"href":"https:\/\/blogs.hoy.es\/extremadurasecreta\/wp-json\/wp\/v2\/types\/post"}],"author":[{"embeddable":true,"href":"https:\/\/blogs.hoy.es\/extremadurasecreta\/wp-json\/wp\/v2\/users\/20"}],"replies":[{"embeddable":true,"href":"https:\/\/blogs.hoy.es\/extremadurasecreta\/wp-json\/wp\/v2\/comments?post=288"}],"version-history":[{"count":1,"href":"https:\/\/blogs.hoy.es\/extremadurasecreta\/wp-json\/wp\/v2\/posts\/288\/revisions"}],"predecessor-version":[{"id":2423,"href":"https:\/\/blogs.hoy.es\/extremadurasecreta\/wp-json\/wp\/v2\/posts\/288\/revisions\/2423"}],"wp:featuredmedia":[{"embeddable":true,"href":"https:\/\/blogs.hoy.es\/extremadurasecreta\/wp-json\/wp\/v2\/media\/289"}],"wp:attachment":[{"href":"https:\/\/blogs.hoy.es\/extremadurasecreta\/wp-json\/wp\/v2\/media?parent=288"}],"wp:term":[{"taxonomy":"category","embeddable":true,"href":"https:\/\/blogs.hoy.es\/extremadurasecreta\/wp-json\/wp\/v2\/categories?post=288"},{"taxonomy":"post_tag","embeddable":true,"href":"https:\/\/blogs.hoy.es\/extremadurasecreta\/wp-json\/wp\/v2\/tags?post=288"}],"curies":[{"name":"wp","href":"https:\/\/api.w.org\/{rel}","templated":true}]}}