{"id":296,"date":"2012-07-06T00:39:33","date_gmt":"2012-07-05T22:39:33","guid":{"rendered":"http:\/\/blogs.hoy.es\/extremadurasecreta\/?p=296"},"modified":"2022-10-14T20:24:02","modified_gmt":"2022-10-14T18:24:02","slug":"por-las-barbas-del-profeta","status":"publish","type":"post","link":"https:\/\/blogs.hoy.es\/extremadurasecreta\/2012\/07\/06\/por-las-barbas-del-profeta\/","title":{"rendered":"\u00a1Por las barbas del profeta!"},"content":{"rendered":"<p style=\"text-align: justify;\"><span style=\"font-size: 10pt;\">Los moros encantados tienen mucho afecto a sus barbas. Sobre todo en Extremadura. En <strong>Ahigal<\/strong> ya contamos c\u00f3mo puede uno enriquecerse\u00a0 tan solo madrugando<a href=\"https:\/\/blogs.hoy.es\/extremadurasecreta\/2018\/06\/22\/las-encantadas-de-san-juan\/\"> <strong>la ma\u00f1ana de San Juan<\/strong><\/a> y pas\u00e1ndose\u00a0por <strong><em><a title=\"Extremadura Secreta: El mapa del tesoro\" href=\"https:\/\/blogs.hoy.es\/extremadurasecreta\/2012\/03\/09\/extremadura-el-mapa-del-tesoro\/\">Las Oliveras del Tesoro<\/a><\/em><\/strong>, y cuando se encuentre con un se\u00f1or de larga barba que tiene un tenderete, decirle que lo que m\u00e1s le gusta es su barba. Eso le har\u00e1 rico para siempre.<\/span><\/p>\n<p style=\"text-align: justify;\"><span style=\"font-size: 10pt;\">\u00a0Cuentan que, hace ya muchos a\u00f1os, el\u00a0 d\u00eda de S<strong>an Juan<\/strong> muy temprano, un molinero paseaba por all\u00ed desde el molino del r\u00edo, y vio junto a la pared del huerto una tienda de baratijas.<\/span><\/p>\n<p style=\"text-align: justify;\"><span style=\"font-size: 10pt;\">Extra\u00f1ado, se arrim\u00f3 a la pared y vio a un se\u00f1or que ten\u00eda una barba blanca muy larga y abundante, sentado detr\u00e1s del mostrador. Cuando el se\u00f1or se dio cuenta de que llegaba aquel hombre, se levant\u00f3 muy atento a preguntarle qu\u00e9 quer\u00eda de su tienda, y qu\u00e9e era lo que mas le gustaba. El molinero, despu\u00e9s de examinar todo lo que hab\u00eda, le contest\u00f3 que una cuerda, que se ve que le hac\u00eda falta para alg\u00fan costal.<\/span><\/p>\n<p style=\"text-align: justify;\"><span style=\"font-size: 10pt;\">El hombre de la barba se puso furioso, cogi\u00f3 la cuerda y se lanz\u00f3 al molinero gritando:<\/span><\/p>\n<div id=\"attachment_299\" style=\"width: 855px\" class=\"wp-caption alignright\"><a href=\"\/extremadurasecreta\/wp-content\/uploads\/sites\/16\/2012\/07\/A-455.jpg\"><img aria-describedby=\"caption-attachment-299\" loading=\"lazy\" class=\" wp-image-299\" title=\"A (455)\" src=\"\/extremadurasecreta\/wp-content\/uploads\/sites\/16\/2012\/07\/A-455.jpg\" alt=\"\" width=\"845\" height=\"1006\" srcset=\"https:\/\/static-blogs.hoy.es\/wp-content\/uploads\/sites\/16\/2012\/07\/A-455.jpg 661w, https:\/\/static-blogs.hoy.es\/wp-content\/uploads\/sites\/16\/2012\/07\/A-455-252x300.jpg 252w\" sizes=\"(max-width: 845px) 100vw, 845px\" \/><\/a><p id=\"caption-attachment-299\" class=\"wp-caption-text\"><\/span> <span style=\"font-size: 8pt;\">Los moros encantados tienen gran aficci\u00f3n a sus barbas (Fotograf\u00eda: Jimber para Extremadura Secreta)<\/span><\/p><\/div>\n<p style=\"text-align: justify;\"><span style=\"font-size: 10pt;\"><em>\u00a0<\/em><\/span><\/p>\n<p style=\"text-align: justify;\"><span style=\"font-size: 10pt;\"><em>&#8211;\u00a0\u00a0\u00a0\u00a0\u00a0\u00a0\u00a0\u00a0\u00a0\u00a0 \u00a1 Para ahorcarte con ella!<\/em><\/span><\/p>\n<p style=\"text-align: justify;\"><span style=\"font-size: 10pt;\">Y lo agarr\u00f3\u00a0 de la camisa, pero como era ya muy vieja se rompi\u00f3, y el molinero sali\u00f3 corriendo hasta llegar al arroyo, que estaba al lado. Entonces, el barbudo le grit\u00f3:<\/span><\/p>\n<p style=\"text-align: justify;\"><span style=\"font-size: 10pt;\">&#8211;\u00a0\u00a0\u00a0\u00a0\u00a0\u00a0\u00a0\u00a0\u00a0\u00a0 <em>\u00a1Ya te escapaste, que no puedo pasar del arroyo! \u00a0\u00a1Si hubieses dicho que lo que m\u00e1s te gustaba de la tienda era mi barba, me habr\u00edas desencantado y te habr\u00eda hecho todo lo rico que hubieras querido!<\/em><\/span><\/p>\n<p style=\"text-align: justify;\"><span style=\"font-size: 10pt;\"><a title=\"La noche de San Juan en la Alta Extremadura\" href=\"http:\/\/www.funjdiaz.net\/folklore\/07ficha.cfm?id=375\" rel=\"external nofollow\">Otras lenguas y otras memorias <\/a>afirman que, casi todo lo que hay en la tienda es de oro, y de lo que hay que pedir son unas tijeras de este metal, y con ellas cortar la barba del moro, desencant\u00e1ndolo as\u00ed para siempre.<\/span><\/p>\n<p style=\"text-align: justify;\"><span style=\"font-size: 10pt;\">\u00a0Y si hacemos caso a <strong><a title=\"Supersticiones extreme\u00f1as\" href=\"http:\/\/books.google.es\/books\/about\/Supersticiones_extreme%C3%B1as.html?hl=es&amp;id=hug8PQAACAAJ\" rel=\"external nofollow\">Publio Hurtado<\/a><\/strong>, en un determinado rinc\u00f3n de la <strong>Sierra<\/strong><strong> de J\u00e1lama<\/strong>, en fechas concretas, varias personas han afirmado ver distintos objetos de adorno, hechos de oro y plata con incrustaciones de piedras preciosas. La visi\u00f3n va precedida de un gran silencio y de la presencia de un misterioso moro que realiza infinidad de promesas a todo aquel que lo observa.<\/span><\/p>\n<div id=\"attachment_300\" style=\"width: 844px\" class=\"wp-caption alignleft\"><a href=\"\/extremadurasecreta\/wp-content\/uploads\/sites\/16\/2012\/07\/martintrevejo-116.jpg\"><img aria-describedby=\"caption-attachment-300\" loading=\"lazy\" class=\" wp-image-300\" title=\"martintrevejo (116)\" src=\"\/extremadurasecreta\/wp-content\/uploads\/sites\/16\/2012\/07\/martintrevejo-116.jpg\" alt=\"\" width=\"834\" height=\"559\" srcset=\"https:\/\/static-blogs.hoy.es\/wp-content\/uploads\/sites\/16\/2012\/07\/martintrevejo-116.jpg 720w, https:\/\/static-blogs.hoy.es\/wp-content\/uploads\/sites\/16\/2012\/07\/martintrevejo-116-300x201.jpg 300w\" sizes=\"(max-width: 834px) 100vw, 834px\" \/><\/a><p id=\"caption-attachment-300\" class=\"wp-caption-text\"><\/span> <span style=\"font-size: 8pt;\">En un rinc\u00f3n de J\u00e1lama un moro se apareci\u00f3 a Aniceta La Polea (Fotograf\u00eda: Jimber para Extremadura Secreta)<\/span><\/p><\/div>\n<p style=\"text-align: justify;\"><span style=\"font-size: 10pt;\">\u00a0Una de las \u00faltimas extreme\u00f1as en encontrarse con\u00a0el \u201cencanto\u201d fue una pastora llamada <strong>Aniceta \u201cla Polea<\/strong>\u201d, quien hacia 1860 se encontraba guardando su ganado cuando se encontr\u00f3 con un misterioso bazar ambulante. En \u00e9l encontr\u00f3 telas preciosas, piezas de orfebrer\u00eda y adornos de oro y plata. Tras el bazar, un moro con larga barba la miraba fijamente.<\/span><\/p>\n<p style=\"text-align: justify;\"><span style=\"font-size: 10pt;\">\u00a0<strong>La Polea<\/strong> cogi\u00f3 una jarrita de oro, pero el moro le dijo:<\/span><\/p>\n<p style=\"text-align: justify;\"><span style=\"font-size: 10pt;\">&#8211;\u00a0\u00a0\u00a0\u00a0\u00a0\u00a0\u00a0\u00a0\u00a0\u00a0 \u201c<em>Deja eso en su sitio, que \u00e1un no te lo mereces. Vuelve sola dentro de un a\u00f1o exacto y ser\u00e1s dichosa. Mientras, encontrar\u00e1s un peque\u00f1o tesoro all\u00ed\u201d,<\/em> dijo mientras se\u00f1alaba una cima cercana.<\/span><\/p>\n<p style=\"text-align: justify;\"><span style=\"font-size: 10pt;\">\u00a0<strong>Aniceta<\/strong> mir\u00f3 hacia el lugar que el moro se\u00f1alaba, y al volver la vista a la tienda esta hab\u00eda desaparecido.<\/span><\/p>\n<p style=\"text-align: justify;\"><span style=\"font-size: 10pt;\">\u00a0El peque\u00f1o tesoro lo debi\u00f3 buscar mal, puesto que no lo hall\u00f3, aunque al parecer lo encontr\u00f3 tiempo despu\u00e9s una familia de <strong>San Mart\u00edn de Trevejo<\/strong>, que se hizo rica.<\/span><\/p>\n<p style=\"text-align: justify;\"><span style=\"font-size: 10pt;\">\u00a0Pero al a\u00f1o regres\u00f3, tal y como le hab\u00eda ordenado el moro, aunque acompa\u00f1ada por vecinos y familiares, que tambi\u00e9n quer\u00edan su parte, algunos porque dudaban ya de la cordura de Aniceta, y otros porque quer\u00edan su parte, por lo que el moro no volvi\u00f3 a aparecer pese a las s\u00faplicas y lamentos de la pastora, que perdi\u00f3 para siempre su prometido tesoro, muriendo al tiempo pobre y miserable.<\/span><\/p>\n<p style=\"text-align: justify;\"><span style=\"font-size: 10pt;\">\u00a0Y hablando de barbas c\u00e9lebres y de moros famosos, acabo de recordar c\u00f3mo una simple barba hizo que <strong>M\u00e9rida<\/strong> se rindiera a los \u00e1rabes. Cuenta <strong><a title=\"Historia de M\u00e9rida\" href=\"http:\/\/books.google.es\/books?id=1MkE4ZYFFWkC&amp;pg=RA3-PA197-IA3&amp;lpg=RA3-PA197-#v=onepage&amp;q&amp;f=false\" rel=\"external nofollow\">Moreno de Vargas<\/a><\/strong> c\u00f3mo el moro <strong>Muza<\/strong> tiene sitiada la ciudad, y sus habitantes deciden mandar una delegaci\u00f3n a entrevistarse con el moro.<\/span><\/p>\n<p style=\"text-align: justify;\"><span style=\"font-size: 10pt;\">Cuando estos regresan, describen a <strong>Muza<\/strong> como un anciano de larga barba cana, y en<strong> M\u00e9rida<\/strong> piensan que , con un poco de suerte, morir\u00e1 de viejo\u00a0antes de conseguir rendir a la ciudad. Pero el tiempo pasa y los moros continuan el asedio. M\u00e9rida manda otra delegaci\u00f3n a entrevistarse con <strong>Muza<\/strong>, y casi no lo reconocen. El \u00e1rabe tiene los cabellos y la barba negros, y los cristianos quedan convencidos que, por medio de alguna magia incomprensible, o gracias a un pacto con el demonio, el adalid moro rejuvenece dia a dia en lugar de envejecer, por lo que decide entregar la ciudad a los \u00e1rabes.<\/span><\/p>\n<p style=\"text-align: justify;\"><span style=\"font-size: 10pt;\">\u00a0Y as\u00ed fue como gracias a un simple tinte,\u00a0 <strong>M\u00e9rida<\/strong> comenz\u00f3 su esplendor \u00e1rabe. <strong>Por los pelos<\/strong>.<\/span><\/p>\n<!-- AddThis Advanced Settings generic via filter on the_content --><!-- AddThis Share Buttons generic via filter on the_content -->","protected":false},"excerpt":{"rendered":"<p>Los moros encantados tienen mucho afecto a sus barbas. Sobre todo en Extremadura. En Ahigal ya contamos c\u00f3mo puede uno enriquecerse\u00a0 tan solo madrugando la ma\u00f1ana de San Juan y pas\u00e1ndose\u00a0por Las Oliveras del Tesoro, y cuando se encuentre con un se\u00f1or de larga barba que tiene un tenderete, decirle que lo que m\u00e1s le [&hellip;]<!-- AddThis Advanced Settings generic via filter on get_the_excerpt --><!-- AddThis Share Buttons generic via filter on get_the_excerpt --><\/p>\n","protected":false},"author":20,"featured_media":298,"comment_status":"open","ping_status":"closed","sticky":false,"template":"","format":"standard","meta":[],"categories":[4,12,7,9,10],"tags":[31,74,123,642,755,831,872,874,886,912,922,1073,1074],"_links":{"self":[{"href":"https:\/\/blogs.hoy.es\/extremadurasecreta\/wp-json\/wp\/v2\/posts\/296"}],"collection":[{"href":"https:\/\/blogs.hoy.es\/extremadurasecreta\/wp-json\/wp\/v2\/posts"}],"about":[{"href":"https:\/\/blogs.hoy.es\/extremadurasecreta\/wp-json\/wp\/v2\/types\/post"}],"author":[{"embeddable":true,"href":"https:\/\/blogs.hoy.es\/extremadurasecreta\/wp-json\/wp\/v2\/users\/20"}],"replies":[{"embeddable":true,"href":"https:\/\/blogs.hoy.es\/extremadurasecreta\/wp-json\/wp\/v2\/comments?post=296"}],"version-history":[{"count":1,"href":"https:\/\/blogs.hoy.es\/extremadurasecreta\/wp-json\/wp\/v2\/posts\/296\/revisions"}],"predecessor-version":[{"id":2422,"href":"https:\/\/blogs.hoy.es\/extremadurasecreta\/wp-json\/wp\/v2\/posts\/296\/revisions\/2422"}],"wp:featuredmedia":[{"embeddable":true,"href":"https:\/\/blogs.hoy.es\/extremadurasecreta\/wp-json\/wp\/v2\/media\/298"}],"wp:attachment":[{"href":"https:\/\/blogs.hoy.es\/extremadurasecreta\/wp-json\/wp\/v2\/media?parent=296"}],"wp:term":[{"taxonomy":"category","embeddable":true,"href":"https:\/\/blogs.hoy.es\/extremadurasecreta\/wp-json\/wp\/v2\/categories?post=296"},{"taxonomy":"post_tag","embeddable":true,"href":"https:\/\/blogs.hoy.es\/extremadurasecreta\/wp-json\/wp\/v2\/tags?post=296"}],"curies":[{"name":"wp","href":"https:\/\/api.w.org\/{rel}","templated":true}]}}