{"id":360,"date":"2012-07-30T22:20:45","date_gmt":"2012-07-30T20:20:45","guid":{"rendered":"http:\/\/blogs.hoy.es\/extremadurasecreta\/?p=360"},"modified":"2022-10-14T12:01:39","modified_gmt":"2022-10-14T10:01:39","slug":"el-tesoro-del-rey-jayon","status":"publish","type":"post","link":"https:\/\/blogs.hoy.es\/extremadurasecreta\/2012\/07\/30\/el-tesoro-del-rey-jayon\/","title":{"rendered":"El tesoro del rey Jay\u00f3n"},"content":{"rendered":"<p style=\"text-align: justify;\"><span style=\"font-size: 10pt;\">Por nuestras tierras camparon reyes legendarios cuyos nombre hoy solo recuerda el viento que mece las hojas encinas centenarias. Pero hay otros cuya vida, real o imaginaria, pas\u00f3 a convertirse en leyenda. Como el <strong>Rey Jay\u00f3n<\/strong>.<\/span><\/p>\n<p style=\"text-align: justify;\"><span style=\"font-size: 10pt;\">\u00a0<\/span><span style=\"font-size: 10pt;\"><strong>Jay\u00f3n<\/strong>, que en nuestros d\u00edas da nombre a una <strong><a title=\"Ruta del Rey Jay\u00f3n\" href=\" http:\/\/rutaextremadura.wordpress.com\/ruta-del-rey-jayon\/\">ruta<\/a><\/strong>, a una<a title=\"Sierra Jayona\" href=\"http:\/\/www.cedercampisur.com\/index.php?seccion=turismo&amp;accion=rutas&amp;ref=3\" rel=\"external nofollow\"> <strong>sierra<\/strong><\/a> y a una impresionante <strong><a title=\"Mina La Jayona\" href=\"http:\/\/aym.juntaex.es\/NR\/rdonlyres\/E71E542C-6DBF-4026-8731-45E3C520E297\/0\/jayona.pdf\" rel=\"external nofollow\">mina<\/a><\/strong>, era moro y ciego, y tambi\u00e9n rey de un peque\u00f1o reino Taifa que se encontraba en la bella <strong>Campi\u00f1a Sur<\/strong>. <strong>Jay\u00f3n<\/strong> ten\u00eda una hija, la <strong><a title=\"Fuente del Arco\" href=\"http:\/\/www.badajoz.org\/asfaitur\/patrimonio.htm\" rel=\"external nofollow\">princesa Erminda<\/a><\/strong>, a quien se le apareci\u00f3 \u201c<em>in person<\/em>\u201d nada\u00a0 m\u00e1s y nada menos que la mism\u00edsima <strong><a title=\"Leyenda de la Virgen del Ara\" href=\"http:\/\/ayuntamientofuentedelarco.es\/ermita\/leyendas\/\" rel=\"external nofollow\">Virgen Mar\u00eda<\/a><\/strong>, para decirle que si se convert\u00edan al cristianismo devolver\u00eda la vista a su padre.<\/span><\/p>\n<div id=\"attachment_362\" style=\"width: 1210px\" class=\"wp-caption aligncenter\"><img aria-describedby=\"caption-attachment-362\" loading=\"lazy\" class=\"size-full wp-image-362\" src=\"https:\/\/static-blogs.hoy.es\/wp-content\/uploads\/sites\/16\/2012\/07\/22052010029.jpg\" alt=\"Mina La Jayona (Fotograf\u00eda: Israel J. Espino)\" width=\"1200\" height=\"1600\" srcset=\"https:\/\/static-blogs.hoy.es\/wp-content\/uploads\/sites\/16\/2012\/07\/22052010029.jpg 1200w, https:\/\/static-blogs.hoy.es\/wp-content\/uploads\/sites\/16\/2012\/07\/22052010029-225x300.jpg 225w, https:\/\/static-blogs.hoy.es\/wp-content\/uploads\/sites\/16\/2012\/07\/22052010029-768x1024.jpg 768w\" sizes=\"(max-width: 1200px) 100vw, 1200px\" \/><p id=\"caption-attachment-362\" class=\"wp-caption-text\"><\/span> <span style=\"font-size: 8pt;\">Mina La Jayona (Fotograf\u00eda: Israel J. Espino)<\/span><\/p><\/div>\n<p style=\"text-align: justify;\"><span style=\"font-size: 10pt;\">Pero no es mi prop\u00f3sito hablar aqu\u00ed de chantajes divinos ni de apariciones celestiales, que eso ya lo hacen otros mejor que yo, y s\u00ed del <a title=\"Extremadura Secreta: el mapa del tesoro\" href=\"https:\/\/blogs.hoy.es\/extremadurasecreta\/2012\/03\/09\/extremadura-el-mapa-del-tesoro\/\">legendario <strong>tesoro <\/strong>que el <strong>Rey Jay\u00f3n<\/strong> ocult\u00f3 en el \u00a0<strong>Valle de Palma<\/strong><\/a>, en la <strong>Sierra Jayona<\/strong>.<\/span><\/p>\n<p style=\"text-align: justify;\"><span style=\"font-size: 10pt;\">All\u00ed, seg\u00fan cuenta <strong><a title=\"La Tierra de Jay\u00f3n\" href=\"http:\/\/www.telefonica.net\/web2\/manuel-vilches\/creacion.htm\" rel=\"external nofollow\">Manuel Vilches<\/a><\/strong>, se alzaba, desde tiempo remotos y sobre un blanco pedestal de m\u00e1rmol surcado de ara\u00f1azos, una ennegrecida estatua de bronce del anciano <strong>Rey Jay\u00f3n<\/strong>, de pie, que\u00a0 se\u00f1alaba con un dedo y gesto melanc\u00f3lico a un lugar impreciso del valle. Al pie de la estatua, con oxidadas letras de az\u00f3far emborronadas por una humedad mohosa de siglos, pod\u00eda distinguirse la siguiente inscripci\u00f3n:<\/span><\/p>\n<p style=\"text-align: justify;\"><span style=\"font-size: 10pt;\">\u00a0<\/span><span style=\"font-size: 10pt;\"><em>\u00a0\u201cdonde se\u00f1ala el\u00a0 moro est\u00e1 el tesoro\u201d<\/em><\/span><\/p>\n<p style=\"text-align: justify;\"><span style=\"font-size: 10pt;\">\u00a0<\/span><span style=\"font-size: 10pt;\">El lugar donde se erig\u00eda la estatua era propiedad de un rico campesino de la zona, quien cegado por el ansia de multiplicar su riqueza, decidi\u00f3 buscar el <strong>tesoro del Rey Jay\u00f3n<\/strong>.<\/span><\/p>\n<p style=\"text-align: justify;\"><span style=\"font-size: 10pt;\">\u00a0<\/span><span style=\"font-size: 10pt;\">As\u00ed, un amanecer comenz\u00f3 a cavar all\u00ed donde parec\u00eda que el moro se\u00f1alaba, trabajando durante todo el d\u00eda sin hallar nada. \u00a0Sudoroso y decepcionado, pero no vencido, decidi\u00f3 seguir cavando al d\u00eda siguiente, pero cual no ser\u00eda su sorpresa cuando, al amanecer, descubri\u00f3 que la estatua del moro se\u00f1alaba justo en el lado opuesto del valle. Un d\u00eda m\u00e1s estuvo cavando hasta que la noche se le ech\u00f3 encima y tuvo que volver a casa.<\/span><\/p>\n<p style=\"text-align: justify;\"><span style=\"font-size: 10pt;\">\u00a0<\/span><span style=\"font-size: 10pt;\">Al d\u00eda siguiente, el moro, como burl\u00e1ndose de \u00e9l, se\u00f1alaba en otra direcci\u00f3n distinta.\u00a0 El campesino, rotas ya todas sus esperanzas y con un mosqueo monumental y comprensible, blandi\u00f3 su enorme azad\u00f3n contra la estatua del moro y le acert\u00f3 un certero golpe en el turbante, partiendo al moro en dos mitades de las que empezaron a saltar centenares de monedas de un brillo dorado y refulgente.<\/span><\/p>\n<div id=\"attachment_363\" style=\"width: 1610px\" class=\"wp-caption aligncenter\"><img aria-describedby=\"caption-attachment-363\" loading=\"lazy\" class=\"size-full wp-image-363\" src=\"https:\/\/static-blogs.hoy.es\/wp-content\/uploads\/sites\/16\/2012\/07\/22052010056.jpg\" alt=\"El Rey Jay\u00f3n y su hija Erminda, en la ermita de la Virgen del Ara, en Fuente del Arco (Fotograf\u00eda: Israel J. Espino)\" width=\"1600\" height=\"1200\" srcset=\"https:\/\/static-blogs.hoy.es\/wp-content\/uploads\/sites\/16\/2012\/07\/22052010056.jpg 1600w, https:\/\/static-blogs.hoy.es\/wp-content\/uploads\/sites\/16\/2012\/07\/22052010056-300x225.jpg 300w, https:\/\/static-blogs.hoy.es\/wp-content\/uploads\/sites\/16\/2012\/07\/22052010056-768x576.jpg 768w, https:\/\/static-blogs.hoy.es\/wp-content\/uploads\/sites\/16\/2012\/07\/22052010056-1024x768.jpg 1024w\" sizes=\"(max-width: 1600px) 100vw, 1600px\" \/><p id=\"caption-attachment-363\" class=\"wp-caption-text\"><\/span> <span style=\"font-size: 8pt;\">El Rey Jay\u00f3n y su hija Erminda, en la ermita de la Virgen del Ara, en Fuente del Arco (Fotograf\u00eda: Israel J. Espino)<\/span><\/p><\/div>\n<p style=\"text-align: justify;\"><span style=\"font-size: 10pt;\">Pero aunque este tesoro ya se encontr\u00f3, no porfien vuesas mercedes, porque a\u00fan queda mucho oro que encontrar en los alrededores de <strong>Fuente del Arco<\/strong>. Cuentan que en un arroyo conocido como \u201c<strong>La Palma<\/strong>\u201d, en la finca de <strong><a title=\"Santuario Nuestra Se\u00f1ora del Ara\" href=\"http:\/\/ayuntamientofuentedelarco.es\/ermita\/santuario\/\" rel=\"external nofollow\">Nuestra Se\u00f1ora Del Ara<\/a><\/strong>, \u00a0existe otro tesoro escondido. Es un pellejo de buey lleno de oro, enterrado en el suelo y oculto por una gran piedra de granito con una argolla. Esta argolla aparece en sitios diferentes a lo largo del arroyo y solamente a aquellas personas que sean sensatas y creyentes.<\/span><\/p>\n<p style=\"text-align: justify;\"><span style=\"font-size: 10pt;\">\u00a0<\/span><span style=\"font-size: 10pt;\">Hasta la fecha no se conoce a nadie a qui\u00e9n se le haya aparecido esta argolla. Lo \u00fanico cierto es que cuando llueve y el arroyo se hincha de agua arrastra entre la arena y las \u00a0piedras algunas monedas antiguas.<\/span><\/p>\n<p style=\"text-align: justify;\"><span style=\"font-size: 10pt;\">\u00a0<\/span><span style=\"font-size: 10pt;\">Quiz\u00e1s sean, simplemente, las l\u00e1grimas aureas del <strong>Rey Jay\u00f3n<\/strong>, que llora con sus ojos ciegos la p\u00e9rdida de su reino, su hija y su tesoro.<\/span><\/p>\n<!-- AddThis Advanced Settings generic via filter on the_content --><!-- AddThis Share Buttons generic via filter on the_content -->","protected":false},"excerpt":{"rendered":"<p>Por nuestras tierras camparon reyes legendarios cuyos nombre hoy solo recuerda el viento que mece las hojas encinas centenarias. Pero hay otros cuya vida, real o imaginaria, pas\u00f3 a convertirse en leyenda. Como el Rey Jay\u00f3n. \u00a0Jay\u00f3n, que en nuestros d\u00edas da nombre a una ruta, a una sierra y a una impresionante mina, era [&hellip;]<!-- AddThis Advanced Settings generic via filter on get_the_excerpt --><!-- AddThis Share Buttons generic via filter on get_the_excerpt --><\/p>\n","protected":false},"author":20,"featured_media":361,"comment_status":"open","ping_status":"closed","sticky":false,"template":"","format":"standard","meta":[],"categories":[4,1406,9,10],"tags":[198,540,841,1023,1166],"_links":{"self":[{"href":"https:\/\/blogs.hoy.es\/extremadurasecreta\/wp-json\/wp\/v2\/posts\/360"}],"collection":[{"href":"https:\/\/blogs.hoy.es\/extremadurasecreta\/wp-json\/wp\/v2\/posts"}],"about":[{"href":"https:\/\/blogs.hoy.es\/extremadurasecreta\/wp-json\/wp\/v2\/types\/post"}],"author":[{"embeddable":true,"href":"https:\/\/blogs.hoy.es\/extremadurasecreta\/wp-json\/wp\/v2\/users\/20"}],"replies":[{"embeddable":true,"href":"https:\/\/blogs.hoy.es\/extremadurasecreta\/wp-json\/wp\/v2\/comments?post=360"}],"version-history":[{"count":3,"href":"https:\/\/blogs.hoy.es\/extremadurasecreta\/wp-json\/wp\/v2\/posts\/360\/revisions"}],"predecessor-version":[{"id":2411,"href":"https:\/\/blogs.hoy.es\/extremadurasecreta\/wp-json\/wp\/v2\/posts\/360\/revisions\/2411"}],"wp:featuredmedia":[{"embeddable":true,"href":"https:\/\/blogs.hoy.es\/extremadurasecreta\/wp-json\/wp\/v2\/media\/361"}],"wp:attachment":[{"href":"https:\/\/blogs.hoy.es\/extremadurasecreta\/wp-json\/wp\/v2\/media?parent=360"}],"wp:term":[{"taxonomy":"category","embeddable":true,"href":"https:\/\/blogs.hoy.es\/extremadurasecreta\/wp-json\/wp\/v2\/categories?post=360"},{"taxonomy":"post_tag","embeddable":true,"href":"https:\/\/blogs.hoy.es\/extremadurasecreta\/wp-json\/wp\/v2\/tags?post=360"}],"curies":[{"name":"wp","href":"https:\/\/api.w.org\/{rel}","templated":true}]}}