{"id":418,"date":"2012-09-17T23:39:35","date_gmt":"2012-09-17T21:39:35","guid":{"rendered":"http:\/\/blogs.hoy.es\/extremadurasecreta\/?p=418"},"modified":"2019-01-16T10:39:34","modified_gmt":"2019-01-16T08:39:34","slug":"los-pastores-que-sonaban-con-tesoros-y-una-cabra-blanquecina","status":"publish","type":"post","link":"https:\/\/blogs.hoy.es\/extremadurasecreta\/2012\/09\/17\/los-pastores-que-sonaban-con-tesoros-y-una-cabra-blanquecina\/","title":{"rendered":"Los pastores que so\u00f1aban con tesoros y una cabra blanquecina"},"content":{"rendered":"<div class=\"mceTemp\"><\/div>\n<p style=\"text-align: justify;\"><span style=\"font-size: medium;\">Para ser millonario en <strong>Extremadura<\/strong> no hay que ser pol\u00edtico, ni arquitecto, ni\u00a0 ingeniero ni cirujano pl\u00e1stico. Hay que ser <strong>cabrero<\/strong>. Porque en estas tierras cuidar cabras y so\u00f1ar (y encontrar) <strong>tesoros<\/strong> es todo uno.<\/span><\/p>\n<p style=\"text-align: justify;\"><span style=\"font-size: medium;\">\u00a0<\/span><span style=\"font-size: medium;\">Pero no basta con so\u00f1ar con el tesoro, sino que casi siempre es menester moverse del pueblo para poder encontrarlo. Vamos, algo as\u00ed como el topicazo de \u201cno sabemos lo que tenemos aqu\u00ed hasta que nos vamos fuera\u201d.<\/span><\/p>\n<p style=\"text-align: justify;\"><span style=\"font-size: medium;\">\u00a0<\/span><span style=\"font-size: medium;\">Eso es lo que le paso al <strong>t\u00edo Cano<\/strong>, de <strong>Ahigal<\/strong>, quien &#8211; si hacemos caso (y siempre se lo hacemos) al erudito investigador\u00a0 <strong><a title=\"Animales gu\u00eda en Extremadura\" href=\"http:\/\/www.funjdiaz.net\/folklore\/07ficha.cfm?id=2499\" rel=\"external nofollow\">Jose Mar\u00eda Dom\u00ednguez<\/a>&#8211; <\/strong>, so\u00f1\u00f3 que en la plaza de <strong>C\u00e1ceres<\/strong> iba a encontrar un tesoro.<\/span><\/p>\n<p style=\"text-align: justify;\"><span style=\"font-size: medium;\">\u00a0<\/span><span style=\"font-size: medium;\">Aparej\u00f3 el burro y se plant\u00f3 a la sombra de la torre de Bujaco d\u00eda tras d\u00eda y noche tras noche, a la espera de que el tesoro llegara a sus manos. Su presencia llam\u00f3 la atenci\u00f3n del can\u00f3nigo de <strong>Santa Mar\u00eda<\/strong>, quien no tard\u00f3 en preguntarle que hac\u00eda, a lo que el <strong>t\u00edo Cano <\/strong>dio las explicaciones pertinentes.<\/span><\/p>\n<p style=\"text-align: justify;\"><span style=\"font-size: medium;\">\u00a0<\/span><span style=\"font-size: medium;\">El\u00a0 cura le dijo que no hab\u00eda que hacer caso a los sue\u00f1os, porque \u00e9l mismo, durante tres noches seguidas, tambi\u00e9n hab\u00eda so\u00f1ado sobre un lugar en que se hallaba escondido un tesoro. Se trataba de un pueblo que se llamaba <strong>Ahigal<\/strong>, m\u00e1s all\u00e1 de <strong>Plasencia<\/strong>, y el tesoro se ocultaba debajo de un cancho junto a una cueva; y al lado de ese cancho crec\u00eda una gran encina y\u00a0 en \u00e9l ten\u00eda la \u00a0costumbre de echarse a la sombra una cabra blanca de un se\u00f1or que se llama <strong>t\u00edo Cano<\/strong>.<\/span><\/p>\n<p style=\"text-align: justify;\"><span style=\"font-size: medium;\">\u00a0<\/span><span style=\"font-size: medium;\">Al o\u00edr estas palabras el <strong>t\u00edo Cano<\/strong> mont\u00f3 en el burro como si fuera una <strong>Bultaco<\/strong>, arre\u00f3 para <strong>Ahigal<\/strong> y no par\u00f3 hasta llegar a su huerto, exactamente debajo del cancho en el que la cabra blanca sesteaba y sobre el que el <strong>t\u00edo Cano <\/strong>se com\u00eda la merienda. Y el \u00a0<strong>t\u00edo Cano <\/strong>se convirti\u00f3 en el cabrero m\u00e1s rico del pueblo.<\/span><\/p>\n<div id=\"attachment_422\" style=\"width: 730px\" class=\"wp-caption aligncenter\"><img aria-describedby=\"caption-attachment-422\" loading=\"lazy\" class=\"size-full wp-image-422\" src=\"https:\/\/static-blogs.hoy.es\/wp-content\/uploads\/sites\/16\/2012\/09\/CERRO-SAN-GREGORIO-Puerto-Santa-Cruz-2012-328.jpg\" alt=\"Otro cabrero de Santa Cruz de la Sierra encontr\u00f3 un tesoro bajo una roca. (Foto: Jimber) \" width=\"720\" height=\"482\" srcset=\"https:\/\/static-blogs.hoy.es\/wp-content\/uploads\/sites\/16\/2012\/09\/CERRO-SAN-GREGORIO-Puerto-Santa-Cruz-2012-328.jpg 720w, https:\/\/static-blogs.hoy.es\/wp-content\/uploads\/sites\/16\/2012\/09\/CERRO-SAN-GREGORIO-Puerto-Santa-Cruz-2012-328-300x201.jpg 300w\" sizes=\"(max-width: 720px) 100vw, 720px\" \/><p id=\"caption-attachment-422\" class=\"wp-caption-text\">Otro cabrero de Santa Cruz de la Sierra encontr\u00f3 un tesoro bajo una roca. (Foto: Jimber)<\/p><\/div>\n<div class=\"mceTemp\"><\/div>\n<p style=\"text-align: justify;\">\u00a0<span style=\"font-size: medium;\">M\u00e1s lejos tuvo que irse, pero con id\u00e9ntico igual resultado, un cabrero de <strong>Santa Cruz de la Sierra <\/strong>que so\u00f1aba de manera reiterada que su suerte estaba en la <strong>Puerta<\/strong><strong> del Sol<\/strong> de <strong>Madrid<\/strong>, y no precisamente en <strong>Do\u00f1a Manolita<\/strong>. Volvi\u00f3 a su pueblo, a su cabra y a su lancha (de piedra, no de agua) y encontr\u00f3 el tesoro.<\/span><\/p>\n<p style=\"text-align: justify;\"><span style=\"font-size: medium;\">\u00a0<\/span><span style=\"font-size: medium;\">Tambi\u00e9n en <strong>Madrid<\/strong> pero m\u00e1s r\u00e1pidamente hall\u00f3 su fortuna, seg\u00fan recoge <strong><a title=\"Cuentos extreme\u00f1os de costumbres\" href=\"http:\/\/www.dip-badajoz.es\/publicaciones\/lvirtual\/info_libro.php?PHPSESSID=d1d4a6c084bacd61f862a9339930e958&amp;idlibro=433\" rel=\"external nofollow\">Juan Rodriguez Pastor<\/a><\/strong>,\u00a0 un\u00a0 <em>idem<\/em> de <strong>Herrera<\/strong>, que so\u00f1aba todas las noches que en la capital hallar\u00eda su porvenir. Y nada m\u00e1s poner un pie en la estaci\u00f3n oy\u00f3 a dos hombres que estaban hablando de un tesoro, y de que en<strong> Extremadura <\/strong>hab\u00eda un pastor que ten\u00eda una cabra blanca que no dorm\u00eda nunca en el tenao, sino en una pe\u00f1a. Y resulta que \u00e9l ten\u00eda una cabra blanca que no dorm\u00eda nunca en el tenao, sino en una pe\u00f1a que est\u00e1 enfrente del <strong>Cerro las Vi\u00f1as<\/strong>.<\/span><\/p>\n<p style=\"text-align: justify;\"><span style=\"font-size: medium;\">\u00a0<\/span><span style=\"font-size: medium;\">As\u00ed que se volvi\u00f3 enseguida a <strong>Herrera<\/strong>, fue a la pe\u00f1a y all\u00ed se encontr\u00f3 el tesoro en un agujero redondo que todav\u00eda puede verse, con dos cuartas de hondo y dos de ancho.<\/span><\/p>\n<p style=\"text-align: justify;\"><span style=\"font-size: medium;\">\u00a0<\/span><\/p>\n<div id=\"attachment_420\" style=\"width: 1034px\" class=\"wp-caption aligncenter\"><img aria-describedby=\"caption-attachment-420\" loading=\"lazy\" class=\"size-large wp-image-420\" src=\"https:\/\/static-blogs.hoy.es\/wp-content\/uploads\/sites\/16\/2012\/09\/GREDOS-e-LAGUNA-GRANDE-2012-41-1024x685.jpg\" alt=\"... y bajo el cancho de la cabra estaba el tesoro (Foto:Jimber)\" width=\"1024\" height=\"685\" srcset=\"https:\/\/static-blogs.hoy.es\/wp-content\/uploads\/sites\/16\/2012\/09\/GREDOS-e-LAGUNA-GRANDE-2012-41-1024x685.jpg 1024w, https:\/\/static-blogs.hoy.es\/wp-content\/uploads\/sites\/16\/2012\/09\/GREDOS-e-LAGUNA-GRANDE-2012-41-300x201.jpg 300w, https:\/\/static-blogs.hoy.es\/wp-content\/uploads\/sites\/16\/2012\/09\/GREDOS-e-LAGUNA-GRANDE-2012-41-768x514.jpg 768w, https:\/\/static-blogs.hoy.es\/wp-content\/uploads\/sites\/16\/2012\/09\/GREDOS-e-LAGUNA-GRANDE-2012-41.jpg 1600w\" sizes=\"(max-width: 1024px) 100vw, 1024px\" \/><p id=\"caption-attachment-420\" class=\"wp-caption-text\">&#8230; y bajo el cancho de la cabra estaba el tesoro (Foto:Jimber)<\/p><\/div>\n<div class=\"mceTemp\"><\/div>\n<p style=\"text-align: justify;\"><span style=\"font-size: medium;\">Cabrero era tambi\u00e9n el pastor\u00a0 de <strong>Jola<\/strong>\u00a0 que so\u00f1\u00f3 tres noches seguidas con un inmenso tesoro, seg\u00fan\u00a0 cuenta <strong><a title=\"Leyendas de Jola\" href=\"http:\/\/www.valenciadealcantara.com\/jola\/galeria.htm\" rel=\"external nofollow\">Santiago Nieto R\u00edos<\/a><\/strong>. Pero este no tuvo ni que abandonar el pueblo, porque so\u00f1aba que el tesoro estaba en la galer\u00eda de la <strong>Cayanera<\/strong><strong> Funda<\/strong>.<\/span><\/p>\n<p style=\"text-align: justify;\"><span style=\"font-size: medium;\">\u00a0<\/span><span style=\"font-size: medium;\">Un d\u00eda, en el campo con las cabras, quiso comprobar lo premonitorio de su sue\u00f1o, y fue a ense\u00f1ar a su compa\u00f1ero de pastoreo la galer\u00eda con la que hab\u00eda so\u00f1ado.<\/span><\/p>\n<p style=\"text-align: justify;\"><span style=\"font-size: medium;\">\u00a0<\/span>Sorprendidos ambos, uno por lo cierto de su barrunto y el otro por lo inmenso del tesoro, salieron de su ensimismamiento al o\u00edr un estridente silbido que sal\u00eda de las paredes de la galer\u00eda y que se hac\u00eda m\u00e1s agudo cuanto m\u00e1s se acercaban, llegando a hacerse tan insoportable que los dos pastores tuvieron que abandonar el t\u00fanel a todo correr y con el tiempo justo de echar un \u00faltimo vistazo y ver como con la \u00a0galer\u00eda se hund\u00edan para siempre sus sue\u00f1os de riqueza.<\/p>\n<!-- AddThis Advanced Settings generic via filter on the_content --><!-- AddThis Share Buttons generic via filter on the_content -->","protected":false},"excerpt":{"rendered":"<p>Para ser millonario en Extremadura no hay que ser pol\u00edtico, ni arquitecto, ni\u00a0 ingeniero ni cirujano pl\u00e1stico. Hay que ser cabrero. Porque en estas tierras cuidar cabras y so\u00f1ar (y encontrar) tesoros es todo uno. \u00a0Pero no basta con so\u00f1ar con el tesoro, sino que casi siempre es menester moverse del pueblo para poder encontrarlo. [&hellip;]<!-- AddThis Advanced Settings generic via filter on get_the_excerpt --><!-- AddThis Share Buttons generic via filter on get_the_excerpt --><\/p>\n","protected":false},"author":20,"featured_media":1311,"comment_status":"open","ping_status":"closed","sticky":false,"template":"","format":"standard","meta":[],"categories":[4,10],"tags":[31,178,179,602,658,1081,1166],"_links":{"self":[{"href":"https:\/\/blogs.hoy.es\/extremadurasecreta\/wp-json\/wp\/v2\/posts\/418"}],"collection":[{"href":"https:\/\/blogs.hoy.es\/extremadurasecreta\/wp-json\/wp\/v2\/posts"}],"about":[{"href":"https:\/\/blogs.hoy.es\/extremadurasecreta\/wp-json\/wp\/v2\/types\/post"}],"author":[{"embeddable":true,"href":"https:\/\/blogs.hoy.es\/extremadurasecreta\/wp-json\/wp\/v2\/users\/20"}],"replies":[{"embeddable":true,"href":"https:\/\/blogs.hoy.es\/extremadurasecreta\/wp-json\/wp\/v2\/comments?post=418"}],"version-history":[{"count":2,"href":"https:\/\/blogs.hoy.es\/extremadurasecreta\/wp-json\/wp\/v2\/posts\/418\/revisions"}],"predecessor-version":[{"id":1761,"href":"https:\/\/blogs.hoy.es\/extremadurasecreta\/wp-json\/wp\/v2\/posts\/418\/revisions\/1761"}],"wp:featuredmedia":[{"embeddable":true,"href":"https:\/\/blogs.hoy.es\/extremadurasecreta\/wp-json\/wp\/v2\/media\/1311"}],"wp:attachment":[{"href":"https:\/\/blogs.hoy.es\/extremadurasecreta\/wp-json\/wp\/v2\/media?parent=418"}],"wp:term":[{"taxonomy":"category","embeddable":true,"href":"https:\/\/blogs.hoy.es\/extremadurasecreta\/wp-json\/wp\/v2\/categories?post=418"},{"taxonomy":"post_tag","embeddable":true,"href":"https:\/\/blogs.hoy.es\/extremadurasecreta\/wp-json\/wp\/v2\/tags?post=418"}],"curies":[{"name":"wp","href":"https:\/\/api.w.org\/{rel}","templated":true}]}}