{"id":432,"date":"2012-10-01T21:23:23","date_gmt":"2012-10-01T19:23:23","guid":{"rendered":"http:\/\/blogs.hoy.es\/extremadurasecreta\/?p=432"},"modified":"2022-10-14T21:29:51","modified_gmt":"2022-10-14T19:29:51","slug":"nuestros-dioses-cuando-eramos-romanos","status":"publish","type":"post","link":"https:\/\/blogs.hoy.es\/extremadurasecreta\/2012\/10\/01\/nuestros-dioses-cuando-eramos-romanos\/","title":{"rendered":"Nuestros dioses: cuando \u00e9ramos romanos"},"content":{"rendered":"<p style=\"text-align: justify;\"><span style=\"font-size: 10pt;\">\u00a0\u00a0Acaba de clausurarse la III Edici\u00f3n de <strong><a title=\"M\u00e9rida vuelve al siglo I\" href=\"http:\/\/www.hoy.es\/20120930\/local\/merida\/merida-vuelve-siglo-emerita-201209301403.html\" rel=\"external nofollow\">Em\u00e9rita L\u00fadica<\/a><\/strong> y tanto me ha hervido mi sangre romana que he decidido iniciar hoy una secci\u00f3n de dioses extreme\u00f1os. Porque conociendo a quien adoraban nuestros antepasados nos conoceremos mejor a nosotros mismos.<\/span><\/p>\n<p style=\"text-align: justify;\"><span style=\"font-size: 10pt;\">\u00a0Bucearemos en las insondables aguas de nuestras creencias ancestrales porque de aquellos polvos vienen esos lodos, y porque, como afirma la investigadora <strong><a title=\"Magia y religi\u00f3n de la antiguedad a nuestros d\u00edas\" href=\"http:\/\/books.google.es\/books?id=Yk_XAAAAMAAJ&amp;q=magia+y+religion+de+la+antiguedad+a+nuestros+dias&amp;dq=magia+y+religion+de+la+antiguedad+a+nuestros+dias&amp;source=bl&amp;ots=VWylKtXNpo&amp;sig=ge6_436HR8_4b_Q8gXPs4k0FJt0&amp;hl=es&amp;sa=X&amp;ei=rd5pUK_PAsW0hAfo-oHQAg&amp;ved=0CDEQ6AEwAA\" rel=\"external nofollow\">Pilar Caldera<\/a><\/strong>, en el mundo antiguo magia y religi\u00f3n caminan indefectiblemente unidas. Tanto, que no sabr\u00edan diferenciarse.<\/span><\/p>\n<p style=\"text-align: justify;\"><span style=\"font-size: 10pt;\">\u00a0El primer conocimiento que tienen los extreme\u00f1os de la religi\u00f3n romana es a trav\u00e9s del numeroso enjambre de buhoneros, prostitutas, p\u00edcaros, buscavidas, tah\u00fares, esclavos y adivinos de las m\u00e1s heterog\u00e9neas nacionalidades que siguen a las legiones romanas. Curiosamente, las dos primeras profesiones (prostitutas y buhoneros) son dos de los oficios que, muchos siglos m\u00e1s tarde, desempe\u00f1ar\u00e1n <strong>las brujas y <a href=\"https:\/\/blogs.hoy.es\/extremadurasecreta\/2012\/07\/16\/mi-concejal-es-un-brujo\/\">brujos extreme\u00f1os<\/a><\/strong> juzgados por<a href=\"https:\/\/blogs.hoy.es\/extremadurasecreta\/2013\/07\/23\/extremadura-tierra-de-brujas\/\"> <strong>la Inquisici\u00f3n<\/strong><\/a>.<\/span><\/p>\n<p><span style=\"font-size: 10pt;\">\u00a0<\/span><\/p>\n<div id=\"attachment_434\" style=\"width: 1034px\" class=\"wp-caption aligncenter\"><img aria-describedby=\"caption-attachment-434\" loading=\"lazy\" class=\"size-large wp-image-434\" src=\"https:\/\/static-blogs.hoy.es\/wp-content\/uploads\/sites\/16\/2012\/10\/I-Noche-en-blanco-29-septiembre-2012-58-1024x980.jpg\" alt=\"La religi\u00f3n romana llega a Extremadura detr\u00e1s de las legiones (Fotograf\u00eda: \u00c1ngel Briz)\" width=\"1024\" height=\"980\" srcset=\"https:\/\/static-blogs.hoy.es\/wp-content\/uploads\/sites\/16\/2012\/10\/I-Noche-en-blanco-29-septiembre-2012-58-1024x980.jpg 1024w, https:\/\/static-blogs.hoy.es\/wp-content\/uploads\/sites\/16\/2012\/10\/I-Noche-en-blanco-29-septiembre-2012-58-300x287.jpg 300w, https:\/\/static-blogs.hoy.es\/wp-content\/uploads\/sites\/16\/2012\/10\/I-Noche-en-blanco-29-septiembre-2012-58-768x735.jpg 768w, https:\/\/static-blogs.hoy.es\/wp-content\/uploads\/sites\/16\/2012\/10\/I-Noche-en-blanco-29-septiembre-2012-58.jpg 1317w\" sizes=\"(max-width: 1024px) 100vw, 1024px\" \/><p id=\"caption-attachment-434\" class=\"wp-caption-text\"><\/span> <span style=\"font-size: 8pt;\">La religi\u00f3n romana llega a Extremadura detr\u00e1s de las legiones (Extremadura Secreta)<\/span><\/p><\/div>\n<p style=\"text-align: justify;\"><span style=\"font-size: 10pt;\">De boca de este peque\u00f1o ej\u00e9rcito de desarraigados los ind\u00edgenas extreme\u00f1os conocen todo tipo de dioses, magias y fetichismos que incorporan a su paganismo ancestral. En contrapartida, tambi\u00e9n los romanos incorporan a sus altares las divinidades ind\u00edgenas.<\/span><\/p>\n<p style=\"text-align: justify;\"><span style=\"font-size: 10pt;\">\u00a0Este conocimiento de unas creencias y de unos ritos distintos va calando poco a poco en el alma inquieta de nuestros antepasados, dotados de una cultura muy elemental. Para los romanos, y a partir de entonces para el extreme\u00f1o, como afirma <strong><a title=\"M\u00e9rida y los pueblos de su comarca\" href=\"http:\/\/books.google.es\/books\/about\/Historia_de_M%C3%A9rida_y_pueblos_de_su_coma.html?id=NU1ytgAACAAJ&amp;redir_esc=y\" rel=\"external nofollow\">Navarro del Castillo<\/a><\/strong>, toda cosa viva e inanimada tiene su genio o esp\u00edritu protector y su numen o poder, majestad y principio de fuerza.<\/span><\/p>\n<p style=\"text-align: justify;\"><span style=\"font-size: 10pt;\">\u00a0La religi\u00f3n ocupa un lugar muy importante en la vida de cualquier romano del siglo I y, naturalmente, tambi\u00e9n para los romanos extreme\u00f1os, especialmente para los emeritenses. La casa es una especie de templo donde encuentra su culto y sus dioses. Su propio hogar es un dios: las paredes, las puertas, los umbrales, todos son dioses. Y hasta las piedras que marcan los terrenos y rodean su campo tienen categor\u00eda de dioses. La tumba es un altar, y sus difuntos antepasados son seres divinos.<\/span><\/p>\n<p style=\"text-align: justify;\"><span style=\"font-size: 10pt;\">\u00a0Sale de su casa\u00a0 y casi no puede dar un paso sin encontrar un objeto sagrado, bien sea una capilla o un lugar donde cay\u00f3 un rayo. Tan pronto ha de\u00a0 recogerse y murmurar una oraci\u00f3n como apartar los ojos y cubrirse el rostro para evitar la vista de algo funesto. El fuego purifica. El agua tambi\u00e9n.<\/span><\/p>\n<p style=\"text-align: justify;\"><span style=\"font-size: 10pt;\">\u00a0<\/span><\/p>\n<div id=\"attachment_1769\" style=\"width: 962px\" class=\"wp-caption aligncenter\"><img aria-describedby=\"caption-attachment-1769\" loading=\"lazy\" class=\"size-large wp-image-1769\" src=\"https:\/\/static-blogs.hoy.es\/wp-content\/uploads\/sites\/16\/2012\/10\/Domingo-23-junio-2013-045-952x1024.jpg\" alt=\"El fuego purifica, el agua tambi\u00e9n. CA. Briz)\" width=\"952\" height=\"1024\" srcset=\"https:\/\/static-blogs.hoy.es\/wp-content\/uploads\/sites\/16\/2012\/10\/Domingo-23-junio-2013-045-952x1024.jpg 952w, https:\/\/static-blogs.hoy.es\/wp-content\/uploads\/sites\/16\/2012\/10\/Domingo-23-junio-2013-045-279x300.jpg 279w, https:\/\/static-blogs.hoy.es\/wp-content\/uploads\/sites\/16\/2012\/10\/Domingo-23-junio-2013-045-768x826.jpg 768w, https:\/\/static-blogs.hoy.es\/wp-content\/uploads\/sites\/16\/2012\/10\/Domingo-23-junio-2013-045.jpg 1457w\" sizes=\"(max-width: 952px) 100vw, 952px\" \/><p id=\"caption-attachment-1769\" class=\"wp-caption-text\"><\/span> <span style=\"font-size: 8pt;\">El fuego purifica, el agua tambi\u00e9n. (Extremadura Secreta)<\/span><\/p><\/div>\n<p style=\"text-align: justify;\"><span style=\"font-size: 10pt;\">El lusitano romano, como cuentan<strong>\u00a0\u00a0<a title=\"La moneda hisp\u00e1nica: Ciudad y territorio\" href=\"http:\/\/books.google.es\/books\/about\/La_moneda_hisp%C3%A1nica_ciudad_y_territorio.html?id=roEaAAAAYAAJ&amp;redir_esc=y\" rel=\"external nofollow\">Bellido<\/a><\/strong><a title=\"La moneda hisp\u00e1nica: Ciudad y territorio\" href=\"http:\/\/books.google.es\/books\/about\/La_moneda_hisp%C3%A1nica_ciudad_y_territorio.html?id=roEaAAAAYAAJ&amp;redir_esc=y\" rel=\"external nofollow\"> y <strong>Centeno<\/strong><\/a>, \u00a0tiene una fiesta para la siembra, otra para la recolecci\u00f3n y otra para la vendimia. Antes de que el trigo haya echado espigas, ha hecho m\u00e1s de diez sacrificios e invocado a m\u00e1s de diez divinidades particulares para que se consiga la cosecha.<\/span><\/p>\n<p style=\"text-align: justify;\"><span style=\"font-size: 10pt;\">\u00a0En posteriores art\u00edculos prometo descubrirles las curiosas creencias y a los misteriosos dioses de nuestros antepasados. Para que no olvidemos. Y para que ellos, por si acaso, no nos olviden.<\/span><\/p>\n<p style=\"text-align: justify;\"><span style=\"font-size: 10pt;\">\u00a0<\/span><\/p>\n<p style=\"text-align: justify;\">\n<!-- AddThis Advanced Settings generic via filter on the_content --><!-- AddThis Share Buttons generic via filter on the_content -->","protected":false},"excerpt":{"rendered":"<p>\u00a0\u00a0Acaba de clausurarse la III Edici\u00f3n de Em\u00e9rita L\u00fadica y tanto me ha hervido mi sangre romana que he decidido iniciar hoy una secci\u00f3n de dioses extreme\u00f1os. Porque conociendo a quien adoraban nuestros antepasados nos conoceremos mejor a nosotros mismos. \u00a0Bucearemos en las insondables aguas de nuestras creencias ancestrales porque de aquellos polvos vienen esos [&hellip;]<!-- AddThis Advanced Settings generic via filter on get_the_excerpt --><!-- AddThis Share Buttons generic via filter on get_the_excerpt --><\/p>\n","protected":false},"author":20,"featured_media":2432,"comment_status":"open","ping_status":"closed","sticky":false,"template":"","format":"standard","meta":[],"categories":[4,5,12],"tags":[155,395,463,637,1046],"_links":{"self":[{"href":"https:\/\/blogs.hoy.es\/extremadurasecreta\/wp-json\/wp\/v2\/posts\/432"}],"collection":[{"href":"https:\/\/blogs.hoy.es\/extremadurasecreta\/wp-json\/wp\/v2\/posts"}],"about":[{"href":"https:\/\/blogs.hoy.es\/extremadurasecreta\/wp-json\/wp\/v2\/types\/post"}],"author":[{"embeddable":true,"href":"https:\/\/blogs.hoy.es\/extremadurasecreta\/wp-json\/wp\/v2\/users\/20"}],"replies":[{"embeddable":true,"href":"https:\/\/blogs.hoy.es\/extremadurasecreta\/wp-json\/wp\/v2\/comments?post=432"}],"version-history":[{"count":3,"href":"https:\/\/blogs.hoy.es\/extremadurasecreta\/wp-json\/wp\/v2\/posts\/432\/revisions"}],"predecessor-version":[{"id":2433,"href":"https:\/\/blogs.hoy.es\/extremadurasecreta\/wp-json\/wp\/v2\/posts\/432\/revisions\/2433"}],"wp:featuredmedia":[{"embeddable":true,"href":"https:\/\/blogs.hoy.es\/extremadurasecreta\/wp-json\/wp\/v2\/media\/2432"}],"wp:attachment":[{"href":"https:\/\/blogs.hoy.es\/extremadurasecreta\/wp-json\/wp\/v2\/media?parent=432"}],"wp:term":[{"taxonomy":"category","embeddable":true,"href":"https:\/\/blogs.hoy.es\/extremadurasecreta\/wp-json\/wp\/v2\/categories?post=432"},{"taxonomy":"post_tag","embeddable":true,"href":"https:\/\/blogs.hoy.es\/extremadurasecreta\/wp-json\/wp\/v2\/tags?post=432"}],"curies":[{"name":"wp","href":"https:\/\/api.w.org\/{rel}","templated":true}]}}