{"id":475,"date":"2012-10-22T23:34:45","date_gmt":"2012-10-22T21:34:45","guid":{"rendered":"http:\/\/blogs.hoy.es\/extremadurasecreta\/?p=475"},"modified":"2019-01-16T11:53:03","modified_gmt":"2019-01-16T09:53:03","slug":"el-fascinum-en-casa-de-herrero-colgante-de-falo","status":"publish","type":"post","link":"https:\/\/blogs.hoy.es\/extremadurasecreta\/2012\/10\/22\/el-fascinum-en-casa-de-herrero-colgante-de-falo\/","title":{"rendered":"El Fascinum: En casa de herrero colgante de falo"},"content":{"rendered":"<p style=\"text-align: justify;\"><span style=\"font-size: medium;\">Hace ya muchos post (c\u00f3mo pasa el tiempo cuando una se divierte) habl\u00e1bamos del <strong><a title=\"Extremadura Secreta: No me aojes, que te veo\" href=\"https:\/\/blogs.hoy.es\/extremadurasecreta\/2012\/03\/05\/no-me-aojes-que-te-veo\/\">mal de ojo<\/a><\/strong> y de la creencia en \u00e9l que a\u00fan subsiste en <strong>Extremadura<\/strong>. No es extra\u00f1o si pensamos que este mito lleva al menos dos\u00a0 milenios corriendo por nuestras venas.<\/span><\/p>\n<p style=\"text-align: justify;\"><span style=\"font-size: medium;\">\u00a0<\/span><span style=\"font-size: medium;\">Y es que <strong><a title=\"Extremadura Secreta: nuestros dioses. Cuando \u00e9ramos romanos\" href=\"https:\/\/blogs.hoy.es\/extremadurasecreta\/2012\/10\/01\/nuestros-dioses-cuando-eramos-romanos\/\">nuestros antepasados los romanos<\/a><\/strong> ya cre\u00edan en el <strong>Fascinum<\/strong> o <strong>Fascinatio<\/strong>, que es como se llamaba al mal de ojo por aquellos tiempos y en\u00a0 estos lares.<\/span><\/p>\n<p style=\"text-align: justify;\"><span style=\"font-size: medium;\">\u00a0<\/span><span style=\"font-size: medium;\">La figura del Falo tambi\u00e9n era conocida en Roma como<strong> Fascinum<\/strong>, y sin llegar a ser considerado un <strong>dios <\/strong>estaba representado por un \u00eddolo de forma f\u00e1lica depositado en el templo de <strong>Vesta, que <\/strong><\/span><span style=\"font-size: medium;\">se exhib\u00eda p\u00fablicamente durante <strong><a title=\"Los Triunfos\" href=\"http:\/\/es.wikipedia.org\/wiki\/Triunfo_romano\" rel=\"external nofollow\">los Triunfos<\/a><\/strong> colocado en el carro del militar victorioso, o en <strong><a title=\"Las Liberalia\" href=\"http:\/\/es.wikipedia.org\/wiki\/Liberalia\" rel=\"external nofollow\">las Liberalia<\/a><\/strong>, cuando la imagen del falo era conducida del campo a la ciudad entre c\u00e1nticos lujuriosos, con la intenci\u00f3n de favorecer las cosechas y protegerlas del mal de ojo y de la envidia.<\/span><\/p>\n<p style=\"text-align: justify;\"><span style=\"font-size: medium;\">\u00a0<\/span><span style=\"font-size: medium;\">El <strong>mal de ojo<\/strong> descansa sobre la idea de que determinadas personas tienen poder para provocar no solo afecciones diversas, sino incluso la muerte, y \u00a0puede trasmitirse a cualquier ser vivo, incluidos los animales, y por cualquier medio, incluidos el sonido de la voz, el olor corporal o el aliento, que seg\u00fan <strong>Plutarco<\/strong>, bastan para propagar el mal.\u00a0<\/span><span style=\"font-size: medium;\">\u00a0<\/span><\/p>\n<div id=\"attachment_1782\" style=\"width: 1034px\" class=\"wp-caption aligncenter\"><img aria-describedby=\"caption-attachment-1782\" loading=\"lazy\" class=\"size-large wp-image-1782\" src=\"https:\/\/static-blogs.hoy.es\/wp-content\/uploads\/sites\/16\/2012\/10\/amuletos-falicos-MNAR_edited-1024x576.jpg\" alt=\"Amuletos falicos en el MNAR (A. Briz)\" width=\"1024\" height=\"576\" srcset=\"https:\/\/static-blogs.hoy.es\/wp-content\/uploads\/sites\/16\/2012\/10\/amuletos-falicos-MNAR_edited-1024x576.jpg 1024w, https:\/\/static-blogs.hoy.es\/wp-content\/uploads\/sites\/16\/2012\/10\/amuletos-falicos-MNAR_edited-300x169.jpg 300w, https:\/\/static-blogs.hoy.es\/wp-content\/uploads\/sites\/16\/2012\/10\/amuletos-falicos-MNAR_edited-768x432.jpg 768w\" sizes=\"(max-width: 1024px) 100vw, 1024px\" \/><p id=\"caption-attachment-1782\" class=\"wp-caption-text\">Amuletos falicos en el MNAR (A. Briz)<\/p><\/div>\n<p style=\"text-align: justify;\"><span style=\"font-size: medium;\">Y contra el mal, nada como acudir a casa del herrero y conseguir amuletos. Como afirma <strong><a title=\"Revista del Consorcio\" href=\"http:\/\/www.consorciomerida.org\/sites\/default\/files\/foro\/51_0.pdf\" rel=\"external nofollow\">Jose Luis de la Barrera<\/a><\/strong>, las excavaciones arqueol\u00f3gicas ha sacado a la luz una gran cantidad de ellos. De hecho, el <strong><a title=\"MNAR\" href=\"http:\/\/museoarteromano.mcu.es\/\" rel=\"external nofollow\">Museo Nacional de Arte Romano <\/a>de M\u00e9rida<\/strong> conserva una selecta colecci\u00f3n que expone en las vitrinas de sus salas.<\/span><\/p>\n<p style=\"text-align: justify;\"><span style=\"font-size: medium;\">\u00a0<\/span><span style=\"font-size: medium;\">Y es que en <strong>M\u00e9rida<\/strong> se ha documentado un gran n\u00famero de amuletos de bronce que representan el falo en distintas formas: alados, erectos, dobles e incluso triples. Pod\u00edan tomar la forma de colgante o de anillo y, debido a la protecci\u00f3n que otorgaban, sus portadores ser\u00edan principalmente ni\u00f1os y ni\u00f1as, aunque las mujeres romanas tambi\u00e9n llevaban figuritas de bronce en forma de genitales masculinos colgadas de los collares, e incluso se han encontrado algunos de gran tama\u00f1o, apropiados para ser colgados de caballer\u00edas.<\/span><\/p>\n<p style=\"text-align: justify;\"><span style=\"font-size: medium;\">\u00a0<\/span><\/p>\n<div id=\"attachment_1781\" style=\"width: 807px\" class=\"wp-caption aligncenter\"><img aria-describedby=\"caption-attachment-1781\" loading=\"lazy\" class=\"size-full wp-image-1781\" src=\"https:\/\/static-blogs.hoy.es\/wp-content\/uploads\/sites\/16\/2012\/10\/MUSEO-DE-MERIDA-exposiciones-Lusitania-romana-y-el-sexo-en-los-romanos-2015-147.jpg\" alt=\"Falo esculpido en un guardacantos (MNAR) (Jimber)\" width=\"797\" height=\"530\" srcset=\"https:\/\/static-blogs.hoy.es\/wp-content\/uploads\/sites\/16\/2012\/10\/MUSEO-DE-MERIDA-exposiciones-Lusitania-romana-y-el-sexo-en-los-romanos-2015-147.jpg 797w, https:\/\/static-blogs.hoy.es\/wp-content\/uploads\/sites\/16\/2012\/10\/MUSEO-DE-MERIDA-exposiciones-Lusitania-romana-y-el-sexo-en-los-romanos-2015-147-300x199.jpg 300w, https:\/\/static-blogs.hoy.es\/wp-content\/uploads\/sites\/16\/2012\/10\/MUSEO-DE-MERIDA-exposiciones-Lusitania-romana-y-el-sexo-en-los-romanos-2015-147-768x511.jpg 768w\" sizes=\"(max-width: 797px) 100vw, 797px\" \/><p id=\"caption-attachment-1781\" class=\"wp-caption-text\">Falo esculpido en un guardacantos (MNAR) (Jimber)<\/p><\/div>\n<p style=\"text-align: justify;\"><span style=\"font-size: medium;\">\u00a0<\/span><\/p>\n<p style=\"text-align: justify;\"><span style=\"font-size: medium;\">Adem\u00e1s de estos ejemplos encontramos otros, en relieve y en obras de arquitectura, como el guardacantos \u2013elemento protector de la esquinas de los edificios frente al tr\u00e1fico rodado de las v\u00edas p\u00fablicas\u2013 que se hall\u00f3 en la <strong>Barriada<\/strong><strong> de la Rep\u00fablica Argentina.<\/strong> No es el \u00fanico falo p\u00e9treo de la antigua capital lusitana: repartidos por la ciudad, hay otros igualmente \u201cmonumentales\u201d. As\u00ed, podemos encontrar relieves f\u00e1licos bajo el primer arco del <strong>puente romano<\/strong>, sobre uno de los pilares del <strong>acueducto de \u201clos Milagros\u201d <\/strong>o en uno de los sillares de refuerzo de la muralla en el tramo que atraviesa <strong>\u201cMorer\u00edas<\/strong>\u201d.<br \/>\n<\/span><\/p>\n<p>&nbsp;<\/p>\n<p style=\"text-align: justify;\"><span style=\"font-size: medium;\">\u00a0<\/span><\/p>\n<div id=\"attachment_1780\" style=\"width: 826px\" class=\"wp-caption aligncenter\"><img aria-describedby=\"caption-attachment-1780\" loading=\"lazy\" class=\"size-full wp-image-1780\" src=\"https:\/\/static-blogs.hoy.es\/wp-content\/uploads\/sites\/16\/2012\/10\/Falo-del-Acuaeducto-Los-Milagros-Azrael.jpg\" alt=\"Relieve f\u00e1lico en el acuaeducto de Los Milagros, en M\u00e9rida (Azrael)\" width=\"816\" height=\"612\" srcset=\"https:\/\/static-blogs.hoy.es\/wp-content\/uploads\/sites\/16\/2012\/10\/Falo-del-Acuaeducto-Los-Milagros-Azrael.jpg 816w, https:\/\/static-blogs.hoy.es\/wp-content\/uploads\/sites\/16\/2012\/10\/Falo-del-Acuaeducto-Los-Milagros-Azrael-300x225.jpg 300w, https:\/\/static-blogs.hoy.es\/wp-content\/uploads\/sites\/16\/2012\/10\/Falo-del-Acuaeducto-Los-Milagros-Azrael-768x576.jpg 768w\" sizes=\"(max-width: 816px) 100vw, 816px\" \/><p id=\"caption-attachment-1780\" class=\"wp-caption-text\">Relieve f\u00e1lico en el acuaeducto de Los Milagros, en M\u00e9rida (Azrael)<\/p><\/div>\n<p style=\"text-align: justify;\"><span style=\"font-size: medium;\">Y es que, como afirma <strong>Pilar Caldera<\/strong>, adivinaciones y sortilegios, encantamientos, idolatr\u00edas y conjuros encontraron en el solar hispano un caldo de cultivo id\u00f3neo para su fecundaci\u00f3n, casi siempre\u00a0 en coincidencia con periodos de crisis. Y a\u00fan hoy en d\u00eda, con un hiato de miles de a\u00f1os, se realizan ritos y pr\u00e1cticas que hunden sus ra\u00edces en la m\u00e1s remota antig\u00fcedad.\u00a0<\/span><span style=\"font-size: medium;\">\u00a0<\/span><span style=\"font-size: medium;\">De hecho, la portada de su <a title=\"Magia y religi\u00f3n de la antiguedad a nuestros d\u00edas\" href=\"http:\/\/books.google.es\/books?id=Yk_XAAAAMAAJ&amp;hl=es&amp;source=gbs_book_similarbooks\" rel=\"external nofollow\">libro <\/a>es el dibujo de un falo alado. Por si acaso.<\/span><\/p>\n<p style=\"text-align: justify;\"><span style=\"font-size: medium;\">\u00a0<\/span><\/p>\n<p style=\"text-align: justify;\"><span style=\"font-size: medium;\">\u00a0<\/span><\/p>\n<p style=\"text-align: justify;\"><span style=\"font-size: medium;\">\u00a0<\/span><\/p>\n<p style=\"text-align: justify;\"><span style=\"font-size: medium;\">\u00a0<\/span><\/p>\n<p style=\"text-align: justify;\"><span style=\"font-size: medium;\">\u00a0<\/span><\/p>\n<p style=\"text-align: justify;\"><span style=\"font-size: medium;\">\u00a0<\/span><\/p>\n<p style=\"text-align: justify;\"><span style=\"font-size: medium;\">\u00a0<\/span><\/p>\n<p style=\"text-align: justify;\"><span style=\"font-size: medium;\">\u00a0<\/span><\/p>\n<p style=\"text-align: justify;\"><span style=\"font-size: medium;\">\u00a0<\/span><\/p>\n<p style=\"text-align: justify;\"><span style=\"font-size: medium;\">\u00a0<\/span><\/p>\n<!-- AddThis Advanced Settings generic via filter on the_content --><!-- AddThis Share Buttons generic via filter on the_content -->","protected":false},"excerpt":{"rendered":"<p>Hace ya muchos post (c\u00f3mo pasa el tiempo cuando una se divierte) habl\u00e1bamos del mal de ojo y de la creencia en \u00e9l que a\u00fan subsiste en Extremadura. No es extra\u00f1o si pensamos que este mito lleva al menos dos\u00a0 milenios corriendo por nuestras venas. \u00a0Y es que nuestros antepasados los romanos ya cre\u00edan en [&hellip;]<!-- AddThis Advanced Settings generic via filter on get_the_excerpt --><!-- AddThis Share Buttons generic via filter on get_the_excerpt --><\/p>\n","protected":false},"author":20,"featured_media":476,"comment_status":"open","ping_status":"closed","sticky":false,"template":"","format":"standard","meta":[],"categories":[4,7],"tags":[70,492,495,800,831,846,1046],"_links":{"self":[{"href":"https:\/\/blogs.hoy.es\/extremadurasecreta\/wp-json\/wp\/v2\/posts\/475"}],"collection":[{"href":"https:\/\/blogs.hoy.es\/extremadurasecreta\/wp-json\/wp\/v2\/posts"}],"about":[{"href":"https:\/\/blogs.hoy.es\/extremadurasecreta\/wp-json\/wp\/v2\/types\/post"}],"author":[{"embeddable":true,"href":"https:\/\/blogs.hoy.es\/extremadurasecreta\/wp-json\/wp\/v2\/users\/20"}],"replies":[{"embeddable":true,"href":"https:\/\/blogs.hoy.es\/extremadurasecreta\/wp-json\/wp\/v2\/comments?post=475"}],"version-history":[{"count":2,"href":"https:\/\/blogs.hoy.es\/extremadurasecreta\/wp-json\/wp\/v2\/posts\/475\/revisions"}],"predecessor-version":[{"id":1783,"href":"https:\/\/blogs.hoy.es\/extremadurasecreta\/wp-json\/wp\/v2\/posts\/475\/revisions\/1783"}],"wp:featuredmedia":[{"embeddable":true,"href":"https:\/\/blogs.hoy.es\/extremadurasecreta\/wp-json\/wp\/v2\/media\/476"}],"wp:attachment":[{"href":"https:\/\/blogs.hoy.es\/extremadurasecreta\/wp-json\/wp\/v2\/media?parent=475"}],"wp:term":[{"taxonomy":"category","embeddable":true,"href":"https:\/\/blogs.hoy.es\/extremadurasecreta\/wp-json\/wp\/v2\/categories?post=475"},{"taxonomy":"post_tag","embeddable":true,"href":"https:\/\/blogs.hoy.es\/extremadurasecreta\/wp-json\/wp\/v2\/tags?post=475"}],"curies":[{"name":"wp","href":"https:\/\/api.w.org\/{rel}","templated":true}]}}