{"id":489,"date":"2012-11-06T12:49:28","date_gmt":"2012-11-06T10:49:28","guid":{"rendered":"http:\/\/blogs.hoy.es\/extremadurasecreta\/?p=489"},"modified":"2019-01-16T13:11:00","modified_gmt":"2019-01-16T11:11:00","slug":"sonar-con-moros-y-encontrar-oros","status":"publish","type":"post","link":"https:\/\/blogs.hoy.es\/extremadurasecreta\/2012\/11\/06\/sonar-con-moros-y-encontrar-oros\/","title":{"rendered":"So\u00f1ar con moros y encontrar oros"},"content":{"rendered":"<p style=\"text-align: justify;\"><span style=\"font-size: medium;\">\u00a0<\/span><span style=\"font-size: medium;\">A<\/span><span style=\"font-size: medium;\"> veces los tesoros se aparecen a quien quieren, y otras veces recorren extra\u00f1os caminos para ser descubiertos. A veces hacen llegar un mapa al futuro descubridor, y otras veces le provocan sue\u00f1os que se deben seguir a pies juntillas.<\/span><\/p>\n<p style=\"text-align: justify;\"><span style=\"font-size: medium;\">\u00a0<\/span><span style=\"font-size: medium;\"><a title=\"Extremadura Secreta: Moros en la Costa Dulce\" href=\"https:\/\/blogs.hoy.es\/extremadurasecreta\/2012\/04\/20\/el-oro-y-el-moro\/\">Los moros<\/a>, m\u00edtica raza y eternos guardianes de los tesoros extreme\u00f1os, tambi\u00e9n se manifiestan en sue\u00f1os. La b\u00fasqueda on\u00edrica comienza as\u00ed mucho antes que la b\u00fasqueda real.<\/span><\/p>\n<p style=\"text-align: justify;\"><span style=\"font-size: medium;\">\u00a0<\/span><span style=\"font-size: medium;\">Es lo que sucedi\u00f3 a principios de siglo, en <strong>Orellana la Vieja<\/strong>, a un paisano que comenz\u00f3\u00a0 a so\u00f1ar con cierto moro que conoci\u00f3 en <strong>Melilla<\/strong>. El moro le hab\u00eda preguntado por su lugar de origen, y al responder el buen hombre que de <strong>Orellana la Vieja<\/strong>, el moro le mir\u00f3 muy triste y dijo como lament\u00e1ndose:<\/span><\/p>\n<p style=\"text-align: justify;\"><span style=\"font-size: medium;\">\u00a0<\/span><\/p>\n<p style=\"text-align: justify;\"><span style=\"font-size: medium;\"><em>&#8220;\u00a1Ay! \u00a1Orellana, Orellana! \u00a1Qu\u00e9 valiosos tesoros se esconden en tu Sierra<\/em>!&#8221;<\/span><\/p>\n<p style=\"text-align: justify;\"><span style=\"font-size: medium;\">\u00a0<\/span><\/p>\n<p style=\"text-align: justify;\"><span style=\"font-size: medium;\">El\u00a0 moro se le volvi\u00f3 a aparecer en sue\u00f1os y esta vez fue mucho m\u00e1s concreto, pues le dijo que en el <strong>Risco La Mona<\/strong>, antes de bajar al ca\u00f1o, hubo hace mucho tiempo un santuario donde todav\u00eda hay una pe\u00f1a muy alta en forma de altar. Tiene tres varas de largo por dos de ancho y al lado norte crecen unas madro\u00f1eras muy altas y al lado del poniente una chaparrera muy grande. All\u00ed, cavando a tres cuarto del arado, desde el tronco, hab\u00eda un gran tesoro.<\/span><\/p>\n<div id=\"attachment_494\" style=\"width: 730px\" class=\"wp-caption aligncenter\"><img aria-describedby=\"caption-attachment-494\" loading=\"lazy\" class=\"size-full wp-image-494\" src=\"https:\/\/static-blogs.hoy.es\/wp-content\/uploads\/sites\/16\/2012\/11\/BROVALES-JEREZ-CABALLEROS-e-valle-santa-ana-2012-198.jpg\" alt=\"Su amigo Juli\u00e1n decidi\u00f3 ir en busca del tesoro... (Foto: Jimber)\" width=\"720\" height=\"482\" srcset=\"https:\/\/static-blogs.hoy.es\/wp-content\/uploads\/sites\/16\/2012\/11\/BROVALES-JEREZ-CABALLEROS-e-valle-santa-ana-2012-198.jpg 720w, https:\/\/static-blogs.hoy.es\/wp-content\/uploads\/sites\/16\/2012\/11\/BROVALES-JEREZ-CABALLEROS-e-valle-santa-ana-2012-198-300x201.jpg 300w\" sizes=\"(max-width: 720px) 100vw, 720px\" \/><p id=\"caption-attachment-494\" class=\"wp-caption-text\">Su amigo Juli\u00e1n decidi\u00f3 ir en busca del tesoro&#8230; (Foto: Jimber)<\/p><\/div>\n<p style=\"text-align: justify;\"><span style=\"font-size: medium;\">\u00a0<\/span><span style=\"font-size: medium;\">El paisano cont\u00f3 su sue\u00f1o a los amigos en el casino, y uno de ellos, llamado Juli\u00e1n, no pudo pegar ojo en toda la noche pensando en el tesoro. Finalmente decidi\u00f3 ir a buscarlo. Lo que ocurri\u00f3 dejaremos que nos lo cuente <strong>Victor Sanz Gallardo<\/strong>, en sus\u00a0 <strong>Historias y Leyendas de Orellana<\/strong>:<\/span><\/p>\n<p style=\"text-align: justify;\"><span style=\"font-size: medium;\">\u00a0<\/span><\/p>\n<p style=\"text-align: justify;\"><span style=\"font-size: medium;\"><em>O\u00edanse pocos ruidos debido a lo temprano del d\u00eda, s\u00f3lo algunos producidos por el machac\u00f3n ladrido de un perro. All\u00e1 en la lejan\u00eda de las huertas del ca\u00f1o, cavaba con ardor. Unos azadonazos hicieron saltar la hoja de un cuchillo \u00e1rabe de \u00e9poca incierta; sigui\u00f3 cavando y surgieron dos o tres monedas de oro. Se puso ahora a trabajar con m\u00e1s ilusi\u00f3n y diligencia que antes y en un corto intervalo ten\u00eda desenterradas dos vasijas de barro cocido. Tuvo que sentarse en la base del gran pe\u00f1asco pues el coraz\u00f3n le lat\u00eda con tanta fuerza como si quisiera salir de su pecho. Un momento despu\u00e9s, m\u00e1s tranquilo, destap\u00f3 una de las ollas, qued\u00e1ndose pasmado de asombro como si una serpiente le hubiera hipnotizado. <\/em><\/span><\/p>\n<p style=\"text-align: justify;\"><span style=\"font-size: medium;\"><em>\u00a0<\/em><\/span><span style=\"font-size: medium;\"><em>No dando cr\u00e9dito a sus ojos, vaci\u00f3 el contenido de las ollas en la pe\u00f1a donde antes estuviera sentado. El sol ya m\u00e1s alto, dejaba pasar sus rayos acariciadores por entre las ramas del chaparro, dando de lleno en los objetos all\u00ed desparramados. Luces de Colores destellaban del amarillo met\u00e1lico del oro, como los mismos rayos de sol que ellos se reflejaban, blancos azulados de la plata que a semejanza de la escarcha circundante, se convert\u00edan en blanco pur\u00edsimo, monedas de oro y plata, anillos, pulseras, colgantes y magn\u00edficos torques de oro y plata que un d\u00eda llevar\u00edan puestos en sus cuellos nuestros antepasados de las tribus celtas. Loco de contento, recogi\u00f3 todo, lo guard\u00f3 en las alforjas y tom\u00f3 camino de regreso al pueblo. <\/em><\/span><\/p>\n<p style=\"text-align: justify;\"><span style=\"font-size: medium;\"><em>\u00a0<\/em><\/span><span style=\"font-size: medium;\"><em>De todo esto o, mejor dicho, de todo lo encontrado, se supo m\u00e1s bien poco; lo que s\u00ed se sabe es que la familia esta prosper\u00f3 mucho, hasta convertirse en una de los m\u00e1s opulentos labradores de Orellana.<\/em><\/span><\/p>\n<p style=\"text-align: justify;\"><span style=\"font-size: medium;\">\u00a0<\/span><\/p>\n<p style=\"text-align: justify;\"><span style=\"font-size: medium;\">Afirma <strong>Sanz Gallardo<\/strong> que esta historia puede ser cierta, pues <strong>Almagro Gorbea<\/strong> en su obra &#8220;<strong>El Bronce final en Extremadura<\/strong>&#8220;, alude a un torque de oro macizo encontrado en <strong>Orellana la Vieja<\/strong>, que por desgracia podemos considerar perdido. No est\u00e1n perdidos, sin embargo, <a title=\"Torque de Orellana la Vieja\" href=\"http:\/\/encina.pntic.mec.es\/~cgonza37\/ghorellana\/paginas\/Torques.htm\" rel=\"external nofollow\">el torque<\/a> y el brazalete de plata encontrados y que actualmente se exhiben en el <strong>Museo Arqueol\u00f3gico de Badajoz<\/strong>,\u00a0 fechados en m\u00e1s de tres siglos antes de Cristo.<\/span><\/p>\n<div id=\"attachment_1788\" style=\"width: 1034px\" class=\"wp-caption aligncenter\"><img aria-describedby=\"caption-attachment-1788\" loading=\"lazy\" class=\"size-large wp-image-1788\" src=\"https:\/\/static-blogs.hoy.es\/wp-content\/uploads\/sites\/16\/2012\/11\/Tesoro-de-OrellanaI-plata-1024x600.jpg\" alt=\"Torque de plata perteneciente al tesoro de Orellana (A. Briz)\" width=\"1024\" height=\"600\" srcset=\"https:\/\/static-blogs.hoy.es\/wp-content\/uploads\/sites\/16\/2012\/11\/Tesoro-de-OrellanaI-plata-1024x600.jpg 1024w, https:\/\/static-blogs.hoy.es\/wp-content\/uploads\/sites\/16\/2012\/11\/Tesoro-de-OrellanaI-plata-300x176.jpg 300w, https:\/\/static-blogs.hoy.es\/wp-content\/uploads\/sites\/16\/2012\/11\/Tesoro-de-OrellanaI-plata-768x450.jpg 768w\" sizes=\"(max-width: 1024px) 100vw, 1024px\" \/><p id=\"caption-attachment-1788\" class=\"wp-caption-text\">Torque de plata perteneciente al tesoro de Orellana (A. Briz)<\/p><\/div>\n<p style=\"text-align: justify;\"><span style=\"font-size: medium;\">\u00a0<\/span><span style=\"font-size: medium;\">Y m\u00e1s recientemente, en enero de 1995,\u00a0 aparecieron en <strong>Orellana la Vieja<\/strong> siete piezas de plata con motivos grabados y dos estatuillas tambi\u00e9n de plata, una en forma de diosa orante y la otra con forma de carnero. Lo que viene a corroborar el triste lamento del moro:<\/span><\/p>\n<p style=\"text-align: justify;\"><span style=\"font-size: medium;\">\u00a0<\/span><\/p>\n<p style=\"text-align: justify;\"><span style=\"font-size: medium;\"><em>\u00a0\u00a1Ay!, \u00a1Orellana, Orellana, qu\u00e9 fabulosos tesoros se esconden en tu sierra!<\/em><\/span><\/p>\n<p style=\"text-align: justify;\"><span style=\"font-size: medium;\">\u00a0<\/span><\/p>\n<p style=\"text-align: justify;\"><span style=\"font-size: medium;\">Otros siguen buscando esos fabulosos tesoros, con m\u00e1s o menos suerte, como el &#8220;<a title=\"Denunciado por usar un detector de metales\" href=\"http:\/\/www.hoy.es\/20120810\/local\/denunciado-usar-detector-metales-201208101213.html\" rel=\"external nofollow\">cazatesoros<\/a>&#8221; que este verano fue denunciado por utilizar un detector de metales para la b\u00fasqueda de objetos arqueol\u00f3gicos en el yacimiento &#8216;<strong>Monte de la Barca&#8217;<\/strong> cerca de <strong>Orellana la Vieja.<\/strong><\/span><\/p>\n<p style=\"text-align: justify;\"><span style=\"font-size: medium;\">\u00a0<\/span><span style=\"font-size: medium;\">Tambi\u00e9n en otros lugares de <strong>Extremadura<\/strong> se al\u00edan los tesoros, los moros y los sue\u00f1os. En <strong>Monroy<\/strong> se encuentran las \u201c<strong><a title=\"Asociaci\u00f3n el Bezudo\" href=\"http:\/\/www.asociacionelbezudo.com\/villaromana\/enlacesvilla\/rastreo.htm\" rel=\"external nofollow\">Cercas del Moro<\/a><\/strong>\u201d, situadas a unos 2 Km. del pueblo, en el camino de <strong>Jaraicejo<\/strong>.<\/span><\/p>\n<p style=\"text-align: justify;\"><span style=\"font-size: medium;\">\u00a0<\/span><\/p>\n<div id=\"attachment_495\" style=\"width: 1034px\" class=\"wp-caption aligncenter\"><img aria-describedby=\"caption-attachment-495\" loading=\"lazy\" class=\"size-large wp-image-495\" src=\"https:\/\/static-blogs.hoy.es\/wp-content\/uploads\/sites\/16\/2012\/11\/A-477-1024x520.jpg\" alt=\"Si el que sue\u00f1a con moros sue\u00f1a un tesoro, al que sue\u00f1a con un moro so\u00f1ando el tesoro le viene rodando. (Foto: Jimber)\" width=\"1024\" height=\"520\" srcset=\"https:\/\/static-blogs.hoy.es\/wp-content\/uploads\/sites\/16\/2012\/11\/A-477-1024x520.jpg 1024w, https:\/\/static-blogs.hoy.es\/wp-content\/uploads\/sites\/16\/2012\/11\/A-477-300x152.jpg 300w, https:\/\/static-blogs.hoy.es\/wp-content\/uploads\/sites\/16\/2012\/11\/A-477-768x390.jpg 768w, https:\/\/static-blogs.hoy.es\/wp-content\/uploads\/sites\/16\/2012\/11\/A-477.jpg 1600w\" sizes=\"(max-width: 1024px) 100vw, 1024px\" \/><p id=\"caption-attachment-495\" class=\"wp-caption-text\">Si el que sue\u00f1a con moros sue\u00f1a un tesoro, al que sue\u00f1a con un moro so\u00f1ando el tesoro le viene rodando. (Foto: Jimber)<\/p><\/div>\n<p>&nbsp;<\/p>\n<p style=\"text-align: justify;\">\u00a0<span style=\"font-size: medium;\">Los vecinos de <strong>Monroy<\/strong>, como los del resto de Extremadura, asociaban las ruinas antiguas con construcciones de \u00e9poca musulmana, de ah\u00ed la denominaci\u00f3n de <strong>\u201cEl Moro\u201d<\/strong> que se aplica al arroyo en cuyas inmediaciones se encuentran estos cercados del mismo nombre. Al parecer se trata realmente\u00a0 de un asentamiento rural romano del Bajo Imperio, aunque no es descartable un origen m\u00e1s antiguo, considerando la proximidad de <strong>los Villares de Parapu\u00f1os<\/strong>, de origen prerromano, donde se descubrieron unos torques de oro. Los m\u00e1s viejos del lugar contaban que si alguien so\u00f1aba tres noches seguidas con el tesoro que hab\u00eda en las C<strong>ercas del Moro<\/strong>, detectar\u00eda el lugar exacto donde localizarlo.<\/span><\/p>\n<p style=\"text-align: justify;\"><span style=\"font-size: medium;\">\u00a0<\/span><span style=\"font-size: medium;\">Moros y sue\u00f1os tambi\u00e9n andan de la mano en <strong>Las Hurdes<\/strong>, porque si es cierto lo que cuenta <strong><a title=\"LOS MOROS Y SUS LEYENDAS EN LAS SERRANIAS DE LAS JURDES\" href=\"http:\/\/www.funjdiaz.net\/folklore\/07ficha.cfm?id=439\" rel=\"external nofollow\">F\u00e9lix Barroso<\/a><\/strong>, en el \u201c<strong>Lombu del moru<\/strong>\u201d, dentro del \u201c<strong>rozu<\/strong>\u201d (espacio destinado a la siembra de cereales), se encontr\u00f3 cierto paisano de <strong>Aceitunilla <\/strong>mucho oro y plata despu\u00e9s de so\u00f1ar tres veces seguidas con ese determinado lugar.<\/span><\/p>\n<p style=\"text-align: justify;\"><span style=\"font-size: medium;\">\u00a0<\/span><span style=\"font-size: medium;\">Y es que hay algunos que tienen la suerte de tenerlo todo: <a title=\"Extremadura Secreta: El oro y el moro\" href=\"https:\/\/blogs.hoy.es\/extremadurasecreta\/2012\/05\/29\/el-oro-y-el-moro-2\/\">el oro y el moro<\/a>. <\/span><span style=\"font-size: medium;\">A los dem\u00e1s, s\u00f3lo nos quedan los sue\u00f1os.<\/span><\/p>\n<p style=\"text-align: justify;\"><span style=\"font-size: medium;\">\u00a0<\/span><\/p>\n<p style=\"text-align: justify;\"><span style=\"font-size: medium;\">\u00a0<\/span><\/p>\n<p style=\"text-align: justify;\"><span style=\"font-size: medium;\">\u00a0<\/span><\/p>\n<!-- AddThis Advanced Settings generic via filter on the_content --><!-- AddThis Share Buttons generic via filter on the_content -->","protected":false},"excerpt":{"rendered":"<p>\u00a0A veces los tesoros se aparecen a quien quieren, y otras veces recorren extra\u00f1os caminos para ser descubiertos. A veces hacen llegar un mapa al futuro descubridor, y otras veces le provocan sue\u00f1os que se deben seguir a pies juntillas. \u00a0Los moros, m\u00edtica raza y eternos guardianes de los tesoros extreme\u00f1os, tambi\u00e9n se manifiestan en [&hellip;]<!-- AddThis Advanced Settings generic via filter on get_the_excerpt --><!-- AddThis Share Buttons generic via filter on get_the_excerpt --><\/p>\n","protected":false},"author":20,"featured_media":490,"comment_status":"open","ping_status":"closed","sticky":false,"template":"","format":"standard","meta":[],"categories":[4,10],"tags":[22,167,289,751,775,856,861,875,882,916,1145,1393,1171,1275],"_links":{"self":[{"href":"https:\/\/blogs.hoy.es\/extremadurasecreta\/wp-json\/wp\/v2\/posts\/489"}],"collection":[{"href":"https:\/\/blogs.hoy.es\/extremadurasecreta\/wp-json\/wp\/v2\/posts"}],"about":[{"href":"https:\/\/blogs.hoy.es\/extremadurasecreta\/wp-json\/wp\/v2\/types\/post"}],"author":[{"embeddable":true,"href":"https:\/\/blogs.hoy.es\/extremadurasecreta\/wp-json\/wp\/v2\/users\/20"}],"replies":[{"embeddable":true,"href":"https:\/\/blogs.hoy.es\/extremadurasecreta\/wp-json\/wp\/v2\/comments?post=489"}],"version-history":[{"count":4,"href":"https:\/\/blogs.hoy.es\/extremadurasecreta\/wp-json\/wp\/v2\/posts\/489\/revisions"}],"predecessor-version":[{"id":1789,"href":"https:\/\/blogs.hoy.es\/extremadurasecreta\/wp-json\/wp\/v2\/posts\/489\/revisions\/1789"}],"wp:featuredmedia":[{"embeddable":true,"href":"https:\/\/blogs.hoy.es\/extremadurasecreta\/wp-json\/wp\/v2\/media\/490"}],"wp:attachment":[{"href":"https:\/\/blogs.hoy.es\/extremadurasecreta\/wp-json\/wp\/v2\/media?parent=489"}],"wp:term":[{"taxonomy":"category","embeddable":true,"href":"https:\/\/blogs.hoy.es\/extremadurasecreta\/wp-json\/wp\/v2\/categories?post=489"},{"taxonomy":"post_tag","embeddable":true,"href":"https:\/\/blogs.hoy.es\/extremadurasecreta\/wp-json\/wp\/v2\/tags?post=489"}],"curies":[{"name":"wp","href":"https:\/\/api.w.org\/{rel}","templated":true}]}}