{"id":530,"date":"2012-12-18T00:41:46","date_gmt":"2012-12-17T22:41:46","guid":{"rendered":"http:\/\/blogs.hoy.es\/extremadurasecreta\/?p=530"},"modified":"2019-01-22T14:04:11","modified_gmt":"2019-01-22T12:04:11","slug":"saturnalia-las-navidades-romanas-ave-ave-ave-la-marimorena","status":"publish","type":"post","link":"https:\/\/blogs.hoy.es\/extremadurasecreta\/2012\/12\/18\/saturnalia-las-navidades-romanas-ave-ave-ave-la-marimorena\/","title":{"rendered":"Saturnalia o las navidades romanas:  Ave, ave, ave&#8230; la Marimorena"},"content":{"rendered":"<p style=\"text-align: justify;\"><span style=\"font-size: medium;\">No salimos de unas para meternos en otras. Acabamos de pasar el <strong><a title=\"Extremadura Secreta: La calavera el Conqui y los muertos cast\u00faos\" href=\"https:\/\/blogs.hoy.es\/extremadurasecreta\/2012\/10\/30\/la-calavera-el-conqui-y-los-muertos-castuos\/\">Samhain<\/a> <\/strong>celta, las <strong><a title=\"El Macho Lan\u00fa: Cuando el diablo se encabrona\" href=\"https:\/\/blogs.hoy.es\/extremadurasecreta\/2012\/12\/05\/el-macho-lanu-cuando-el-diablo-se-encabrona\/\">Faunales<\/a><\/strong> romanas y ya estamos metidos de cabeza en las <strong>Saturnalia<\/strong>. Yo les cuento lo que hac\u00edamos cuando \u00e9ramos <strong>Lusitania<\/strong> pura y ustedes me dicen a qu\u00e9 les recuerda\u2026 \u00bfempezamos?<\/span><\/p>\n<p style=\"text-align: justify;\"><span style=\"font-size: medium;\">\u00a0<\/span><\/p>\n<p style=\"text-align: justify;\"><span style=\"font-size: medium;\">Cuando \u00e9ramos romanos, <a title=\"Cultura Cl\u00e1sica: Agenda pagana\" href=\"http:\/\/www.culturaclasica.com\/agenda_pagana\/december.htm\" rel=\"external nofollow\">del <strong>17 al 23 de Diciembre<\/strong> <\/a>ten\u00edan lugar las Saturnalia, celebradas para recordar aquel tiempo m\u00edtico de una supuesta Edad de Oro en la que reinaba <strong>Saturno<\/strong>, una \u00e9poca en la que, al parecer, tambi\u00e9n llegamos a vivir por encima de nuestras posibilidades. Y es que no escarmentamos.<\/span><\/p>\n<p style=\"text-align: justify;\"><span style=\"font-size: medium;\">\u00a0<\/span><\/p>\n<p style=\"text-align: justify;\"><span style=\"font-size: medium;\">El <strong>17 de Diciembre<\/strong> comenzaban las fiestas, celebradas sobre todo en Roma, pero extendidas a todo el imperio (y por ende a <strong>Lusitania<\/strong>) por obra y gracias de la virtud que tienen las fiestas para expandirse y por aquello de que tampoco eran tan nuevas. Las fiestas en estas fechas no son invento romano, sino que se pierden en el origen de los tiempos. El <strong>solsticio de invierno<\/strong> es m\u00e1gico\u00a0 para todos, y aqu\u00ed ya celebr\u00e1bamos algo parecido.<\/span><\/p>\n<div id=\"attachment_532\" style=\"width: 310px\" class=\"wp-caption alignright\"><a href=\"\/extremadurasecreta\/wp-content\/uploads\/sites\/16\/2012\/12\/MERIDA-LUDICA-9-2012-10.jpg\"><img aria-describedby=\"caption-attachment-532\" loading=\"lazy\" class=\"size-medium wp-image-532\" title=\"MERIDA LUDICA-9-2012 (10)\" src=\"\/extremadurasecreta\/wp-content\/uploads\/sites\/16\/2012\/12\/MERIDA-LUDICA-9-2012-10.jpg\" alt=\"\" width=\"300\" height=\"214\" srcset=\"https:\/\/static-blogs.hoy.es\/wp-content\/uploads\/sites\/16\/2012\/12\/MERIDA-LUDICA-9-2012-10.jpg 1600w, https:\/\/static-blogs.hoy.es\/wp-content\/uploads\/sites\/16\/2012\/12\/MERIDA-LUDICA-9-2012-10-300x214.jpg 300w, https:\/\/static-blogs.hoy.es\/wp-content\/uploads\/sites\/16\/2012\/12\/MERIDA-LUDICA-9-2012-10-768x548.jpg 768w, https:\/\/static-blogs.hoy.es\/wp-content\/uploads\/sites\/16\/2012\/12\/MERIDA-LUDICA-9-2012-10-1024x731.jpg 1024w\" sizes=\"(max-width: 300px) 100vw, 300px\" \/><\/a><p id=\"caption-attachment-532\" class=\"wp-caption-text\">En Saturnalia los escolares ten\u00edan vacaciones (Foto: Jimber)<\/p><\/div>\n<p style=\"text-align: justify;\"><span style=\"font-size: medium;\">\u00a0<\/span><\/p>\n<p style=\"text-align: justify;\"><span style=\"font-size: medium;\">En ciudades como <strong>Em\u00e9rita Augusta<\/strong>, la antigua <strong>M\u00e9rida<\/strong>, la alegr\u00eda se palpaba por las calles: suspend\u00edamos la actividad pol\u00edtica, cerr\u00e1bamos los tribunales, <strong>d\u00e1bamos vacaciones a los escolares<\/strong>, aplaz\u00e1bamos las ejecuciones, liber\u00e1bamos a algunos\u00a0 prisioneros, <strong>realiz\u00e1bamos sorteos de loter\u00eda<\/strong>, permit\u00edamos los juegos de azar y <strong>celebr\u00e1bamos banquetes p\u00fablicos<\/strong>.<\/span><\/p>\n<p style=\"text-align: justify;\"><span style=\"font-size: medium;\">\u00a0<\/span><\/p>\n<p style=\"text-align: justify;\"><span style=\"font-size: medium;\">Ahora tambi\u00e9n se suspende la actividad pol\u00edtica y administrativa, damos vacaciones a las criaturas, aplazamos las ejecuciones (de desahucio, principalmente) y el estado se encarga de liberar a algunos \u201cprisioneros\u201d, preferentemente banqueros, empresarios estafadores y amiguitos de correr\u00edas.<\/span><\/p>\n<p style=\"text-align: justify;\"><span style=\"font-size: medium;\">\u00a0<\/span><\/p>\n<p style=\"text-align: justify;\"><span style=\"font-size: medium;\">Tambi\u00e9n nos jugamos lo que no tenemos en sorteos y loter\u00eda y celebramos banquetes p\u00fablicos con compa\u00f1eros de trabajo a los que no tragamos, amigos a los que nunca vemos y familia a la que vemos demasiado.<\/span><\/p>\n<p style=\"text-align: justify;\"><span style=\"font-size: medium;\">\u00a0<\/span><\/p>\n<p style=\"text-align: justify;\"><span style=\"font-size: medium;\">Cuando \u00e9ramos romanos<strong> sal\u00edamos a la calle a bailar y cantar<\/strong> con el pelo adornado con guirnaldas y velas en las manos. <strong>Visit\u00e1bamos a parientes y amigos y les llev\u00e1bamos\u00a0 regalos<\/strong>, especialmente <strong>frutas, velas y figuritas <\/strong>de terracota.<\/span><\/p>\n<p style=\"text-align: justify;\"><span style=\"font-size: medium;\">\u00a0<\/span><\/p>\n<div id=\"attachment_533\" style=\"width: 1034px\" class=\"wp-caption aligncenter\"><img aria-describedby=\"caption-attachment-533\" loading=\"lazy\" class=\"size-large wp-image-533\" src=\"https:\/\/static-blogs.hoy.es\/wp-content\/uploads\/sites\/16\/2012\/12\/MERIDA-LUDICA-9-2012-40-1024x685.jpg\" alt=\",,, y sal\u00edamos a la calle a bailar y cantar... (Foto: Jimber)\" width=\"1024\" height=\"685\" srcset=\"https:\/\/static-blogs.hoy.es\/wp-content\/uploads\/sites\/16\/2012\/12\/MERIDA-LUDICA-9-2012-40-1024x685.jpg 1024w, https:\/\/static-blogs.hoy.es\/wp-content\/uploads\/sites\/16\/2012\/12\/MERIDA-LUDICA-9-2012-40-300x201.jpg 300w, https:\/\/static-blogs.hoy.es\/wp-content\/uploads\/sites\/16\/2012\/12\/MERIDA-LUDICA-9-2012-40-768x514.jpg 768w, https:\/\/static-blogs.hoy.es\/wp-content\/uploads\/sites\/16\/2012\/12\/MERIDA-LUDICA-9-2012-40.jpg 1600w\" sizes=\"(max-width: 1024px) 100vw, 1024px\" \/><p id=\"caption-attachment-533\" class=\"wp-caption-text\">Y sal\u00edamos a la calle a bailar y cantar&#8230; (Foto: Jimber)<\/p><\/div>\n<p style=\"text-align: justify;\"><span style=\"font-size: medium;\">Tambi\u00e9n era habitual <strong>cometer todo tipo de excesos con la comida y la bebida<\/strong>, siendo estos unos d\u00edas de desenfreno y bacanales, hasta el punto que los cristianos terminaron por utilizar el t\u00e9rmino &#8220;<strong>saturnalia<\/strong>&#8221; cuando se refer\u00edan a una org\u00eda.<\/span><\/p>\n<p style=\"text-align: justify;\"><span style=\"font-size: medium;\">\u00a0<\/span><\/p>\n<p style=\"text-align: justify;\"><span style=\"font-size: medium;\">Ahora tambi\u00e9n nos adue\u00f1amos de las calles cantando \u201cLa Marimorena\u201d, bailando \u201cel baile del caballo\u201d y llevando en el cabello diademas rojas y blancas con cuernos de ciervo (\u00a1si <strong>Cernnunos <\/strong>levantara la cabeza!). Visitamos a parientes y regalamos sin ton ni son detallitos del \u201cTodo a un euro\u201d, posiblemente por efecto de los vapores et\u00edlicos o de los litros de grasa que taponan nuestras venas estos d\u00edas, que impiden que pensemos con claridad. Los excesos se pagan, ayer como hoy.<\/span><\/p>\n<p style=\"text-align: justify;\"><span style=\"font-size: medium;\">\u00a0<\/span><\/p>\n<div id=\"attachment_534\" style=\"width: 1034px\" class=\"wp-caption aligncenter\"><img aria-describedby=\"caption-attachment-534\" loading=\"lazy\" class=\"size-large wp-image-534\" src=\"https:\/\/static-blogs.hoy.es\/wp-content\/uploads\/sites\/16\/2012\/12\/MERIDA-LUDICA-9-2012-52-1024x685.jpg\" alt=\"Las taberneras hac\u00edan su agosto en diciembre con la venta de vino (Foro: Jimber)\" width=\"1024\" height=\"685\" srcset=\"https:\/\/static-blogs.hoy.es\/wp-content\/uploads\/sites\/16\/2012\/12\/MERIDA-LUDICA-9-2012-52-1024x685.jpg 1024w, https:\/\/static-blogs.hoy.es\/wp-content\/uploads\/sites\/16\/2012\/12\/MERIDA-LUDICA-9-2012-52-300x201.jpg 300w, https:\/\/static-blogs.hoy.es\/wp-content\/uploads\/sites\/16\/2012\/12\/MERIDA-LUDICA-9-2012-52-768x514.jpg 768w, https:\/\/static-blogs.hoy.es\/wp-content\/uploads\/sites\/16\/2012\/12\/MERIDA-LUDICA-9-2012-52.jpg 1600w\" sizes=\"(max-width: 1024px) 100vw, 1024px\" \/><p id=\"caption-attachment-534\" class=\"wp-caption-text\">Las taberneras hac\u00edan su agosto en diciembre con la venta de vino (Foto: Jimber)<\/p><\/div>\n<p style=\"text-align: justify;\"><span style=\"font-size: medium;\">\u00a0<\/span><\/p>\n<p style=\"text-align: justify;\"><span style=\"font-size: medium;\">Cuando \u00e9ramos romanos, el <strong>19 de Diciembre<\/strong> celebr\u00e1bamos <strong>las Opales<\/strong>, las fiestas en honor de <strong>Ops, diosa de la abundancia<\/strong>. Para qu\u00e9 quer\u00edamos m\u00e1s.<\/span><\/p>\n<p style=\"text-align: justify;\"><span style=\"font-size: medium;\">\u00a0<\/span><\/p>\n<p style=\"text-align: justify;\"><span style=\"font-size: medium;\">El calor de los fuegos y los vapores del vino embriagan los cuerpos y las mentes, y la ciudad se transforma en una gran burla en la que los esclavos son servidos por sus amos y las mujeres decentes pueden vestirse de libertinaje sin \u00a0que pierdan por ello su buena reputaci\u00f3n. O eso dicen.<\/span><\/p>\n<p style=\"text-align: justify;\"><span style=\"font-size: medium;\">\u00a0<\/span><\/p>\n<div id=\"attachment_535\" style=\"width: 1034px\" class=\"wp-caption aligncenter\"><img aria-describedby=\"caption-attachment-535\" loading=\"lazy\" class=\"size-large wp-image-535\" src=\"https:\/\/static-blogs.hoy.es\/wp-content\/uploads\/sites\/16\/2012\/12\/MERIDA-LUDICA-9-2012-20-1024x685.jpg\" alt=\"Los ej\u00e9rcitos eleg\u00edan un &quot;rey de las fiestas&quot; al que se terminaba sacrificando (Foto: Jimber)\" width=\"1024\" height=\"685\" srcset=\"https:\/\/static-blogs.hoy.es\/wp-content\/uploads\/sites\/16\/2012\/12\/MERIDA-LUDICA-9-2012-20-1024x685.jpg 1024w, https:\/\/static-blogs.hoy.es\/wp-content\/uploads\/sites\/16\/2012\/12\/MERIDA-LUDICA-9-2012-20-300x201.jpg 300w, https:\/\/static-blogs.hoy.es\/wp-content\/uploads\/sites\/16\/2012\/12\/MERIDA-LUDICA-9-2012-20-768x514.jpg 768w, https:\/\/static-blogs.hoy.es\/wp-content\/uploads\/sites\/16\/2012\/12\/MERIDA-LUDICA-9-2012-20.jpg 1600w\" sizes=\"(max-width: 1024px) 100vw, 1024px\" \/><p id=\"caption-attachment-535\" class=\"wp-caption-text\">Los ej\u00e9rcitos eleg\u00edan un &#8220;rey de las fiestas&#8221; al que se terminaba sacrificando (Foto: Jimber)<\/p><\/div>\n<p style=\"text-align: justify;\"><span style=\"font-size: medium;\">Cuando \u00e9ramos romanos, el <strong>22 de Diciembre<\/strong> \u00a0los ej\u00e9rcitos eleg\u00edan, entre los condenados a muerte, a un &#8220;<em>rex saturnaliorum<\/em>\u201d o\u00a0 rey de las fiestas, al que se vest\u00eda con regios ropajes, sus deseos se acataban como \u00f3rdenes y al que se hac\u00eda disfrutar de la vida hasta el l\u00edmite de sus posibilidades. Y m\u00e1s le val\u00eda disfrutar, porque al final de la fiesta se le sacrificaba en un altar levantado en honor a Saturno.<\/span><\/p>\n<p style=\"text-align: justify;\"><span style=\"font-size: medium;\">\u00a0<\/span><\/p>\n<p style=\"text-align: justify;\"><span style=\"font-size: medium;\">Ahora el sacrificio es menos cruel, pero m\u00e1s universal e igual de doloroso: lo llamamos resaca.<\/span><\/p>\n<p style=\"text-align: justify;\"><span style=\"font-size: medium;\">\u00a0<\/span><\/p>\n<p style=\"text-align: justify;\"><span style=\"font-size: medium;\">El <strong>23 de Diciembre<\/strong>, coronando esta vor\u00e1gine, tiene lugar el gran acontecimiento c\u00f3smico: el <strong>Solsticio de Invierno<\/strong>. El Sol comienza su ascensi\u00f3n, el tiempo de luz ir\u00e1 creciendo desde ahora hasta alcanzar su cenit en el <strong>solsticio de verano<\/strong>. Este <strong>solsticio de invierno<\/strong>, dedicado tambi\u00e9n a Jano, el de las dos caras, (Jano-Juan como guardi\u00e1n de las puertas) \u00a0es considerado como la &#8220;puerta de los dioses&#8221;, el acceso al reino de la luz. Es el momento de sembrar para, m\u00e1s tarde, recoger.<\/span><\/p>\n<p style=\"text-align: justify;\"><span style=\"font-size: medium;\">\u00a0<\/span><\/p>\n<p style=\"text-align: justify;\"><span style=\"font-size: medium;\">Pero de eso hablaremos la semana pr\u00f3xima, cuando el <strong>25 de Diciembre<\/strong> celebremos el nacimiento de <strong>Jes\u00fas<\/strong>. Y el de <strong>Mitra<\/strong>. Y el de <strong>Osiris<\/strong>. Y el de <strong>Buda<\/strong>. Y\u2026<\/span><\/p>\n<p style=\"text-align: justify;\"><span style=\"font-size: medium;\">\u00a0<\/span><\/p>\n<p style=\"text-align: justify;\"><span style=\"font-size: medium;\">\u00a0<\/span><\/p>\n<p style=\"text-align: justify;\"><span style=\"font-size: medium;\">\u00a0<\/span><\/p>\n<p style=\"text-align: justify;\"><span style=\"font-size: medium;\">\u00a0<\/span><\/p>\n<!-- AddThis Advanced Settings generic via filter on the_content --><!-- AddThis Share Buttons generic via filter on the_content -->","protected":false},"excerpt":{"rendered":"<p>No salimos de unas para meternos en otras. Acabamos de pasar el Samhain celta, las Faunales romanas y ya estamos metidos de cabeza en las Saturnalia. Yo les cuento lo que hac\u00edamos cuando \u00e9ramos Lusitania pura y ustedes me dicen a qu\u00e9 les recuerda\u2026 \u00bfempezamos? \u00a0 Cuando \u00e9ramos romanos, del 17 al 23 de Diciembre [&hellip;]<!-- AddThis Advanced Settings generic via filter on get_the_excerpt --><!-- AddThis Share Buttons generic via filter on get_the_excerpt --><\/p>\n","protected":false},"author":20,"featured_media":531,"comment_status":"open","ping_status":"closed","sticky":false,"template":"","format":"standard","meta":[],"categories":[4,7],"tags":[293,462,496,788,831,913,1067,1096,1097,1138,1139],"_links":{"self":[{"href":"https:\/\/blogs.hoy.es\/extremadurasecreta\/wp-json\/wp\/v2\/posts\/530"}],"collection":[{"href":"https:\/\/blogs.hoy.es\/extremadurasecreta\/wp-json\/wp\/v2\/posts"}],"about":[{"href":"https:\/\/blogs.hoy.es\/extremadurasecreta\/wp-json\/wp\/v2\/types\/post"}],"author":[{"embeddable":true,"href":"https:\/\/blogs.hoy.es\/extremadurasecreta\/wp-json\/wp\/v2\/users\/20"}],"replies":[{"embeddable":true,"href":"https:\/\/blogs.hoy.es\/extremadurasecreta\/wp-json\/wp\/v2\/comments?post=530"}],"version-history":[{"count":2,"href":"https:\/\/blogs.hoy.es\/extremadurasecreta\/wp-json\/wp\/v2\/posts\/530\/revisions"}],"predecessor-version":[{"id":1803,"href":"https:\/\/blogs.hoy.es\/extremadurasecreta\/wp-json\/wp\/v2\/posts\/530\/revisions\/1803"}],"wp:featuredmedia":[{"embeddable":true,"href":"https:\/\/blogs.hoy.es\/extremadurasecreta\/wp-json\/wp\/v2\/media\/531"}],"wp:attachment":[{"href":"https:\/\/blogs.hoy.es\/extremadurasecreta\/wp-json\/wp\/v2\/media?parent=530"}],"wp:term":[{"taxonomy":"category","embeddable":true,"href":"https:\/\/blogs.hoy.es\/extremadurasecreta\/wp-json\/wp\/v2\/categories?post=530"},{"taxonomy":"post_tag","embeddable":true,"href":"https:\/\/blogs.hoy.es\/extremadurasecreta\/wp-json\/wp\/v2\/tags?post=530"}],"curies":[{"name":"wp","href":"https:\/\/api.w.org\/{rel}","templated":true}]}}