{"id":547,"date":"2012-12-31T21:28:45","date_gmt":"2012-12-31T19:28:45","guid":{"rendered":"http:\/\/blogs.hoy.es\/extremadurasecreta\/?p=547"},"modified":"2020-01-01T12:41:04","modified_gmt":"2020-01-01T10:41:04","slug":"ano-nuevo-en-lusitania-las-strenas-la-mafia-y-las-dos-caras-de-jano","status":"publish","type":"post","link":"https:\/\/blogs.hoy.es\/extremadurasecreta\/2012\/12\/31\/ano-nuevo-en-lusitania-las-strenas-la-mafia-y-las-dos-caras-de-jano\/","title":{"rendered":"A\u00f1o nuevo en Lusitania: Las strenas y las dos caras de Jano"},"content":{"rendered":"<div class=\"mceTemp\">\n<p><span style=\"font-size: 10pt;\">\u00a0Cuando \u00e9ramos romanos ya celebr\u00e1bamos el a\u00f1o nuevo. Sin braguitas rojas y sin escupir pedazos de uva, eso s\u00ed, que se ve que por entonces ten\u00edamos mejor gusto.<\/span><\/p>\n<\/div>\n<p style=\"text-align: justify;\"><span style=\"font-size: 10pt;\">\u00a0La noche del 31 de diciembre, v\u00edspera de <strong>las Strenas<\/strong>, celebr\u00e1bamos con fuegos y estruendoso bullicio el fin del a\u00f1o solar. Era una fiesta cat\u00e1rtica y de renovaci\u00f3n en la que hac\u00edamos ofrendas a la <strong>diosa Strenia<\/strong>, bajo cuyo auspicio inici\u00e1bamos (\u201cestren\u00e1bamos\u201d) el A\u00f1o Nuevo.<\/span><\/p>\n<p style=\"text-align: justify;\"><span style=\"font-size: 10pt;\">\u00a0En Grecia esta fiesta se dedicaba a <strong>Dionisio<\/strong>\u00a0desde la noche anterior, en la que se despide al a\u00f1o. Corr\u00eda el vino en abundancia, los hombres se vest\u00edan de mujeres (que hay que ver lo que os ha gustado siempre) o de animales cornudos (no se que es peor), por lo que hasta el bueno de <strong>San Paciano<\/strong>, obispo de Barcelona el siglo IV, lamentaba que los cristianos celebraran las &#8220;<em>Kalendas Ianuarias&#8221;.<\/em><\/span><\/p>\n<p style=\"text-align: justify;\"><span style=\"font-size: 12pt;\"><span style=\"font-size: 10pt;\"><em>\u00a0<\/em>Tambi\u00e9n se quejaba \u00a0<strong>San Isidoro de Sevilla<\/strong> (que para eso era santo) y condenaba estas fiestas diciendo:<\/span><\/span><\/p>\n<p style=\"text-align: justify;\"><span style=\"font-size: 10pt;\">\u00a0<\/span><\/p>\n<p style=\"text-align: justify;\"><span style=\"font-size: 10pt;\">&#8220;<em>Algunos, a causa de la citada fiesta pagana, se manchan el mismo d\u00eda con la observaci\u00f3n de los augurios, hacen griter\u00eda y danza, cometiendo otra que es m\u00e1s torpe iniquidad, pues se unen los de uno y otro sexo formando cuadrilla, y la turba de depauperado esp\u00edritu se excita con el vino<\/em>.&#8221;<\/span><\/p>\n<p style=\"text-align: justify;\"><span style=\"font-size: medium;\">\u00a0<\/span><\/p>\n<p style=\"text-align: justify;\"><span style=\"font-size: 10pt;\">Hoy como ayer, se\u00f1ores.<\/span><\/p>\n<p style=\"text-align: justify;\"><span style=\"font-size: 10pt;\">\u00a0Pero despu\u00e9s de la tempestad llega la calma. Las Calendas (primeros d\u00edas) de Enero fueron oficialmente el primer d\u00eda del a\u00f1o desde el a\u00f1o 45 A.E.C., cuando <strong>Julio C\u00e9sar<\/strong> instituye el calendario juliano.<\/span><\/p>\n<p style=\"text-align: justify;\"><span style=\"font-size: 10pt;\">\u00a0El origen del aguinaldo, otra costumbre que se est\u00e1 perdiendo, se remonta supuestamente al reinado de <strong>R\u00f3mulo<\/strong>, primer monarca de Roma, quien recibi\u00f3 el primer d\u00eda del a\u00f1o de sus colaboradores unas ramas cortadas de un frutal del bosque de la <strong>diosa Strenia<\/strong>.<\/span><\/p>\n<p style=\"text-align: justify;\"><span style=\"font-size: medium;\">\u00a0<\/span><\/p>\n<div id=\"attachment_549\" style=\"width: 1034px\" class=\"wp-caption aligncenter\"><img aria-describedby=\"caption-attachment-549\" loading=\"lazy\" class=\"size-large wp-image-549\" src=\"https:\/\/static-blogs.hoy.es\/wp-content\/uploads\/sites\/16\/2012\/12\/01_1199x800-1024x683.jpg\" alt=\"R\u00f3mulo instaur\u00f3 el aguinaldo (Foto:Jimber)\" width=\"1024\" height=\"683\" srcset=\"https:\/\/static-blogs.hoy.es\/wp-content\/uploads\/sites\/16\/2012\/12\/01_1199x800-1024x683.jpg 1024w, https:\/\/static-blogs.hoy.es\/wp-content\/uploads\/sites\/16\/2012\/12\/01_1199x800-300x200.jpg 300w, https:\/\/static-blogs.hoy.es\/wp-content\/uploads\/sites\/16\/2012\/12\/01_1199x800-768x512.jpg 768w, https:\/\/static-blogs.hoy.es\/wp-content\/uploads\/sites\/16\/2012\/12\/01_1199x800.jpg 1199w\" sizes=\"(max-width: 1024px) 100vw, 1024px\" \/><p id=\"caption-attachment-549\" class=\"wp-caption-text\"><span style=\"font-size: 8pt;\">R\u00f3mulo instaur\u00f3 el aguinaldo. Loba capitolina de M\u00e9rida\u00a0 (Foto:Jimber)<\/span><\/p><\/div>\n<p style=\"text-align: justify;\"><span style=\"font-size: 10pt;\">El mes de<strong> <a title=\"Revista Esfinge: Fiestas Sagradas en la antigua Roma\" href=\" http:\/\/www.editorial-na.com\/articulos\/articulo.asp?artic=35\">Enero -Ianurius<\/a><\/strong><a title=\"Revista Esfinge: Fiestas Sagradas en la antigua Roma\" href=\" http:\/\/www.editorial-na.com\/articulos\/articulo.asp?artic=35\">&#8211;<\/a> era consagrado al dios <strong><a title=\"Jano\" href=\"http:\/\/es.wikipedia.org\/wiki\/Jano\" rel=\"external nofollow\">Jano<\/a><\/strong>, \u201c<em>el que mira atr\u00e1s y hacia delante<\/em>\u201d, al final del a\u00f1o terminado y al comienzo del siguiente.<\/span><\/p>\n<p style=\"text-align: justify;\"><span style=\"font-size: 10pt;\">\u00a0A\u00a0<strong>Jano Bifronte<\/strong> o \u00ab<em>dios de todos los inicios<\/em>\u00bb se le representa con dos caras, una de viejo y la otra de joven, y su funci\u00f3n es la de presidir los inicios, los umbrales, los pasajes desde un periodo temporal a otro, los renacimientos inici\u00e1ticos. \u00a0Por eso le consagramos el primer mes del a\u00f1o (que en espa\u00f1ol pas\u00f3 del lat\u00edn<em> Ianuarius<\/em> a <em>Janeiro<\/em> y <em>Janero<\/em> y de ah\u00ed deriv\u00f3 a Enero).<\/span><\/p>\n<p style=\"text-align: justify;\"><span style=\"font-size: 10pt;\">\u00a0Como recoge el investigador <strong><a title=\"Jes\u00fas Callejo: Fiestas Sagradas\" href=\"http:\/\/books.google.es\/books\/about\/Fiestas_sagradas.html?hl=es&amp;id=MwzgAAAAMAAJ\" rel=\"external nofollow\">Jes\u00fas Callejo<\/a><\/strong> \u00a0<strong>Las Calendas de enero <\/strong>no eran un d\u00eda de fiestas, sino que se realizaba un ritual que <strong>Jano <\/strong>hab\u00eda dictado y que resum\u00eda <strong>Ovidio<\/strong>:<\/span><\/p>\n<p style=\"text-align: justify;\"><span style=\"font-size: medium;\">\u00a0<\/span><\/p>\n<p style=\"text-align: justify;\"><span style=\"font-size: 10pt;\"><em>\u201cHe consagrado el trabajo al a\u00f1o que ahora empieza, de manera que el a\u00f1o entero no sea ocioso <\/em>\u201c.<\/span><\/p>\n<p style=\"text-align: justify;\"><span style=\"font-size: 10pt;\">\u00a0<\/span><\/p>\n<p style=\"text-align: justify;\"><span style=\"font-size: 10pt;\">As\u00ed que todo el mundo empezaba el a\u00f1o currando, y realizando un peque\u00f1o resumen de sus propios trabajos habituales. \u00a0Esta es una tradici\u00f3n que, inteligentemente, hemos decidido ignorar en nuestros tiempo.<\/span><\/p>\n<div class=\"mceTemp\"><span style=\"font-size: 10pt;\"><span style=\"text-align: justify;\">\u00a0<\/span>\u00a0Pero no todo era trabajo.\u00a0Invit\u00e1bamos a los amigos y se intercambiaban vasos con miel, d\u00e1tiles e higos:<\/span><\/div>\n<p style=\"text-align: justify;\"><span style=\"font-size: 10pt;\">\u00a0<em>\u00abQue el sabor pueda pasar en las cosas; y el a\u00f1o, dulce como empez\u00f3 pueda continuar<\/em>\u00bb, dec\u00edamos en los tiempos en los que habl\u00e1bamos de maravilla.<\/span><\/p>\n<p style=\"text-align: justify;\"><span style=\"font-size: 10pt;\">\u00a0Ofrec\u00edamos a <strong>Jano<\/strong>\u00a0 una torta\u00a0 hecha de harina de trigo amasada con sal y vino dedic\u00e1bamos este d\u00eda a perdonar las ofensas y a ensalzar los sentimientos de amistad,\u00a0 que manifest\u00e1bamos con el intercambio de obsequios y presentes.<\/span><\/p>\n<p style=\"text-align: justify;\"><span style=\"font-size: 10pt;\">\u00a0De hecho, el origen etimol\u00f3gico de la palabra aguinaldo parece estar en una frase romana que significa \u201c<em>en este a\u00f1o<\/em>\u201d. El padrino o la madrina regalaban a su ahijado un dulce en\u00a0 forma de serpiente, adornado con confites y frutas escarchadas, que ven\u00eda en una caja muy vistosa que despu\u00e9s serv\u00eda para guardar los \u201c<em>tesoros<\/em>\u201d o juguetes de los ni\u00f1os. De ah\u00ed al <strong>rosc\u00f3n de Reyes <\/strong>no hay ni un paso.<\/span><\/p>\n<p style=\"text-align: justify;\"><span style=\"font-size: 10pt;\">\u00a0<\/span><\/p>\n<p style=\"text-align: justify;\"><span style=\"font-size: medium;\">\u00a0<\/span><\/p>\n<div id=\"attachment_1983\" style=\"width: 510px\" class=\"wp-caption aligncenter\"><img aria-describedby=\"caption-attachment-1983\" loading=\"lazy\" class=\"size-full wp-image-1983\" src=\"https:\/\/static-blogs.hoy.es\/wp-content\/uploads\/sites\/16\/2012\/12\/Piranesi-17024.jpg\" alt=\"\" width=\"500\" height=\"339\" srcset=\"https:\/\/static-blogs.hoy.es\/wp-content\/uploads\/sites\/16\/2012\/12\/Piranesi-17024.jpg 500w, https:\/\/static-blogs.hoy.es\/wp-content\/uploads\/sites\/16\/2012\/12\/Piranesi-17024-300x203.jpg 300w\" sizes=\"(max-width: 500px) 100vw, 500px\" \/><p id=\"caption-attachment-1983\" class=\"wp-caption-text\"><span style=\"font-size: 8pt;\">Templo de Jano en Roma (Giovanni Battista Piranesi)<\/span><\/p><\/div>\n<p style=\"text-align: justify;\"><span style=\"font-size: 10pt;\">Por cierto, que el templo m\u00e1s importante de<strong> Jano<\/strong> estaba en <strong>Roma<\/strong>\u00a0 y ten\u00eda doce puertas,\u00a0 una por cada uno de los meses del a\u00f1o, que curiosamente permanec\u00edan abiertas durante la \u00e9poca de\u00a0 guerra, y cerradas cuando la paz reinaba en el pa\u00eds.<\/span><\/p>\n<p style=\"text-align: justify;\"><span style=\"font-size: 10pt;\">Todo romano que deseaba emprender con buen pie un negocio o finalizar con \u00e9xito\u00a0 una empresa acud\u00eda a rendir culto a este dios de dos cabezas en\u00a0el <strong><a title=\"Arco de Jano\" href=\"http:\/\/es.wikipedia.org\/wiki\/Arco_de_Jano\" rel=\"external nofollow\">Arco de Jano<\/a><\/strong>, uno de los monumentos m\u00e1s significativos que aun quedan en pie dedicados a esta deidad.\u00a0Este misterioso arco <a href=\"https:\/\/www.hoy.es\/20110317\/local\/merida\/investigadores-extremenos-retoman-excavaciones-201103171047.html\" rel=\"external nofollow\">investigado por un equipo de arque\u00f3logos extreme\u00f1os<\/a>\u00a0tuvo una fortaleza medieval en su \u00e1tico y se encuentra algo castigado debido a un atentado de la mafia que le pill\u00f3 cerca.<\/span><\/p>\n<p style=\"text-align: justify;\"><span style=\"font-size: 10pt;\">Bienvenidos pues, al mes de Jano, a su recuerdo del pasado y a su visi\u00f3n del futuro, a la entrada\u00a0 de todo un a\u00f1o de 365 d\u00edas que nos queda por gastar . Felices estrenas.<\/span><\/p>\n<h5 style=\"text-align: justify;\"><span style=\"font-size: medium;\">\u00a0<\/span><\/h5>\n<p>&nbsp;<\/p>\n<p style=\"text-align: justify;\"><span style=\"font-size: medium;\">\u00a0<\/span><\/p>\n<p style=\"text-align: justify;\"><span style=\"font-size: medium;\">\u00a0<\/span><\/p>\n<p style=\"text-align: justify;\"><span style=\"font-size: medium;\">\u00a0<\/span><\/p>\n<p style=\"text-align: justify;\"><span style=\"font-size: medium;\">\u00a0<\/span><\/p>\n<p style=\"text-align: justify;\"><span style=\"font-size: medium;\">\u00a0<\/span><\/p>\n<p style=\"text-align: justify;\"><span style=\"font-size: medium;\">\u00a0<\/span><\/p>\n<p style=\"text-align: justify;\"><span style=\"font-size: medium;\">\u00a0<\/span><\/p>\n<p style=\"text-align: justify;\"><span style=\"font-size: medium;\">\u00a0<\/span><\/p>\n<p style=\"text-align: justify;\"><span style=\"font-size: medium;\">\u00a0<\/span><\/p>\n<p style=\"text-align: justify;\"><span style=\"font-size: medium;\">\u00a0<\/span><\/p>\n<p style=\"text-align: justify;\"><span style=\"font-size: medium;\">\u00a0<\/span><\/p>\n<p style=\"text-align: justify;\"><span style=\"font-size: medium;\">\u00a0<\/span><\/p>\n<p style=\"text-align: justify;\"><span style=\"font-size: medium;\">\u00a0<\/span><\/p>\n<p style=\"text-align: justify;\"><span style=\"font-size: medium;\">\u00a0<\/span><\/p>\n<p style=\"text-align: justify;\"><span style=\"font-size: medium;\">\u00a0<\/span><\/p>\n<p style=\"text-align: justify;\"><span style=\"font-size: medium;\">\u00a0<\/span><\/p>\n<p style=\"text-align: justify;\"><span style=\"font-size: medium;\">\u00a0<\/span><\/p>\n<p style=\"text-align: justify;\"><span style=\"font-size: medium;\">\u00a0<\/span><\/p>\n<p style=\"text-align: justify;\"><span style=\"font-size: medium;\">\u00a0<\/span><\/p>\n<p style=\"text-align: justify;\"><span style=\"font-size: medium;\">\u00a0<\/span><\/p>\n<p style=\"text-align: justify;\"><span style=\"font-size: medium;\">\u00a0<\/span><\/p>\n<!-- AddThis Advanced Settings generic via filter on the_content --><!-- AddThis Share Buttons generic via filter on the_content -->","protected":false},"excerpt":{"rendered":"<p>\u00a0Cuando \u00e9ramos romanos ya celebr\u00e1bamos el a\u00f1o nuevo. Sin braguitas rojas y sin escupir pedazos de uva, eso s\u00ed, que se ve que por entonces ten\u00edamos mejor gusto. \u00a0La noche del 31 de diciembre, v\u00edspera de las Strenas, celebr\u00e1bamos con fuegos y estruendoso bullicio el fin del a\u00f1o solar. Era una fiesta cat\u00e1rtica y de [&hellip;]<!-- AddThis Advanced Settings generic via filter on get_the_excerpt --><!-- AddThis Share Buttons generic via filter on get_the_excerpt --><\/p>\n","protected":false},"author":20,"featured_media":569,"comment_status":"open","ping_status":"closed","sticky":false,"template":"","format":"standard","meta":[],"categories":[4,5,7,9],"tags":[80,393,395,644,831,1045,1046,1142,1143],"_links":{"self":[{"href":"https:\/\/blogs.hoy.es\/extremadurasecreta\/wp-json\/wp\/v2\/posts\/547"}],"collection":[{"href":"https:\/\/blogs.hoy.es\/extremadurasecreta\/wp-json\/wp\/v2\/posts"}],"about":[{"href":"https:\/\/blogs.hoy.es\/extremadurasecreta\/wp-json\/wp\/v2\/types\/post"}],"author":[{"embeddable":true,"href":"https:\/\/blogs.hoy.es\/extremadurasecreta\/wp-json\/wp\/v2\/users\/20"}],"replies":[{"embeddable":true,"href":"https:\/\/blogs.hoy.es\/extremadurasecreta\/wp-json\/wp\/v2\/comments?post=547"}],"version-history":[{"count":8,"href":"https:\/\/blogs.hoy.es\/extremadurasecreta\/wp-json\/wp\/v2\/posts\/547\/revisions"}],"predecessor-version":[{"id":1985,"href":"https:\/\/blogs.hoy.es\/extremadurasecreta\/wp-json\/wp\/v2\/posts\/547\/revisions\/1985"}],"wp:featuredmedia":[{"embeddable":true,"href":"https:\/\/blogs.hoy.es\/extremadurasecreta\/wp-json\/wp\/v2\/media\/569"}],"wp:attachment":[{"href":"https:\/\/blogs.hoy.es\/extremadurasecreta\/wp-json\/wp\/v2\/media?parent=547"}],"wp:term":[{"taxonomy":"category","embeddable":true,"href":"https:\/\/blogs.hoy.es\/extremadurasecreta\/wp-json\/wp\/v2\/categories?post=547"},{"taxonomy":"post_tag","embeddable":true,"href":"https:\/\/blogs.hoy.es\/extremadurasecreta\/wp-json\/wp\/v2\/tags?post=547"}],"curies":[{"name":"wp","href":"https:\/\/api.w.org\/{rel}","templated":true}]}}