{"id":557,"date":"2013-01-08T03:24:21","date_gmt":"2013-01-08T01:24:21","guid":{"rendered":"http:\/\/blogs.hoy.es\/extremadurasecreta\/?p=557"},"modified":"2019-01-23T12:56:11","modified_gmt":"2019-01-23T10:56:11","slug":"el-castillo-de-miramontes-fantasmas-ogros-tesoros-y-muertos-famosos","status":"publish","type":"post","link":"https:\/\/blogs.hoy.es\/extremadurasecreta\/2013\/01\/08\/el-castillo-de-miramontes-fantasmas-ogros-tesoros-y-muertos-famosos\/","title":{"rendered":"El castillo de Miramontes: fantasmas, ogros, tesoros y muertos famosos"},"content":{"rendered":"<p style=\"text-align: justify;\"><span style=\"font-size: medium;\">\u00a0<\/span><\/p>\n<div class=\"mceTemp\">\n<p><span style=\"font-size: medium;\">Ahora que los <strong>Reyes Magos<\/strong> acaban de visitarnos es un momento perfecto para recordar que uno de ellos, concretamente <strong>Baltasar<\/strong>, escondi\u00f3 un fabuloso tesoro en tierras extreme\u00f1as.<\/span><\/p>\n<\/div>\n<p style=\"text-align: justify;\"><span style=\"font-size: medium;\">Puede que algunos de ustedes se sorprendan, pero seguro que no lo hacen los vecinos de <strong>Azuaga<\/strong>, porque el maravilloso<strong> tesoro<\/strong> est\u00e1 oculto muy cerca de ellos, en el cerro del <strong>castillo de Miramontes<\/strong>.<\/span><\/p>\n<p style=\"text-align: justify;\"><span style=\"font-size: medium;\">De hecho, el doctor<a title=\"Mapa de cuentos y leyendas de Extremadura y el Alentejo\" href=\"http:\/\/www.google.es\/url?sa=t&amp;rct=j&amp;q=&amp;esrc=s&amp;frm=1&amp;source=web&amp;cd=1&amp;cad=rja&amp;ved=0CDQQFjAA&amp;url=http%3A%2F%2Falcazaba.unex.es%2F~emarnun%2F&amp;ei=rUTrUIOQN4SShgeO7YDwBQ&amp;usg=AFQjCNEgYMNxs3GaTVky62LOR-BCVqPEXQ&amp;sig2=CuD9e9H61duB9fQOizwcKA\" rel=\"external nofollow\"> <strong>Eloy Martos Nu\u00f1ez<\/strong><\/a>, \u00a0que de estas cosas sabe un mont\u00f3n, afirma en su <em>Mapa de cuentos y leyendas de Extremadura y Alentejo <\/em>que, aun en estos tiempos, cuando hab\u00eda prospecciones alrededor del castillo, los lugare\u00f1os se acercaban preguntando:<\/span><\/p>\n<p style=\"text-align: justify;\"><span style=\"font-size: medium;\">&#8211; \u00a0<em>\u201c\u00bfQue hac\u00e9is? \u00bfBuscando <strong>el tesoro del Rey Baltasar<\/strong>?\u201d<\/em><\/span><\/p>\n<p style=\"text-align: justify;\"><span style=\"font-size: medium;\">No es descaminado que el tesoro se atribuya al m\u00e1s moreno de los reyes magos, porque el origen de la fortaleza est\u00e1 relacionado con la tribu isl\u00e1mica de los <strong>Zuwaga<\/strong>, que desde el norte de \u00c1frica se diseminaron por buena parte de la geograf\u00eda peninsular.<\/span><\/p>\n<p style=\"text-align: justify;\"><span style=\"font-size: medium;\">Sin embargo, la historia dice que el<strong> <a title=\"Castillo de Miramontes\" href=\"http:\/\/www.monumentalnet.org\/extremadura\/badajoz\/azuaga\/azuaga\/castillo_de_miramontes.php\" rel=\"external nofollow\">castillo de Miramontes <\/a><\/strong>se construy\u00f3 sobre restos romanos. Y la memoria del pueblo lo atestigua afirmando que all\u00ed est\u00e1 enterrada nada m\u00e1s y nada menos que la hija del emperador <strong>Trajano<\/strong>. Al parecer la joven romana enferm\u00f3, y los m\u00e9dicos le recomendaron los ba\u00f1os del <strong>balneario de Alange<\/strong>. Al pasar por <strong>Azuaga<\/strong>, empeor\u00f3 y muri\u00f3. Por eso sus restos descansan bajo el castillo. Otras voces afirman que son las dos hijas de trajano las que aqu\u00ed descansan convertidas ya en polvo de <strong>Miramontes<\/strong>, y a poco que escarbemos (no en la tierra dura, sino en los viejos textos) descubriremos\u00a0 que unas <a title=\"Foro de Azuaga; Las l\u00e1pidas del castillo de Miramontes\" href=\"http:\/\/foro-azuaga.mforos.com\/1390595\/7350392-las-lapidas-del-castillo\/\" rel=\"external nofollow\">l\u00e1pidas encontradas <\/a>aqu\u00ed nos hablan no de las hijas, pero si de las dos hermanas de <strong>Trajano<\/strong>. Es el poso de realidad que siempre se encuentra tras beber de la leyenda.<\/span><\/p>\n<div id=\"attachment_559\" style=\"width: 1034px\" class=\"wp-caption aligncenter\"><img aria-describedby=\"caption-attachment-559\" loading=\"lazy\" class=\"size-large wp-image-559\" src=\"https:\/\/static-blogs.hoy.es\/wp-content\/uploads\/sites\/16\/2013\/01\/MERIDA-LUDICA-9-2012-55-1024x685.jpg\" alt=\"Las hijas de Trajano tambi\u00e9n est\u00e1n enterradas en el castillo... o eso dicen (Foto: Jimber)\" width=\"1024\" height=\"685\" srcset=\"https:\/\/static-blogs.hoy.es\/wp-content\/uploads\/sites\/16\/2013\/01\/MERIDA-LUDICA-9-2012-55-1024x685.jpg 1024w, https:\/\/static-blogs.hoy.es\/wp-content\/uploads\/sites\/16\/2013\/01\/MERIDA-LUDICA-9-2012-55-300x201.jpg 300w, https:\/\/static-blogs.hoy.es\/wp-content\/uploads\/sites\/16\/2013\/01\/MERIDA-LUDICA-9-2012-55-768x514.jpg 768w, https:\/\/static-blogs.hoy.es\/wp-content\/uploads\/sites\/16\/2013\/01\/MERIDA-LUDICA-9-2012-55.jpg 1600w\" sizes=\"(max-width: 1024px) 100vw, 1024px\" \/><p id=\"caption-attachment-559\" class=\"wp-caption-text\">Las hijas de Trajano tambi\u00e9n est\u00e1n enterradas en el castillo&#8230; o eso dicen (Foto: Jimber para Extremadura Secreta)<\/p><\/div>\n<p style=\"text-align: justify;\"><span style=\"font-size: medium;\">Y siguiendo con las leyendas y con los romanos, no podemos obviar la que habla de otro insigne enterrado del castillo (que m\u00e1s que fortaleza parece ya un camposanto) nada menos que <strong>Viriato<\/strong>, el gran enemigo aut\u00f3ctono de <strong>Roma<\/strong>.<\/span><\/p>\n<p style=\"text-align: justify;\"><span style=\"font-size: medium;\">\u00a0<\/span><\/p>\n<p style=\"text-align: justify;\"><span style=\"font-size: medium;\">Quiz\u00e1s por no desmerecer a la leyenda de <strong>Trajano<\/strong>, las tradiciones orales cuentan que las hermanas de <strong>Viriato <\/strong>tambi\u00e9n fueron quemadas vivas y enterradas en el castillo junto al pastor lusitano. Y una vez m\u00e1s pasamos de la leyenda a la realidad: junto al castillo se encuentra el <strong>Mirador de Viriato<\/strong>, en el pueblo el pastor lusitano tiene una calle y hasta un Festival musical: El <strong>Viriato-Rock<\/strong>. Ya quisieran muchos de carne y hueso.<\/span><\/p>\n<p style=\"text-align: justify;\"><span style=\"font-size: medium;\">\u00a0<\/span><span style=\"font-size: medium;\">No acaba aqu\u00ed la cosa, porque esta leyenda viriata se funde\u00a0 con la de otro insigne enterrado del castillo: <strong>Juan Color\u00edn<\/strong>, del que algunos afirman que era un pastor al que un d\u00eda los romanos le quitaron todo lo que ten\u00eda. Juan se hizo una porra y una noche, mientras el jefe romano dorm\u00eda, Juan entr\u00f3 en su tienda y lo mat\u00f3. Se cree que para no olvidarle le enterraron a \u00e9l y a su porra en el <strong>castillo de Miramontes<\/strong>.<\/span><\/p>\n<p style=\"text-align: justify;\"><span style=\"font-size: medium;\">Sin embargo, otros afirman que <strong>Juan Color\u00edn<\/strong> era menos justiciero y bastante m\u00e1s siniestro. <strong><a title=\"Leyendas de Azuaga tomadas del \" href=\"http:\/\/www.campitur.com\/localidad-azuaga\/historias\/azuaga-espana-2452-municipio.html\" rel=\"external nofollow\">M.C. Puerto Chicote<\/a><\/strong> recogi\u00f3 de fuentes orales en 1994 la leyenda de que <strong>Juan Color\u00edn<\/strong> era un hombre-ogro que sal\u00eda de noche con la porra y el candil y asustaba a los ni\u00f1os de <strong>Azuaga<\/strong>. Incluso se afirmaba que cuando atrapaba a alg\u00fan ni\u00f1o lo encerraba en las mazmorras del castillo y luego se los com\u00eda. Los ni\u00f1os tem\u00edan a Juan Color\u00edn, pero una noche decidieron rebelarse, y cuando <strong>Juan Color\u00edn<\/strong> bajaba del castillo con su porra y su candil \u00a0los ni\u00f1os se pusieron de acuerdo para echarle una manta zamorana encima. Lo apalearon, le quitaron la porra y el candil, y lo subieron a <strong>la Benalta<\/strong>. Y all\u00ed enterraron la porra y el candil que desde entonces permanecen enterrados bajo los eucaliptos del castillo. Y a <strong>Juan Color\u00edn<\/strong>\u00a0 lo despe\u00f1aron por la falda de la monta\u00f1a de castillo y fue a parar a <strong>la Piedra<\/strong><strong> de la Cruz<\/strong>, donde se afirma que a\u00fan hoy se pueden o\u00edr sus lamentos en las noches de luna menguante.<\/span><\/p>\n<div id=\"attachment_1814\" style=\"width: 1034px\" class=\"wp-caption aligncenter\"><img aria-describedby=\"caption-attachment-1814\" loading=\"lazy\" class=\"size-large wp-image-1814\" src=\"https:\/\/static-blogs.hoy.es\/wp-content\/uploads\/sites\/16\/2013\/01\/castillo-de-Miramontes-AzuagaIMG_8558_edited-1-1024x681.jpg\" alt=\"Castillo de Miramontes, en Azuaga\" width=\"1024\" height=\"681\" srcset=\"https:\/\/static-blogs.hoy.es\/wp-content\/uploads\/sites\/16\/2013\/01\/castillo-de-Miramontes-AzuagaIMG_8558_edited-1-1024x681.jpg 1024w, https:\/\/static-blogs.hoy.es\/wp-content\/uploads\/sites\/16\/2013\/01\/castillo-de-Miramontes-AzuagaIMG_8558_edited-1-300x200.jpg 300w, https:\/\/static-blogs.hoy.es\/wp-content\/uploads\/sites\/16\/2013\/01\/castillo-de-Miramontes-AzuagaIMG_8558_edited-1-768x511.jpg 768w, https:\/\/static-blogs.hoy.es\/wp-content\/uploads\/sites\/16\/2013\/01\/castillo-de-Miramontes-AzuagaIMG_8558_edited-1.jpg 1936w\" sizes=\"(max-width: 1024px) 100vw, 1024px\" \/><p id=\"caption-attachment-1814\" class=\"wp-caption-text\">Castillo de Miramontes, en Azuaga (A. Briz para Extremadura Secreta)<\/p><\/div>\n<p style=\"text-align: justify;\"><span style=\"font-size: medium;\">Podr\u00edamos terminar aqu\u00ed las leyendas del <strong>castillo de Miramontes<\/strong>, pero voy a enlazar la \u00faltima, ya que acabamos de mencionar a la <strong>Piedra<\/strong><strong> de la Cruz.<\/strong> Porque cuentan que existe en<strong> Azuaga<\/strong> una galer\u00eda subterr\u00e1nea con una gran habitaci\u00f3n interior que conduce a\u00a0 la <strong>Piedra<\/strong><strong> de la Cruz<\/strong>, situada en la falda del castillo. Tambi\u00e9n se dice que este pasadizo fue utilizado por un rey para escapar en un conflicto, por los miembros de la iglesia para escapar en el mismo caso y\u00a0 por unos bandoleros que despojaron a la iglesia de su inmenso tesoro, constituido en su mayor parte por piezas de oro.<\/span><\/p>\n<p style=\"text-align: justify;\"><span style=\"font-size: medium;\">Al parecer, existe tambi\u00e9n otra galer\u00eda que va desde el castillo hasta la <strong>parroquia de la Consolaci\u00f3n. <\/strong>Y afirman los lugare\u00f1os que en la citada parroquia existe una especie de pozo o galer\u00eda, pero que actualmente se desconoce hacia donde va\u2026<\/span><\/p>\n<div id=\"attachment_1815\" style=\"width: 1034px\" class=\"wp-caption aligncenter\"><img aria-describedby=\"caption-attachment-1815\" loading=\"lazy\" class=\"size-large wp-image-1815\" src=\"https:\/\/static-blogs.hoy.es\/wp-content\/uploads\/sites\/16\/2013\/01\/Iglesia-de-la-Consolacion-AzuagaIMG_8509_edited-1024x688.jpg\" alt=\"Pozo aparecido en la sacrist\u00eda de la iglesia de la Consolaci\u00f3n, posible entrada al pasadizo secreto (A. Briz para Extremadura Secreta)\" width=\"1024\" height=\"688\" srcset=\"https:\/\/static-blogs.hoy.es\/wp-content\/uploads\/sites\/16\/2013\/01\/Iglesia-de-la-Consolacion-AzuagaIMG_8509_edited-1024x688.jpg 1024w, https:\/\/static-blogs.hoy.es\/wp-content\/uploads\/sites\/16\/2013\/01\/Iglesia-de-la-Consolacion-AzuagaIMG_8509_edited-300x202.jpg 300w, https:\/\/static-blogs.hoy.es\/wp-content\/uploads\/sites\/16\/2013\/01\/Iglesia-de-la-Consolacion-AzuagaIMG_8509_edited-768x516.jpg 768w, https:\/\/static-blogs.hoy.es\/wp-content\/uploads\/sites\/16\/2013\/01\/Iglesia-de-la-Consolacion-AzuagaIMG_8509_edited.jpg 1727w\" sizes=\"(max-width: 1024px) 100vw, 1024px\" \/><p id=\"caption-attachment-1815\" class=\"wp-caption-text\">Pozo aparecido en la sacrist\u00eda de la iglesia de la Consolaci\u00f3n, posible entrada al pasadizo secreto (A. Briz para Extremadura Secreta)<\/p><\/div>\n<p style=\"text-align: justify;\"><span style=\"font-size: medium;\">Pero dejemos para otro d\u00eda la resoluci\u00f3n del misterio del t\u00fanel secreto, que por hoy bastante hemos tenido con desenterrar esqueletos ilustres, tesoros de Reyes Magos y parientas de emperadores, hermanas de h\u00e9roes y ogros \u201cemporrados\u201d reconvertidos en almas en pena.<\/span><\/p>\n<p style=\"text-align: justify;\"><span style=\"font-size: medium;\">Descansemos esta noche so\u00f1ando con todos ellos. Y esperemos que las palas y los picos de la imaginaci\u00f3n sirvan para reconstruir las piedras derruidas del <strong>castillo de Miramontes<\/strong>.\u00a0<\/span><\/p>\n<p style=\"text-align: justify;\"><span style=\"font-size: medium;\">\u00a0<\/span><\/p>\n<p style=\"text-align: justify;\"><span style=\"font-size: medium;\">\u00a0<\/span><\/p>\n<p style=\"text-align: justify;\"><span style=\"font-size: medium;\">\u00a0<\/span><\/p>\n<p style=\"text-align: justify;\"><span style=\"font-size: medium;\">\u00a0<\/span><\/p>\n<!-- AddThis Advanced Settings generic via filter on the_content --><!-- AddThis Share Buttons generic via filter on the_content -->","protected":false},"excerpt":{"rendered":"<p>\u00a0 Ahora que los Reyes Magos acaban de visitarnos es un momento perfecto para recordar que uno de ellos, concretamente Baltasar, escondi\u00f3 un fabuloso tesoro en tierras extreme\u00f1as. Puede que algunos de ustedes se sorprendan, pero seguro que no lo hacen los vecinos de Azuaga, porque el maravilloso tesoro est\u00e1 oculto muy cerca de ellos, [&hellip;]<!-- AddThis Advanced Settings generic via filter on get_the_excerpt --><!-- AddThis Share Buttons generic via filter on get_the_excerpt --><\/p>\n","protected":false},"author":20,"featured_media":558,"comment_status":"open","ping_status":"closed","sticky":false,"template":"","format":"standard","meta":[],"categories":[4,9,10],"tags":[35,114,119,255,667,876,967,1026,1166,1206,1282],"_links":{"self":[{"href":"https:\/\/blogs.hoy.es\/extremadurasecreta\/wp-json\/wp\/v2\/posts\/557"}],"collection":[{"href":"https:\/\/blogs.hoy.es\/extremadurasecreta\/wp-json\/wp\/v2\/posts"}],"about":[{"href":"https:\/\/blogs.hoy.es\/extremadurasecreta\/wp-json\/wp\/v2\/types\/post"}],"author":[{"embeddable":true,"href":"https:\/\/blogs.hoy.es\/extremadurasecreta\/wp-json\/wp\/v2\/users\/20"}],"replies":[{"embeddable":true,"href":"https:\/\/blogs.hoy.es\/extremadurasecreta\/wp-json\/wp\/v2\/comments?post=557"}],"version-history":[{"count":2,"href":"https:\/\/blogs.hoy.es\/extremadurasecreta\/wp-json\/wp\/v2\/posts\/557\/revisions"}],"predecessor-version":[{"id":1816,"href":"https:\/\/blogs.hoy.es\/extremadurasecreta\/wp-json\/wp\/v2\/posts\/557\/revisions\/1816"}],"wp:featuredmedia":[{"embeddable":true,"href":"https:\/\/blogs.hoy.es\/extremadurasecreta\/wp-json\/wp\/v2\/media\/558"}],"wp:attachment":[{"href":"https:\/\/blogs.hoy.es\/extremadurasecreta\/wp-json\/wp\/v2\/media?parent=557"}],"wp:term":[{"taxonomy":"category","embeddable":true,"href":"https:\/\/blogs.hoy.es\/extremadurasecreta\/wp-json\/wp\/v2\/categories?post=557"},{"taxonomy":"post_tag","embeddable":true,"href":"https:\/\/blogs.hoy.es\/extremadurasecreta\/wp-json\/wp\/v2\/tags?post=557"}],"curies":[{"name":"wp","href":"https:\/\/api.w.org\/{rel}","templated":true}]}}