{"id":625,"date":"2013-03-13T10:49:24","date_gmt":"2013-03-13T08:49:24","guid":{"rendered":"http:\/\/blogs.hoy.es\/extremadurasecreta\/?p=625"},"modified":"2020-01-24T10:32:15","modified_gmt":"2020-01-24T08:32:15","slug":"senores-de-las-tormentas-el-entignao","status":"publish","type":"post","link":"https:\/\/blogs.hoy.es\/extremadurasecreta\/2013\/03\/13\/senores-de-las-tormentas-el-entignao\/","title":{"rendered":"Se\u00f1ores de las Tormentas: El Entignau"},"content":{"rendered":"<div class=\"mceTemp\"><span style=\"font-size: medium; text-align: justify;\">C<span style=\"font-size: 10pt;\">ontemplando las tormentas desde mi ventanal, rodeada de truenos, rel\u00e1mpagos y viento silbante, no pude por menos que acordarme de un extra\u00f1o ser hurdano\u00a0 hacedor de lluvias y tormentas, un <\/span><\/span><span style=\"font-size: 10pt;\"><strong style=\"text-align: justify;\"><a title=\"Los ruidosos duendes extreme\u00f1os\" href=\"https:\/\/blogs.hoy.es\/extremadurasecreta\/2012\/08\/24\/los-ruidosos-duendes-extremenos\/\">duende<\/a><\/strong><span style=\"text-align: justify;\"> que no es duende, sino gigante, y un negro que no es negro, sino tiznado. Les hablo del<\/span><strong style=\"text-align: justify;\"> Duende Entignau<\/strong><span style=\"text-align: justify;\">, fumador empedernido y &#8220;empedernado&#8221;.<\/span><\/span><\/div>\n<p style=\"text-align: justify;\"><span style=\"font-size: 10pt;\">Realmente (y como bien recogi\u00f3 el etn\u00f3grafo F\u00e9lix Barroso de labios del T\u00edo Gabriel Crespo, de la alquer\u00eda hurdana de Riomalo de Arriba) m\u00e1s que hablar del &#8220;Duendi Entignau&#8221;, habr\u00eda que hablar del &#8220;J\u00e1ncanu Entignau&#8221;. Los j\u00e1ncanos son gigantes primigenios y mitol\u00f3gicos de las Hurdes, y poco tienen que ver con los duendes, m\u00e1s relacionados con lo enanos n\u00f3rdicos. La confusi\u00f3n viene porque el Entignau es hijo del duende Bolundrinu\u00a0 (un herrero m\u00edtico de las Hurdes del que ya hablaremos en otra ocasi\u00f3n) y de la<a href=\"https:\/\/blogs.hoy.es\/extremadurasecreta\/2019\/07\/14\/una-noche-mitologica-en-las-hurdes-para-regilar-de-mieiu\/\"> J\u00e1ncana<\/a> Bolundrona, una giganta de la que se cuenta que si estiraba los brazos, tocaba con la punta de los dedos el Pico Rongiero y el Pico Mingorro.<\/span><\/p>\n<p style=\"text-align: justify;\"><span style=\"font-size: 10pt;\">El Entignau sali\u00f3 a su madre, alto y grande ,y afirman que le llamaban as\u00ed, &#8220;entiznado&#8221; porque ya de peque\u00f1o era muy inquieto, y si lo dejaban encerrado en casa se escapaba por la chimenea y de tanto subir y bajar por los lares estaba siempre manchado de holl\u00edn.\u00a0<\/span><\/p>\n<div id=\"attachment_2030\" style=\"width: 778px\" class=\"wp-caption aligncenter\"><img aria-describedby=\"caption-attachment-2030\" loading=\"lazy\" class=\"size-large wp-image-2030\" src=\"https:\/\/static-blogs.hoy.es\/wp-content\/uploads\/sites\/16\/2013\/03\/duende-entignao-1_edited-2-768x1024.jpg\" alt=\"\" width=\"768\" height=\"1024\" srcset=\"https:\/\/static-blogs.hoy.es\/wp-content\/uploads\/sites\/16\/2013\/03\/duende-entignao-1_edited-2-768x1024.jpg 768w, https:\/\/static-blogs.hoy.es\/wp-content\/uploads\/sites\/16\/2013\/03\/duende-entignao-1_edited-2-225x300.jpg 225w, https:\/\/static-blogs.hoy.es\/wp-content\/uploads\/sites\/16\/2013\/03\/duende-entignao-1_edited-2.jpg 1224w\" sizes=\"(max-width: 768px) 100vw, 768px\" \/><p id=\"caption-attachment-2030\" class=\"wp-caption-text\"><span style=\"font-size: 8pt;\">El Entignau, en los antruejos hurdanos de 2019 (Extremadura Secreta)<\/span><\/p><\/div>\n<p><span style=\"font-size: 10pt;\">Realmente, este ser parece ser , sin duda, un descendiente de los <a href=\"https:\/\/es.wikipedia.org\/wiki\/Elfo_oscuro\" rel=\"external nofollow\">elfos oscuros<\/a>,\u00a0criaturas de la\u00a0<a title=\"Mitolog\u00eda n\u00f3rdica\" href=\"https:\/\/es.wikipedia.org\/wiki\/Mitolog%C3%ADa_n%C3%B3rdica\" rel=\"external nofollow\">mitolog\u00eda n\u00f3rdica<\/a>\u00a0con caracter\u00edsticas similares a los\u00a0<a class=\"mw-redirect\" title=\"Enanos (mitolog\u00eda)\" href=\"https:\/\/es.wikipedia.org\/wiki\/Enanos_(mitolog%C3%ADa)\" rel=\"external nofollow\">enanos<\/a>\u00a0.\u00a0\u00a0Sus papel y aspecto var\u00eda a trav\u00e9s de folclore germ\u00e1nico pero se mencionan a veces con la piel negra u oscura como resultado del trabajo en la forja, trabajo al que, recordemos,\u00a0 se dedicaba su padre.<\/span><\/p>\n<p style=\"text-align: justify;\"><span style=\"font-size: 10pt;\">Cuando creci\u00f3, se fue\u00a0 por las sierras\u00a0 y ten\u00eda la virtud de &#8221; engurrubi\u00f1\u00e1&#8221; las tormentas y de amansarlas.\u00a0Fumaba una\u00a0 pipa de brezo blanco, que llenaba con un haz de &#8220;raig\u00f3n calabacero&#8221;, que era lo que se fumaba en las Hurdes cuando a\u00fan no hab\u00eda llegado el tabaco, y era amigo de entrar en conversaci\u00f3n con los pastores de la sierra, a los que siempre les ofrec\u00eda\u00a0 el &#8220;dehlab\u00f3n&#8221; y &#8220;la pernala&#8221; para que encendieran sus cachimbas.<\/span><\/p>\n<div id=\"attachment_2032\" style=\"width: 703px\" class=\"wp-caption aligncenter\"><img aria-describedby=\"caption-attachment-2032\" loading=\"lazy\" class=\"size-large wp-image-2032\" src=\"https:\/\/static-blogs.hoy.es\/wp-content\/uploads\/sites\/16\/2013\/03\/congreso-hurdanofilos-1-693x1024.jpg\" alt=\"\" width=\"693\" height=\"1024\" srcset=\"https:\/\/static-blogs.hoy.es\/wp-content\/uploads\/sites\/16\/2013\/03\/congreso-hurdanofilos-1-693x1024.jpg 693w, https:\/\/static-blogs.hoy.es\/wp-content\/uploads\/sites\/16\/2013\/03\/congreso-hurdanofilos-1-203x300.jpg 203w, https:\/\/static-blogs.hoy.es\/wp-content\/uploads\/sites\/16\/2013\/03\/congreso-hurdanofilos-1-768x1135.jpg 768w\" sizes=\"(max-width: 693px) 100vw, 693px\" \/><p id=\"caption-attachment-2032\" class=\"wp-caption-text\"><span style=\"font-size: 8pt;\">Actas del Congreso Nacional de Hurdan\u00f3filos de 1908, de Vicente Paredes<\/span><\/p><\/div>\n<p style=\"text-align: justify;\"><span style=\"font-size: 10pt;\">Este hecho se encuentra atestiguado en las<\/span>\u00a0<span style=\"font-size: 10pt;\">actas del <a title=\"Primer Congreso de Hurdan\u00f3filos. Actas.\" href=\"http:\/\/www.europeana.eu\/portal\/record\/09407a\/030C861885CF3CF775967DD2A94AB2EA1C5ABB36.html\" rel=\"external nofollow\"><strong>Primer Congreso de Hurdan\u00f3filos<\/strong> <\/a>celebrado en <strong>Plasencia<\/strong> en 1908, donde el por aquel entonces joven escritor <strong>Santos Diego<\/strong> cuenta:<\/span><\/p>\n<p style=\"text-align: justify;\"><span style=\"font-size: 10pt;\"><em>\u00a0<\/em><\/span><span style=\"font-size: 10pt;\"><em>\u201cUn cabrero velaba su reba\u00f1o cierta clar\u00edsima noche de julio en las cumbres de <strong>La Gineta<\/strong>. Dieron ganas de fumar un cigarro y al ir a encenderlo\u00a0 se encontr\u00f3 sin mecha. <\/em><\/span><\/p>\n<p style=\"text-align: justify;\"><span style=\"font-size: 10pt;\"><em>Mustio y desconsolado, con el apagado cigarr\u00f3n en la boca, tendi\u00f3 la vista hacia el r\u00edo que a los pies de la monta\u00f1a corr\u00eda y \u00a1oh, asombro!, vio a un duende descomunal y gigantesco que, en forma humana, vestido de levita y chistera, descend\u00eda del <strong>Arroce\u00f1o <\/strong>y caminaba r\u00edo abajo con un largo puro encendido en la boca. Y tal era la estatura del duende que moj\u00e1ndose sus pies en el agua del r\u00edo, la copa de su sombrero sobrepasaba los alt\u00edsimos picos de <strong>La Gineta<\/strong> y <strong>El Capallar<\/strong>.<\/em><\/span><\/p>\n<p style=\"text-align: justify;\"><span style=\"font-size: 10pt;\"><em>M\u00e1s el cabrero no se asust\u00f3, porque, como \u00e9l dec\u00eda, quien viste de levita ha de ser persona decente; y con la mayor naturalidad del mundo le pidi\u00f3 lumbre para encender el cigarro<\/em><\/span><\/p>\n<p style=\"text-align: justify;\"><span style=\"font-size: 10pt;\">&#8211;\u00a0\u00a0\u00a0\u00a0\u00a0\u00a0 <em>\u00a1Toma!, le dijo el duende.<\/em><\/span><\/p>\n<p style=\"text-align: justify;\"><span style=\"font-size: 10pt;\"><em>Y sin necesidad de empinarse le tendi\u00f3 el puro. Cogiolo el cabrero con ambas manos, devolvi\u00f3 el puro al duende, sigui\u00f3 este su camino hasta perderse por la parte de <strong>Nu\u00f1omoral<\/strong> y el jurdano se fum\u00f3 el cigarro tan campante\u201d.<\/em><\/span><\/p>\n<div id=\"attachment_2031\" style=\"width: 1034px\" class=\"wp-caption aligncenter\"><img aria-describedby=\"caption-attachment-2031\" loading=\"lazy\" class=\"size-large wp-image-2031\" src=\"https:\/\/static-blogs.hoy.es\/wp-content\/uploads\/sites\/16\/2013\/03\/Felix-Barroso-Carvoch\u00e1-19IMG_6954_edited-1-1024x683.jpg\" alt=\"\" width=\"1024\" height=\"683\" srcset=\"https:\/\/static-blogs.hoy.es\/wp-content\/uploads\/sites\/16\/2013\/03\/Felix-Barroso-Carvoch\u00e1-19IMG_6954_edited-1-1024x683.jpg 1024w, https:\/\/static-blogs.hoy.es\/wp-content\/uploads\/sites\/16\/2013\/03\/Felix-Barroso-Carvoch\u00e1-19IMG_6954_edited-1-300x200.jpg 300w, https:\/\/static-blogs.hoy.es\/wp-content\/uploads\/sites\/16\/2013\/03\/Felix-Barroso-Carvoch\u00e1-19IMG_6954_edited-1-768x512.jpg 768w, https:\/\/static-blogs.hoy.es\/wp-content\/uploads\/sites\/16\/2013\/03\/Felix-Barroso-Carvoch\u00e1-19IMG_6954_edited-1.jpg 1728w\" sizes=\"(max-width: 1024px) 100vw, 1024px\" \/><p id=\"caption-attachment-2031\" class=\"wp-caption-text\"><span style=\"font-size: 8pt;\">F\u00e9lix Barroso, historiador y etn\u00f3grafo hurdano (Extremadura Secreta)<\/span><\/p><\/div>\n<p style=\"text-align: justify;\"><span style=\"font-size: 10pt;\">A\u00f1os m\u00e1s tarde el <strong><a title=\"F\u00e9lix Barroso: La figura juglaresca del T\u00edo Goyo\" href=\"http:\/\/www.funjdiaz.net\/folklore\/07ficha.cfm?id=2222\" rel=\"external nofollow\">Tio Goyo<\/a><\/strong>, de la alquer\u00eda hurdana de <strong>Vegas de Coria<\/strong> le daba al investigador <strong><a title=\"Las Hurdes: una jornada festiva\" href=\"http:\/\/www.funjdiaz.net\/folklore\/07ficha.cfm?id=1491\" rel=\"external nofollow\">F\u00e9lix Barroso<\/a><\/strong> m\u00e1s detalles: <strong>\u00a0El Entignau\u00a0<\/strong>es negro como la pez, de ah\u00ed su nombre de \u201centignao\u201d. Viste de negro, con levita y sombrero de copa, y vive en lo alto de <strong>sierra de La Gineta<\/strong>, deslindando los ayuntamientos de <strong>Caminomorisco<\/strong> y<strong> Nu<\/strong><strong>\u00f1<\/strong><strong>omoral<\/strong>. Aparece al amanecer o al anochecer, y siempre est\u00e1 liando tabaco, y hace cigarros puros que le ofrece a los pastores que andan por ah\u00ed con el ganado.<\/span><\/p>\n<p style=\"text-align: justify;\"><span style=\"font-size: 10pt;\">\u00a0<\/span><span style=\"font-size: 10pt;\">Pero no todos los pastores aprecian su generosidad, y entonces <strong>el Entignao <\/strong>se agarra unos rebotes de mil demonios. Y es que los elfos oscuros son guardianes ancestrales que protegen a la gente, aunque pueden tambi\u00e9n ser amenazadores, especialmente cuando se les trata de manera grosera, como le ocurri\u00f3 a un pastor hurdano.<\/span><\/p>\n<p style=\"text-align: justify;\"><span style=\"font-size: 10pt;\">\u00a0<\/span><span style=\"font-size: 10pt;\">Cuentan que un d\u00eda bajaba con el ganado, a la puesta de sol, un pastor por el sitio de <strong>La Romaero <\/strong>cuando de repente \u00a0se alz\u00f3 del r\u00edo el <strong>Entignao<\/strong>, \u00a0ofreci\u00e9ndole un puro. Pero el pastor, en lugar de cogerlo y agradec\u00e9rselo, que hubiera sido lo propio, fue bastante m\u00e1s pr\u00e1ctico y desagradable:<\/span><\/p>\n<p style=\"text-align: justify;\"><span style=\"font-size: 10pt;\">\u00a0<\/span><\/p>\n<p style=\"text-align: justify;\"><span style=\"font-size: 10pt;\">&#8211; <em>\u00a1Pues vaya cosa: un cigarro-puro! Ya me pod<\/em><em>r\u00ed<\/em><em>a ust<\/em><em>ed<\/em><em> dar una buena bolsa de monedas de oro<\/em>!<\/span><\/p>\n<p style=\"text-align: justify;\"><span style=\"font-size: 10pt;\">\u00a0<\/span><\/p>\n<p style=\"text-align: justify;\"><span style=\"font-size: 10pt;\">Entonces el<strong> Entignao<\/strong> se enfad\u00f3 much\u00edsimo por lo desagradecido que hab\u00eda sido el pastor, y le dijo:<\/span><\/p>\n<p style=\"text-align: justify;\"><span style=\"font-size: 10pt;\">\u00a0<\/span><\/p>\n<p style=\"text-align: justify;\"><span style=\"font-size: 10pt;\"><em>&#8211; \u00a1Con que eres un avaricioso \u00a0que s<\/em><em>\u00f3<\/em><em>lo quieres monedas de oro! Pues ahora\u00a0 vas a ver\u2026<\/em><\/span><\/p>\n<p style=\"text-align: justify;\"><span style=\"font-size: 10pt;\">Y afirman que entonces se desat\u00f3 una tormenta que oscureci\u00f3 todos los montes como si fuese de noche, y a todo el ganado, y al pastor mismo, se los llev\u00f3 el r\u00edo hasta que dio en el mar con ellos, ya ahogados. Y as\u00ed fue, seg\u00fan contaban los ancianos hurdanos, como dieron comienzo las tormentas en el mundo.<\/span><\/p>\n<div id=\"attachment_2033\" style=\"width: 1034px\" class=\"wp-caption aligncenter\"><img aria-describedby=\"caption-attachment-2033\" loading=\"lazy\" class=\"size-large wp-image-2033\" src=\"https:\/\/static-blogs.hoy.es\/wp-content\/uploads\/sites\/16\/2013\/03\/a-91_edited-1024x685.jpg\" alt=\"\" width=\"1024\" height=\"685\" srcset=\"https:\/\/static-blogs.hoy.es\/wp-content\/uploads\/sites\/16\/2013\/03\/a-91_edited-1024x685.jpg 1024w, https:\/\/static-blogs.hoy.es\/wp-content\/uploads\/sites\/16\/2013\/03\/a-91_edited-300x201.jpg 300w, https:\/\/static-blogs.hoy.es\/wp-content\/uploads\/sites\/16\/2013\/03\/a-91_edited-768x514.jpg 768w, https:\/\/static-blogs.hoy.es\/wp-content\/uploads\/sites\/16\/2013\/03\/a-91_edited.jpg 1600w\" sizes=\"(max-width: 1024px) 100vw, 1024px\" \/><p id=\"caption-attachment-2033\" class=\"wp-caption-text\"><span style=\"font-size: 8pt;\">El Entignau hace y deshace tormentas en Las Hurdes (Extremadura Secreta)<\/span><\/p><\/div>\n<p style=\"text-align: justify;\"><span style=\"font-size: 10pt;\">\u00a0<\/span><span style=\"font-size: 10pt;\">Y es que las tormentas, amigos m\u00edos, las prepara el<strong> Entignau<\/strong>, que a veces pone uno de sus enormes pies sobre el <strong>Pico Mingorro<\/strong>, y el otro sobre el <strong>Pico Solombrero<\/strong>, alborotando con su sombrero de copa las nubes del firmamento.<\/span><\/p>\n<p style=\"text-align: justify;\"><span style=\"font-size: 10pt;\">Despu\u00e9s toca un tambor que tiene por parches dos pieles de lobo, y del resultado del toque, viene el estruendo de los truenos. Y al restregar el eslab\u00f3n con el pedernal de su r\u00fastico mechero salen los rel\u00e1mpagos y caen las chispas a la tierra, que traen piedras afiladas, las llamadas <strong>piedras del rayo<\/strong> que los extreme\u00f1os usan como amuletos para protegerse de las tormentas.<\/span><\/p>\n<p style=\"text-align: justify;\"><span style=\"font-size: 10pt;\">\u00a0<\/span><span style=\"font-size: 10pt;\">Lo bueno es que, mientras dura la tormenta, <strong>La Chancalaera<\/strong> se cuida mucho de andar por los montes\u2026 \u00bfQu\u00e9 qui\u00e9n es <a href=\"https:\/\/blogs.hoy.es\/extremadurasecreta\/2015\/11\/30\/centauros-en-extremadura-galopando-en-las-montanas\/\">L<strong>a Chancalaera<\/strong><\/a>? Cuando pasen las tormentas se lo cuento. Palabra.<\/span><\/p>\n<p style=\"text-align: justify;\"><span style=\"font-size: medium;\">\u00a0<\/span><\/p>\n<p style=\"text-align: justify;\"><span style=\"font-size: medium;\">\u00a0<\/span><\/p>\n<!-- AddThis Advanced Settings generic via filter on the_content --><!-- AddThis Share Buttons generic via filter on the_content -->","protected":false},"excerpt":{"rendered":"<p>Contemplando las tormentas desde mi ventanal, rodeada de truenos, rel\u00e1mpagos y viento silbante, no pude por menos que acordarme de un extra\u00f1o ser hurdano\u00a0 hacedor de lluvias y tormentas, un duende que no es duende, sino gigante, y un negro que no es negro, sino tiznado. Les hablo del Duende Entignau, fumador empedernido y &#8220;empedernado&#8221;. [&hellip;]<!-- AddThis Advanced Settings generic via filter on get_the_excerpt --><!-- AddThis Share Buttons generic via filter on get_the_excerpt --><\/p>\n","protected":false},"author":20,"featured_media":626,"comment_status":"open","ping_status":"closed","sticky":false,"template":"","format":"standard","meta":[],"categories":[9],"tags":[1447,192,302,415,469,1446,501,643,751,906,943,971,1186,1244],"_links":{"self":[{"href":"https:\/\/blogs.hoy.es\/extremadurasecreta\/wp-json\/wp\/v2\/posts\/625"}],"collection":[{"href":"https:\/\/blogs.hoy.es\/extremadurasecreta\/wp-json\/wp\/v2\/posts"}],"about":[{"href":"https:\/\/blogs.hoy.es\/extremadurasecreta\/wp-json\/wp\/v2\/types\/post"}],"author":[{"embeddable":true,"href":"https:\/\/blogs.hoy.es\/extremadurasecreta\/wp-json\/wp\/v2\/users\/20"}],"replies":[{"embeddable":true,"href":"https:\/\/blogs.hoy.es\/extremadurasecreta\/wp-json\/wp\/v2\/comments?post=625"}],"version-history":[{"count":3,"href":"https:\/\/blogs.hoy.es\/extremadurasecreta\/wp-json\/wp\/v2\/posts\/625\/revisions"}],"predecessor-version":[{"id":2034,"href":"https:\/\/blogs.hoy.es\/extremadurasecreta\/wp-json\/wp\/v2\/posts\/625\/revisions\/2034"}],"wp:featuredmedia":[{"embeddable":true,"href":"https:\/\/blogs.hoy.es\/extremadurasecreta\/wp-json\/wp\/v2\/media\/626"}],"wp:attachment":[{"href":"https:\/\/blogs.hoy.es\/extremadurasecreta\/wp-json\/wp\/v2\/media?parent=625"}],"wp:term":[{"taxonomy":"category","embeddable":true,"href":"https:\/\/blogs.hoy.es\/extremadurasecreta\/wp-json\/wp\/v2\/categories?post=625"},{"taxonomy":"post_tag","embeddable":true,"href":"https:\/\/blogs.hoy.es\/extremadurasecreta\/wp-json\/wp\/v2\/tags?post=625"}],"curies":[{"name":"wp","href":"https:\/\/api.w.org\/{rel}","templated":true}]}}