{"id":629,"date":"2013-03-23T13:09:52","date_gmt":"2013-03-23T11:09:52","guid":{"rendered":"http:\/\/blogs.hoy.es\/extremadurasecreta\/?p=629"},"modified":"2020-01-30T10:08:19","modified_gmt":"2020-01-30T08:08:19","slug":"de-como-el-dios-attis-se-convirtio-en-el-compadre-manolo","status":"publish","type":"post","link":"https:\/\/blogs.hoy.es\/extremadurasecreta\/2013\/03\/23\/de-como-el-dios-attis-se-convirtio-en-el-compadre-manolo\/","title":{"rendered":"De c\u00f3mo el dios Attis se convirti\u00f3 en un pelele"},"content":{"rendered":"<div class=\"mceTemp\"><\/div>\n<p style=\"text-align: justify;\"><span style=\"font-size: 10pt;\">Hace miles de a\u00f1os, cuando \u00e9ramos romanos, celebr\u00e1bamos en estas fechas de finales de marzo las fiestas en honor de <strong>Attis<\/strong>, durante las que se reproduc\u00edan los actos principales de la vida de este dios-hombre: nacimiento, emasculaci\u00f3n, muerte y resurrecci\u00f3n.<\/span><\/p>\n<p style=\"text-align: justify;\"><span style=\"font-size: 10pt;\">\u00a0<\/span><span style=\"font-size: 10pt;\">Probablemente, a\u00fan antes, ya festej\u00e1bamos la resurrecci\u00f3n de la naturaleza y la llegada de la primavera y la fertilidad por estas tierras, y hoy en d\u00eda, a pesar del paso del tiempo y de la historia, a\u00fan podemos descubrir, a poco que nos esforcemos, retazos poco ocultos de estos ritos.<\/span><\/p>\n<div id=\"attachment_2038\" style=\"width: 502px\" class=\"wp-caption aligncenter\"><img aria-describedby=\"caption-attachment-2038\" loading=\"lazy\" class=\"size-full wp-image-2038\" src=\"https:\/\/static-blogs.hoy.es\/wp-content\/uploads\/sites\/16\/2013\/03\/Captura-de-pantalla-430_edited_edited.jpg\" alt=\"\" width=\"492\" height=\"357\" srcset=\"https:\/\/static-blogs.hoy.es\/wp-content\/uploads\/sites\/16\/2013\/03\/Captura-de-pantalla-430_edited_edited.jpg 492w, https:\/\/static-blogs.hoy.es\/wp-content\/uploads\/sites\/16\/2013\/03\/Captura-de-pantalla-430_edited_edited-300x218.jpg 300w\" sizes=\"(max-width: 492px) 100vw, 492px\" \/><p id=\"caption-attachment-2038\" class=\"wp-caption-text\"><span style=\"font-size: 8pt;\">Attis en la tumba de un ni\u00f1o emeritense (Museo Nacional del Arte Romano)<\/span><\/p><\/div>\n<p style=\"text-align: justify;\"><span style=\"font-size: 10pt;\">\u00a0<\/span><span style=\"font-size: 10pt;\">Aunque hoy le hemos negado el elegante nombre de <strong><a title=\"Atis\" href=\"http:\/\/es.wikipedia.org\/wiki\/Atis\" rel=\"external nofollow\">Attis<\/a><\/strong> y lo llamamos, m\u00e1s cercanamente, <strong>Manolo, Morcillo, Peropalo<\/strong> o simplemente\u00a0 \u201c<strong>compadre<\/strong>\u201d. Es lo que tiene conocernos desde hace tantos siglos, que se coge confianza.<\/span><\/p>\n<p style=\"text-align: justify;\"><span style=\"font-size: 10pt;\">\u00a0<\/span><span style=\"font-size: 10pt;\"><strong>Manolo<\/strong> es un pelele de <strong>Losar de la Vera <\/strong>que\u00a0 es privado de sus atributos varoniles. No es gratuito ni lo escribo para ponerles mal cuerpo, que todo tiene su raz\u00f3n de ser. Afirma el investigador <strong><a title=\"Ritos de fertilidad en Extremadura\" href=\"http:\/\/editoraregextremadura.gobex.es\/buscar_libros.asp?idlibro=363\" rel=\"external nofollow\">Dominguez Moreno\u00a0<\/a><\/strong>que existe una similitud entre esta fiesta y la castraci\u00f3n de <strong>Attis<\/strong>. Sus festivales se desarrollaban al inicio de la primavera y en ellos se lloraba la muerte y se festejaba la resurrecci\u00f3n de esta deidad frigia de la vegetaci\u00f3n. En el llamado \u201cD\u00eda de la sangre\u201d los novicios se cortaban los test\u00edculos y los lanzaban contra la diosa <strong>Cibeles<\/strong>, la madre\/amante de <strong>Attis<\/strong>. Estos elementos eran recogidos, empaquetados y enterrados, ya que se consideraban eficaces para llamar a la vida al dios y acelerar el renacimiento de la naturaleza. Esa misma noche \u201cresucitaba\u201d la efigie enterrada.<\/span><\/p>\n<p style=\"text-align: justify;\"><span style=\"font-size: 10pt;\">\u00a0<\/span><span style=\"font-size: 10pt;\">\u00a0La emasculaci\u00f3n de <strong>Manolo<\/strong>, la supuesta sangre derramada y la manipulaci\u00f3n de sus arrancados \u00f3rganos viriles debieron tener como fin el vigorizar a la naturaleza para su renacimiento primaveral.<\/span><\/p>\n<div id=\"attachment_2041\" style=\"width: 775px\" class=\"wp-caption aligncenter\"><img aria-describedby=\"caption-attachment-2041\" loading=\"lazy\" class=\"size-large wp-image-2041\" src=\"https:\/\/static-blogs.hoy.es\/wp-content\/uploads\/sites\/16\/2013\/03\/IMG_0441_edited-765x1024.jpg\" alt=\"\" width=\"765\" height=\"1024\" srcset=\"https:\/\/static-blogs.hoy.es\/wp-content\/uploads\/sites\/16\/2013\/03\/IMG_0441_edited-765x1024.jpg 765w, https:\/\/static-blogs.hoy.es\/wp-content\/uploads\/sites\/16\/2013\/03\/IMG_0441_edited-224x300.jpg 224w, https:\/\/static-blogs.hoy.es\/wp-content\/uploads\/sites\/16\/2013\/03\/IMG_0441_edited-768x1028.jpg 768w, https:\/\/static-blogs.hoy.es\/wp-content\/uploads\/sites\/16\/2013\/03\/IMG_0441_edited.jpg 1936w\" sizes=\"(max-width: 765px) 100vw, 765px\" \/><p id=\"caption-attachment-2041\" class=\"wp-caption-text\"><span style=\"font-size: 8pt;\">El compadre de Ribera del Fresno (Juan Francisco Llano para Extremadura Secreta)<\/span><\/p><\/div>\n<p style=\"text-align: justify;\"><span style=\"font-size: 10pt;\">Pero <strong>Manolo<\/strong> no est\u00e1 solo. En <strong>Rivera del Fresno<\/strong> se celebra el <strong>Jueves de Compadres<\/strong> donde unos &#8216;peleles&#8217; de paja llamados \u201c<strong>compadres<\/strong>\u201d con unos exagerados atributos sexuales toman las calles antes de ser inmolados. Afirma el investigador rivere\u00f1o <a title=\"Jueves de compadres en Rivera del Fresno\" href=\"http:\/\/www.gacetaindependiente.es\/index.php?option=com_content&amp;view=article&amp;id=3146:se-acerca-el-jueves-de-compadres-a-ribera-del-fresno&amp;catid=3:ribera-del-fresno&amp;Itemid=5\" rel=\"external nofollow\"><strong>Juan Francisco Llano<\/strong> <\/a>que estos \u201ccompadres\u201d demuestran el car\u00e1cter at\u00e1vico de este festejo, a la vez que tiene un sentido de llamamiento a la fertilidad y a la primavera.<\/span><\/p>\n<div id=\"attachment_2040\" style=\"width: 442px\" class=\"wp-caption aligncenter\"><img aria-describedby=\"caption-attachment-2040\" loading=\"lazy\" class=\"size-full wp-image-2040\" src=\"https:\/\/static-blogs.hoy.es\/wp-content\/uploads\/sites\/16\/2013\/03\/El-morcillu-en-los-carnavales-hurdanos-de-2019-4.jpg\" alt=\"\" width=\"432\" height=\"648\" srcset=\"https:\/\/static-blogs.hoy.es\/wp-content\/uploads\/sites\/16\/2013\/03\/El-morcillu-en-los-carnavales-hurdanos-de-2019-4.jpg 432w, https:\/\/static-blogs.hoy.es\/wp-content\/uploads\/sites\/16\/2013\/03\/El-morcillu-en-los-carnavales-hurdanos-de-2019-4-200x300.jpg 200w\" sizes=\"(max-width: 432px) 100vw, 432px\" \/><p id=\"caption-attachment-2040\" class=\"wp-caption-text\"><span style=\"font-size: 8pt;\">Pericu el Morcillu en los Carnavales Hurdanos (El Cabezo, 2019) (Extremadura Secreta)<\/span><\/p><\/div>\n<p style=\"text-align: justify;\"><span style=\"font-size: 10pt;\">\u00a0<\/span><span style=\"font-size: 10pt;\">Otro que no puede abrocharse bien los pantalones es <strong>El Morcillo<\/strong>, tambi\u00e9n llamado Pericu o Mingorru ,\u00a0 gigantesco pelele con grandes atributos sexuales del at\u00e1vico <strong>carnaval Hurdano<\/strong>, a quien pasean por el pueblo, seg\u00fan nos cuenta el investigador<strong><a title=\"Todo a punto para el carnaval hurdano\" href=\"http:\/\/www.hoy.es\/v\/20130207\/prov-caceres\/todo-punto-para-carnaval-20130207.html\" rel=\"external nofollow\"> F\u00e9lix Barroso<\/a><\/strong>, despertando la libido de las mozas, que al atardecer llorar\u00e1n cuando el pelele es ahorcado y quemado. En <strong>Aceitunilla El Morcillo<\/strong> es un pelele mezcla de hombre y de macho cabr\u00edo y que muestra, como no, unos enormes atributos sexuales.<\/span><\/p>\n<div id=\"attachment_2042\" style=\"width: 1034px\" class=\"wp-caption aligncenter\"><img aria-describedby=\"caption-attachment-2042\" loading=\"lazy\" class=\"size-large wp-image-2042\" src=\"https:\/\/static-blogs.hoy.es\/wp-content\/uploads\/sites\/16\/2013\/03\/Peropalo-2018IMG_3164_edited-2-1024x683.jpg\" alt=\"\" width=\"1024\" height=\"683\" srcset=\"https:\/\/static-blogs.hoy.es\/wp-content\/uploads\/sites\/16\/2013\/03\/Peropalo-2018IMG_3164_edited-2-1024x683.jpg 1024w, https:\/\/static-blogs.hoy.es\/wp-content\/uploads\/sites\/16\/2013\/03\/Peropalo-2018IMG_3164_edited-2-300x200.jpg 300w, https:\/\/static-blogs.hoy.es\/wp-content\/uploads\/sites\/16\/2013\/03\/Peropalo-2018IMG_3164_edited-2-768x512.jpg 768w, https:\/\/static-blogs.hoy.es\/wp-content\/uploads\/sites\/16\/2013\/03\/Peropalo-2018IMG_3164_edited-2.jpg 1728w\" sizes=\"(max-width: 1024px) 100vw, 1024px\" \/><p id=\"caption-attachment-2042\" class=\"wp-caption-text\"><span style=\"font-size: 8pt;\">El Peropalo de Villanueva de la Vera (Extremadura Secreta)<\/span><\/p><\/div>\n<p style=\"text-align: justify;\"><span style=\"font-size: 10pt;\">Y otro que tal calza, pero menos, es el famoso <strong>Peropalo<\/strong> de <strong>Villanueva de la Vera<\/strong>, pelele engalanado y bigotudo que cuando es transportado por una mujer levanta sonrisas picaronas entre los vecinos, ya que se cree que el mu\u00f1eco puede tener cierto poder de talism\u00e1n sexual y ayudar a un futuro embarazo. Al confeccionarlo, es ritual que sea una mano femenina la que cosa el cierre de las zonas er\u00f3genas. Adem\u00e1s, en el desfile, camina \u201cla capitana\u201d portando una zarza con un grueso chorizo en el extremo que representa el miembro viril del castrado <strong>Peropalo<\/strong>. Y por si hubiese alguna duda de la relaci\u00f3n peropalera con los ritos de primavera, a\u00fan quedan coplas que recuerdan que a este pelele, antes de relacionarlo con<strong> Judas <\/strong>, se le llamaba \u201c<strong>Revive<\/strong>\u201d.<\/span><\/p>\n<p style=\"text-align: justify;\"><span style=\"font-size: 10pt;\"><em>\u00a0<\/em><\/span><\/p>\n<p style=\"text-align: center;\"><span style=\"font-size: 10pt;\"><em>\u201cA ese que llaman Revive<\/em><\/span><\/p>\n<p style=\"text-align: center;\"><span style=\"font-size: 10pt;\"><em>\u00a0<\/em><\/span><span style=\"font-size: 10pt;\"><em>y por nombre Peropalo,<\/em><\/span><\/p>\n<p style=\"text-align: center;\"><span style=\"font-size: 10pt;\"><em>\u00a0<\/em><\/span><span style=\"font-size: 10pt;\"><em>le ha salido la sentencia<\/em><\/span><\/p>\n<p style=\"text-align: center;\"><span style=\"font-size: 10pt;\"><em>\u00a0<\/em><\/span><span style=\"font-size: 10pt;\"><em>que tiene que ser quemado\u201d.<\/em><\/span><\/p>\n<p style=\"text-align: justify;\"><span style=\"font-size: 10pt;\">\u00a0<\/span><\/p>\n<p style=\"text-align: justify;\"><span style=\"font-size: 10pt;\">\u00a0<\/span><span style=\"font-size: 10pt;\">El alias, <strong>Revive<\/strong>, como afirma el catedr\u00e1tico <strong><a title=\"Desvelando al Peropalo\" href=\"http:\/\/www.funjdiaz.net\/folklore\/07ficha.cfm?id=2634\" rel=\"external nofollow\">Fulgencio Casta\u00f1ar<\/a><\/strong>, apunta a una caracter\u00edstica fundamental, la capacidad de resurrecci\u00f3n que tiene el sujeto. Esto es lo que hace l\u00f3gico que cada a\u00f1o se celebre.<\/span><\/p>\n<p style=\"text-align: justify;\"><span style=\"font-size: 10pt;\">\u00a0<\/span><span style=\"font-size: 10pt;\">La pregunta es: Si las fiestas de la fertilidad y resurrecci\u00f3n de la naturaleza se celebraban alrededor del equinoccio de primavera\u2026 \u00bfPor qu\u00e9 todos estos peleles se pasean por <strong>Extremadura<\/strong> en febrero, es decir, un mes antes? Me atrever\u00eda\u00a0 a decir que la iglesia cat\u00f3lica tuvo mucho que ver y no le har\u00eda ninguna gracia ver a estos seres en permanente erecci\u00f3n mezcl\u00e1ndose con su Semana m\u00e1s Santa. As\u00ed que nuestros antepasados, reacios a olvidar sus ritos ancestrales, se vieron obligados a adelantarlos un mes, cuando hab\u00eda m\u00e1s manga ancha gracias a los carnavales. \u00a0<\/span><\/p>\n<p style=\"text-align: justify;\"><span style=\"font-size: 10pt;\">\u00a0<\/span><span style=\"font-size: 10pt;\">Por cierto, que quien s\u00ed se pasea por esas fechas en todos los pueblos, como ya ha observado <strong><a title=\" manifestaciones religiosas populares, Fernando Flores del Manzano\" href=\"http:\/\/martil.es\/famiamigos\/relatos\/fiestas.htm\" rel=\"external nofollow\">Flores del Manzano<\/a><\/strong>, \u00a0es otra figura sangrante, hijo de otra <strong>Gran Madre<\/strong>, a quien tambi\u00e9n asesinan en un madero (<strong>Attis<\/strong> lo fue en un \u00e1rbol), al que se llora y que resucita al tercer d\u00eda. El hijo de un dios que afirma que \u00e9l es\u00a0 <em>\u201c<\/em><strong>la Resurrecci\u00f3n y la Vida<\/strong>\u201d y al que los profetas llaman<a title=\"El Renuevo en la Biblia\" href=\"http:\/\/www.ebenezer-es.org\/estudios\/renuevo.htm\" rel=\"external nofollow\"> \u201c<strong>El Renuevo\u201d.<\/strong><\/a><\/span><\/p>\n<div id=\"attachment_2043\" style=\"width: 803px\" class=\"wp-caption aligncenter\"><img aria-describedby=\"caption-attachment-2043\" loading=\"lazy\" class=\"size-full wp-image-2043\" src=\"https:\/\/static-blogs.hoy.es\/wp-content\/uploads\/sites\/16\/2013\/03\/MERIDA-SEMANA-SANTA-2015-2-148_edited.jpg\" alt=\"\" width=\"793\" height=\"530\" srcset=\"https:\/\/static-blogs.hoy.es\/wp-content\/uploads\/sites\/16\/2013\/03\/MERIDA-SEMANA-SANTA-2015-2-148_edited.jpg 793w, https:\/\/static-blogs.hoy.es\/wp-content\/uploads\/sites\/16\/2013\/03\/MERIDA-SEMANA-SANTA-2015-2-148_edited-300x201.jpg 300w, https:\/\/static-blogs.hoy.es\/wp-content\/uploads\/sites\/16\/2013\/03\/MERIDA-SEMANA-SANTA-2015-2-148_edited-768x513.jpg 768w\" sizes=\"(max-width: 793px) 100vw, 793px\" \/><p id=\"caption-attachment-2043\" class=\"wp-caption-text\"><span style=\"font-size: 8pt;\">Cristo crucificado en la Semana Santa de M\u00e9rida (Extremadura Secreta)<\/span><\/p><\/div>\n<p style=\"text-align: justify;\"><span style=\"font-size: 10pt;\">\u00a0<\/span><span style=\"font-size: 10pt;\">Nada nuevo, pues. Cada uno lo haremos a nuestra manera, y algunos de varias al mismo tiempo, pero seguiremos rindiendo culto al renacer de la vida, al sol que la ilumina, a<a href=\"https:\/\/www.youtube.com\/watch?v=yRH6tBztqEs\" rel=\"external nofollow\"> la expulsi\u00f3n de los dioses del fr\u00edo<\/a> y a la tenaz fragilidad de los brotes que despuntan. Porque estamos condenados a repetir, a\u00f1o tras a\u00f1o, siglo tras siglo y milenio tras milenio, el milagroso ciclo de la vida. Y que dure.<\/span><\/p>\n<p style=\"text-align: justify;\"><span style=\"font-size: 10pt;\">\u00a0<\/span><\/p>\n<p style=\"text-align: justify;\"><span style=\"font-size: 10pt;\">\u00a0<\/span><\/p>\n<p style=\"text-align: justify;\"><span style=\"font-size: 10pt;\">\u00a0<\/span><\/p>\n<p style=\"text-align: justify;\"><span style=\"font-size: 10pt;\">.<\/span><\/p>\n<p style=\"text-align: justify;\"><span style=\"font-size: 10pt;\">\u00a0<\/span><\/p>\n<!-- AddThis Advanced Settings generic via filter on the_content --><!-- AddThis Share Buttons generic via filter on the_content -->","protected":false},"excerpt":{"rendered":"<p>Hace miles de a\u00f1os, cuando \u00e9ramos romanos, celebr\u00e1bamos en estas fechas de finales de marzo las fiestas en honor de Attis, durante las que se reproduc\u00edan los actos principales de la vida de este dios-hombre: nacimiento, emasculaci\u00f3n, muerte y resurrecci\u00f3n. \u00a0Probablemente, a\u00fan antes, ya festej\u00e1bamos la resurrecci\u00f3n de la naturaleza y la llegada de la [&hellip;]<!-- AddThis Advanced Settings generic via filter on get_the_excerpt --><!-- AddThis Share Buttons generic via filter on get_the_excerpt --><\/p>\n","protected":false},"author":20,"featured_media":928,"comment_status":"open","ping_status":"closed","sticky":false,"template":"","format":"standard","meta":[],"categories":[5],"tags":[22,1450,108,218,308,436,448,453,454,670,751,781,1449,1448,1039,1102,1270],"_links":{"self":[{"href":"https:\/\/blogs.hoy.es\/extremadurasecreta\/wp-json\/wp\/v2\/posts\/629"}],"collection":[{"href":"https:\/\/blogs.hoy.es\/extremadurasecreta\/wp-json\/wp\/v2\/posts"}],"about":[{"href":"https:\/\/blogs.hoy.es\/extremadurasecreta\/wp-json\/wp\/v2\/types\/post"}],"author":[{"embeddable":true,"href":"https:\/\/blogs.hoy.es\/extremadurasecreta\/wp-json\/wp\/v2\/users\/20"}],"replies":[{"embeddable":true,"href":"https:\/\/blogs.hoy.es\/extremadurasecreta\/wp-json\/wp\/v2\/comments?post=629"}],"version-history":[{"count":5,"href":"https:\/\/blogs.hoy.es\/extremadurasecreta\/wp-json\/wp\/v2\/posts\/629\/revisions"}],"predecessor-version":[{"id":2045,"href":"https:\/\/blogs.hoy.es\/extremadurasecreta\/wp-json\/wp\/v2\/posts\/629\/revisions\/2045"}],"wp:featuredmedia":[{"embeddable":true,"href":"https:\/\/blogs.hoy.es\/extremadurasecreta\/wp-json\/wp\/v2\/media\/928"}],"wp:attachment":[{"href":"https:\/\/blogs.hoy.es\/extremadurasecreta\/wp-json\/wp\/v2\/media?parent=629"}],"wp:term":[{"taxonomy":"category","embeddable":true,"href":"https:\/\/blogs.hoy.es\/extremadurasecreta\/wp-json\/wp\/v2\/categories?post=629"},{"taxonomy":"post_tag","embeddable":true,"href":"https:\/\/blogs.hoy.es\/extremadurasecreta\/wp-json\/wp\/v2\/tags?post=629"}],"curies":[{"name":"wp","href":"https:\/\/api.w.org\/{rel}","templated":true}]}}