{"id":65,"date":"2012-03-16T10:08:46","date_gmt":"2012-03-16T10:08:46","guid":{"rendered":"http:\/\/blogs.hoy.es\/extremadurasecreta\/?p=65"},"modified":"2020-05-19T12:45:35","modified_gmt":"2020-05-19T10:45:35","slug":"pero-que-fantasma-moro-ni-que-nino-muerto","status":"publish","type":"post","link":"https:\/\/blogs.hoy.es\/extremadurasecreta\/2012\/03\/16\/pero-que-fantasma-moro-ni-que-nino-muerto\/","title":{"rendered":"\u00a1Pero que fantasma moro ni que ni\u00f1o muerto!!!"},"content":{"rendered":"<div class=\"mceTemp\" style=\"text-align: justify;\"><\/div>\n<p><span style=\"font-size: 10pt; text-align: justify;\">Extremadura\u00a0se encuentra poblada de\u00a0seres invisibles que conviven mano a mano con nosotros. Algunos vagan a\u00fan por nuestras dehesas y castillos\u00a0por propia voluntad, otros por antiguas maldiciones y la \u00a0mayor\u00eda\u00a0 lo hacen &#8220;encantados&#8221;. Algunos dan miedo, otros pavor y otros provocan una t\u00edmida sonrisa, pero todos llevan ya tanto tiempo en nuestra tierra que\u00a0pertenecen a ella como las encinas o los canchos.<\/span><\/p>\n<div id=\"attachment_2170\" style=\"width: 1034px\" class=\"wp-caption aligncenter\"><img aria-describedby=\"caption-attachment-2170\" loading=\"lazy\" class=\"size-large wp-image-2170\" src=\"https:\/\/static-blogs.hoy.es\/wp-content\/uploads\/sites\/16\/2012\/03\/Fuente-de-la-Velasca-Cabeza-del-BueyIMG_0006_edited_edited-1024x681.jpg\" alt=\"\" width=\"1024\" height=\"681\" srcset=\"https:\/\/static-blogs.hoy.es\/wp-content\/uploads\/sites\/16\/2012\/03\/Fuente-de-la-Velasca-Cabeza-del-BueyIMG_0006_edited_edited-1024x681.jpg 1024w, https:\/\/static-blogs.hoy.es\/wp-content\/uploads\/sites\/16\/2012\/03\/Fuente-de-la-Velasca-Cabeza-del-BueyIMG_0006_edited_edited-300x200.jpg 300w, https:\/\/static-blogs.hoy.es\/wp-content\/uploads\/sites\/16\/2012\/03\/Fuente-de-la-Velasca-Cabeza-del-BueyIMG_0006_edited_edited-768x511.jpg 768w, https:\/\/static-blogs.hoy.es\/wp-content\/uploads\/sites\/16\/2012\/03\/Fuente-de-la-Velasca-Cabeza-del-BueyIMG_0006_edited_edited.jpg 1936w\" sizes=\"(max-width: 1024px) 100vw, 1024px\" \/><p id=\"caption-attachment-2170\" class=\"wp-caption-text\"><span style=\"font-size: 8pt;\">La fuente de Velasco o de la Velasca, en cabeza del Buey (Extremadura Secreta)<\/span><\/p><\/div>\n<p><span style=\"font-size: 10pt; text-align: justify;\">Si no me creen, pueden aprovechar este fin de semana para acercarse a <\/span><strong style=\"font-size: 10pt; text-align: justify;\">Torrej\u00f3n el Rubio.\u00a0\u00a0 <\/strong><span style=\"font-size: 10pt; text-align: justify;\">All\u00ed podr\u00e1n ver, a\u00a0 un kil\u00f3metro de distancia hacia la parte del poniente, las ruinas de un castillo al que conduce una calleja formada por las paredes de los cercados extramuros de la villa, denominada <\/span><em style=\"font-size: 10pt; text-align: justify;\"><a href=\"https:\/\/blogs.hoy.es\/extremadurasecreta\/2013\/10\/10\/las-aventuraras-extremenas-del-rey-don-rodrigo-y-florinda-la-cava\/\">Calleja de la Cava<\/a>.<\/em><span style=\"font-size: 10pt; text-align: justify;\"> Pero vayan sin ni\u00f1os y de d\u00eda, porque entre aquellas ruinas\u00a0\u00a0hay un infante encantado que, apost\u00e1ndose por la noche en uno de los desportillados de la fortaleza, atrapa a cuantos muchachos pasan a esas horas por all\u00ed y los mete en el castillo, donde desaparecen para siempre. Ese ni\u00f1o es el hijo de La Cava, la bella hija del conde Don Juli\u00e1n, de la que se enamor\u00f3 Don Rodrigo y de cuyas relaciones naci\u00f3 el infante, que permanece encantado y va encerrando en la fortaleza a los muchachos que por all\u00ed pasan, con el fin de salir de ella cuando tenga reunido un poderoso ej\u00e9rcito para reconquistar el trono de sus mayores.<\/span><\/p>\n<div id=\"attachment_2172\" style=\"width: 730px\" class=\"wp-caption aligncenter\"><img aria-describedby=\"caption-attachment-2172\" loading=\"lazy\" class=\"size-full wp-image-2172\" src=\"https:\/\/static-blogs.hoy.es\/wp-content\/uploads\/sites\/16\/2012\/03\/la-tribu-1-507.jpg\" alt=\"\" width=\"720\" height=\"486\" srcset=\"https:\/\/static-blogs.hoy.es\/wp-content\/uploads\/sites\/16\/2012\/03\/la-tribu-1-507.jpg 720w, https:\/\/static-blogs.hoy.es\/wp-content\/uploads\/sites\/16\/2012\/03\/la-tribu-1-507-300x203.jpg 300w\" sizes=\"(max-width: 720px) 100vw, 720px\" \/><p id=\"caption-attachment-2172\" class=\"wp-caption-text\"><span style=\"font-size: 8pt;\">En Extremadura tambi\u00e9n existen ni\u00f1os fantasmas (Extremadura Secreta)<\/span><\/p><\/div>\n<p style=\"text-align: justify;\"><span style=\"font-size: 10pt;\">Pero este no es \u00fanico<a href=\"https:\/\/blogs.hoy.es\/extremadurasecreta\/2019\/10\/23\/las-presencias-del-parador-de-merida-el-fantasma-del-nino-que-llora\/\"> ni\u00f1o fantasma<\/a> de esta tierra, y absurdo ser\u00eda pues decir, por muy descre\u00eddo que uno sea,\u00a0 que Extremadura se encuentra despoblada, y ya podr\u00edamos escribir en cast\u00fao los\u00a0cuentos de las mil y dos noches si hacemos caso al insigne <a title=\" Publio Hurtado: Supersticiones Extreme\u00f1as\" href=\"http:\/\/www.paseovirtual.net\/revistas\/extremadura1.htm\" rel=\"external nofollow\">Publio Hurtado<\/a>, quien ya en 1902 hac\u00eda un somero repaso a los \u201cencantos\u201d\u00a0 sobrenaturales extreme\u00f1os, entre los que citaba\u00a0<\/span><\/p>\n<p>&nbsp;<\/p>\n<p style=\"text-align: justify;\"><span style=\"font-size: 10pt;\"><em>\u201c\u2026 <a href=\"https:\/\/blogs.hoy.es\/extremadurasecreta\/2017\/06\/22\/encantadas-de-san-juan-la-velasca\/\">a la reina mora que habita en la Fuente de Velasco<\/a>, junto a <strong>Cabeza del Buey<\/strong>, dedicada a bordar unas babuchas al Zancarr\u00f3n, con tal sutil labor que tal vez tendr\u00e1 tarea para lo que dure el mundo; a <a href=\"https:\/\/blogs.hoy.es\/extremadurasecreta\/2019\/06\/22\/los-fantasmas-del-puente-de-niebla\/\">la bella joven de la fuente de la Serrana,<\/a> cerca de <strong>Plasencia<\/strong>, que ofrece in\u00fatilmente a los caprichosos sus bandejas rebosantes de art\u00edstica bisuter\u00eda; al tremebundo gigante, morador de las ruinas\u00a0 de la Dehesa del Berrocalillo, t\u00e9rmino de la misma ciudad, cuyos golpes de maza aterrorizaban a los buscones de una sala subterr\u00e1nea que guardaba, de donde por fin sacaron unas cortinas que se destinaron a cubrir el Cristo de san L\u00e1zaro; al <a href=\"https:\/\/blogs.hoy.es\/extremadurasecreta\/2013\/04\/10\/la-extremadura-mas-negra\/\">negro bozal residente en la cerca de Marr\u00f3n<\/a>, pr\u00f3xima a <strong>C\u00e1ceres<\/strong>, venido ha siglos de \u00c1frica con no se qu\u00e9 caballero, que sale al camino a las mocitas que pasan por sus alrededores, ofreci\u00e9ndoles dulces para que se vayan con \u00e9l y alivien su soledad, prometi\u00e9ndoles inveros\u00edmiles grandezas; \u2026a <a href=\"https:\/\/blogs.hoy.es\/extremadurasecreta\/2012\/04\/13\/extremadura-un-mercadillo-encantado\/\">la princesa que, surgiendo de un molino en el sitio de la Resbalaera<\/a>, en <strong>Alcuescar<\/strong>, exhibe un tenderete de calaveras y huesos humanos, cuya extra\u00f1a mercanc\u00eda, de la que no vende ni una esquirla (\u00a1ser\u00eda su perdici\u00f3n!), recoge al venir el alba; \u2026al ser deforme que en el callej\u00f3n del Huerto de Rafael, en <strong>Malpartida de la Serena<\/strong>, sale al paso de los transe\u00fantes pidi\u00e9ndoles con deprecatorios ruegos que le lleven la sangre de un gallo negro para recobrar su forma humana; al toro que brama aprisionado bajo el Cancho Grande de la Era Empedrada, cerca del mismo pueblo, que dicen ser el hijo de un emir, reducido a tan irracional condici\u00f3n por haber tratado de destronar a su padre; a <a href=\"https:\/\/blogs.hoy.es\/extremadurasecreta\/2015\/06\/22\/cinco-castillos-encantados-para-visitar-en-la-noche-de-san-juan\/\">la berberisca se\u00f1ora del castillo de <strong>Segura<\/strong><\/a>, cuyo desencanto estriba en que llegue a contar en una noche las estrellas que tachonan la b\u00f3veda celeste, tarea que siempre llega a interrumpir la aurora que, al desplegar sus inmensas cortinas de luz, ocultan a los \u00e1vidos ojos de la contadora un resto de \u201clamparitas del cielo\u201d, oblig\u00e1ndola a repetir el recuento a la siguiente noche; a la dama reclusa del pozo de la Mineta, cerca de <strong>Berlanga<\/strong>, llamada Pepa, que por no se qu\u00e9 renuncio conyugal, su marido, que deb\u00eda tener mucho de mago, la sopl\u00f3 en aquella profundidad, donde est\u00e1 escuchando sin tregua a una lechuza que la llama \u00a1fea! \u00a1fea!;\u2026la que tiene en su compa\u00f1\u00eda una perrita negra que olfatea y sale al camino de los viandantes, a ver si da con el Quijote destinado a desencantar a su due\u00f1a;\u00a0<\/em><\/span><span style=\"font-size: 10pt;\"><em>a<a href=\"https:\/\/blogs.hoy.es\/extremadurasecreta\/2015\/06\/22\/cinco-castillos-encantados-para-visitar-en-la-noche-de-san-juan\/\"> la hija del profeta que se guarece en el castillo de Pe\u00f1afiel,<\/a> no lejos de <strong>Zarza la Mayor<\/strong>, que posee un talism\u00e1n que afecta la forma de una esferita de oro, merced del cual se transforma en rana o en gentil paje, que enloquece, bajo esta \u00faltima\u00a0 forma, con su labia y sus melindres a las muchachas del contorno; a <a href=\"https:\/\/blogs.hoy.es\/extremadurasecreta\/2018\/06\/22\/las-encantadas-de-san-juan\/\">la filarm\u00f3nica agarena que desde su cueva de Cantamora,<\/a> en <strong>Talavera la Vieja<\/strong>, deja est\u00e1ticos con sus dulces melod\u00edas, como el divino Orfeo, a las personas, aves, reptiles y cuadr\u00fapedos que llegan a o\u00edrla; a los convidados al <a href=\"https:\/\/blogs.hoy.es\/extremadurasecreta\/2019\/06\/22\/los-fantasmas-del-puente-de-niebla\/\">banquete baltas\u00e1rico que se ofrece a la vista de los devotos de san Cipriano (el santo de los supersticiosos), en el interior del puente de Nieblas<\/a>, en el camino de <strong>Malpartida<\/strong> a <strong>Plasencia<\/strong>, servido por una camarera jud\u00eda de peregrina belleza; a l<a href=\"https:\/\/blogs.hoy.es\/extremadurasecreta\/2012\/04\/13\/extremadura-un-mercadillo-encantado\/\">a brav\u00eda jurdana de Cotorro de las Tiendas<\/a>, junto a la alquer\u00eda del <strong>El Gasco<\/strong>, que cort\u00f3 la lengua la pastor agresor de su honra con las mismas tijeras que este hab\u00eda elegido en la flamante tienda de la violada, para que no se jactase de la infamia ante el ausente esposo, si tornaba este de la guerra; a <a href=\"https:\/\/blogs.hoy.es\/extremadurasecreta\/2015\/10\/04\/la-caragontia-de-montanchez\/\">la m\u00edstica doncella que con una vela encendida y libro en mano se exhibe en noche tal, al abrirse una de las almenas del castillo de <strong>Mont\u00e1nchez<\/strong><\/a>, a bendecir o\u00a0 maldecir la comarca, seg\u00fan el canon de aquella obra prof\u00e9tica, cuyo suelo da \u00f3ptimos frutos o es de escasa producci\u00f3n, seg\u00fan sea el conjuro; a la mora que habita en la Pe\u00f1a del Castillo, pr\u00f3xima a <strong>Zorita<\/strong>\u2026\u201d<\/em><\/span><\/p>\n<p style=\"text-align: justify;\"><em>\u00a0<\/em><\/p>\n<div id=\"attachment_2173\" style=\"width: 1034px\" class=\"wp-caption aligncenter\"><img aria-describedby=\"caption-attachment-2173\" loading=\"lazy\" class=\"size-large wp-image-2173\" src=\"https:\/\/static-blogs.hoy.es\/wp-content\/uploads\/sites\/16\/2012\/03\/Segura-de-Le\u00f3n-2009-2-1024x685.jpg\" alt=\"\" width=\"1024\" height=\"685\" srcset=\"https:\/\/static-blogs.hoy.es\/wp-content\/uploads\/sites\/16\/2012\/03\/Segura-de-Le\u00f3n-2009-2-1024x685.jpg 1024w, https:\/\/static-blogs.hoy.es\/wp-content\/uploads\/sites\/16\/2012\/03\/Segura-de-Le\u00f3n-2009-2-300x201.jpg 300w, https:\/\/static-blogs.hoy.es\/wp-content\/uploads\/sites\/16\/2012\/03\/Segura-de-Le\u00f3n-2009-2-768x514.jpg 768w\" sizes=\"(max-width: 1024px) 100vw, 1024px\" \/><p id=\"caption-attachment-2173\" class=\"wp-caption-text\"><span style=\"font-size: 8pt;\">     En el castillo de Segura se encuentra encantada la contadora de estrellas (Extremadura Secreta)<\/span><\/p><\/div>\n<p style=\"text-align: justify;\"><span style=\"font-size: 10pt;\">\u00a0Y ahora que\u00a0 le\u00a0acabo de presentar, someramente, a algunos de los &#8220;encantadores&#8221; personajes\u00a0que jalonan nuestras tierras, no vuelva a decir que pas\u00f3 el fin de semana solo. En Extremadura, nadie est\u00e1 solo del todo. Solo hay que saber mirar, muy lentamente, por encima del hombro.<\/span><\/p>\n<p style=\"text-align: justify;\">\n<!-- AddThis Advanced Settings generic via filter on the_content --><!-- AddThis Share Buttons generic via filter on the_content -->","protected":false},"excerpt":{"rendered":"<p>Extremadura\u00a0se encuentra poblada de\u00a0seres invisibles que conviven mano a mano con nosotros. Algunos vagan a\u00fan por nuestras dehesas y castillos\u00a0por propia voluntad, otros por antiguas maldiciones y la \u00a0mayor\u00eda\u00a0 lo hacen &#8220;encantados&#8221;. Algunos dan miedo, otros pavor y otros provocan una t\u00edmida sonrisa, pero todos llevan ya tanto tiempo en nuestra tierra que\u00a0pertenecen a ella [&hellip;]<!-- AddThis Advanced Settings generic via filter on get_the_excerpt --><!-- AddThis Share Buttons generic via filter on get_the_excerpt --><\/p>\n","protected":false},"author":20,"featured_media":816,"comment_status":"open","ping_status":"closed","sticky":false,"template":"","format":"standard","meta":[],"categories":[9],"tags":[207,1476,465,467,494,798,871,875,1429,902,1477,999],"_links":{"self":[{"href":"https:\/\/blogs.hoy.es\/extremadurasecreta\/wp-json\/wp\/v2\/posts\/65"}],"collection":[{"href":"https:\/\/blogs.hoy.es\/extremadurasecreta\/wp-json\/wp\/v2\/posts"}],"about":[{"href":"https:\/\/blogs.hoy.es\/extremadurasecreta\/wp-json\/wp\/v2\/types\/post"}],"author":[{"embeddable":true,"href":"https:\/\/blogs.hoy.es\/extremadurasecreta\/wp-json\/wp\/v2\/users\/20"}],"replies":[{"embeddable":true,"href":"https:\/\/blogs.hoy.es\/extremadurasecreta\/wp-json\/wp\/v2\/comments?post=65"}],"version-history":[{"count":3,"href":"https:\/\/blogs.hoy.es\/extremadurasecreta\/wp-json\/wp\/v2\/posts\/65\/revisions"}],"predecessor-version":[{"id":2169,"href":"https:\/\/blogs.hoy.es\/extremadurasecreta\/wp-json\/wp\/v2\/posts\/65\/revisions\/2169"}],"wp:featuredmedia":[{"embeddable":true,"href":"https:\/\/blogs.hoy.es\/extremadurasecreta\/wp-json\/wp\/v2\/media\/816"}],"wp:attachment":[{"href":"https:\/\/blogs.hoy.es\/extremadurasecreta\/wp-json\/wp\/v2\/media?parent=65"}],"wp:term":[{"taxonomy":"category","embeddable":true,"href":"https:\/\/blogs.hoy.es\/extremadurasecreta\/wp-json\/wp\/v2\/categories?post=65"},{"taxonomy":"post_tag","embeddable":true,"href":"https:\/\/blogs.hoy.es\/extremadurasecreta\/wp-json\/wp\/v2\/tags?post=65"}],"curies":[{"name":"wp","href":"https:\/\/api.w.org\/{rel}","templated":true}]}}