{"id":672,"date":"2013-04-23T00:24:48","date_gmt":"2013-04-22T22:24:48","guid":{"rendered":"http:\/\/blogs.hoy.es\/extremadurasecreta\/?p=672"},"modified":"2020-07-30T12:00:11","modified_gmt":"2020-07-30T10:00:11","slug":"la-mansabora-la-encantada-de-caceres","status":"publish","type":"post","link":"https:\/\/blogs.hoy.es\/extremadurasecreta\/2013\/04\/23\/la-mansabora-la-encantada-de-caceres\/","title":{"rendered":"La Mansabor\u00e1, la encantada de C\u00e1ceres"},"content":{"rendered":"<p style=\"text-align: justify;\"><span style=\"font-size: 10pt;\">Cuenta la leyenda que todo sucedi\u00f3 tal d\u00eda como hoy, en el a\u00f1o del se\u00f1or de 1229, cuando <strong>C\u00e1ceres<\/strong> estaba gobernado por un kaid \u00e1rabe soberbio y arrogante que no ten\u00eda m\u00e1s que una hija a la que adoraba.<\/span><\/p>\n<p style=\"text-align: justify;\"><span style=\"font-size: 10pt;\">\u00a0<\/span><span style=\"font-size: medium;\"><span style=\"font-size: 10pt;\">No era princesa, como afirman algunos, pero s\u00ed doncella, quienes por ser bellas y moras no dejan de ser enamoradizas y desobedientes. Anticip\u00e1ndose al mito de Romeo y Julieta, la joven se enamora de uno de los caballeros\u00a0 cristianos que acompa\u00f1an \u00a0al rey <strong>Alfonso IX de Le\u00f3n<\/strong>, y que cercan la ciudad de C\u00e1ceres con el \u00e1nimo de rendirla.<\/span><\/span><\/p>\n<div id=\"attachment_1972\" style=\"width: 730px\" class=\"wp-caption aligncenter\"><img aria-describedby=\"caption-attachment-1972\" loading=\"lazy\" class=\"size-full wp-image-1972\" src=\"https:\/\/static-blogs.hoy.es\/wp-content\/uploads\/sites\/16\/2013\/04\/5VIAJE-A-BURGOS-5-BURGOS-OCTUBRE-2046_edited.jpg\" alt=\"\" width=\"720\" height=\"481\" srcset=\"https:\/\/static-blogs.hoy.es\/wp-content\/uploads\/sites\/16\/2013\/04\/5VIAJE-A-BURGOS-5-BURGOS-OCTUBRE-2046_edited.jpg 720w, https:\/\/static-blogs.hoy.es\/wp-content\/uploads\/sites\/16\/2013\/04\/5VIAJE-A-BURGOS-5-BURGOS-OCTUBRE-2046_edited-300x200.jpg 300w\" sizes=\"(max-width: 720px) 100vw, 720px\" \/><p id=\"caption-attachment-1972\" class=\"wp-caption-text\"><span style=\"font-size: 8pt;\">Los j\u00f3venes un\u00edan con su amor lo que sus religiones desun\u00edan (Extremadura Secreta)<\/span><\/p><\/div>\n<p style=\"text-align: justify;\"><span style=\"font-size: 10pt;\">\u00a0<\/span><span style=\"font-size: 10pt;\">Con el fin de reunirse con \u00e9l y poder hablar de amor largo y tendido, env\u00eda todas las noches a su aya para abrirle la puerta de un pasadizo subterr\u00e1neo (que a principios del siglo XX a\u00fan se pod\u00eda ver, seg\u00fan afirma <strong><a title=\"Supersticiones extreme\u00f1as\" href=\"http:\/\/books.google.es\/books\/about\/Supersticiones_extreme%C3%B1as.html?hl=es&amp;id=hug8PQAACAAJ\" rel=\"external nofollow\">Publio Hurtado<\/a><\/strong>) por donde el caballero sub\u00eda al jard\u00edn del <strong>Alc\u00e1zar<\/strong> para satisfacer el amor de la agarena.<\/span><\/p>\n<p style=\"text-align: justify;\"><span style=\"font-size: 10pt;\">\u00a0<\/span><span style=\"font-size: 10pt;\">El pasadizo ten\u00eda su salida en la <strong>calleja de la Mansa Alborada<\/strong>, o \u201c<strong><a title=\"El gallinero encantado\" href=\"https:\/\/blogs.hoy.es\/extremadurasecreta\/2012\/04\/03\/huevos-de-oro-el-gallinero-encantado\/\">Mansabor\u00e1<\/a><\/strong>\u201d, como la llam\u00f3 el pueblo, que se localizaba entre el <strong>convento de los Padres Franciscanos<\/strong> y la <a href=\"https:\/\/blogs.hoy.es\/extremadurasecreta\/2012\/03\/09\/extremadura-el-mapa-del-tesoro\/\"><strong>Huerta del Tesoro<\/strong>.<\/a><\/span><\/p>\n<div id=\"attachment_1973\" style=\"width: 1034px\" class=\"wp-caption aligncenter\"><img aria-describedby=\"caption-attachment-1973\" loading=\"lazy\" class=\"size-large wp-image-1973\" src=\"https:\/\/static-blogs.hoy.es\/wp-content\/uploads\/sites\/16\/2013\/04\/aljibe-de-caceres_edited-1024x683.jpg\" alt=\"\" width=\"1024\" height=\"683\" srcset=\"https:\/\/static-blogs.hoy.es\/wp-content\/uploads\/sites\/16\/2013\/04\/aljibe-de-caceres_edited-1024x683.jpg 1024w, https:\/\/static-blogs.hoy.es\/wp-content\/uploads\/sites\/16\/2013\/04\/aljibe-de-caceres_edited-300x200.jpg 300w, https:\/\/static-blogs.hoy.es\/wp-content\/uploads\/sites\/16\/2013\/04\/aljibe-de-caceres_edited-768x512.jpg 768w, https:\/\/static-blogs.hoy.es\/wp-content\/uploads\/sites\/16\/2013\/04\/aljibe-de-caceres_edited.jpg 1944w\" sizes=\"(max-width: 1024px) 100vw, 1024px\" \/><p id=\"caption-attachment-1973\" class=\"wp-caption-text\"><span style=\"font-size: 8pt;\">El aljibe de C\u00e1ceres es uno de los escasos restos de la alcazaba \u00e1rabe (Extremadura secreta)<\/span><\/p><\/div>\n<p style=\"text-align: left;\"><span style=\"font-size: 10pt;\">\u00a0<\/span><span style=\"font-size: medium;\"><span style=\"font-size: 10pt;\">Consigue el gal\u00e1n, a fuerza de arrumacos y promesas, las llaves del pasadizo, y \u00a0el 23 de abril, mientras las mesnadas alfonsinas simulaban el asalto por las murallas del lado opuesto de la ciudad, el gal\u00e1n seguido de escogidos<\/span> <span style=\"font-size: 10pt;\">caballeros, se presenta en los mismos salones del alc\u00e1zar sembrando el terror y el desconcierto en la morisma.<\/span><\/span><\/p>\n<p style=\"text-align: justify;\"><span style=\"font-size: 10pt;\">\u00a0<\/span><span style=\"font-size: 10pt;\">El indignado kaid maldice a su hija por su traici\u00f3n, a su aya y a sus doncellas, y las arroja al subterr\u00e1neo donde en castigo a su traici\u00f3n, \u201c<em>permanecer\u00e1n hasta que los hijos del profeta vuelvan a reconquistar la plaza perdida por su culpa<\/em>\u201d.<\/span><\/p>\n<div id=\"attachment_1974\" style=\"width: 1034px\" class=\"wp-caption aligncenter\"><img aria-describedby=\"caption-attachment-1974\" loading=\"lazy\" class=\"size-large wp-image-1974\" src=\"https:\/\/static-blogs.hoy.es\/wp-content\/uploads\/sites\/16\/2013\/04\/C\u00e1ceres-17_edited-1024x682.jpg\" alt=\"\" width=\"1024\" height=\"682\" srcset=\"https:\/\/static-blogs.hoy.es\/wp-content\/uploads\/sites\/16\/2013\/04\/C\u00e1ceres-17_edited-1024x682.jpg 1024w, https:\/\/static-blogs.hoy.es\/wp-content\/uploads\/sites\/16\/2013\/04\/C\u00e1ceres-17_edited-300x200.jpg 300w, https:\/\/static-blogs.hoy.es\/wp-content\/uploads\/sites\/16\/2013\/04\/C\u00e1ceres-17_edited-768x512.jpg 768w, https:\/\/static-blogs.hoy.es\/wp-content\/uploads\/sites\/16\/2013\/04\/C\u00e1ceres-17_edited.jpg 1796w\" sizes=\"(max-width: 1024px) 100vw, 1024px\" \/><p id=\"caption-attachment-1974\" class=\"wp-caption-text\"><span style=\"font-size: 8pt;\">En los alrededores de la Fuente Fr\u00eda se encuentra la entrada invisible al subterraneo encantado (Extremadura Secreta)<\/span><\/p><\/div>\n<p style=\"text-align: justify;\"><span style=\"font-size: 10pt;\">\u00a0<\/span><span style=\"font-size: 10pt;\">Y la puerta de entrada y de salida de aquel subterr\u00e1neo despareci\u00f3 de la vista de los simples mortales, y como los musulmanes no volvieron a reconquistar la plaza, all\u00ed permanece la enamorada dama, encantada por la maldici\u00f3n de su padre\u00a0y acompa\u00f1ada de su aya y sus doncellas, convertidas en <a href=\"https:\/\/blogs.hoy.es\/extremadurasecreta\/2012\/04\/03\/huevos-de-oro-el-gallinero-encantado\/\">gallina y polluelas de plumaje de oro recamado de piedras preciosas<\/a>, sin\u00a0otra diversi\u00f3n que la que les depara la m\u00e1gica <strong>noche de San Juan<\/strong> (aunque otros afirman que es la noche de <strong>San Jorge<\/strong>) en la que salen de\u00a0 su aislada mansi\u00f3n a pasear por los contornos y lanzar hondos suspiros y pla\u00f1ideros p\u00edos desde la torre cercana a la <strong>Fuente<\/strong><strong> Fr\u00eda<\/strong>,\u00a0contemplando la <strong>Casa<\/strong><strong> de las Veletas<\/strong> (mermado resto del antiguo Alc\u00e1zar) a\u00f1orando su ciudad perdida y\u00a0su amor traicionado y esperando, eternamente, el d\u00eda del desencantamiento.<\/span><\/p>\n<p style=\"text-align: justify;\"><span style=\"font-size: 10pt;\">\u00a0<\/span><\/p>\n<p style=\"text-align: justify;\"><span style=\"font-size: medium;\">\u00a0<\/span><\/p>\n<p style=\"text-align: justify;\"><span style=\"font-size: medium;\">\u00a0<\/span><\/p>\n<p>&nbsp;<\/p>\n<!-- AddThis Advanced Settings generic via filter on the_content --><!-- AddThis Share Buttons generic via filter on the_content -->","protected":false},"excerpt":{"rendered":"<p>Cuenta la leyenda que todo sucedi\u00f3 tal d\u00eda como hoy, en el a\u00f1o del se\u00f1or de 1229, cuando C\u00e1ceres estaba gobernado por un kaid \u00e1rabe soberbio y arrogante que no ten\u00eda m\u00e1s que una hija a la que adoraba. \u00a0No era princesa, como afirman algunos, pero s\u00ed doncella, quienes por ser bellas y moras no [&hellip;]<!-- AddThis Advanced Settings generic via filter on get_the_excerpt --><!-- AddThis Share Buttons generic via filter on get_the_excerpt --><\/p>\n","protected":false},"author":20,"featured_media":1299,"comment_status":"open","ping_status":"closed","sticky":false,"template":"","format":"standard","meta":[],"categories":[4,9,10,11],"tags":[40,42,179,221,465,546,557,626,809,871,876,902,1072],"_links":{"self":[{"href":"https:\/\/blogs.hoy.es\/extremadurasecreta\/wp-json\/wp\/v2\/posts\/672"}],"collection":[{"href":"https:\/\/blogs.hoy.es\/extremadurasecreta\/wp-json\/wp\/v2\/posts"}],"about":[{"href":"https:\/\/blogs.hoy.es\/extremadurasecreta\/wp-json\/wp\/v2\/types\/post"}],"author":[{"embeddable":true,"href":"https:\/\/blogs.hoy.es\/extremadurasecreta\/wp-json\/wp\/v2\/users\/20"}],"replies":[{"embeddable":true,"href":"https:\/\/blogs.hoy.es\/extremadurasecreta\/wp-json\/wp\/v2\/comments?post=672"}],"version-history":[{"count":3,"href":"https:\/\/blogs.hoy.es\/extremadurasecreta\/wp-json\/wp\/v2\/posts\/672\/revisions"}],"predecessor-version":[{"id":1977,"href":"https:\/\/blogs.hoy.es\/extremadurasecreta\/wp-json\/wp\/v2\/posts\/672\/revisions\/1977"}],"wp:featuredmedia":[{"embeddable":true,"href":"https:\/\/blogs.hoy.es\/extremadurasecreta\/wp-json\/wp\/v2\/media\/1299"}],"wp:attachment":[{"href":"https:\/\/blogs.hoy.es\/extremadurasecreta\/wp-json\/wp\/v2\/media?parent=672"}],"wp:term":[{"taxonomy":"category","embeddable":true,"href":"https:\/\/blogs.hoy.es\/extremadurasecreta\/wp-json\/wp\/v2\/categories?post=672"},{"taxonomy":"post_tag","embeddable":true,"href":"https:\/\/blogs.hoy.es\/extremadurasecreta\/wp-json\/wp\/v2\/tags?post=672"}],"curies":[{"name":"wp","href":"https:\/\/api.w.org\/{rel}","templated":true}]}}